{"id":104509,"date":"2023-02-19T23:52:04","date_gmt":"2023-02-19T23:52:04","guid":{"rendered":"https:\/\/www.nettali.com\/?p=104509"},"modified":"2023-02-21T08:24:15","modified_gmt":"2023-02-21T08:24:15","slug":"enlevement-de-sonko-quand-pastef-etale-ses-premieres-failles","status":"publish","type":"post","link":"https:\/\/www.nettali.com\/2023\/02\/19\/enlevement-de-sonko-quand-pastef-etale-ses-premieres-failles\/","title":{"rendered":"\"ENLEVEMENT\" DE SONKO - Quand Pastef \u00e9tale ses premi\u00e8res failles"},"content":{"rendered":"<p><strong>NETTALI.COM - Jeudi dernier, Ousmane Sonko a \u00e9t\u00e9 <em>\"enlev\u00e9\"<\/em> de force sur la Corniche ouest et d\u00e9pos\u00e9 chez lui par les Forces de d\u00e9fense et de s\u00e9curit\u00e9. Toutefois, un fait a \u00e9tonn\u00e9 plus d'un partisan du leader de Pastef. Il s'agit de l'absence notoire des principaux lieutenants du maire de Ziguinchor. Suffisant pour que certains y voient les premi\u00e8res failles d'un parti pr\u00e9sent\u00e9 jusqu'ici comme un bloc homog\u00e8ne et solide.\u00a0<\/strong><\/p>\n<p>Le fait peut sembler banal. Il a pourtant toute son importance. Jeudi dernier, de graves incidents se sont produits sur la Corniche ouest de Dakar. Alors qu'il revenait de son proc\u00e8s (finalement renvoy\u00e9 au 16 mars prochain) contre Mame Mbaye Niang, Ousmane Sonko est gaz\u00e9 par les forces de l'ordre. Pis, alors qu'il refusait de quitter son v\u00e9hicule malgr\u00e9 l'insistance des Forces de d\u00e9fense et de s\u00e9curit\u00e9, le leader de Pastef n'a pu rien faire quand un des \u00e9l\u00e9ments de la Brigade d'intervention polyvalente (Bip) de la police a cass\u00e9 la vitre de la porti\u00e8re arri\u00e8re de son v\u00e9hicule. Il est vite extrait de son v\u00e9hicule avant d'\u00eatre embarqu\u00e9 dans un blind\u00e9 de la police. Direction: la cit\u00e9 Keur Gorgui. Ce, devant quelques uns de ses militants qui ont assist\u00e9, impuissants, au spectacle.<\/p>\n<p>Chose \u00e9tonnante, il n'y avait, dans les parages, aucun des lieutenants connus du pr\u00e9sident de Pastef. Pas l'ombre d'un Bassirou Diomaye Faye, d'un Birame Soul\u00e8ye Diop encore moins d'un El hadji Malick Ndiaye, connus pour \u00eatre les plus grands d\u00e9fenseurs du leader de Pastef sur les plateaux de t\u00e9l\u00e9vision. Ousseynou Ly et Abass Fall, d\u00e9put\u00e9 et premier adjoint au maire de Dakar, \u00e9taient presque seuls avec Ousmane Sonko et son avocat Me Cir\u00e9 Cl\u00e9dor Ly au moment des faits. Un constat que plusieurs militants ou sympathisants de Pastef ont tr\u00e8s peu appr\u00e9ci\u00e9. Et ils n'ont pas h\u00e9sit\u00e9 \u00e0 le faire savoir sur les r\u00e9seaux sociaux.<\/p>\n<p>La m\u00eame situation s'est produite dans l'apr\u00e8s-midi du jeudi. Alors qu'il se rendait au si\u00e8ge de son parti pour une conf\u00e9rence de presse, Ousmane Sonko est encore gaz\u00e9 par la police. Ce qui l'oblige \u00e0 rebrousser chemin. C'est finalement Bassirou Diomaye Faye et Birame Soul\u00e8ye Diop qui tiennent la conf\u00e9rence de presse. Cette fois-ci, seul Mouhamed Bilal Diatta, maire de la comme de Keur Massar Sud, est avec le \"Patriote\" en chef.<\/p>\n<p><em>\"Incompr\u00e9hensible\",<\/em> selon certains militants et sympathisants de Pastef. Sur les r\u00e9seaux sociaux, ils n'h\u00e9sitent pas de tirer sur Bassirou Diomaye Faye, Birame Soul\u00e8ye Diop ou encore El hadji Malick Ndiaye. Pr\u00e9sent\u00e9 comme le \"h\u00e9ros\" qui a affront\u00e9 les lacrymog\u00e8nes aux c\u00f4t\u00e9s de son leader, Mouhamed Bilal Diatta est oblig\u00e9 de monter au cr\u00e9neau pour recadrer. \"<em>Il faut arr\u00eater de dire certaines choses. L'heure est \u00e0 l'union parce que l'union fait la force<\/em>\", rappelle-t-il dans une vid\u00e9o post\u00e9e sur les r\u00e9seaux sociaux. Il ajoute que Pastef est un parti organis\u00e9 o\u00f9 chacun a un r\u00f4le \u00e0 jouer. \"<em>Macky Sall a d\u00e9pass\u00e9 les limites et il va en payer les pots cass\u00e9s<\/em>\", laisse entendre le maire de Keur Massar Sud. Non sans louer l'engagement de Bassirou Diomaye Faye, El Malick Ndiaye et Birame Soul\u00e8ye Diop pris pour cibles par certains jeunes.<\/p>\n<p>Failles ou pas, les \"Patriotes\" sont encore sous le choc. Ils semblent avoir \u00e9t\u00e9 surpris par ce qui s'est pass\u00e9 sur la Corniche ouest jeudi dernier. Et tout indique qu'ils comptent s'organiser pour ne plus laisser leur leader seul face face aux Forces de l'ordre. D'ailleurs, Ousmane Sonko a, lui-m\u00eame donn\u00e9 le ton ce dimanche 19 f\u00e9vrier.<\/p>\n<p>Pr\u00e9sent au m\u00e9ga meeting du Parti de l'unit\u00e9 et du rassemblement (PUR) \u00e0 Gu\u00e9diawaye, le chef de Pastef a lanc\u00e9 un \"<em>game is over<\/em>\" au Pr\u00e9sident Macky Sall. \"<em>Ce qui s'est pass\u00e9 sur la Corniche, est le fait de milices arm\u00e9es par Macky Sall et que la police ne peut pas arr\u00eater. Mais<\/em> q<em>u'il sache que s'il touche \u00e0 un seul leader de la coalition Yewwi askan wi, le peuple va le sortir du palais et le tra\u00eener dehors comme tous les dictateurs qu'on a connus dans le pass\u00e9. Son r\u00e8gne est termin\u00e9. Et le jour o\u00f9 on se l\u00e8vera pour marcher sur le palais, rien ne pourra le sauver, ni la police, ni l'arm\u00e9e encore moins la gendarmerie<\/em>\", a martel\u00e9 le leader de Pastef ce dimanche au stade Amadou Barry de Pikine.<\/p>\n<div class='share-to-whatsapp-wrapper'><div class='share-on-whsp'>PARTAGER SUR : <\/div><a data-text='\"ENLEVEMENT\" DE SONKO - Quand Pastef \u00e9tale ses premi\u00e8res failles' data-link='https:\/\/www.nettali.com\/2023\/02\/19\/enlevement-de-sonko-quand-pastef-etale-ses-premieres-failles\/' class='whatsapp-button whatsapp-share'>WhatsApp<\/a><div class='clear '><\/div><\/div>","protected":false},"excerpt":{"rendered":"<p>NETTALI.COM - Jeudi dernier, Ousmane Sonko a \u00e9t\u00e9 \"enlev\u00e9\" de force sur la Corniche ouest et d\u00e9pos\u00e9 chez lui par les Forces de d\u00e9fense et de s\u00e9curit\u00e9. Toutefois, un fait a \u00e9tonn\u00e9 plus d'un partisan du leader de Pastef. Il s'agit de l'absence notoire des principaux lieutenants du maire de Ziguinchor. Suffisant pour que certains [&hellip;]<\/p>\n","protected":false},"author":3,"featured_media":104321,"comment_status":"open","ping_status":"open","sticky":false,"template":"","format":"standard","meta":{"_et_pb_use_builder":"","_et_pb_old_content":""},"categories":[2],"tags":[],"yoast_head":"<!-- This site is optimized with the Yoast SEO Premium plugin v17.8 (Yoast SEO v17.8) - https:\/\/yoast.com\/wordpress\/plugins\/seo\/ -->\n<title>&quot;ENLEVEMENT&quot; DE SONKO - Quand Pastef \u00e9tale ses premi\u00e8res failles | Nettali.com<\/title>\n<meta name=\"robots\" content=\"index, follow, max-snippet:-1, max-image-preview:large, max-video-preview:-1\" \/>\n<link rel=\"canonical\" href=\"https:\/\/www.nettali.com\/2023\/02\/19\/enlevement-de-sonko-quand-pastef-etale-ses-premieres-failles\/\" \/>\n<meta property=\"og:locale\" content=\"fr_FR\" \/>\n<meta property=\"og:type\" content=\"article\" \/>\n<meta property=\"og:title\" content=\"&quot;ENLEVEMENT&quot; DE SONKO - Quand Pastef \u00e9tale ses premi\u00e8res failles\" \/>\n<meta property=\"og:description\" content=\"NETTALI.COM - Jeudi dernier, Ousmane Sonko a \u00e9t\u00e9 &quot;enlev\u00e9&quot; de force sur la Corniche ouest et d\u00e9pos\u00e9 chez lui par les Forces de d\u00e9fense et de s\u00e9curit\u00e9. Toutefois, un fait a \u00e9tonn\u00e9 plus d&#039;un partisan du leader de Pastef. Il s&#039;agit de l&#039;absence notoire des principaux lieutenants du maire de Ziguinchor. Suffisant pour que certains [&hellip;]\" \/>\n<meta property=\"og:url\" content=\"https:\/\/www.nettali.com\/2023\/02\/19\/enlevement-de-sonko-quand-pastef-etale-ses-premieres-failles\/\" \/>\n<meta property=\"og:site_name\" content=\"Nettali.com\" \/>\n<meta property=\"article:publisher\" content=\"https:\/\/www.facebook.com\/nettalicom\" \/>\n<meta property=\"article:published_time\" content=\"2023-02-19T23:52:04+00:00\" \/>\n<meta property=\"article:modified_time\" content=\"2023-02-21T08:24:15+00:00\" \/>\n<meta property=\"og:image\" content=\"https:\/\/www.nettali.com\/wp-content\/uploads\/2023\/02\/sonko-sortit-de-force-sa-voiture.jpg\" \/>\n\t<meta property=\"og:image:width\" content=\"623\" \/>\n\t<meta property=\"og:image:height\" content=\"343\" \/>\n<meta name=\"twitter:card\" content=\"summary_large_image\" \/>\n<meta name=\"twitter:label1\" content=\"\u00c9crit par\" \/>\n\t<meta name=\"twitter:data1\" content=\"Moustapha\" \/>\n\t<meta name=\"twitter:label2\" content=\"Dur\u00e9e de lecture estim\u00e9e\" \/>\n\t<meta name=\"twitter:data2\" content=\"4 minutes\" \/>\n<script type=\"application\/ld+json\" class=\"yoast-schema-graph\">{\"@context\":\"https:\/\/schema.org\",\"@graph\":[{\"@type\":\"WebSite\",\"@id\":\"https:\/\/www.nettali.com\/#website\",\"url\":\"https:\/\/www.nettali.com\/\",\"name\":\"Nettali.com\",\"description\":\"Le rendez-vous critique du Net\",\"potentialAction\":[{\"@type\":\"SearchAction\",\"target\":{\"@type\":\"EntryPoint\",\"urlTemplate\":\"https:\/\/www.nettali.com\/?s={search_term_string}\"},\"query-input\":\"required name=search_term_string\"}],\"inLanguage\":\"fr-FR\"},{\"@type\":\"ImageObject\",\"@id\":\"https:\/\/www.nettali.com\/2023\/02\/19\/enlevement-de-sonko-quand-pastef-etale-ses-premieres-failles\/#primaryimage\",\"inLanguage\":\"fr-FR\",\"url\":\"https:\/\/www.nettali.com\/wp-content\/uploads\/2023\/02\/sonko-sortit-de-force-sa-voiture.jpg\",\"contentUrl\":\"https:\/\/www.nettali.com\/wp-content\/uploads\/2023\/02\/sonko-sortit-de-force-sa-voiture.jpg\",\"width\":623,\"height\":343},{\"@type\":\"WebPage\",\"@id\":\"https:\/\/www.nettali.com\/2023\/02\/19\/enlevement-de-sonko-quand-pastef-etale-ses-premieres-failles\/#webpage\",\"url\":\"https:\/\/www.nettali.com\/2023\/02\/19\/enlevement-de-sonko-quand-pastef-etale-ses-premieres-failles\/\",\"name\":\"\\\"ENLEVEMENT\\\" DE SONKO - Quand Pastef \\u00e9tale ses premi\\u00e8res failles | Nettali.com\",\"isPartOf\":{\"@id\":\"https:\/\/www.nettali.com\/#website\"},\"primaryImageOfPage\":{\"@id\":\"https:\/\/www.nettali.com\/2023\/02\/19\/enlevement-de-sonko-quand-pastef-etale-ses-premieres-failles\/#primaryimage\"},\"datePublished\":\"2023-02-19T23:52:04+00:00\",\"dateModified\":\"2023-02-21T08:24:15+00:00\",\"author\":{\"@id\":\"https:\/\/www.nettali.com\/#\/schema\/person\/7962a12a6e0267f88f0ffa544c36469a\"},\"breadcrumb\":{\"@id\":\"https:\/\/www.nettali.com\/2023\/02\/19\/enlevement-de-sonko-quand-pastef-etale-ses-premieres-failles\/#breadcrumb\"},\"inLanguage\":\"fr-FR\",\"potentialAction\":[{\"@type\":\"ReadAction\",\"target\":[\"https:\/\/www.nettali.com\/2023\/02\/19\/enlevement-de-sonko-quand-pastef-etale-ses-premieres-failles\/\"]}]},{\"@type\":\"BreadcrumbList\",\"@id\":\"https:\/\/www.nettali.com\/2023\/02\/19\/enlevement-de-sonko-quand-pastef-etale-ses-premieres-failles\/#breadcrumb\",\"itemListElement\":[{\"@type\":\"ListItem\",\"position\":1,\"name\":\"Accueil\",\"item\":\"https:\/\/www.nettali.com\/\"},{\"@type\":\"ListItem\",\"position\":2,\"name\":\"\\\"ENLEVEMENT\\\" DE SONKO - Quand Pastef \\u00e9tale ses premi\\u00e8res failles\"}]},{\"@type\":\"Person\",\"@id\":\"https:\/\/www.nettali.com\/#\/schema\/person\/7962a12a6e0267f88f0ffa544c36469a\",\"name\":\"Moustapha\",\"image\":{\"@type\":\"ImageObject\",\"@id\":\"https:\/\/www.nettali.com\/#personlogo\",\"inLanguage\":\"fr-FR\",\"url\":\"https:\/\/secure.gravatar.com\/avatar\/10fdf6a071cccdcf374e3dbe45159590?s=96&d=mm&r=g\",\"contentUrl\":\"https:\/\/secure.gravatar.com\/avatar\/10fdf6a071cccdcf374e3dbe45159590?s=96&d=mm&r=g\",\"caption\":\"Moustapha\"},\"sameAs\":[\"https:\/\/www.nettali.com\"]}]}<\/script>\n<!-- \/ Yoast SEO Premium plugin. -->","yoast_head_json":{"title":"\"ENLEVEMENT\" DE SONKO - Quand Pastef \u00e9tale ses premi\u00e8res failles | Nettali.com","robots":{"index":"index","follow":"follow","max-snippet":"max-snippet:-1","max-image-preview":"max-image-preview:large","max-video-preview":"max-video-preview:-1"},"canonical":"https:\/\/www.nettali.com\/2023\/02\/19\/enlevement-de-sonko-quand-pastef-etale-ses-premieres-failles\/","og_locale":"fr_FR","og_type":"article","og_title":"\"ENLEVEMENT\" DE SONKO - Quand Pastef \u00e9tale ses premi\u00e8res failles","og_description":"NETTALI.COM - Jeudi dernier, Ousmane Sonko a \u00e9t\u00e9 \"enlev\u00e9\" de force sur la Corniche ouest et d\u00e9pos\u00e9 chez lui par les Forces de d\u00e9fense et de s\u00e9curit\u00e9. Toutefois, un fait a \u00e9tonn\u00e9 plus d'un partisan du leader de Pastef. Il s'agit de l'absence notoire des principaux lieutenants du maire de Ziguinchor. Suffisant pour que certains [&hellip;]","og_url":"https:\/\/www.nettali.com\/2023\/02\/19\/enlevement-de-sonko-quand-pastef-etale-ses-premieres-failles\/","og_site_name":"Nettali.com","article_publisher":"https:\/\/www.facebook.com\/nettalicom","article_published_time":"2023-02-19T23:52:04+00:00","article_modified_time":"2023-02-21T08:24:15+00:00","og_image":[{"width":623,"height":343,"url":"https:\/\/www.nettali.com\/wp-content\/uploads\/2023\/02\/sonko-sortit-de-force-sa-voiture.jpg","type":"image\/jpeg"}],"twitter_card":"summary_large_image","twitter_misc":{"\u00c9crit par":"Moustapha","Dur\u00e9e de lecture estim\u00e9e":"4 minutes"},"schema":{"@context":"https:\/\/schema.org","@graph":[{"@type":"WebSite","@id":"https:\/\/www.nettali.com\/#website","url":"https:\/\/www.nettali.com\/","name":"Nettali.com","description":"Le rendez-vous critique du Net","potentialAction":[{"@type":"SearchAction","target":{"@type":"EntryPoint","urlTemplate":"https:\/\/www.nettali.com\/?s={search_term_string}"},"query-input":"required name=search_term_string"}],"inLanguage":"fr-FR"},{"@type":"ImageObject","@id":"https:\/\/www.nettali.com\/2023\/02\/19\/enlevement-de-sonko-quand-pastef-etale-ses-premieres-failles\/#primaryimage","inLanguage":"fr-FR","url":"https:\/\/www.nettali.com\/wp-content\/uploads\/2023\/02\/sonko-sortit-de-force-sa-voiture.jpg","contentUrl":"https:\/\/www.nettali.com\/wp-content\/uploads\/2023\/02\/sonko-sortit-de-force-sa-voiture.jpg","width":623,"height":343},{"@type":"WebPage","@id":"https:\/\/www.nettali.com\/2023\/02\/19\/enlevement-de-sonko-quand-pastef-etale-ses-premieres-failles\/#webpage","url":"https:\/\/www.nettali.com\/2023\/02\/19\/enlevement-de-sonko-quand-pastef-etale-ses-premieres-failles\/","name":"\"ENLEVEMENT\" DE SONKO - Quand Pastef \u00e9tale ses premi\u00e8res failles | Nettali.com","isPartOf":{"@id":"https:\/\/www.nettali.com\/#website"},"primaryImageOfPage":{"@id":"https:\/\/www.nettali.com\/2023\/02\/19\/enlevement-de-sonko-quand-pastef-etale-ses-premieres-failles\/#primaryimage"},"datePublished":"2023-02-19T23:52:04+00:00","dateModified":"2023-02-21T08:24:15+00:00","author":{"@id":"https:\/\/www.nettali.com\/#\/schema\/person\/7962a12a6e0267f88f0ffa544c36469a"},"breadcrumb":{"@id":"https:\/\/www.nettali.com\/2023\/02\/19\/enlevement-de-sonko-quand-pastef-etale-ses-premieres-failles\/#breadcrumb"},"inLanguage":"fr-FR","potentialAction":[{"@type":"ReadAction","target":["https:\/\/www.nettali.com\/2023\/02\/19\/enlevement-de-sonko-quand-pastef-etale-ses-premieres-failles\/"]}]},{"@type":"BreadcrumbList","@id":"https:\/\/www.nettali.com\/2023\/02\/19\/enlevement-de-sonko-quand-pastef-etale-ses-premieres-failles\/#breadcrumb","itemListElement":[{"@type":"ListItem","position":1,"name":"Accueil","item":"https:\/\/www.nettali.com\/"},{"@type":"ListItem","position":2,"name":"\"ENLEVEMENT\" DE SONKO - Quand Pastef \u00e9tale ses premi\u00e8res failles"}]},{"@type":"Person","@id":"https:\/\/www.nettali.com\/#\/schema\/person\/7962a12a6e0267f88f0ffa544c36469a","name":"Moustapha","image":{"@type":"ImageObject","@id":"https:\/\/www.nettali.com\/#personlogo","inLanguage":"fr-FR","url":"https:\/\/secure.gravatar.com\/avatar\/10fdf6a071cccdcf374e3dbe45159590?s=96&d=mm&r=g","contentUrl":"https:\/\/secure.gravatar.com\/avatar\/10fdf6a071cccdcf374e3dbe45159590?s=96&d=mm&r=g","caption":"Moustapha"},"sameAs":["https:\/\/www.nettali.com"]}]}},"_links":{"self":[{"href":"https:\/\/www.nettali.com\/rest\/wp\/v2\/posts\/104509"}],"collection":[{"href":"https:\/\/www.nettali.com\/rest\/wp\/v2\/posts"}],"about":[{"href":"https:\/\/www.nettali.com\/rest\/wp\/v2\/types\/post"}],"author":[{"embeddable":true,"href":"https:\/\/www.nettali.com\/rest\/wp\/v2\/users\/3"}],"replies":[{"embeddable":true,"href":"https:\/\/www.nettali.com\/rest\/wp\/v2\/comments?post=104509"}],"version-history":[{"count":5,"href":"https:\/\/www.nettali.com\/rest\/wp\/v2\/posts\/104509\/revisions"}],"predecessor-version":[{"id":104519,"href":"https:\/\/www.nettali.com\/rest\/wp\/v2\/posts\/104509\/revisions\/104519"}],"wp:featuredmedia":[{"embeddable":true,"href":"https:\/\/www.nettali.com\/rest\/wp\/v2\/media\/104321"}],"wp:attachment":[{"href":"https:\/\/www.nettali.com\/rest\/wp\/v2\/media?parent=104509"}],"wp:term":[{"taxonomy":"category","embeddable":true,"href":"https:\/\/www.nettali.com\/rest\/wp\/v2\/categories?post=104509"},{"taxonomy":"post_tag","embeddable":true,"href":"https:\/\/www.nettali.com\/rest\/wp\/v2\/tags?post=104509"}],"curies":[{"name":"wp","href":"https:\/\/api.w.org\/{rel}","templated":true}]}}