{"id":104505,"date":"2023-02-19T21:31:22","date_gmt":"2023-02-19T21:31:22","guid":{"rendered":"https:\/\/www.nettali.com\/?p=104505"},"modified":"2023-02-19T21:32:41","modified_gmt":"2023-02-19T21:32:41","slug":"can-u20-le-senegal-reussit-son-entree-1-0","status":"publish","type":"post","link":"https:\/\/www.nettali.com\/2023\/02\/19\/can-u20-le-senegal-reussit-son-entree-1-0\/","title":{"rendered":"CAN U20 - Le S\u00e9n\u00e9gal r\u00e9ussit son entr\u00e9e (1-0)"},"content":{"rendered":"<p><strong>NETTALI.COM - Finaliste malheureux de trois des quatre derni\u00e8res \u00e9ditions, le S\u00e9n\u00e9gal a r\u00e9ussi son entr\u00e9e dans la Coupe d'Afrique des nations des moins de 20 ans. Gr\u00e2ce \u00e0 Souleymane Faye, les hommes de Malick Daf sont venus \u00e0 bout du Nigeria (1-0) ce dimanche au Caire, en \u00c9gypte.<\/strong><\/p>\n<p>Le choc d\u2019Afrique de l\u2019Ouest a tourn\u00e9 en faveur des Lionceaux. Apr\u00e8s avoir perdu trois finales d'affil\u00e9e (2015, 2017 et 2019), les S\u00e9n\u00e9galais sont en mission en \u00c9gypte : offrir au pays de la T\u00e9ranga sa premi\u00e8re Coupe d'Afrique des nations r\u00e9serv\u00e9e aux moins de 20 ans. Pour cette campagne \u00e9gyptienne, Malick Daf a renforc\u00e9 son \u00e9quipe avec le milieu Lamine Camara et l\u2019ailier Pape Amadou Diallo, qui viennent de remporter le CHAN. Mais surtout avec le jeune ailier du Dynamo Kiev et capitaine, Samba Diallo, qui a pris part au Mondial U17 en 2019.<\/p>\n<p>D'ailleurs, c'est de lui que va venir la lumi\u00e8re. Bien lanc\u00e9 en profondeur \u00e0 la 39\u00e8me minute, Samba Diallo met le feu dans la d\u00e9fense adverse. Il \u00e9limine deux Nig\u00e9rians et d\u00e9livre un caviar \u00e0 Pape Demba Diop qui voit sa frappe repouss\u00e9e par le gardien. Plac\u00e9 au bon moment et au bon endroit, Souleymane Faye pousse tranquillement la balle au fond des filets.<\/p>\n<p>En deuxi\u00e8me p\u00e9riode, le Nigeria, d\u00e9tenteur du record de sacres (7), a maintenu la pression sur le camp du S\u00e9n\u00e9gal, mais les Lionceaux sont rest\u00e9s solides avec un bloc bas \u00e0 partir duquel ils proc\u00e9daient par contre.<\/p>\n<p>Les Lionceaux ont failli doubler la mise dans les cinq minutes du temps additionnel. Mais Libasse Ngom du Gu\u00e9diawaye FC, entr\u00e9 en jeu, a rat\u00e9 deux balles de match, dont l'une a atterri sur la barre transversale du portier nig\u00e9rian.<br \/>\nDans le temps additionnel, Ahmed Abdullahi est expuls\u00e9 c\u00f4t\u00e9 nig\u00e9rian, pour cumul de cartons.<\/p>\n<p>Avec ce r\u00e9sultat, les partenaires de Landing Badji s'emparent de la t\u00eate de la poule A, apr\u00e8s le nul vierge du match d'ouverture \u00c9gypte-Mozambique.<\/p>\n<div class='share-to-whatsapp-wrapper'><div class='share-on-whsp'>PARTAGER SUR : <\/div><a data-text='CAN U20 - Le S\u00e9n\u00e9gal r\u00e9ussit son entr\u00e9e (1-0)' data-link='https:\/\/www.nettali.com\/2023\/02\/19\/can-u20-le-senegal-reussit-son-entree-1-0\/' class='whatsapp-button whatsapp-share'>WhatsApp<\/a><div class='clear '><\/div><\/div>","protected":false},"excerpt":{"rendered":"<p>NETTALI.COM - Finaliste malheureux de trois des quatre derni\u00e8res \u00e9ditions, le S\u00e9n\u00e9gal a r\u00e9ussi son entr\u00e9e dans la Coupe d'Afrique des nations des moins de 20 ans. Gr\u00e2ce \u00e0 Souleymane Faye, les hommes de Malick Daf sont venus \u00e0 bout du Nigeria (1-0) ce dimanche au Caire, en \u00c9gypte. Le choc d\u2019Afrique de l\u2019Ouest a [&hellip;]<\/p>\n","protected":false},"author":5,"featured_media":104506,"comment_status":"open","ping_status":"open","sticky":false,"template":"","format":"standard","meta":{"_et_pb_use_builder":"","_et_pb_old_content":""},"categories":[6],"tags":[],"yoast_head":"<!-- This site is optimized with the Yoast SEO Premium plugin v17.8 (Yoast SEO v17.8) - https:\/\/yoast.com\/wordpress\/plugins\/seo\/ -->\n<title>CAN U20 - Le S\u00e9n\u00e9gal r\u00e9ussit son entr\u00e9e (1-0) | Nettali.com<\/title>\n<meta name=\"robots\" content=\"index, follow, max-snippet:-1, max-image-preview:large, max-video-preview:-1\" \/>\n<link rel=\"canonical\" href=\"https:\/\/www.nettali.com\/2023\/02\/19\/can-u20-le-senegal-reussit-son-entree-1-0\/\" \/>\n<meta property=\"og:locale\" content=\"fr_FR\" \/>\n<meta property=\"og:type\" content=\"article\" \/>\n<meta property=\"og:title\" content=\"CAN U20 - Le S\u00e9n\u00e9gal r\u00e9ussit son entr\u00e9e (1-0)\" \/>\n<meta property=\"og:description\" content=\"NETTALI.COM - Finaliste malheureux de trois des quatre derni\u00e8res \u00e9ditions, le S\u00e9n\u00e9gal a r\u00e9ussi son entr\u00e9e dans la Coupe d&#039;Afrique des nations des moins de 20 ans. Gr\u00e2ce \u00e0 Souleymane Faye, les hommes de Malick Daf sont venus \u00e0 bout du Nigeria (1-0) ce dimanche au Caire, en \u00c9gypte. Le choc d\u2019Afrique de l\u2019Ouest a [&hellip;]\" \/>\n<meta property=\"og:url\" content=\"https:\/\/www.nettali.com\/2023\/02\/19\/can-u20-le-senegal-reussit-son-entree-1-0\/\" \/>\n<meta property=\"og:site_name\" content=\"Nettali.com\" \/>\n<meta property=\"article:publisher\" content=\"https:\/\/www.facebook.com\/nettalicom\" \/>\n<meta property=\"article:published_time\" content=\"2023-02-19T21:31:22+00:00\" \/>\n<meta property=\"article:modified_time\" content=\"2023-02-19T21:32:41+00:00\" \/>\n<meta property=\"og:image\" content=\"https:\/\/www.nettali.com\/wp-content\/uploads\/2023\/02\/Souleymane-Faye-Senegal-CAN-U20-scaled-e1676833604341.jpg\" \/>\n\t<meta property=\"og:image:width\" content=\"1000\" \/>\n\t<meta property=\"og:image:height\" content=\"667\" \/>\n<meta name=\"twitter:card\" content=\"summary_large_image\" \/>\n<meta name=\"twitter:label1\" content=\"\u00c9crit par\" \/>\n\t<meta name=\"twitter:data1\" content=\"Ibrahima\" \/>\n\t<meta name=\"twitter:label2\" content=\"Dur\u00e9e de lecture estim\u00e9e\" \/>\n\t<meta name=\"twitter:data2\" content=\"2 minutes\" \/>\n<script type=\"application\/ld+json\" class=\"yoast-schema-graph\">{\"@context\":\"https:\/\/schema.org\",\"@graph\":[{\"@type\":\"WebSite\",\"@id\":\"https:\/\/www.nettali.com\/#website\",\"url\":\"https:\/\/www.nettali.com\/\",\"name\":\"Nettali.com\",\"description\":\"Le rendez-vous critique du Net\",\"potentialAction\":[{\"@type\":\"SearchAction\",\"target\":{\"@type\":\"EntryPoint\",\"urlTemplate\":\"https:\/\/www.nettali.com\/?s={search_term_string}\"},\"query-input\":\"required name=search_term_string\"}],\"inLanguage\":\"fr-FR\"},{\"@type\":\"ImageObject\",\"@id\":\"https:\/\/www.nettali.com\/2023\/02\/19\/can-u20-le-senegal-reussit-son-entree-1-0\/#primaryimage\",\"inLanguage\":\"fr-FR\",\"url\":\"https:\/\/www.nettali.com\/wp-content\/uploads\/2023\/02\/Souleymane-Faye-Senegal-CAN-U20-scaled-e1676833604341.jpg\",\"contentUrl\":\"https:\/\/www.nettali.com\/wp-content\/uploads\/2023\/02\/Souleymane-Faye-Senegal-CAN-U20-scaled-e1676833604341.jpg\",\"width\":1000,\"height\":667},{\"@type\":\"WebPage\",\"@id\":\"https:\/\/www.nettali.com\/2023\/02\/19\/can-u20-le-senegal-reussit-son-entree-1-0\/#webpage\",\"url\":\"https:\/\/www.nettali.com\/2023\/02\/19\/can-u20-le-senegal-reussit-son-entree-1-0\/\",\"name\":\"CAN U20 - Le S\\u00e9n\\u00e9gal r\\u00e9ussit son entr\\u00e9e (1-0) | Nettali.com\",\"isPartOf\":{\"@id\":\"https:\/\/www.nettali.com\/#website\"},\"primaryImageOfPage\":{\"@id\":\"https:\/\/www.nettali.com\/2023\/02\/19\/can-u20-le-senegal-reussit-son-entree-1-0\/#primaryimage\"},\"datePublished\":\"2023-02-19T21:31:22+00:00\",\"dateModified\":\"2023-02-19T21:32:41+00:00\",\"author\":{\"@id\":\"https:\/\/www.nettali.com\/#\/schema\/person\/bb147657c2986240405a608162b9bb23\"},\"breadcrumb\":{\"@id\":\"https:\/\/www.nettali.com\/2023\/02\/19\/can-u20-le-senegal-reussit-son-entree-1-0\/#breadcrumb\"},\"inLanguage\":\"fr-FR\",\"potentialAction\":[{\"@type\":\"ReadAction\",\"target\":[\"https:\/\/www.nettali.com\/2023\/02\/19\/can-u20-le-senegal-reussit-son-entree-1-0\/\"]}]},{\"@type\":\"BreadcrumbList\",\"@id\":\"https:\/\/www.nettali.com\/2023\/02\/19\/can-u20-le-senegal-reussit-son-entree-1-0\/#breadcrumb\",\"itemListElement\":[{\"@type\":\"ListItem\",\"position\":1,\"name\":\"Accueil\",\"item\":\"https:\/\/www.nettali.com\/\"},{\"@type\":\"ListItem\",\"position\":2,\"name\":\"CAN U20 - Le S\\u00e9n\\u00e9gal r\\u00e9ussit son entr\\u00e9e (1-0)\"}]},{\"@type\":\"Person\",\"@id\":\"https:\/\/www.nettali.com\/#\/schema\/person\/bb147657c2986240405a608162b9bb23\",\"name\":\"Ibrahima\",\"image\":{\"@type\":\"ImageObject\",\"@id\":\"https:\/\/www.nettali.com\/#personlogo\",\"inLanguage\":\"fr-FR\",\"url\":\"https:\/\/secure.gravatar.com\/avatar\/26a8a81f09f0dd7624c9d5c36c9ba3a2?s=96&d=mm&r=g\",\"contentUrl\":\"https:\/\/secure.gravatar.com\/avatar\/26a8a81f09f0dd7624c9d5c36c9ba3a2?s=96&d=mm&r=g\",\"caption\":\"Ibrahima\"},\"sameAs\":[\"https:\/\/www.nettali.com\"]}]}<\/script>\n<!-- \/ Yoast SEO Premium plugin. -->","yoast_head_json":{"title":"CAN U20 - Le S\u00e9n\u00e9gal r\u00e9ussit son entr\u00e9e (1-0) | Nettali.com","robots":{"index":"index","follow":"follow","max-snippet":"max-snippet:-1","max-image-preview":"max-image-preview:large","max-video-preview":"max-video-preview:-1"},"canonical":"https:\/\/www.nettali.com\/2023\/02\/19\/can-u20-le-senegal-reussit-son-entree-1-0\/","og_locale":"fr_FR","og_type":"article","og_title":"CAN U20 - Le S\u00e9n\u00e9gal r\u00e9ussit son entr\u00e9e (1-0)","og_description":"NETTALI.COM - Finaliste malheureux de trois des quatre derni\u00e8res \u00e9ditions, le S\u00e9n\u00e9gal a r\u00e9ussi son entr\u00e9e dans la Coupe d'Afrique des nations des moins de 20 ans. Gr\u00e2ce \u00e0 Souleymane Faye, les hommes de Malick Daf sont venus \u00e0 bout du Nigeria (1-0) ce dimanche au Caire, en \u00c9gypte. Le choc d\u2019Afrique de l\u2019Ouest a [&hellip;]","og_url":"https:\/\/www.nettali.com\/2023\/02\/19\/can-u20-le-senegal-reussit-son-entree-1-0\/","og_site_name":"Nettali.com","article_publisher":"https:\/\/www.facebook.com\/nettalicom","article_published_time":"2023-02-19T21:31:22+00:00","article_modified_time":"2023-02-19T21:32:41+00:00","og_image":[{"width":1000,"height":667,"url":"https:\/\/www.nettali.com\/wp-content\/uploads\/2023\/02\/Souleymane-Faye-Senegal-CAN-U20-scaled-e1676833604341.jpg","type":"image\/jpeg"}],"twitter_card":"summary_large_image","twitter_misc":{"\u00c9crit par":"Ibrahima","Dur\u00e9e de lecture estim\u00e9e":"2 minutes"},"schema":{"@context":"https:\/\/schema.org","@graph":[{"@type":"WebSite","@id":"https:\/\/www.nettali.com\/#website","url":"https:\/\/www.nettali.com\/","name":"Nettali.com","description":"Le rendez-vous critique du Net","potentialAction":[{"@type":"SearchAction","target":{"@type":"EntryPoint","urlTemplate":"https:\/\/www.nettali.com\/?s={search_term_string}"},"query-input":"required name=search_term_string"}],"inLanguage":"fr-FR"},{"@type":"ImageObject","@id":"https:\/\/www.nettali.com\/2023\/02\/19\/can-u20-le-senegal-reussit-son-entree-1-0\/#primaryimage","inLanguage":"fr-FR","url":"https:\/\/www.nettali.com\/wp-content\/uploads\/2023\/02\/Souleymane-Faye-Senegal-CAN-U20-scaled-e1676833604341.jpg","contentUrl":"https:\/\/www.nettali.com\/wp-content\/uploads\/2023\/02\/Souleymane-Faye-Senegal-CAN-U20-scaled-e1676833604341.jpg","width":1000,"height":667},{"@type":"WebPage","@id":"https:\/\/www.nettali.com\/2023\/02\/19\/can-u20-le-senegal-reussit-son-entree-1-0\/#webpage","url":"https:\/\/www.nettali.com\/2023\/02\/19\/can-u20-le-senegal-reussit-son-entree-1-0\/","name":"CAN U20 - Le S\u00e9n\u00e9gal r\u00e9ussit son entr\u00e9e (1-0) | Nettali.com","isPartOf":{"@id":"https:\/\/www.nettali.com\/#website"},"primaryImageOfPage":{"@id":"https:\/\/www.nettali.com\/2023\/02\/19\/can-u20-le-senegal-reussit-son-entree-1-0\/#primaryimage"},"datePublished":"2023-02-19T21:31:22+00:00","dateModified":"2023-02-19T21:32:41+00:00","author":{"@id":"https:\/\/www.nettali.com\/#\/schema\/person\/bb147657c2986240405a608162b9bb23"},"breadcrumb":{"@id":"https:\/\/www.nettali.com\/2023\/02\/19\/can-u20-le-senegal-reussit-son-entree-1-0\/#breadcrumb"},"inLanguage":"fr-FR","potentialAction":[{"@type":"ReadAction","target":["https:\/\/www.nettali.com\/2023\/02\/19\/can-u20-le-senegal-reussit-son-entree-1-0\/"]}]},{"@type":"BreadcrumbList","@id":"https:\/\/www.nettali.com\/2023\/02\/19\/can-u20-le-senegal-reussit-son-entree-1-0\/#breadcrumb","itemListElement":[{"@type":"ListItem","position":1,"name":"Accueil","item":"https:\/\/www.nettali.com\/"},{"@type":"ListItem","position":2,"name":"CAN U20 - Le S\u00e9n\u00e9gal r\u00e9ussit son entr\u00e9e (1-0)"}]},{"@type":"Person","@id":"https:\/\/www.nettali.com\/#\/schema\/person\/bb147657c2986240405a608162b9bb23","name":"Ibrahima","image":{"@type":"ImageObject","@id":"https:\/\/www.nettali.com\/#personlogo","inLanguage":"fr-FR","url":"https:\/\/secure.gravatar.com\/avatar\/26a8a81f09f0dd7624c9d5c36c9ba3a2?s=96&d=mm&r=g","contentUrl":"https:\/\/secure.gravatar.com\/avatar\/26a8a81f09f0dd7624c9d5c36c9ba3a2?s=96&d=mm&r=g","caption":"Ibrahima"},"sameAs":["https:\/\/www.nettali.com"]}]}},"_links":{"self":[{"href":"https:\/\/www.nettali.com\/rest\/wp\/v2\/posts\/104505"}],"collection":[{"href":"https:\/\/www.nettali.com\/rest\/wp\/v2\/posts"}],"about":[{"href":"https:\/\/www.nettali.com\/rest\/wp\/v2\/types\/post"}],"author":[{"embeddable":true,"href":"https:\/\/www.nettali.com\/rest\/wp\/v2\/users\/5"}],"replies":[{"embeddable":true,"href":"https:\/\/www.nettali.com\/rest\/wp\/v2\/comments?post=104505"}],"version-history":[{"count":1,"href":"https:\/\/www.nettali.com\/rest\/wp\/v2\/posts\/104505\/revisions"}],"predecessor-version":[{"id":104507,"href":"https:\/\/www.nettali.com\/rest\/wp\/v2\/posts\/104505\/revisions\/104507"}],"wp:featuredmedia":[{"embeddable":true,"href":"https:\/\/www.nettali.com\/rest\/wp\/v2\/media\/104506"}],"wp:attachment":[{"href":"https:\/\/www.nettali.com\/rest\/wp\/v2\/media?parent=104505"}],"wp:term":[{"taxonomy":"category","embeddable":true,"href":"https:\/\/www.nettali.com\/rest\/wp\/v2\/categories?post=104505"},{"taxonomy":"post_tag","embeddable":true,"href":"https:\/\/www.nettali.com\/rest\/wp\/v2\/tags?post=104505"}],"curies":[{"name":"wp","href":"https:\/\/api.w.org\/{rel}","templated":true}]}}