{"id":104502,"date":"2023-02-19T16:39:21","date_gmt":"2023-02-19T16:39:21","guid":{"rendered":"https:\/\/www.nettali.com\/?p=104502"},"modified":"2023-02-19T16:39:21","modified_gmt":"2023-02-19T16:39:21","slug":"seisme-en-turquie-le-corps-de-christian-atsu-rapatrie-au-ghana","status":"publish","type":"post","link":"https:\/\/www.nettali.com\/2023\/02\/19\/seisme-en-turquie-le-corps-de-christian-atsu-rapatrie-au-ghana\/","title":{"rendered":"S\u00c9ISME EN TURQUIE - Le corps de Christian Atsu rapatri\u00e9 au Ghana"},"content":{"rendered":"<p><strong>NETTALI.COM - Apr\u00e8s deux semaines de recherches, la d\u00e9pouille de l\u2019ancien joueur de Chelsea a \u00e9t\u00e9 retrouv\u00e9e dans les d\u00e9combres de son immeuble.<\/strong><\/p>\n<p>Le corps du footballeur Christian Atsu, qui a trouv\u00e9 la mort dans le s\u00e9isme en Turquie, va \u00eatre rapatri\u00e9 au Ghana ce dimanche, a d\u00e9clar\u00e9 le minist\u00e8re des Affaires \u00e9trang\u00e8res de ce pays. Atsu a perdu la vie \u00e0 l\u2019\u00e2ge de 31 ans dans le tremblement de terre d\u2019une magnitude de 7,8 qui a frapp\u00e9 la Turquie et la Syrie le 6 f\u00e9vrier et fait plus de 44.000 morts.<\/p>\n<p>Apr\u00e8s deux semaines de recherche, son corps a \u00e9t\u00e9 retrouv\u00e9 samedi dans les d\u00e9combres de l\u2019immeuble o\u00f9 il vivait \u00e0 Antakya. Le fr\u00e8re et la s\u0153ur du joueur \u00e9taient pr\u00e9sents sur les lieux au moment de la macabre d\u00e9couverte.<br \/>\n<em>\"La d\u00e9pouille mortelle sera accompagn\u00e9e par sa famille et par l\u2019ambassadeur du Ghana en Turquie \u00e0 bord d\u2019un vol de Turkish Airlines qui arrivera \u00e0 Accra \u00e0 19h40<\/em>\", a pr\u00e9cis\u00e9 le minist\u00e8re.<\/p>\n<p>La veuve d\u2019Atsu, Marie-Claire Rupio, et leurs trois enfants ont assist\u00e9 \u00e0 un hommage rendu au joueur \u00e0 Newcastle, l\u2019un de ses anciens clubs, samedi avant un match de\u00a0Premier League\u00a0contre Liverpool. L\u2019attaquant international ghan\u00e9en avait jou\u00e9 aussi \u00e0 Porto et \u00e0\u00a0Chelsea\u00a0notamment avant de signer pour Hatayspor en Turquie en\u00a02022. Il avait jou\u00e9 son dernier match pour ce club la veille du s\u00e9isme. Un match dans lequel il avait offert la victoire \u00e0 son \u00e9quipe en inscrivant sur coup franc, l'unique but de la partie \u00e0 la 90\u00e8me minute.<\/p>\n<div class='share-to-whatsapp-wrapper'><div class='share-on-whsp'>PARTAGER SUR : <\/div><a data-text='S\u00c9ISME EN TURQUIE - Le corps de Christian Atsu rapatri\u00e9 au Ghana' data-link='https:\/\/www.nettali.com\/2023\/02\/19\/seisme-en-turquie-le-corps-de-christian-atsu-rapatrie-au-ghana\/' class='whatsapp-button whatsapp-share'>WhatsApp<\/a><div class='clear '><\/div><\/div>","protected":false},"excerpt":{"rendered":"<p>NETTALI.COM - Apr\u00e8s deux semaines de recherches, la d\u00e9pouille de l\u2019ancien joueur de Chelsea a \u00e9t\u00e9 retrouv\u00e9e dans les d\u00e9combres de son immeuble. Le corps du footballeur Christian Atsu, qui a trouv\u00e9 la mort dans le s\u00e9isme en Turquie, va \u00eatre rapatri\u00e9 au Ghana ce dimanche, a d\u00e9clar\u00e9 le minist\u00e8re des Affaires \u00e9trang\u00e8res de ce [&hellip;]<\/p>\n","protected":false},"author":5,"featured_media":104503,"comment_status":"open","ping_status":"open","sticky":false,"template":"","format":"standard","meta":{"_et_pb_use_builder":"","_et_pb_old_content":""},"categories":[6],"tags":[],"yoast_head":"<!-- This site is optimized with the Yoast SEO Premium plugin v17.8 (Yoast SEO v17.8) - https:\/\/yoast.com\/wordpress\/plugins\/seo\/ -->\n<title>S\u00c9ISME EN TURQUIE - Le corps de Christian Atsu rapatri\u00e9 au Ghana | Nettali.com<\/title>\n<meta name=\"robots\" content=\"index, follow, max-snippet:-1, max-image-preview:large, max-video-preview:-1\" \/>\n<link rel=\"canonical\" href=\"https:\/\/www.nettali.com\/2023\/02\/19\/seisme-en-turquie-le-corps-de-christian-atsu-rapatrie-au-ghana\/\" \/>\n<meta property=\"og:locale\" content=\"fr_FR\" \/>\n<meta property=\"og:type\" content=\"article\" \/>\n<meta property=\"og:title\" content=\"S\u00c9ISME EN TURQUIE - Le corps de Christian Atsu rapatri\u00e9 au Ghana\" \/>\n<meta property=\"og:description\" content=\"NETTALI.COM - Apr\u00e8s deux semaines de recherches, la d\u00e9pouille de l\u2019ancien joueur de Chelsea a \u00e9t\u00e9 retrouv\u00e9e dans les d\u00e9combres de son immeuble. Le corps du footballeur Christian Atsu, qui a trouv\u00e9 la mort dans le s\u00e9isme en Turquie, va \u00eatre rapatri\u00e9 au Ghana ce dimanche, a d\u00e9clar\u00e9 le minist\u00e8re des Affaires \u00e9trang\u00e8res de ce [&hellip;]\" \/>\n<meta property=\"og:url\" content=\"https:\/\/www.nettali.com\/2023\/02\/19\/seisme-en-turquie-le-corps-de-christian-atsu-rapatrie-au-ghana\/\" \/>\n<meta property=\"og:site_name\" content=\"Nettali.com\" \/>\n<meta property=\"article:publisher\" content=\"https:\/\/www.facebook.com\/nettalicom\" \/>\n<meta property=\"article:published_time\" content=\"2023-02-19T16:39:21+00:00\" \/>\n<meta property=\"og:image\" content=\"https:\/\/www.nettali.com\/wp-content\/uploads\/2023\/02\/Christian-Atsu.jpg\" \/>\n\t<meta property=\"og:image:width\" content=\"640\" \/>\n\t<meta property=\"og:image:height\" content=\"426\" \/>\n<meta name=\"twitter:card\" content=\"summary_large_image\" \/>\n<meta name=\"twitter:label1\" content=\"\u00c9crit par\" \/>\n\t<meta name=\"twitter:data1\" content=\"Ibrahima\" \/>\n\t<meta name=\"twitter:label2\" content=\"Dur\u00e9e de lecture estim\u00e9e\" \/>\n\t<meta name=\"twitter:data2\" content=\"2 minutes\" \/>\n<script type=\"application\/ld+json\" class=\"yoast-schema-graph\">{\"@context\":\"https:\/\/schema.org\",\"@graph\":[{\"@type\":\"WebSite\",\"@id\":\"https:\/\/www.nettali.com\/#website\",\"url\":\"https:\/\/www.nettali.com\/\",\"name\":\"Nettali.com\",\"description\":\"Le rendez-vous critique du Net\",\"potentialAction\":[{\"@type\":\"SearchAction\",\"target\":{\"@type\":\"EntryPoint\",\"urlTemplate\":\"https:\/\/www.nettali.com\/?s={search_term_string}\"},\"query-input\":\"required name=search_term_string\"}],\"inLanguage\":\"fr-FR\"},{\"@type\":\"ImageObject\",\"@id\":\"https:\/\/www.nettali.com\/2023\/02\/19\/seisme-en-turquie-le-corps-de-christian-atsu-rapatrie-au-ghana\/#primaryimage\",\"inLanguage\":\"fr-FR\",\"url\":\"https:\/\/www.nettali.com\/wp-content\/uploads\/2023\/02\/Christian-Atsu.jpg\",\"contentUrl\":\"https:\/\/www.nettali.com\/wp-content\/uploads\/2023\/02\/Christian-Atsu.jpg\",\"width\":640,\"height\":426},{\"@type\":\"WebPage\",\"@id\":\"https:\/\/www.nettali.com\/2023\/02\/19\/seisme-en-turquie-le-corps-de-christian-atsu-rapatrie-au-ghana\/#webpage\",\"url\":\"https:\/\/www.nettali.com\/2023\/02\/19\/seisme-en-turquie-le-corps-de-christian-atsu-rapatrie-au-ghana\/\",\"name\":\"S\\u00c9ISME EN TURQUIE - Le corps de Christian Atsu rapatri\\u00e9 au Ghana | Nettali.com\",\"isPartOf\":{\"@id\":\"https:\/\/www.nettali.com\/#website\"},\"primaryImageOfPage\":{\"@id\":\"https:\/\/www.nettali.com\/2023\/02\/19\/seisme-en-turquie-le-corps-de-christian-atsu-rapatrie-au-ghana\/#primaryimage\"},\"datePublished\":\"2023-02-19T16:39:21+00:00\",\"dateModified\":\"2023-02-19T16:39:21+00:00\",\"author\":{\"@id\":\"https:\/\/www.nettali.com\/#\/schema\/person\/bb147657c2986240405a608162b9bb23\"},\"breadcrumb\":{\"@id\":\"https:\/\/www.nettali.com\/2023\/02\/19\/seisme-en-turquie-le-corps-de-christian-atsu-rapatrie-au-ghana\/#breadcrumb\"},\"inLanguage\":\"fr-FR\",\"potentialAction\":[{\"@type\":\"ReadAction\",\"target\":[\"https:\/\/www.nettali.com\/2023\/02\/19\/seisme-en-turquie-le-corps-de-christian-atsu-rapatrie-au-ghana\/\"]}]},{\"@type\":\"BreadcrumbList\",\"@id\":\"https:\/\/www.nettali.com\/2023\/02\/19\/seisme-en-turquie-le-corps-de-christian-atsu-rapatrie-au-ghana\/#breadcrumb\",\"itemListElement\":[{\"@type\":\"ListItem\",\"position\":1,\"name\":\"Accueil\",\"item\":\"https:\/\/www.nettali.com\/\"},{\"@type\":\"ListItem\",\"position\":2,\"name\":\"S\\u00c9ISME EN TURQUIE - Le corps de Christian Atsu rapatri\\u00e9 au Ghana\"}]},{\"@type\":\"Person\",\"@id\":\"https:\/\/www.nettali.com\/#\/schema\/person\/bb147657c2986240405a608162b9bb23\",\"name\":\"Ibrahima\",\"image\":{\"@type\":\"ImageObject\",\"@id\":\"https:\/\/www.nettali.com\/#personlogo\",\"inLanguage\":\"fr-FR\",\"url\":\"https:\/\/secure.gravatar.com\/avatar\/26a8a81f09f0dd7624c9d5c36c9ba3a2?s=96&d=mm&r=g\",\"contentUrl\":\"https:\/\/secure.gravatar.com\/avatar\/26a8a81f09f0dd7624c9d5c36c9ba3a2?s=96&d=mm&r=g\",\"caption\":\"Ibrahima\"},\"sameAs\":[\"https:\/\/www.nettali.com\"]}]}<\/script>\n<!-- \/ Yoast SEO Premium plugin. -->","yoast_head_json":{"title":"S\u00c9ISME EN TURQUIE - Le corps de Christian Atsu rapatri\u00e9 au Ghana | Nettali.com","robots":{"index":"index","follow":"follow","max-snippet":"max-snippet:-1","max-image-preview":"max-image-preview:large","max-video-preview":"max-video-preview:-1"},"canonical":"https:\/\/www.nettali.com\/2023\/02\/19\/seisme-en-turquie-le-corps-de-christian-atsu-rapatrie-au-ghana\/","og_locale":"fr_FR","og_type":"article","og_title":"S\u00c9ISME EN TURQUIE - Le corps de Christian Atsu rapatri\u00e9 au Ghana","og_description":"NETTALI.COM - Apr\u00e8s deux semaines de recherches, la d\u00e9pouille de l\u2019ancien joueur de Chelsea a \u00e9t\u00e9 retrouv\u00e9e dans les d\u00e9combres de son immeuble. Le corps du footballeur Christian Atsu, qui a trouv\u00e9 la mort dans le s\u00e9isme en Turquie, va \u00eatre rapatri\u00e9 au Ghana ce dimanche, a d\u00e9clar\u00e9 le minist\u00e8re des Affaires \u00e9trang\u00e8res de ce [&hellip;]","og_url":"https:\/\/www.nettali.com\/2023\/02\/19\/seisme-en-turquie-le-corps-de-christian-atsu-rapatrie-au-ghana\/","og_site_name":"Nettali.com","article_publisher":"https:\/\/www.facebook.com\/nettalicom","article_published_time":"2023-02-19T16:39:21+00:00","og_image":[{"width":640,"height":426,"url":"https:\/\/www.nettali.com\/wp-content\/uploads\/2023\/02\/Christian-Atsu.jpg","type":"image\/jpeg"}],"twitter_card":"summary_large_image","twitter_misc":{"\u00c9crit par":"Ibrahima","Dur\u00e9e de lecture estim\u00e9e":"2 minutes"},"schema":{"@context":"https:\/\/schema.org","@graph":[{"@type":"WebSite","@id":"https:\/\/www.nettali.com\/#website","url":"https:\/\/www.nettali.com\/","name":"Nettali.com","description":"Le rendez-vous critique du Net","potentialAction":[{"@type":"SearchAction","target":{"@type":"EntryPoint","urlTemplate":"https:\/\/www.nettali.com\/?s={search_term_string}"},"query-input":"required name=search_term_string"}],"inLanguage":"fr-FR"},{"@type":"ImageObject","@id":"https:\/\/www.nettali.com\/2023\/02\/19\/seisme-en-turquie-le-corps-de-christian-atsu-rapatrie-au-ghana\/#primaryimage","inLanguage":"fr-FR","url":"https:\/\/www.nettali.com\/wp-content\/uploads\/2023\/02\/Christian-Atsu.jpg","contentUrl":"https:\/\/www.nettali.com\/wp-content\/uploads\/2023\/02\/Christian-Atsu.jpg","width":640,"height":426},{"@type":"WebPage","@id":"https:\/\/www.nettali.com\/2023\/02\/19\/seisme-en-turquie-le-corps-de-christian-atsu-rapatrie-au-ghana\/#webpage","url":"https:\/\/www.nettali.com\/2023\/02\/19\/seisme-en-turquie-le-corps-de-christian-atsu-rapatrie-au-ghana\/","name":"S\u00c9ISME EN TURQUIE - Le corps de Christian Atsu rapatri\u00e9 au Ghana | Nettali.com","isPartOf":{"@id":"https:\/\/www.nettali.com\/#website"},"primaryImageOfPage":{"@id":"https:\/\/www.nettali.com\/2023\/02\/19\/seisme-en-turquie-le-corps-de-christian-atsu-rapatrie-au-ghana\/#primaryimage"},"datePublished":"2023-02-19T16:39:21+00:00","dateModified":"2023-02-19T16:39:21+00:00","author":{"@id":"https:\/\/www.nettali.com\/#\/schema\/person\/bb147657c2986240405a608162b9bb23"},"breadcrumb":{"@id":"https:\/\/www.nettali.com\/2023\/02\/19\/seisme-en-turquie-le-corps-de-christian-atsu-rapatrie-au-ghana\/#breadcrumb"},"inLanguage":"fr-FR","potentialAction":[{"@type":"ReadAction","target":["https:\/\/www.nettali.com\/2023\/02\/19\/seisme-en-turquie-le-corps-de-christian-atsu-rapatrie-au-ghana\/"]}]},{"@type":"BreadcrumbList","@id":"https:\/\/www.nettali.com\/2023\/02\/19\/seisme-en-turquie-le-corps-de-christian-atsu-rapatrie-au-ghana\/#breadcrumb","itemListElement":[{"@type":"ListItem","position":1,"name":"Accueil","item":"https:\/\/www.nettali.com\/"},{"@type":"ListItem","position":2,"name":"S\u00c9ISME EN TURQUIE - Le corps de Christian Atsu rapatri\u00e9 au Ghana"}]},{"@type":"Person","@id":"https:\/\/www.nettali.com\/#\/schema\/person\/bb147657c2986240405a608162b9bb23","name":"Ibrahima","image":{"@type":"ImageObject","@id":"https:\/\/www.nettali.com\/#personlogo","inLanguage":"fr-FR","url":"https:\/\/secure.gravatar.com\/avatar\/26a8a81f09f0dd7624c9d5c36c9ba3a2?s=96&d=mm&r=g","contentUrl":"https:\/\/secure.gravatar.com\/avatar\/26a8a81f09f0dd7624c9d5c36c9ba3a2?s=96&d=mm&r=g","caption":"Ibrahima"},"sameAs":["https:\/\/www.nettali.com"]}]}},"_links":{"self":[{"href":"https:\/\/www.nettali.com\/rest\/wp\/v2\/posts\/104502"}],"collection":[{"href":"https:\/\/www.nettali.com\/rest\/wp\/v2\/posts"}],"about":[{"href":"https:\/\/www.nettali.com\/rest\/wp\/v2\/types\/post"}],"author":[{"embeddable":true,"href":"https:\/\/www.nettali.com\/rest\/wp\/v2\/users\/5"}],"replies":[{"embeddable":true,"href":"https:\/\/www.nettali.com\/rest\/wp\/v2\/comments?post=104502"}],"version-history":[{"count":1,"href":"https:\/\/www.nettali.com\/rest\/wp\/v2\/posts\/104502\/revisions"}],"predecessor-version":[{"id":104504,"href":"https:\/\/www.nettali.com\/rest\/wp\/v2\/posts\/104502\/revisions\/104504"}],"wp:featuredmedia":[{"embeddable":true,"href":"https:\/\/www.nettali.com\/rest\/wp\/v2\/media\/104503"}],"wp:attachment":[{"href":"https:\/\/www.nettali.com\/rest\/wp\/v2\/media?parent=104502"}],"wp:term":[{"taxonomy":"category","embeddable":true,"href":"https:\/\/www.nettali.com\/rest\/wp\/v2\/categories?post=104502"},{"taxonomy":"post_tag","embeddable":true,"href":"https:\/\/www.nettali.com\/rest\/wp\/v2\/tags?post=104502"}],"curies":[{"name":"wp","href":"https:\/\/api.w.org\/{rel}","templated":true}]}}