{"id":104467,"date":"2023-02-18T18:34:21","date_gmt":"2023-02-18T18:34:21","guid":{"rendered":"https:\/\/www.nettali.com\/?p=104467"},"modified":"2023-02-18T18:35:35","modified_gmt":"2023-02-18T18:35:35","slug":"deces-de-christian-atsu-la-caf-pleure-le-meilleur-joueur-de-la-can-2015","status":"publish","type":"post","link":"https:\/\/www.nettali.com\/2023\/02\/18\/deces-de-christian-atsu-la-caf-pleure-le-meilleur-joueur-de-la-can-2015\/","title":{"rendered":"D\u00c9C\u00c8S DE CHRISTIAN ATSU - La Caf pleure le meilleur joueur de la Can 2015"},"content":{"rendered":"<p><strong>NETTALI.COM - Christian Atsu n'est plus. L'international ghan\u00e9en de 31 ans et \u00e9lu meilleur joueur de la Can 2015, a \u00e9t\u00e9 emport\u00e9 par le s\u00e9isme qui a secou\u00e9 la Turquie et la Syrie. Un d\u00e9c\u00e8s tragique qui a attrist\u00e9 la Conf\u00e9d\u00e9ration africaine de football.<\/strong><\/p>\n<p>\"<em>La CAF est attrist\u00e9e par le d\u00e9c\u00e8s tragique de l'international ghan\u00e9en, Christian Atsu, \u00e0 la suite du tremblement de terre en Turquie.\u00a0 \u00a0\u00a0<\/em><\/p>\n<p><em>Atsu, qui a repr\u00e9sent\u00e9 son pays 65 fois, a jou\u00e9 pour plusieurs clubs dont Everton, Chelsea, Newcastle en Angleterre et Porto. Au moment de sa mort tragique, il jouait en Turquie pour Hatayspor.\u00a0<\/em><\/p>\n<p><em>Le pr\u00e9sident de la CAF, Dr Patrice Motsepe, et la famille du football africain pr\u00e9sentent leurs sinc\u00e8res condol\u00e9ances \u00e0 sa famille et \u00e0 la famille du football ghan\u00e9en.\u00a0\u00a0\u00a0<\/em><\/p>\n<p><em>Que l'\u00e2me de Christian Atsu repose en paix !<\/em>\", peut-on lire dans un communiqu\u00e9 publi\u00e9 ce samedi 18 f\u00e9vrier par la direction de communication de la Caf.<\/p>\n<p>A rappeler que le d\u00e9c\u00e8s de Christian Atsu a \u00e9t\u00e9 confirm\u00e9 ce samedi matin via<br \/>\nson agent, Murat Uzunmehmet. Selon lui,<br \/>\nle feu follet ailier ghan\u00e9en a \u00e9t\u00e9 retrouv\u00e9 mort ce 18 f\u00e9vrier sous les d\u00e9combres de son immeuble situ\u00e9 \u00e0 Hatay au sud de la Turquie. Atsu \u00e9tait sous les d\u00e9combres de la r\u00e9sidence R\u00f6nesans, un immeuble de 12 \u00e9tages qui s\u2019est effondr\u00e9e dans le s\u00e9isme.<\/p>\n<div class='share-to-whatsapp-wrapper'><div class='share-on-whsp'>PARTAGER SUR : <\/div><a data-text='D\u00c9C\u00c8S DE CHRISTIAN ATSU - La Caf pleure le meilleur joueur de la Can 2015' data-link='https:\/\/www.nettali.com\/2023\/02\/18\/deces-de-christian-atsu-la-caf-pleure-le-meilleur-joueur-de-la-can-2015\/' class='whatsapp-button whatsapp-share'>WhatsApp<\/a><div class='clear '><\/div><\/div>","protected":false},"excerpt":{"rendered":"<p>NETTALI.COM - Christian Atsu n'est plus. L'international ghan\u00e9en de 31 ans et \u00e9lu meilleur joueur de la Can 2015, a \u00e9t\u00e9 emport\u00e9 par le s\u00e9isme qui a secou\u00e9 la Turquie et la Syrie. Un d\u00e9c\u00e8s tragique qui a attrist\u00e9 la Conf\u00e9d\u00e9ration africaine de football. \"La CAF est attrist\u00e9e par le d\u00e9c\u00e8s tragique de l'international ghan\u00e9en, [&hellip;]<\/p>\n","protected":false},"author":5,"featured_media":104468,"comment_status":"open","ping_status":"open","sticky":false,"template":"","format":"standard","meta":{"_et_pb_use_builder":"","_et_pb_old_content":""},"categories":[6],"tags":[],"yoast_head":"<!-- This site is optimized with the Yoast SEO Premium plugin v17.8 (Yoast SEO v17.8) - https:\/\/yoast.com\/wordpress\/plugins\/seo\/ -->\n<title>D\u00c9C\u00c8S DE CHRISTIAN ATSU - La Caf pleure le meilleur joueur de la Can 2015 | Nettali.com<\/title>\n<meta name=\"robots\" content=\"index, follow, max-snippet:-1, max-image-preview:large, max-video-preview:-1\" \/>\n<link rel=\"canonical\" href=\"https:\/\/www.nettali.com\/2023\/02\/18\/deces-de-christian-atsu-la-caf-pleure-le-meilleur-joueur-de-la-can-2015\/\" \/>\n<meta property=\"og:locale\" content=\"fr_FR\" \/>\n<meta property=\"og:type\" content=\"article\" \/>\n<meta property=\"og:title\" content=\"D\u00c9C\u00c8S DE CHRISTIAN ATSU - La Caf pleure le meilleur joueur de la Can 2015\" \/>\n<meta property=\"og:description\" content=\"NETTALI.COM - Christian Atsu n&#039;est plus. L&#039;international ghan\u00e9en de 31 ans et \u00e9lu meilleur joueur de la Can 2015, a \u00e9t\u00e9 emport\u00e9 par le s\u00e9isme qui a secou\u00e9 la Turquie et la Syrie. Un d\u00e9c\u00e8s tragique qui a attrist\u00e9 la Conf\u00e9d\u00e9ration africaine de football. &quot;La CAF est attrist\u00e9e par le d\u00e9c\u00e8s tragique de l&#039;international ghan\u00e9en, [&hellip;]\" \/>\n<meta property=\"og:url\" content=\"https:\/\/www.nettali.com\/2023\/02\/18\/deces-de-christian-atsu-la-caf-pleure-le-meilleur-joueur-de-la-can-2015\/\" \/>\n<meta property=\"og:site_name\" content=\"Nettali.com\" \/>\n<meta property=\"article:publisher\" content=\"https:\/\/www.facebook.com\/nettalicom\" \/>\n<meta property=\"article:published_time\" content=\"2023-02-18T18:34:21+00:00\" \/>\n<meta property=\"article:modified_time\" content=\"2023-02-18T18:35:35+00:00\" \/>\n<meta property=\"og:image\" content=\"https:\/\/www.nettali.com\/wp-content\/uploads\/2023\/02\/64632380_605.jpg\" \/>\n\t<meta property=\"og:image:width\" content=\"1199\" \/>\n\t<meta property=\"og:image:height\" content=\"674\" \/>\n<meta name=\"twitter:card\" content=\"summary_large_image\" \/>\n<meta name=\"twitter:label1\" content=\"\u00c9crit par\" \/>\n\t<meta name=\"twitter:data1\" content=\"Ibrahima\" \/>\n\t<meta name=\"twitter:label2\" content=\"Dur\u00e9e de lecture estim\u00e9e\" \/>\n\t<meta name=\"twitter:data2\" content=\"2 minutes\" \/>\n<script type=\"application\/ld+json\" class=\"yoast-schema-graph\">{\"@context\":\"https:\/\/schema.org\",\"@graph\":[{\"@type\":\"WebSite\",\"@id\":\"https:\/\/www.nettali.com\/#website\",\"url\":\"https:\/\/www.nettali.com\/\",\"name\":\"Nettali.com\",\"description\":\"Le rendez-vous critique du Net\",\"potentialAction\":[{\"@type\":\"SearchAction\",\"target\":{\"@type\":\"EntryPoint\",\"urlTemplate\":\"https:\/\/www.nettali.com\/?s={search_term_string}\"},\"query-input\":\"required name=search_term_string\"}],\"inLanguage\":\"fr-FR\"},{\"@type\":\"ImageObject\",\"@id\":\"https:\/\/www.nettali.com\/2023\/02\/18\/deces-de-christian-atsu-la-caf-pleure-le-meilleur-joueur-de-la-can-2015\/#primaryimage\",\"inLanguage\":\"fr-FR\",\"url\":\"https:\/\/www.nettali.com\/wp-content\/uploads\/2023\/02\/64632380_605.jpg\",\"contentUrl\":\"https:\/\/www.nettali.com\/wp-content\/uploads\/2023\/02\/64632380_605.jpg\",\"width\":1199,\"height\":674},{\"@type\":\"WebPage\",\"@id\":\"https:\/\/www.nettali.com\/2023\/02\/18\/deces-de-christian-atsu-la-caf-pleure-le-meilleur-joueur-de-la-can-2015\/#webpage\",\"url\":\"https:\/\/www.nettali.com\/2023\/02\/18\/deces-de-christian-atsu-la-caf-pleure-le-meilleur-joueur-de-la-can-2015\/\",\"name\":\"D\\u00c9C\\u00c8S DE CHRISTIAN ATSU - La Caf pleure le meilleur joueur de la Can 2015 | Nettali.com\",\"isPartOf\":{\"@id\":\"https:\/\/www.nettali.com\/#website\"},\"primaryImageOfPage\":{\"@id\":\"https:\/\/www.nettali.com\/2023\/02\/18\/deces-de-christian-atsu-la-caf-pleure-le-meilleur-joueur-de-la-can-2015\/#primaryimage\"},\"datePublished\":\"2023-02-18T18:34:21+00:00\",\"dateModified\":\"2023-02-18T18:35:35+00:00\",\"author\":{\"@id\":\"https:\/\/www.nettali.com\/#\/schema\/person\/bb147657c2986240405a608162b9bb23\"},\"breadcrumb\":{\"@id\":\"https:\/\/www.nettali.com\/2023\/02\/18\/deces-de-christian-atsu-la-caf-pleure-le-meilleur-joueur-de-la-can-2015\/#breadcrumb\"},\"inLanguage\":\"fr-FR\",\"potentialAction\":[{\"@type\":\"ReadAction\",\"target\":[\"https:\/\/www.nettali.com\/2023\/02\/18\/deces-de-christian-atsu-la-caf-pleure-le-meilleur-joueur-de-la-can-2015\/\"]}]},{\"@type\":\"BreadcrumbList\",\"@id\":\"https:\/\/www.nettali.com\/2023\/02\/18\/deces-de-christian-atsu-la-caf-pleure-le-meilleur-joueur-de-la-can-2015\/#breadcrumb\",\"itemListElement\":[{\"@type\":\"ListItem\",\"position\":1,\"name\":\"Accueil\",\"item\":\"https:\/\/www.nettali.com\/\"},{\"@type\":\"ListItem\",\"position\":2,\"name\":\"D\\u00c9C\\u00c8S DE CHRISTIAN ATSU - La Caf pleure le meilleur joueur de la Can 2015\"}]},{\"@type\":\"Person\",\"@id\":\"https:\/\/www.nettali.com\/#\/schema\/person\/bb147657c2986240405a608162b9bb23\",\"name\":\"Ibrahima\",\"image\":{\"@type\":\"ImageObject\",\"@id\":\"https:\/\/www.nettali.com\/#personlogo\",\"inLanguage\":\"fr-FR\",\"url\":\"https:\/\/secure.gravatar.com\/avatar\/26a8a81f09f0dd7624c9d5c36c9ba3a2?s=96&d=mm&r=g\",\"contentUrl\":\"https:\/\/secure.gravatar.com\/avatar\/26a8a81f09f0dd7624c9d5c36c9ba3a2?s=96&d=mm&r=g\",\"caption\":\"Ibrahima\"},\"sameAs\":[\"https:\/\/www.nettali.com\"]}]}<\/script>\n<!-- \/ Yoast SEO Premium plugin. -->","yoast_head_json":{"title":"D\u00c9C\u00c8S DE CHRISTIAN ATSU - La Caf pleure le meilleur joueur de la Can 2015 | Nettali.com","robots":{"index":"index","follow":"follow","max-snippet":"max-snippet:-1","max-image-preview":"max-image-preview:large","max-video-preview":"max-video-preview:-1"},"canonical":"https:\/\/www.nettali.com\/2023\/02\/18\/deces-de-christian-atsu-la-caf-pleure-le-meilleur-joueur-de-la-can-2015\/","og_locale":"fr_FR","og_type":"article","og_title":"D\u00c9C\u00c8S DE CHRISTIAN ATSU - La Caf pleure le meilleur joueur de la Can 2015","og_description":"NETTALI.COM - Christian Atsu n'est plus. L'international ghan\u00e9en de 31 ans et \u00e9lu meilleur joueur de la Can 2015, a \u00e9t\u00e9 emport\u00e9 par le s\u00e9isme qui a secou\u00e9 la Turquie et la Syrie. Un d\u00e9c\u00e8s tragique qui a attrist\u00e9 la Conf\u00e9d\u00e9ration africaine de football. \"La CAF est attrist\u00e9e par le d\u00e9c\u00e8s tragique de l'international ghan\u00e9en, [&hellip;]","og_url":"https:\/\/www.nettali.com\/2023\/02\/18\/deces-de-christian-atsu-la-caf-pleure-le-meilleur-joueur-de-la-can-2015\/","og_site_name":"Nettali.com","article_publisher":"https:\/\/www.facebook.com\/nettalicom","article_published_time":"2023-02-18T18:34:21+00:00","article_modified_time":"2023-02-18T18:35:35+00:00","og_image":[{"width":1199,"height":674,"url":"https:\/\/www.nettali.com\/wp-content\/uploads\/2023\/02\/64632380_605.jpg","type":"image\/jpeg"}],"twitter_card":"summary_large_image","twitter_misc":{"\u00c9crit par":"Ibrahima","Dur\u00e9e de lecture estim\u00e9e":"2 minutes"},"schema":{"@context":"https:\/\/schema.org","@graph":[{"@type":"WebSite","@id":"https:\/\/www.nettali.com\/#website","url":"https:\/\/www.nettali.com\/","name":"Nettali.com","description":"Le rendez-vous critique du Net","potentialAction":[{"@type":"SearchAction","target":{"@type":"EntryPoint","urlTemplate":"https:\/\/www.nettali.com\/?s={search_term_string}"},"query-input":"required name=search_term_string"}],"inLanguage":"fr-FR"},{"@type":"ImageObject","@id":"https:\/\/www.nettali.com\/2023\/02\/18\/deces-de-christian-atsu-la-caf-pleure-le-meilleur-joueur-de-la-can-2015\/#primaryimage","inLanguage":"fr-FR","url":"https:\/\/www.nettali.com\/wp-content\/uploads\/2023\/02\/64632380_605.jpg","contentUrl":"https:\/\/www.nettali.com\/wp-content\/uploads\/2023\/02\/64632380_605.jpg","width":1199,"height":674},{"@type":"WebPage","@id":"https:\/\/www.nettali.com\/2023\/02\/18\/deces-de-christian-atsu-la-caf-pleure-le-meilleur-joueur-de-la-can-2015\/#webpage","url":"https:\/\/www.nettali.com\/2023\/02\/18\/deces-de-christian-atsu-la-caf-pleure-le-meilleur-joueur-de-la-can-2015\/","name":"D\u00c9C\u00c8S DE CHRISTIAN ATSU - La Caf pleure le meilleur joueur de la Can 2015 | Nettali.com","isPartOf":{"@id":"https:\/\/www.nettali.com\/#website"},"primaryImageOfPage":{"@id":"https:\/\/www.nettali.com\/2023\/02\/18\/deces-de-christian-atsu-la-caf-pleure-le-meilleur-joueur-de-la-can-2015\/#primaryimage"},"datePublished":"2023-02-18T18:34:21+00:00","dateModified":"2023-02-18T18:35:35+00:00","author":{"@id":"https:\/\/www.nettali.com\/#\/schema\/person\/bb147657c2986240405a608162b9bb23"},"breadcrumb":{"@id":"https:\/\/www.nettali.com\/2023\/02\/18\/deces-de-christian-atsu-la-caf-pleure-le-meilleur-joueur-de-la-can-2015\/#breadcrumb"},"inLanguage":"fr-FR","potentialAction":[{"@type":"ReadAction","target":["https:\/\/www.nettali.com\/2023\/02\/18\/deces-de-christian-atsu-la-caf-pleure-le-meilleur-joueur-de-la-can-2015\/"]}]},{"@type":"BreadcrumbList","@id":"https:\/\/www.nettali.com\/2023\/02\/18\/deces-de-christian-atsu-la-caf-pleure-le-meilleur-joueur-de-la-can-2015\/#breadcrumb","itemListElement":[{"@type":"ListItem","position":1,"name":"Accueil","item":"https:\/\/www.nettali.com\/"},{"@type":"ListItem","position":2,"name":"D\u00c9C\u00c8S DE CHRISTIAN ATSU - La Caf pleure le meilleur joueur de la Can 2015"}]},{"@type":"Person","@id":"https:\/\/www.nettali.com\/#\/schema\/person\/bb147657c2986240405a608162b9bb23","name":"Ibrahima","image":{"@type":"ImageObject","@id":"https:\/\/www.nettali.com\/#personlogo","inLanguage":"fr-FR","url":"https:\/\/secure.gravatar.com\/avatar\/26a8a81f09f0dd7624c9d5c36c9ba3a2?s=96&d=mm&r=g","contentUrl":"https:\/\/secure.gravatar.com\/avatar\/26a8a81f09f0dd7624c9d5c36c9ba3a2?s=96&d=mm&r=g","caption":"Ibrahima"},"sameAs":["https:\/\/www.nettali.com"]}]}},"_links":{"self":[{"href":"https:\/\/www.nettali.com\/rest\/wp\/v2\/posts\/104467"}],"collection":[{"href":"https:\/\/www.nettali.com\/rest\/wp\/v2\/posts"}],"about":[{"href":"https:\/\/www.nettali.com\/rest\/wp\/v2\/types\/post"}],"author":[{"embeddable":true,"href":"https:\/\/www.nettali.com\/rest\/wp\/v2\/users\/5"}],"replies":[{"embeddable":true,"href":"https:\/\/www.nettali.com\/rest\/wp\/v2\/comments?post=104467"}],"version-history":[{"count":1,"href":"https:\/\/www.nettali.com\/rest\/wp\/v2\/posts\/104467\/revisions"}],"predecessor-version":[{"id":104469,"href":"https:\/\/www.nettali.com\/rest\/wp\/v2\/posts\/104467\/revisions\/104469"}],"wp:featuredmedia":[{"embeddable":true,"href":"https:\/\/www.nettali.com\/rest\/wp\/v2\/media\/104468"}],"wp:attachment":[{"href":"https:\/\/www.nettali.com\/rest\/wp\/v2\/media?parent=104467"}],"wp:term":[{"taxonomy":"category","embeddable":true,"href":"https:\/\/www.nettali.com\/rest\/wp\/v2\/categories?post=104467"},{"taxonomy":"post_tag","embeddable":true,"href":"https:\/\/www.nettali.com\/rest\/wp\/v2\/tags?post=104467"}],"curies":[{"name":"wp","href":"https:\/\/api.w.org\/{rel}","templated":true}]}}