{"id":104456,"date":"2023-02-18T11:26:03","date_gmt":"2023-02-18T11:26:03","guid":{"rendered":"https:\/\/www.nettali.com\/?p=104456"},"modified":"2023-02-18T11:26:03","modified_gmt":"2023-02-18T11:26:03","slug":"sit-in-walf-le-cnra-desavoue-par-les-acteurs-des-medias","status":"publish","type":"post","link":"https:\/\/www.nettali.com\/2023\/02\/18\/sit-in-walf-le-cnra-desavoue-par-les-acteurs-des-medias\/","title":{"rendered":"SIT-IN WALF\u00a0 - \u00a0\u00a0Le Cnra d\u00e9savou\u00e9 par les acteurs des m\u00e9dias\u00a0"},"content":{"rendered":"<p><strong>NETTALI.COM - Apr\u00e8s la d\u00e9cision du Conseil national de r\u00e9gulation de l\u2019audiovisuel (Cnra) de suspendre le signal de la t\u00e9l\u00e9vision Walf Tv pour sept jours, le groupe de feu Sidy Lamine Niass a appel\u00e9 les S\u00e9n\u00e9galais \u00e0 une manifestation pour \u00abd\u00e9noncer les agissements du CNRA\u00bb.<\/strong><\/p>\n<p><em>\u00abNe Touche pas \u00e0 ma t\u00e9l\u00e9vision\u00bb, \u00abBabacar\u00a0Diagne\u00a0d\u00e9gage\u00bb, \u00abWalf\u00a0t\u00e9l\u00e9\u00a0Askan\u00a0wi\u00bb, \u00abMacky\u00a0Sall, dictateur\u00bb<\/em>\u2026 Tels \u00e9taient les slogans scand\u00e9s en ch\u0153ur par la foule devant les locaux\u00a0 de la t\u00e9l\u00e9vision Walf. Ils \u00e9taient des milliers \u00e0 r\u00e9pondre au sit-in, ce vendredi. Les d\u00e9put\u00e9s du groupe parlementaire Yewwi Askan Wi, les activistes et acteurs de la soci\u00e9t\u00e9 civile\u2026 tous\u00a0 ont r\u00e9pondu pr\u00e9sents \u00e0 l\u2019appel du groupe Walf. Se r\u00e9jouissant de la r\u00e9ussite du sit in, Cheikh Niass, Pdg du groupe, a soulign\u00e9 que le projet de l\u2019Etat, c\u2019est de retirer la licence \u00e0 Walf. <em>\u00abAujourd\u2019hui, c\u2019est un jour de victoire pour la presse. Le projet de l\u2019Etat \u00e9tait l\u2019extinction totale de Walfadjri, mais c\u2019est peine perdue, Walf va toujours triompher. Notre groupe n\u2019est pas contre le pouvoir ni l\u2019opposition, on est l\u00e0 pour le peuple s\u00e9n\u00e9galais. On travaille pour le S\u00e9n\u00e9gal \u00bb<\/em>, a indiqu\u00e9 Cheikh Niass. Le Pdg du groupe poursuit : <em>\u00abCe n\u2019est pas Babacar Diagne qui est derri\u00e8re cette d\u00e9cision, mais plut\u00f4t l\u2019Etat du S\u00e9n\u00e9gal. Leur projet, c\u2019est de retirer la licence de Walfadjri, chose que nous n\u2019accepterons pas. Notre mission, c\u2019est d\u2019\u00eatre au c\u00f4t\u00e9 du peuple comme on l\u2019a toujours fait. Nous ne reculerons pas et nous allons continuer notre lutte et notre mission \u00bb<\/em>, a soutenu Cheikh Niass.<\/p>\n<p>Journaliste et pr\u00e9sident de l'Association des professionnels de la presse en ligne (Appel), Ibrahima Lissa Faye estime, pour sa part, que Walf Tv a bien couvert les \u00e9v\u00e9nements de Mback\u00e9. <em>\u00abVous \u00eates l\u00e0 pour la d\u00e9mocratie, vous \u00eates l\u00e0 pour la libert\u00e9 d\u2019expression et la libert\u00e9 de presse. La tentative de liquidation de Walf ne passera pas et nous ne l\u2019accepterons pas. Il n\u2019y a rien qu\u2019on peut reprocher \u00e0 Walf sur la couverture de Mback\u00e9. Le m\u00e9dia est un bien public, c\u2019est destin\u00e9 au peuple. La libert\u00e9 de presse est devenue une r\u00e9alit\u00e9 et \u00e7a ne se n\u00e9gocie pas. Elle est \u00e0 nous et nous devons l\u2019arracher\u00bb<\/em>, a-t-il indiqu\u00e9 sans d\u00e9tours. Poursuivant son speech, Ibrahima Lissa rappelle que le Cnra est caduc : <em>\u00ab Il a viol\u00e9 l\u2019article 210 du Code de la presse. L\u2019organe de r\u00e9gulation devait au moins donner une mise en demeure ou faire un avertissement avant de couper le signal de la t\u00e9l\u00e9. Il n\u2019a m\u00eame pas le droit de couper Walf. Le CNRA, c\u2019est un conseil et il devait se r\u00e9unir au moins avant de d\u00e9cider de couper le signal, ce qui n\u2019a pas \u00e9t\u00e9 fait. Ces forfaitures doivent cesser et nous n\u2019allons plus accepter ces d\u00e9rives \u00bb<\/em>.<\/p>\n<p>Venu prendre part au sit in, le d\u00e9put\u00e9 Guy Marius Sagna souligne que Walfadjri est diff\u00e9rent des autres groupes de presse. \u00ab<em> On doit respecter la ligne \u00e9ditoriale de Walf, comme on le fait avec la RTS, la TFM et les autres m\u00e9dias. Le groupe Walf est l\u00e0 pour le peuple et nous n\u2019accepterons pas qu\u2019on l\u2019\u00e9carte de la sc\u00e8ne m\u00e9diatique. Le groupe Walf est la voix des sans voix, ce n\u2019est pas une presse soumise ou de connivence. Elle est la presse du peuple s\u00e9n\u00e9galais\u00bb<\/em>, a dit le d\u00e9put\u00e9 de Yewwi Askan Wi.<\/p>\n<p>&nbsp;<\/p>\n<p><strong>\u00a0<\/strong><\/p>\n<div class='share-to-whatsapp-wrapper'><div class='share-on-whsp'>PARTAGER SUR : <\/div><a data-text='SIT-IN WALF\u00a0 - \u00a0\u00a0Le Cnra d\u00e9savou\u00e9 par les acteurs des m\u00e9dias\u00a0' data-link='https:\/\/www.nettali.com\/2023\/02\/18\/sit-in-walf-le-cnra-desavoue-par-les-acteurs-des-medias\/' class='whatsapp-button whatsapp-share'>WhatsApp<\/a><div class='clear '><\/div><\/div>","protected":false},"excerpt":{"rendered":"<p>NETTALI.COM - Apr\u00e8s la d\u00e9cision du Conseil national de r\u00e9gulation de l\u2019audiovisuel (Cnra) de suspendre le signal de la t\u00e9l\u00e9vision Walf Tv pour sept jours, le groupe de feu Sidy Lamine Niass a appel\u00e9 les S\u00e9n\u00e9galais \u00e0 une manifestation pour \u00abd\u00e9noncer les agissements du CNRA\u00bb. \u00abNe Touche pas \u00e0 ma t\u00e9l\u00e9vision\u00bb, \u00abBabacar\u00a0Diagne\u00a0d\u00e9gage\u00bb, \u00abWalf\u00a0t\u00e9l\u00e9\u00a0Askan\u00a0wi\u00bb, \u00abMacky\u00a0Sall, dictateur\u00bb\u2026 [&hellip;]<\/p>\n","protected":false},"author":4,"featured_media":104457,"comment_status":"open","ping_status":"open","sticky":false,"template":"","format":"standard","meta":{"_et_pb_use_builder":"","_et_pb_old_content":""},"categories":[3],"tags":[],"yoast_head":"<!-- This site is optimized with the Yoast SEO Premium plugin v17.8 (Yoast SEO v17.8) - https:\/\/yoast.com\/wordpress\/plugins\/seo\/ -->\n<title>SIT-IN WALF\u00a0 - \u00a0\u00a0Le Cnra d\u00e9savou\u00e9 par les acteurs des m\u00e9dias\u00a0 | Nettali.com<\/title>\n<meta name=\"robots\" content=\"index, follow, max-snippet:-1, max-image-preview:large, max-video-preview:-1\" \/>\n<link rel=\"canonical\" href=\"https:\/\/www.nettali.com\/2023\/02\/18\/sit-in-walf-le-cnra-desavoue-par-les-acteurs-des-medias\/\" \/>\n<meta property=\"og:locale\" content=\"fr_FR\" \/>\n<meta property=\"og:type\" content=\"article\" \/>\n<meta property=\"og:title\" content=\"SIT-IN WALF\u00a0 - \u00a0\u00a0Le Cnra d\u00e9savou\u00e9 par les acteurs des m\u00e9dias\u00a0\" \/>\n<meta property=\"og:description\" content=\"NETTALI.COM - Apr\u00e8s la d\u00e9cision du Conseil national de r\u00e9gulation de l\u2019audiovisuel (Cnra) de suspendre le signal de la t\u00e9l\u00e9vision Walf Tv pour sept jours, le groupe de feu Sidy Lamine Niass a appel\u00e9 les S\u00e9n\u00e9galais \u00e0 une manifestation pour \u00abd\u00e9noncer les agissements du CNRA\u00bb. \u00abNe Touche pas \u00e0 ma t\u00e9l\u00e9vision\u00bb, \u00abBabacar\u00a0Diagne\u00a0d\u00e9gage\u00bb, \u00abWalf\u00a0t\u00e9l\u00e9\u00a0Askan\u00a0wi\u00bb, \u00abMacky\u00a0Sall, dictateur\u00bb\u2026 [&hellip;]\" \/>\n<meta property=\"og:url\" content=\"https:\/\/www.nettali.com\/2023\/02\/18\/sit-in-walf-le-cnra-desavoue-par-les-acteurs-des-medias\/\" \/>\n<meta property=\"og:site_name\" content=\"Nettali.com\" \/>\n<meta property=\"article:publisher\" content=\"https:\/\/www.facebook.com\/nettalicom\" \/>\n<meta property=\"article:published_time\" content=\"2023-02-18T11:26:03+00:00\" \/>\n<meta property=\"og:image\" content=\"https:\/\/www.nettali.com\/wp-content\/uploads\/2023\/02\/rassemblement-Walf.jpeg\" \/>\n\t<meta property=\"og:image:width\" content=\"1080\" \/>\n\t<meta property=\"og:image:height\" content=\"634\" \/>\n<meta name=\"twitter:card\" content=\"summary_large_image\" \/>\n<meta name=\"twitter:label1\" content=\"\u00c9crit par\" \/>\n\t<meta name=\"twitter:data1\" content=\"Daouda\" \/>\n\t<meta name=\"twitter:label2\" content=\"Dur\u00e9e de lecture estim\u00e9e\" \/>\n\t<meta name=\"twitter:data2\" content=\"3 minutes\" \/>\n<script type=\"application\/ld+json\" class=\"yoast-schema-graph\">{\"@context\":\"https:\/\/schema.org\",\"@graph\":[{\"@type\":\"WebSite\",\"@id\":\"https:\/\/www.nettali.com\/#website\",\"url\":\"https:\/\/www.nettali.com\/\",\"name\":\"Nettali.com\",\"description\":\"Le rendez-vous critique du Net\",\"potentialAction\":[{\"@type\":\"SearchAction\",\"target\":{\"@type\":\"EntryPoint\",\"urlTemplate\":\"https:\/\/www.nettali.com\/?s={search_term_string}\"},\"query-input\":\"required name=search_term_string\"}],\"inLanguage\":\"fr-FR\"},{\"@type\":\"ImageObject\",\"@id\":\"https:\/\/www.nettali.com\/2023\/02\/18\/sit-in-walf-le-cnra-desavoue-par-les-acteurs-des-medias\/#primaryimage\",\"inLanguage\":\"fr-FR\",\"url\":\"https:\/\/www.nettali.com\/wp-content\/uploads\/2023\/02\/rassemblement-Walf.jpeg\",\"contentUrl\":\"https:\/\/www.nettali.com\/wp-content\/uploads\/2023\/02\/rassemblement-Walf.jpeg\",\"width\":1080,\"height\":634},{\"@type\":\"WebPage\",\"@id\":\"https:\/\/www.nettali.com\/2023\/02\/18\/sit-in-walf-le-cnra-desavoue-par-les-acteurs-des-medias\/#webpage\",\"url\":\"https:\/\/www.nettali.com\/2023\/02\/18\/sit-in-walf-le-cnra-desavoue-par-les-acteurs-des-medias\/\",\"name\":\"SIT-IN WALF\\u00a0 - \\u00a0\\u00a0Le Cnra d\\u00e9savou\\u00e9 par les acteurs des m\\u00e9dias\\u00a0 | Nettali.com\",\"isPartOf\":{\"@id\":\"https:\/\/www.nettali.com\/#website\"},\"primaryImageOfPage\":{\"@id\":\"https:\/\/www.nettali.com\/2023\/02\/18\/sit-in-walf-le-cnra-desavoue-par-les-acteurs-des-medias\/#primaryimage\"},\"datePublished\":\"2023-02-18T11:26:03+00:00\",\"dateModified\":\"2023-02-18T11:26:03+00:00\",\"author\":{\"@id\":\"https:\/\/www.nettali.com\/#\/schema\/person\/3317e0bb3aa1da309fbf7b2780901bf4\"},\"breadcrumb\":{\"@id\":\"https:\/\/www.nettali.com\/2023\/02\/18\/sit-in-walf-le-cnra-desavoue-par-les-acteurs-des-medias\/#breadcrumb\"},\"inLanguage\":\"fr-FR\",\"potentialAction\":[{\"@type\":\"ReadAction\",\"target\":[\"https:\/\/www.nettali.com\/2023\/02\/18\/sit-in-walf-le-cnra-desavoue-par-les-acteurs-des-medias\/\"]}]},{\"@type\":\"BreadcrumbList\",\"@id\":\"https:\/\/www.nettali.com\/2023\/02\/18\/sit-in-walf-le-cnra-desavoue-par-les-acteurs-des-medias\/#breadcrumb\",\"itemListElement\":[{\"@type\":\"ListItem\",\"position\":1,\"name\":\"Accueil\",\"item\":\"https:\/\/www.nettali.com\/\"},{\"@type\":\"ListItem\",\"position\":2,\"name\":\"SIT-IN WALF\\u00a0 - \\u00a0\\u00a0Le Cnra d\\u00e9savou\\u00e9 par les acteurs des m\\u00e9dias\\u00a0\"}]},{\"@type\":\"Person\",\"@id\":\"https:\/\/www.nettali.com\/#\/schema\/person\/3317e0bb3aa1da309fbf7b2780901bf4\",\"name\":\"Daouda\",\"image\":{\"@type\":\"ImageObject\",\"@id\":\"https:\/\/www.nettali.com\/#personlogo\",\"inLanguage\":\"fr-FR\",\"url\":\"https:\/\/secure.gravatar.com\/avatar\/8d143b5a49345098ddcfee1c49c2f47c?s=96&d=mm&r=g\",\"contentUrl\":\"https:\/\/secure.gravatar.com\/avatar\/8d143b5a49345098ddcfee1c49c2f47c?s=96&d=mm&r=g\",\"caption\":\"Daouda\"},\"sameAs\":[\"https:\/\/www.nettali.com\"]}]}<\/script>\n<!-- \/ Yoast SEO Premium plugin. -->","yoast_head_json":{"title":"SIT-IN WALF\u00a0 - \u00a0\u00a0Le Cnra d\u00e9savou\u00e9 par les acteurs des m\u00e9dias\u00a0 | Nettali.com","robots":{"index":"index","follow":"follow","max-snippet":"max-snippet:-1","max-image-preview":"max-image-preview:large","max-video-preview":"max-video-preview:-1"},"canonical":"https:\/\/www.nettali.com\/2023\/02\/18\/sit-in-walf-le-cnra-desavoue-par-les-acteurs-des-medias\/","og_locale":"fr_FR","og_type":"article","og_title":"SIT-IN WALF\u00a0 - \u00a0\u00a0Le Cnra d\u00e9savou\u00e9 par les acteurs des m\u00e9dias\u00a0","og_description":"NETTALI.COM - Apr\u00e8s la d\u00e9cision du Conseil national de r\u00e9gulation de l\u2019audiovisuel (Cnra) de suspendre le signal de la t\u00e9l\u00e9vision Walf Tv pour sept jours, le groupe de feu Sidy Lamine Niass a appel\u00e9 les S\u00e9n\u00e9galais \u00e0 une manifestation pour \u00abd\u00e9noncer les agissements du CNRA\u00bb. \u00abNe Touche pas \u00e0 ma t\u00e9l\u00e9vision\u00bb, \u00abBabacar\u00a0Diagne\u00a0d\u00e9gage\u00bb, \u00abWalf\u00a0t\u00e9l\u00e9\u00a0Askan\u00a0wi\u00bb, \u00abMacky\u00a0Sall, dictateur\u00bb\u2026 [&hellip;]","og_url":"https:\/\/www.nettali.com\/2023\/02\/18\/sit-in-walf-le-cnra-desavoue-par-les-acteurs-des-medias\/","og_site_name":"Nettali.com","article_publisher":"https:\/\/www.facebook.com\/nettalicom","article_published_time":"2023-02-18T11:26:03+00:00","og_image":[{"width":1080,"height":634,"url":"https:\/\/www.nettali.com\/wp-content\/uploads\/2023\/02\/rassemblement-Walf.jpeg","type":"image\/jpeg"}],"twitter_card":"summary_large_image","twitter_misc":{"\u00c9crit par":"Daouda","Dur\u00e9e de lecture estim\u00e9e":"3 minutes"},"schema":{"@context":"https:\/\/schema.org","@graph":[{"@type":"WebSite","@id":"https:\/\/www.nettali.com\/#website","url":"https:\/\/www.nettali.com\/","name":"Nettali.com","description":"Le rendez-vous critique du Net","potentialAction":[{"@type":"SearchAction","target":{"@type":"EntryPoint","urlTemplate":"https:\/\/www.nettali.com\/?s={search_term_string}"},"query-input":"required name=search_term_string"}],"inLanguage":"fr-FR"},{"@type":"ImageObject","@id":"https:\/\/www.nettali.com\/2023\/02\/18\/sit-in-walf-le-cnra-desavoue-par-les-acteurs-des-medias\/#primaryimage","inLanguage":"fr-FR","url":"https:\/\/www.nettali.com\/wp-content\/uploads\/2023\/02\/rassemblement-Walf.jpeg","contentUrl":"https:\/\/www.nettali.com\/wp-content\/uploads\/2023\/02\/rassemblement-Walf.jpeg","width":1080,"height":634},{"@type":"WebPage","@id":"https:\/\/www.nettali.com\/2023\/02\/18\/sit-in-walf-le-cnra-desavoue-par-les-acteurs-des-medias\/#webpage","url":"https:\/\/www.nettali.com\/2023\/02\/18\/sit-in-walf-le-cnra-desavoue-par-les-acteurs-des-medias\/","name":"SIT-IN WALF\u00a0 - \u00a0\u00a0Le Cnra d\u00e9savou\u00e9 par les acteurs des m\u00e9dias\u00a0 | Nettali.com","isPartOf":{"@id":"https:\/\/www.nettali.com\/#website"},"primaryImageOfPage":{"@id":"https:\/\/www.nettali.com\/2023\/02\/18\/sit-in-walf-le-cnra-desavoue-par-les-acteurs-des-medias\/#primaryimage"},"datePublished":"2023-02-18T11:26:03+00:00","dateModified":"2023-02-18T11:26:03+00:00","author":{"@id":"https:\/\/www.nettali.com\/#\/schema\/person\/3317e0bb3aa1da309fbf7b2780901bf4"},"breadcrumb":{"@id":"https:\/\/www.nettali.com\/2023\/02\/18\/sit-in-walf-le-cnra-desavoue-par-les-acteurs-des-medias\/#breadcrumb"},"inLanguage":"fr-FR","potentialAction":[{"@type":"ReadAction","target":["https:\/\/www.nettali.com\/2023\/02\/18\/sit-in-walf-le-cnra-desavoue-par-les-acteurs-des-medias\/"]}]},{"@type":"BreadcrumbList","@id":"https:\/\/www.nettali.com\/2023\/02\/18\/sit-in-walf-le-cnra-desavoue-par-les-acteurs-des-medias\/#breadcrumb","itemListElement":[{"@type":"ListItem","position":1,"name":"Accueil","item":"https:\/\/www.nettali.com\/"},{"@type":"ListItem","position":2,"name":"SIT-IN WALF\u00a0 - \u00a0\u00a0Le Cnra d\u00e9savou\u00e9 par les acteurs des m\u00e9dias\u00a0"}]},{"@type":"Person","@id":"https:\/\/www.nettali.com\/#\/schema\/person\/3317e0bb3aa1da309fbf7b2780901bf4","name":"Daouda","image":{"@type":"ImageObject","@id":"https:\/\/www.nettali.com\/#personlogo","inLanguage":"fr-FR","url":"https:\/\/secure.gravatar.com\/avatar\/8d143b5a49345098ddcfee1c49c2f47c?s=96&d=mm&r=g","contentUrl":"https:\/\/secure.gravatar.com\/avatar\/8d143b5a49345098ddcfee1c49c2f47c?s=96&d=mm&r=g","caption":"Daouda"},"sameAs":["https:\/\/www.nettali.com"]}]}},"_links":{"self":[{"href":"https:\/\/www.nettali.com\/rest\/wp\/v2\/posts\/104456"}],"collection":[{"href":"https:\/\/www.nettali.com\/rest\/wp\/v2\/posts"}],"about":[{"href":"https:\/\/www.nettali.com\/rest\/wp\/v2\/types\/post"}],"author":[{"embeddable":true,"href":"https:\/\/www.nettali.com\/rest\/wp\/v2\/users\/4"}],"replies":[{"embeddable":true,"href":"https:\/\/www.nettali.com\/rest\/wp\/v2\/comments?post=104456"}],"version-history":[{"count":1,"href":"https:\/\/www.nettali.com\/rest\/wp\/v2\/posts\/104456\/revisions"}],"predecessor-version":[{"id":104458,"href":"https:\/\/www.nettali.com\/rest\/wp\/v2\/posts\/104456\/revisions\/104458"}],"wp:featuredmedia":[{"embeddable":true,"href":"https:\/\/www.nettali.com\/rest\/wp\/v2\/media\/104457"}],"wp:attachment":[{"href":"https:\/\/www.nettali.com\/rest\/wp\/v2\/media?parent=104456"}],"wp:term":[{"taxonomy":"category","embeddable":true,"href":"https:\/\/www.nettali.com\/rest\/wp\/v2\/categories?post=104456"},{"taxonomy":"post_tag","embeddable":true,"href":"https:\/\/www.nettali.com\/rest\/wp\/v2\/tags?post=104456"}],"curies":[{"name":"wp","href":"https:\/\/api.w.org\/{rel}","templated":true}]}}