{"id":104449,"date":"2023-02-18T10:52:27","date_gmt":"2023-02-18T10:52:27","guid":{"rendered":"https:\/\/www.nettali.com\/?p=104449"},"modified":"2023-02-18T10:52:27","modified_gmt":"2023-02-18T10:52:27","slug":"azoura-fall-et-baba-gaye-deux-jeunes-militants-de-pastef-envoyes-en-prison","status":"publish","type":"post","link":"https:\/\/www.nettali.com\/2023\/02\/18\/azoura-fall-et-baba-gaye-deux-jeunes-militants-de-pastef-envoyes-en-prison\/","title":{"rendered":"\u00ab AZOURA FALL \u00bb ET BABA GAYE - Deux jeunes militants de Pastef envoy\u00e9s en prison"},"content":{"rendered":"<p><strong>NETTALI.COM - Assane Gu\u00e8ye dit \u00ab Azoura Fall \u00bb et Baba Gaye, deux militants de Pastef, \u00a0ont \u00e9t\u00e9 inculp\u00e9s et plac\u00e9s sous mandat de d\u00e9p\u00f4t par le juge du 8e cabinet d\u2019instruction, suite \u00e0 un r\u00e9quisitoire introductif du Procureur de la R\u00e9publique.<\/strong><\/p>\n<p>Azoura Fall, qui porte toujours le drapeau national derri\u00e8re le leader de Pastef, Ousmane Sonko, est vis\u00e9 pour \u00aboffense au chef de l\u2019\u00c9tat\u00bb, \u00aboutrage \u00e0 un corps constitu\u00e9\u00bb et \u00abdiffusion de fausses nouvelles\u00bb. Arr\u00eat\u00e9 par la Division des investigations criminelles (Dic) \u00e0 la Patte d\u2019Oie, Assane Gu\u00e8ye, 33 ans, a reconnu, face aux enqu\u00eateurs, \u00eatre l\u2019auteur de la vid\u00e9o dans laquelle il accusait les gendarmes d\u2019avoir voulu assassiner l\u2019opposant Ousmane Sonko. Une vid\u00e9o tourn\u00e9e, selon lui, au retour des manifestations de Mback\u00e9 dans la nuit du 10 au 11 f\u00e9vrier.<\/p>\n<p>Il a soutenu qu\u2019il a \u00e9t\u00e9 emport\u00e9 par l\u2019\u00e9motion durant son \u00ab live \u00bb. Par rapport aux propos tenus contre le Pr\u00e9sident Macky Sall qualifi\u00e9 de \u00ab Badola \u00bb et \u00ab Nafekh \u00bb, il a pr\u00e9sent\u00e9 ses plates excuses, en d\u00e9clarant avoir agi par fougue de jeunesse. Il a confi\u00e9 s\u2019\u00eatre rendu compte ult\u00e9rieurement de la gravit\u00e9 de ses propos, raison pour laquelle il a supprim\u00e9 la vid\u00e9o en cause de sa page \u00ab Tik tok \u00bb. Malheureusement, poursuit-il, celle-ci avait \u00e9t\u00e9 d\u00e9j\u00e0 diffus\u00e9e par les internautes sur les r\u00e9seaux sociaux.<\/p>\n<p>Quant \u00e0 Baba Gaye, 29 ans, il est poursuivi pour \u00aboutrage \u00e0 l\u2019institution judiciaire\u00bb, \u00abinjures publiques\u00bb, \u00abdiffusion de fausses nouvelles\u00bb, entre autres chefs d\u2019accusation. Se disant \u00e9tudiant, il a \u00e9t\u00e9 cueilli samedi dernier \u00e0 Tambacounda, pr\u00e8s du march\u00e9 central, avant d\u2019\u00eatre transf\u00e9r\u00e9 \u00e0 Dakar.<\/p>\n<p>Assumant son appartenance au parti Pastef, il n\u2019\u00e9pargnait ni la police, ni le Doyen des juges, dans ses publications sur Facebook. Ses insultes contre le ministre du Tourisme, Mame Mbaye Niang, opposait \u00e0 Sonko, dans l\u2019affaire Prodac, ont \u00e9t\u00e9 \u00e9galement vers\u00e9es au dossier.<\/p>\n<p>&nbsp;<\/p>\n<div class='share-to-whatsapp-wrapper'><div class='share-on-whsp'>PARTAGER SUR : <\/div><a data-text='\u00ab AZOURA FALL \u00bb ET BABA GAYE - Deux jeunes militants de Pastef envoy\u00e9s en prison' data-link='https:\/\/www.nettali.com\/2023\/02\/18\/azoura-fall-et-baba-gaye-deux-jeunes-militants-de-pastef-envoyes-en-prison\/' class='whatsapp-button whatsapp-share'>WhatsApp<\/a><div class='clear '><\/div><\/div>","protected":false},"excerpt":{"rendered":"<p>NETTALI.COM - Assane Gu\u00e8ye dit \u00ab Azoura Fall \u00bb et Baba Gaye, deux militants de Pastef, \u00a0ont \u00e9t\u00e9 inculp\u00e9s et plac\u00e9s sous mandat de d\u00e9p\u00f4t par le juge du 8e cabinet d\u2019instruction, suite \u00e0 un r\u00e9quisitoire introductif du Procureur de la R\u00e9publique. Azoura Fall, qui porte toujours le drapeau national derri\u00e8re le leader de Pastef, [&hellip;]<\/p>\n","protected":false},"author":4,"featured_media":104450,"comment_status":"open","ping_status":"open","sticky":false,"template":"","format":"standard","meta":{"_et_pb_use_builder":"","_et_pb_old_content":""},"categories":[3],"tags":[],"yoast_head":"<!-- This site is optimized with the Yoast SEO Premium plugin v17.8 (Yoast SEO v17.8) - https:\/\/yoast.com\/wordpress\/plugins\/seo\/ -->\n<title>\u00ab AZOURA FALL \u00bb ET BABA GAYE - Deux jeunes militants de Pastef envoy\u00e9s en prison | Nettali.com<\/title>\n<meta name=\"robots\" content=\"index, follow, max-snippet:-1, max-image-preview:large, max-video-preview:-1\" \/>\n<link rel=\"canonical\" href=\"https:\/\/www.nettali.com\/2023\/02\/18\/azoura-fall-et-baba-gaye-deux-jeunes-militants-de-pastef-envoyes-en-prison\/\" \/>\n<meta property=\"og:locale\" content=\"fr_FR\" \/>\n<meta property=\"og:type\" content=\"article\" \/>\n<meta property=\"og:title\" content=\"\u00ab AZOURA FALL \u00bb ET BABA GAYE - Deux jeunes militants de Pastef envoy\u00e9s en prison\" \/>\n<meta property=\"og:description\" content=\"NETTALI.COM - Assane Gu\u00e8ye dit \u00ab Azoura Fall \u00bb et Baba Gaye, deux militants de Pastef, \u00a0ont \u00e9t\u00e9 inculp\u00e9s et plac\u00e9s sous mandat de d\u00e9p\u00f4t par le juge du 8e cabinet d\u2019instruction, suite \u00e0 un r\u00e9quisitoire introductif du Procureur de la R\u00e9publique. Azoura Fall, qui porte toujours le drapeau national derri\u00e8re le leader de Pastef, [&hellip;]\" \/>\n<meta property=\"og:url\" content=\"https:\/\/www.nettali.com\/2023\/02\/18\/azoura-fall-et-baba-gaye-deux-jeunes-militants-de-pastef-envoyes-en-prison\/\" \/>\n<meta property=\"og:site_name\" content=\"Nettali.com\" \/>\n<meta property=\"article:publisher\" content=\"https:\/\/www.facebook.com\/nettalicom\" \/>\n<meta property=\"article:published_time\" content=\"2023-02-18T10:52:27+00:00\" \/>\n<meta property=\"og:image\" content=\"https:\/\/www.nettali.com\/wp-content\/uploads\/2023\/02\/AZOURA-FALL.jpeg\" \/>\n\t<meta property=\"og:image:width\" content=\"696\" \/>\n\t<meta property=\"og:image:height\" content=\"392\" \/>\n<meta name=\"twitter:card\" content=\"summary_large_image\" \/>\n<meta name=\"twitter:label1\" content=\"\u00c9crit par\" \/>\n\t<meta name=\"twitter:data1\" content=\"Daouda\" \/>\n\t<meta name=\"twitter:label2\" content=\"Dur\u00e9e de lecture estim\u00e9e\" \/>\n\t<meta name=\"twitter:data2\" content=\"2 minutes\" \/>\n<script type=\"application\/ld+json\" class=\"yoast-schema-graph\">{\"@context\":\"https:\/\/schema.org\",\"@graph\":[{\"@type\":\"WebSite\",\"@id\":\"https:\/\/www.nettali.com\/#website\",\"url\":\"https:\/\/www.nettali.com\/\",\"name\":\"Nettali.com\",\"description\":\"Le rendez-vous critique du Net\",\"potentialAction\":[{\"@type\":\"SearchAction\",\"target\":{\"@type\":\"EntryPoint\",\"urlTemplate\":\"https:\/\/www.nettali.com\/?s={search_term_string}\"},\"query-input\":\"required name=search_term_string\"}],\"inLanguage\":\"fr-FR\"},{\"@type\":\"ImageObject\",\"@id\":\"https:\/\/www.nettali.com\/2023\/02\/18\/azoura-fall-et-baba-gaye-deux-jeunes-militants-de-pastef-envoyes-en-prison\/#primaryimage\",\"inLanguage\":\"fr-FR\",\"url\":\"https:\/\/www.nettali.com\/wp-content\/uploads\/2023\/02\/AZOURA-FALL.jpeg\",\"contentUrl\":\"https:\/\/www.nettali.com\/wp-content\/uploads\/2023\/02\/AZOURA-FALL.jpeg\",\"width\":696,\"height\":392},{\"@type\":\"WebPage\",\"@id\":\"https:\/\/www.nettali.com\/2023\/02\/18\/azoura-fall-et-baba-gaye-deux-jeunes-militants-de-pastef-envoyes-en-prison\/#webpage\",\"url\":\"https:\/\/www.nettali.com\/2023\/02\/18\/azoura-fall-et-baba-gaye-deux-jeunes-militants-de-pastef-envoyes-en-prison\/\",\"name\":\"\\u00ab AZOURA FALL \\u00bb ET BABA GAYE - Deux jeunes militants de Pastef envoy\\u00e9s en prison | Nettali.com\",\"isPartOf\":{\"@id\":\"https:\/\/www.nettali.com\/#website\"},\"primaryImageOfPage\":{\"@id\":\"https:\/\/www.nettali.com\/2023\/02\/18\/azoura-fall-et-baba-gaye-deux-jeunes-militants-de-pastef-envoyes-en-prison\/#primaryimage\"},\"datePublished\":\"2023-02-18T10:52:27+00:00\",\"dateModified\":\"2023-02-18T10:52:27+00:00\",\"author\":{\"@id\":\"https:\/\/www.nettali.com\/#\/schema\/person\/3317e0bb3aa1da309fbf7b2780901bf4\"},\"breadcrumb\":{\"@id\":\"https:\/\/www.nettali.com\/2023\/02\/18\/azoura-fall-et-baba-gaye-deux-jeunes-militants-de-pastef-envoyes-en-prison\/#breadcrumb\"},\"inLanguage\":\"fr-FR\",\"potentialAction\":[{\"@type\":\"ReadAction\",\"target\":[\"https:\/\/www.nettali.com\/2023\/02\/18\/azoura-fall-et-baba-gaye-deux-jeunes-militants-de-pastef-envoyes-en-prison\/\"]}]},{\"@type\":\"BreadcrumbList\",\"@id\":\"https:\/\/www.nettali.com\/2023\/02\/18\/azoura-fall-et-baba-gaye-deux-jeunes-militants-de-pastef-envoyes-en-prison\/#breadcrumb\",\"itemListElement\":[{\"@type\":\"ListItem\",\"position\":1,\"name\":\"Accueil\",\"item\":\"https:\/\/www.nettali.com\/\"},{\"@type\":\"ListItem\",\"position\":2,\"name\":\"\\u00ab AZOURA FALL \\u00bb ET BABA GAYE - Deux jeunes militants de Pastef envoy\\u00e9s en prison\"}]},{\"@type\":\"Person\",\"@id\":\"https:\/\/www.nettali.com\/#\/schema\/person\/3317e0bb3aa1da309fbf7b2780901bf4\",\"name\":\"Daouda\",\"image\":{\"@type\":\"ImageObject\",\"@id\":\"https:\/\/www.nettali.com\/#personlogo\",\"inLanguage\":\"fr-FR\",\"url\":\"https:\/\/secure.gravatar.com\/avatar\/8d143b5a49345098ddcfee1c49c2f47c?s=96&d=mm&r=g\",\"contentUrl\":\"https:\/\/secure.gravatar.com\/avatar\/8d143b5a49345098ddcfee1c49c2f47c?s=96&d=mm&r=g\",\"caption\":\"Daouda\"},\"sameAs\":[\"https:\/\/www.nettali.com\"]}]}<\/script>\n<!-- \/ Yoast SEO Premium plugin. -->","yoast_head_json":{"title":"\u00ab AZOURA FALL \u00bb ET BABA GAYE - Deux jeunes militants de Pastef envoy\u00e9s en prison | Nettali.com","robots":{"index":"index","follow":"follow","max-snippet":"max-snippet:-1","max-image-preview":"max-image-preview:large","max-video-preview":"max-video-preview:-1"},"canonical":"https:\/\/www.nettali.com\/2023\/02\/18\/azoura-fall-et-baba-gaye-deux-jeunes-militants-de-pastef-envoyes-en-prison\/","og_locale":"fr_FR","og_type":"article","og_title":"\u00ab AZOURA FALL \u00bb ET BABA GAYE - Deux jeunes militants de Pastef envoy\u00e9s en prison","og_description":"NETTALI.COM - Assane Gu\u00e8ye dit \u00ab Azoura Fall \u00bb et Baba Gaye, deux militants de Pastef, \u00a0ont \u00e9t\u00e9 inculp\u00e9s et plac\u00e9s sous mandat de d\u00e9p\u00f4t par le juge du 8e cabinet d\u2019instruction, suite \u00e0 un r\u00e9quisitoire introductif du Procureur de la R\u00e9publique. Azoura Fall, qui porte toujours le drapeau national derri\u00e8re le leader de Pastef, [&hellip;]","og_url":"https:\/\/www.nettali.com\/2023\/02\/18\/azoura-fall-et-baba-gaye-deux-jeunes-militants-de-pastef-envoyes-en-prison\/","og_site_name":"Nettali.com","article_publisher":"https:\/\/www.facebook.com\/nettalicom","article_published_time":"2023-02-18T10:52:27+00:00","og_image":[{"width":696,"height":392,"url":"https:\/\/www.nettali.com\/wp-content\/uploads\/2023\/02\/AZOURA-FALL.jpeg","type":"image\/jpeg"}],"twitter_card":"summary_large_image","twitter_misc":{"\u00c9crit par":"Daouda","Dur\u00e9e de lecture estim\u00e9e":"2 minutes"},"schema":{"@context":"https:\/\/schema.org","@graph":[{"@type":"WebSite","@id":"https:\/\/www.nettali.com\/#website","url":"https:\/\/www.nettali.com\/","name":"Nettali.com","description":"Le rendez-vous critique du Net","potentialAction":[{"@type":"SearchAction","target":{"@type":"EntryPoint","urlTemplate":"https:\/\/www.nettali.com\/?s={search_term_string}"},"query-input":"required name=search_term_string"}],"inLanguage":"fr-FR"},{"@type":"ImageObject","@id":"https:\/\/www.nettali.com\/2023\/02\/18\/azoura-fall-et-baba-gaye-deux-jeunes-militants-de-pastef-envoyes-en-prison\/#primaryimage","inLanguage":"fr-FR","url":"https:\/\/www.nettali.com\/wp-content\/uploads\/2023\/02\/AZOURA-FALL.jpeg","contentUrl":"https:\/\/www.nettali.com\/wp-content\/uploads\/2023\/02\/AZOURA-FALL.jpeg","width":696,"height":392},{"@type":"WebPage","@id":"https:\/\/www.nettali.com\/2023\/02\/18\/azoura-fall-et-baba-gaye-deux-jeunes-militants-de-pastef-envoyes-en-prison\/#webpage","url":"https:\/\/www.nettali.com\/2023\/02\/18\/azoura-fall-et-baba-gaye-deux-jeunes-militants-de-pastef-envoyes-en-prison\/","name":"\u00ab AZOURA FALL \u00bb ET BABA GAYE - Deux jeunes militants de Pastef envoy\u00e9s en prison | Nettali.com","isPartOf":{"@id":"https:\/\/www.nettali.com\/#website"},"primaryImageOfPage":{"@id":"https:\/\/www.nettali.com\/2023\/02\/18\/azoura-fall-et-baba-gaye-deux-jeunes-militants-de-pastef-envoyes-en-prison\/#primaryimage"},"datePublished":"2023-02-18T10:52:27+00:00","dateModified":"2023-02-18T10:52:27+00:00","author":{"@id":"https:\/\/www.nettali.com\/#\/schema\/person\/3317e0bb3aa1da309fbf7b2780901bf4"},"breadcrumb":{"@id":"https:\/\/www.nettali.com\/2023\/02\/18\/azoura-fall-et-baba-gaye-deux-jeunes-militants-de-pastef-envoyes-en-prison\/#breadcrumb"},"inLanguage":"fr-FR","potentialAction":[{"@type":"ReadAction","target":["https:\/\/www.nettali.com\/2023\/02\/18\/azoura-fall-et-baba-gaye-deux-jeunes-militants-de-pastef-envoyes-en-prison\/"]}]},{"@type":"BreadcrumbList","@id":"https:\/\/www.nettali.com\/2023\/02\/18\/azoura-fall-et-baba-gaye-deux-jeunes-militants-de-pastef-envoyes-en-prison\/#breadcrumb","itemListElement":[{"@type":"ListItem","position":1,"name":"Accueil","item":"https:\/\/www.nettali.com\/"},{"@type":"ListItem","position":2,"name":"\u00ab AZOURA FALL \u00bb ET BABA GAYE - Deux jeunes militants de Pastef envoy\u00e9s en prison"}]},{"@type":"Person","@id":"https:\/\/www.nettali.com\/#\/schema\/person\/3317e0bb3aa1da309fbf7b2780901bf4","name":"Daouda","image":{"@type":"ImageObject","@id":"https:\/\/www.nettali.com\/#personlogo","inLanguage":"fr-FR","url":"https:\/\/secure.gravatar.com\/avatar\/8d143b5a49345098ddcfee1c49c2f47c?s=96&d=mm&r=g","contentUrl":"https:\/\/secure.gravatar.com\/avatar\/8d143b5a49345098ddcfee1c49c2f47c?s=96&d=mm&r=g","caption":"Daouda"},"sameAs":["https:\/\/www.nettali.com"]}]}},"_links":{"self":[{"href":"https:\/\/www.nettali.com\/rest\/wp\/v2\/posts\/104449"}],"collection":[{"href":"https:\/\/www.nettali.com\/rest\/wp\/v2\/posts"}],"about":[{"href":"https:\/\/www.nettali.com\/rest\/wp\/v2\/types\/post"}],"author":[{"embeddable":true,"href":"https:\/\/www.nettali.com\/rest\/wp\/v2\/users\/4"}],"replies":[{"embeddable":true,"href":"https:\/\/www.nettali.com\/rest\/wp\/v2\/comments?post=104449"}],"version-history":[{"count":1,"href":"https:\/\/www.nettali.com\/rest\/wp\/v2\/posts\/104449\/revisions"}],"predecessor-version":[{"id":104451,"href":"https:\/\/www.nettali.com\/rest\/wp\/v2\/posts\/104449\/revisions\/104451"}],"wp:featuredmedia":[{"embeddable":true,"href":"https:\/\/www.nettali.com\/rest\/wp\/v2\/media\/104450"}],"wp:attachment":[{"href":"https:\/\/www.nettali.com\/rest\/wp\/v2\/media?parent=104449"}],"wp:term":[{"taxonomy":"category","embeddable":true,"href":"https:\/\/www.nettali.com\/rest\/wp\/v2\/categories?post=104449"},{"taxonomy":"post_tag","embeddable":true,"href":"https:\/\/www.nettali.com\/rest\/wp\/v2\/tags?post=104449"}],"curies":[{"name":"wp","href":"https:\/\/api.w.org\/{rel}","templated":true}]}}