{"id":104309,"date":"2023-02-16T14:45:35","date_gmt":"2023-02-16T14:45:35","guid":{"rendered":"https:\/\/www.nettali.com\/?p=104309"},"modified":"2023-02-16T14:45:35","modified_gmt":"2023-02-16T14:45:35","slug":"decret-la-date-de-la-presidentielle-fixee-au-25-fevrier-2024","status":"publish","type":"post","link":"https:\/\/www.nettali.com\/2023\/02\/16\/decret-la-date-de-la-presidentielle-fixee-au-25-fevrier-2024\/","title":{"rendered":"DECRET - La date de la pr\u00e9sidentielle fix\u00e9e au 25 f\u00e9vrier 2024"},"content":{"rendered":"<p><strong>NETTALI.COM- La date de la Pr\u00e9sidentielle 2024 est connue. Le ministre de l'Int\u00e9rieur vient d'informer que le chef de l'Etat, Macky Sall, a pris un d\u00e9cret dans ce sens pour fixer la pr\u00e9sidentielle au 25 f\u00e9vrier 2024.\u00a0<\/strong><\/p>\n<p>\"<em> Le Ministre de l'Int\u00e9rieur informe les citoyens s\u00e9n\u00e9galais et les acteurs politiques que la date de la prochaine \u00e9lection pr\u00e9sidentielle est fix\u00e9e au dimanche 25 f\u00e9vrier 2024 par d\u00e9cret n\u00b02023-339 en date du 16 f\u00e9vrier 2023 <\/em>\" informe le ministre Antoine F\u00e9lix Diome dans un communiqu\u00e9.<\/p>\n<div class='share-to-whatsapp-wrapper'><div class='share-on-whsp'>PARTAGER SUR : <\/div><a data-text='DECRET - La date de la pr\u00e9sidentielle fix\u00e9e au 25 f\u00e9vrier 2024' data-link='https:\/\/www.nettali.com\/2023\/02\/16\/decret-la-date-de-la-presidentielle-fixee-au-25-fevrier-2024\/' class='whatsapp-button whatsapp-share'>WhatsApp<\/a><div class='clear '><\/div><\/div>","protected":false},"excerpt":{"rendered":"<p>NETTALI.COM- La date de la Pr\u00e9sidentielle 2024 est connue. Le ministre de l'Int\u00e9rieur vient d'informer que le chef de l'Etat, Macky Sall, a pris un d\u00e9cret dans ce sens pour fixer la pr\u00e9sidentielle au 25 f\u00e9vrier 2024.\u00a0 \" Le Ministre de l'Int\u00e9rieur informe les citoyens s\u00e9n\u00e9galais et les acteurs politiques que la date de la [&hellip;]<\/p>\n","protected":false},"author":6,"featured_media":100414,"comment_status":"open","ping_status":"open","sticky":false,"template":"","format":"standard","meta":{"_et_pb_use_builder":"","_et_pb_old_content":""},"categories":[2],"tags":[],"yoast_head":"<!-- This site is optimized with the Yoast SEO Premium plugin v17.8 (Yoast SEO v17.8) - https:\/\/yoast.com\/wordpress\/plugins\/seo\/ -->\n<title>DECRET - La date de la pr\u00e9sidentielle fix\u00e9e au 25 f\u00e9vrier 2024 | Nettali.com<\/title>\n<meta name=\"robots\" content=\"index, follow, max-snippet:-1, max-image-preview:large, max-video-preview:-1\" \/>\n<link rel=\"canonical\" href=\"https:\/\/www.nettali.com\/2023\/02\/16\/decret-la-date-de-la-presidentielle-fixee-au-25-fevrier-2024\/\" \/>\n<meta property=\"og:locale\" content=\"fr_FR\" \/>\n<meta property=\"og:type\" content=\"article\" \/>\n<meta property=\"og:title\" content=\"DECRET - La date de la pr\u00e9sidentielle fix\u00e9e au 25 f\u00e9vrier 2024\" \/>\n<meta property=\"og:description\" content=\"NETTALI.COM- La date de la Pr\u00e9sidentielle 2024 est connue. Le ministre de l&#039;Int\u00e9rieur vient d&#039;informer que le chef de l&#039;Etat, Macky Sall, a pris un d\u00e9cret dans ce sens pour fixer la pr\u00e9sidentielle au 25 f\u00e9vrier 2024.\u00a0 &quot; Le Ministre de l&#039;Int\u00e9rieur informe les citoyens s\u00e9n\u00e9galais et les acteurs politiques que la date de la [&hellip;]\" \/>\n<meta property=\"og:url\" content=\"https:\/\/www.nettali.com\/2023\/02\/16\/decret-la-date-de-la-presidentielle-fixee-au-25-fevrier-2024\/\" \/>\n<meta property=\"og:site_name\" content=\"Nettali.com\" \/>\n<meta property=\"article:publisher\" content=\"https:\/\/www.facebook.com\/nettalicom\" \/>\n<meta property=\"article:published_time\" content=\"2023-02-16T14:45:35+00:00\" \/>\n<meta property=\"og:image\" content=\"https:\/\/www.nettali.com\/wp-content\/uploads\/2022\/12\/elections-locales.jpeg\" \/>\n\t<meta property=\"og:image:width\" content=\"1500\" \/>\n\t<meta property=\"og:image:height\" content=\"843\" \/>\n<meta name=\"twitter:card\" content=\"summary_large_image\" \/>\n<meta name=\"twitter:label1\" content=\"\u00c9crit par\" \/>\n\t<meta name=\"twitter:data1\" content=\"Fatou\" \/>\n\t<meta name=\"twitter:label2\" content=\"Dur\u00e9e de lecture estim\u00e9e\" \/>\n\t<meta name=\"twitter:data2\" content=\"1 minute\" \/>\n<script type=\"application\/ld+json\" class=\"yoast-schema-graph\">{\"@context\":\"https:\/\/schema.org\",\"@graph\":[{\"@type\":\"WebSite\",\"@id\":\"https:\/\/www.nettali.com\/#website\",\"url\":\"https:\/\/www.nettali.com\/\",\"name\":\"Nettali.com\",\"description\":\"Le rendez-vous critique du Net\",\"potentialAction\":[{\"@type\":\"SearchAction\",\"target\":{\"@type\":\"EntryPoint\",\"urlTemplate\":\"https:\/\/www.nettali.com\/?s={search_term_string}\"},\"query-input\":\"required name=search_term_string\"}],\"inLanguage\":\"fr-FR\"},{\"@type\":\"ImageObject\",\"@id\":\"https:\/\/www.nettali.com\/2023\/02\/16\/decret-la-date-de-la-presidentielle-fixee-au-25-fevrier-2024\/#primaryimage\",\"inLanguage\":\"fr-FR\",\"url\":\"https:\/\/www.nettali.com\/wp-content\/uploads\/2022\/12\/elections-locales.jpeg\",\"contentUrl\":\"https:\/\/www.nettali.com\/wp-content\/uploads\/2022\/12\/elections-locales.jpeg\",\"width\":1500,\"height\":843},{\"@type\":\"WebPage\",\"@id\":\"https:\/\/www.nettali.com\/2023\/02\/16\/decret-la-date-de-la-presidentielle-fixee-au-25-fevrier-2024\/#webpage\",\"url\":\"https:\/\/www.nettali.com\/2023\/02\/16\/decret-la-date-de-la-presidentielle-fixee-au-25-fevrier-2024\/\",\"name\":\"DECRET - La date de la pr\\u00e9sidentielle fix\\u00e9e au 25 f\\u00e9vrier 2024 | Nettali.com\",\"isPartOf\":{\"@id\":\"https:\/\/www.nettali.com\/#website\"},\"primaryImageOfPage\":{\"@id\":\"https:\/\/www.nettali.com\/2023\/02\/16\/decret-la-date-de-la-presidentielle-fixee-au-25-fevrier-2024\/#primaryimage\"},\"datePublished\":\"2023-02-16T14:45:35+00:00\",\"dateModified\":\"2023-02-16T14:45:35+00:00\",\"author\":{\"@id\":\"https:\/\/www.nettali.com\/#\/schema\/person\/418274a86bdf87caff7a3ef476bd0bbf\"},\"breadcrumb\":{\"@id\":\"https:\/\/www.nettali.com\/2023\/02\/16\/decret-la-date-de-la-presidentielle-fixee-au-25-fevrier-2024\/#breadcrumb\"},\"inLanguage\":\"fr-FR\",\"potentialAction\":[{\"@type\":\"ReadAction\",\"target\":[\"https:\/\/www.nettali.com\/2023\/02\/16\/decret-la-date-de-la-presidentielle-fixee-au-25-fevrier-2024\/\"]}]},{\"@type\":\"BreadcrumbList\",\"@id\":\"https:\/\/www.nettali.com\/2023\/02\/16\/decret-la-date-de-la-presidentielle-fixee-au-25-fevrier-2024\/#breadcrumb\",\"itemListElement\":[{\"@type\":\"ListItem\",\"position\":1,\"name\":\"Accueil\",\"item\":\"https:\/\/www.nettali.com\/\"},{\"@type\":\"ListItem\",\"position\":2,\"name\":\"DECRET - La date de la pr\\u00e9sidentielle fix\\u00e9e au 25 f\\u00e9vrier 2024\"}]},{\"@type\":\"Person\",\"@id\":\"https:\/\/www.nettali.com\/#\/schema\/person\/418274a86bdf87caff7a3ef476bd0bbf\",\"name\":\"Fatou\",\"image\":{\"@type\":\"ImageObject\",\"@id\":\"https:\/\/www.nettali.com\/#personlogo\",\"inLanguage\":\"fr-FR\",\"url\":\"https:\/\/secure.gravatar.com\/avatar\/5a9442a2bee7b4dcf167cab035858e9a?s=96&d=mm&r=g\",\"contentUrl\":\"https:\/\/secure.gravatar.com\/avatar\/5a9442a2bee7b4dcf167cab035858e9a?s=96&d=mm&r=g\",\"caption\":\"Fatou\"},\"sameAs\":[\"https:\/\/www.nettali.com\"]}]}<\/script>\n<!-- \/ Yoast SEO Premium plugin. -->","yoast_head_json":{"title":"DECRET - La date de la pr\u00e9sidentielle fix\u00e9e au 25 f\u00e9vrier 2024 | Nettali.com","robots":{"index":"index","follow":"follow","max-snippet":"max-snippet:-1","max-image-preview":"max-image-preview:large","max-video-preview":"max-video-preview:-1"},"canonical":"https:\/\/www.nettali.com\/2023\/02\/16\/decret-la-date-de-la-presidentielle-fixee-au-25-fevrier-2024\/","og_locale":"fr_FR","og_type":"article","og_title":"DECRET - La date de la pr\u00e9sidentielle fix\u00e9e au 25 f\u00e9vrier 2024","og_description":"NETTALI.COM- La date de la Pr\u00e9sidentielle 2024 est connue. Le ministre de l'Int\u00e9rieur vient d'informer que le chef de l'Etat, Macky Sall, a pris un d\u00e9cret dans ce sens pour fixer la pr\u00e9sidentielle au 25 f\u00e9vrier 2024.\u00a0 \" Le Ministre de l'Int\u00e9rieur informe les citoyens s\u00e9n\u00e9galais et les acteurs politiques que la date de la [&hellip;]","og_url":"https:\/\/www.nettali.com\/2023\/02\/16\/decret-la-date-de-la-presidentielle-fixee-au-25-fevrier-2024\/","og_site_name":"Nettali.com","article_publisher":"https:\/\/www.facebook.com\/nettalicom","article_published_time":"2023-02-16T14:45:35+00:00","og_image":[{"width":1500,"height":843,"url":"https:\/\/www.nettali.com\/wp-content\/uploads\/2022\/12\/elections-locales.jpeg","type":"image\/jpeg"}],"twitter_card":"summary_large_image","twitter_misc":{"\u00c9crit par":"Fatou","Dur\u00e9e de lecture estim\u00e9e":"1 minute"},"schema":{"@context":"https:\/\/schema.org","@graph":[{"@type":"WebSite","@id":"https:\/\/www.nettali.com\/#website","url":"https:\/\/www.nettali.com\/","name":"Nettali.com","description":"Le rendez-vous critique du Net","potentialAction":[{"@type":"SearchAction","target":{"@type":"EntryPoint","urlTemplate":"https:\/\/www.nettali.com\/?s={search_term_string}"},"query-input":"required name=search_term_string"}],"inLanguage":"fr-FR"},{"@type":"ImageObject","@id":"https:\/\/www.nettali.com\/2023\/02\/16\/decret-la-date-de-la-presidentielle-fixee-au-25-fevrier-2024\/#primaryimage","inLanguage":"fr-FR","url":"https:\/\/www.nettali.com\/wp-content\/uploads\/2022\/12\/elections-locales.jpeg","contentUrl":"https:\/\/www.nettali.com\/wp-content\/uploads\/2022\/12\/elections-locales.jpeg","width":1500,"height":843},{"@type":"WebPage","@id":"https:\/\/www.nettali.com\/2023\/02\/16\/decret-la-date-de-la-presidentielle-fixee-au-25-fevrier-2024\/#webpage","url":"https:\/\/www.nettali.com\/2023\/02\/16\/decret-la-date-de-la-presidentielle-fixee-au-25-fevrier-2024\/","name":"DECRET - La date de la pr\u00e9sidentielle fix\u00e9e au 25 f\u00e9vrier 2024 | Nettali.com","isPartOf":{"@id":"https:\/\/www.nettali.com\/#website"},"primaryImageOfPage":{"@id":"https:\/\/www.nettali.com\/2023\/02\/16\/decret-la-date-de-la-presidentielle-fixee-au-25-fevrier-2024\/#primaryimage"},"datePublished":"2023-02-16T14:45:35+00:00","dateModified":"2023-02-16T14:45:35+00:00","author":{"@id":"https:\/\/www.nettali.com\/#\/schema\/person\/418274a86bdf87caff7a3ef476bd0bbf"},"breadcrumb":{"@id":"https:\/\/www.nettali.com\/2023\/02\/16\/decret-la-date-de-la-presidentielle-fixee-au-25-fevrier-2024\/#breadcrumb"},"inLanguage":"fr-FR","potentialAction":[{"@type":"ReadAction","target":["https:\/\/www.nettali.com\/2023\/02\/16\/decret-la-date-de-la-presidentielle-fixee-au-25-fevrier-2024\/"]}]},{"@type":"BreadcrumbList","@id":"https:\/\/www.nettali.com\/2023\/02\/16\/decret-la-date-de-la-presidentielle-fixee-au-25-fevrier-2024\/#breadcrumb","itemListElement":[{"@type":"ListItem","position":1,"name":"Accueil","item":"https:\/\/www.nettali.com\/"},{"@type":"ListItem","position":2,"name":"DECRET - La date de la pr\u00e9sidentielle fix\u00e9e au 25 f\u00e9vrier 2024"}]},{"@type":"Person","@id":"https:\/\/www.nettali.com\/#\/schema\/person\/418274a86bdf87caff7a3ef476bd0bbf","name":"Fatou","image":{"@type":"ImageObject","@id":"https:\/\/www.nettali.com\/#personlogo","inLanguage":"fr-FR","url":"https:\/\/secure.gravatar.com\/avatar\/5a9442a2bee7b4dcf167cab035858e9a?s=96&d=mm&r=g","contentUrl":"https:\/\/secure.gravatar.com\/avatar\/5a9442a2bee7b4dcf167cab035858e9a?s=96&d=mm&r=g","caption":"Fatou"},"sameAs":["https:\/\/www.nettali.com"]}]}},"_links":{"self":[{"href":"https:\/\/www.nettali.com\/rest\/wp\/v2\/posts\/104309"}],"collection":[{"href":"https:\/\/www.nettali.com\/rest\/wp\/v2\/posts"}],"about":[{"href":"https:\/\/www.nettali.com\/rest\/wp\/v2\/types\/post"}],"author":[{"embeddable":true,"href":"https:\/\/www.nettali.com\/rest\/wp\/v2\/users\/6"}],"replies":[{"embeddable":true,"href":"https:\/\/www.nettali.com\/rest\/wp\/v2\/comments?post=104309"}],"version-history":[{"count":3,"href":"https:\/\/www.nettali.com\/rest\/wp\/v2\/posts\/104309\/revisions"}],"predecessor-version":[{"id":104313,"href":"https:\/\/www.nettali.com\/rest\/wp\/v2\/posts\/104309\/revisions\/104313"}],"wp:featuredmedia":[{"embeddable":true,"href":"https:\/\/www.nettali.com\/rest\/wp\/v2\/media\/100414"}],"wp:attachment":[{"href":"https:\/\/www.nettali.com\/rest\/wp\/v2\/media?parent=104309"}],"wp:term":[{"taxonomy":"category","embeddable":true,"href":"https:\/\/www.nettali.com\/rest\/wp\/v2\/categories?post=104309"},{"taxonomy":"post_tag","embeddable":true,"href":"https:\/\/www.nettali.com\/rest\/wp\/v2\/tags?post=104309"}],"curies":[{"name":"wp","href":"https:\/\/api.w.org\/{rel}","templated":true}]}}