{"id":104278,"date":"2023-02-16T09:54:04","date_gmt":"2023-02-16T09:54:04","guid":{"rendered":"https:\/\/www.nettali.com\/?p=104278"},"modified":"2023-02-16T10:21:23","modified_gmt":"2023-02-16T10:21:23","slug":"proces-ousmane-sonko-mame-mbaye-niang-au-tribunal","status":"publish","type":"post","link":"https:\/\/www.nettali.com\/2023\/02\/16\/proces-ousmane-sonko-mame-mbaye-niang-au-tribunal\/","title":{"rendered":"PROCES EN DIFFAMATION - Mame Mbaye Niang et Ousmane Sonko au tribunal"},"content":{"rendered":"<p><strong>NETTALI.COM- Le proc\u00e8s en diffamation opposant le ministre Mame Mbaye Niang \u00e0 Ousmane Sonko s'ouvre ce jeudi 16 f\u00e9vrier 2023 au Palais de Justice Lat Dior.<\/strong><\/p>\n<p>L'audience se tient \u00e0 la salle 3 du tribunal de Dakar. La salle refuse d\u00e9j\u00e0 du monde puisque les partisans des deux parties se sont d\u00e9plac\u00e9s massivement. Le dossier\u00a0 sera \u00e9voqu\u00e9 d'un moment \u00e0 l'autre par la premi\u00e8re chambre correctionnelle du Tribunal de grande instance de Dakar.<\/p>\n<p>Mame Mbaye Niang est sur place depuis 9heures. Idem pour certains leaders de Yewwi Askan Wi. Ousmane Sonko est arriv\u00e9\u00a0 un peu apr\u00e8s 10heures.<\/p>\n<p>Le ministre du Tourisme a port\u00e9 plainte contre le leader de Pastef qui l'accuse de d\u00e9tournement dans les 29 milliards destin\u00e9s au Prodac. Ousmane Sonko qui avait fait d\u00e9faut le 2 f\u00e9vrier dernier a promis de venir fournir les preuves de ses all\u00e9gations. Il doit r\u00e9pondre des faits de diffamation, d'injures publiques et de faux et usage de faux.<\/p>\n<div class='share-to-whatsapp-wrapper'><div class='share-on-whsp'>PARTAGER SUR : <\/div><a data-text='PROCES EN DIFFAMATION - Mame Mbaye Niang et Ousmane Sonko au tribunal' data-link='https:\/\/www.nettali.com\/2023\/02\/16\/proces-ousmane-sonko-mame-mbaye-niang-au-tribunal\/' class='whatsapp-button whatsapp-share'>WhatsApp<\/a><div class='clear '><\/div><\/div>","protected":false},"excerpt":{"rendered":"<p>NETTALI.COM- Le proc\u00e8s en diffamation opposant le ministre Mame Mbaye Niang \u00e0 Ousmane Sonko s'ouvre ce jeudi 16 f\u00e9vrier 2023 au Palais de Justice Lat Dior. L'audience se tient \u00e0 la salle 3 du tribunal de Dakar. La salle refuse d\u00e9j\u00e0 du monde puisque les partisans des deux parties se sont d\u00e9plac\u00e9s massivement. Le dossier\u00a0 [&hellip;]<\/p>\n","protected":false},"author":6,"featured_media":98291,"comment_status":"open","ping_status":"open","sticky":false,"template":"","format":"standard","meta":{"_et_pb_use_builder":"","_et_pb_old_content":""},"categories":[3],"tags":[],"yoast_head":"<!-- This site is optimized with the Yoast SEO Premium plugin v17.8 (Yoast SEO v17.8) - https:\/\/yoast.com\/wordpress\/plugins\/seo\/ -->\n<title>PROCES EN DIFFAMATION - Mame Mbaye Niang et Ousmane Sonko au tribunal | Nettali.com<\/title>\n<meta name=\"robots\" content=\"index, follow, max-snippet:-1, max-image-preview:large, max-video-preview:-1\" \/>\n<link rel=\"canonical\" href=\"https:\/\/www.nettali.com\/2023\/02\/16\/proces-ousmane-sonko-mame-mbaye-niang-au-tribunal\/\" \/>\n<meta property=\"og:locale\" content=\"fr_FR\" \/>\n<meta property=\"og:type\" content=\"article\" \/>\n<meta property=\"og:title\" content=\"PROCES EN DIFFAMATION - Mame Mbaye Niang et Ousmane Sonko au tribunal\" \/>\n<meta property=\"og:description\" content=\"NETTALI.COM- Le proc\u00e8s en diffamation opposant le ministre Mame Mbaye Niang \u00e0 Ousmane Sonko s&#039;ouvre ce jeudi 16 f\u00e9vrier 2023 au Palais de Justice Lat Dior. L&#039;audience se tient \u00e0 la salle 3 du tribunal de Dakar. La salle refuse d\u00e9j\u00e0 du monde puisque les partisans des deux parties se sont d\u00e9plac\u00e9s massivement. Le dossier\u00a0 [&hellip;]\" \/>\n<meta property=\"og:url\" content=\"https:\/\/www.nettali.com\/2023\/02\/16\/proces-ousmane-sonko-mame-mbaye-niang-au-tribunal\/\" \/>\n<meta property=\"og:site_name\" content=\"Nettali.com\" \/>\n<meta property=\"article:publisher\" content=\"https:\/\/www.facebook.com\/nettalicom\" \/>\n<meta property=\"article:published_time\" content=\"2023-02-16T09:54:04+00:00\" \/>\n<meta property=\"article:modified_time\" content=\"2023-02-16T10:21:23+00:00\" \/>\n<meta property=\"og:image\" content=\"https:\/\/www.nettali.com\/wp-content\/uploads\/2022\/11\/mame-Mbaye-niang-sonko.jpeg\" \/>\n\t<meta property=\"og:image:width\" content=\"696\" \/>\n\t<meta property=\"og:image:height\" content=\"379\" \/>\n<meta name=\"twitter:card\" content=\"summary_large_image\" \/>\n<meta name=\"twitter:label1\" content=\"\u00c9crit par\" \/>\n\t<meta name=\"twitter:data1\" content=\"Fatou\" \/>\n\t<meta name=\"twitter:label2\" content=\"Dur\u00e9e de lecture estim\u00e9e\" \/>\n\t<meta name=\"twitter:data2\" content=\"1 minute\" \/>\n<script type=\"application\/ld+json\" class=\"yoast-schema-graph\">{\"@context\":\"https:\/\/schema.org\",\"@graph\":[{\"@type\":\"WebSite\",\"@id\":\"https:\/\/www.nettali.com\/#website\",\"url\":\"https:\/\/www.nettali.com\/\",\"name\":\"Nettali.com\",\"description\":\"Le rendez-vous critique du Net\",\"potentialAction\":[{\"@type\":\"SearchAction\",\"target\":{\"@type\":\"EntryPoint\",\"urlTemplate\":\"https:\/\/www.nettali.com\/?s={search_term_string}\"},\"query-input\":\"required name=search_term_string\"}],\"inLanguage\":\"fr-FR\"},{\"@type\":\"ImageObject\",\"@id\":\"https:\/\/www.nettali.com\/2023\/02\/16\/proces-ousmane-sonko-mame-mbaye-niang-au-tribunal\/#primaryimage\",\"inLanguage\":\"fr-FR\",\"url\":\"https:\/\/www.nettali.com\/wp-content\/uploads\/2022\/11\/mame-Mbaye-niang-sonko.jpeg\",\"contentUrl\":\"https:\/\/www.nettali.com\/wp-content\/uploads\/2022\/11\/mame-Mbaye-niang-sonko.jpeg\",\"width\":696,\"height\":379},{\"@type\":\"WebPage\",\"@id\":\"https:\/\/www.nettali.com\/2023\/02\/16\/proces-ousmane-sonko-mame-mbaye-niang-au-tribunal\/#webpage\",\"url\":\"https:\/\/www.nettali.com\/2023\/02\/16\/proces-ousmane-sonko-mame-mbaye-niang-au-tribunal\/\",\"name\":\"PROCES EN DIFFAMATION - Mame Mbaye Niang et Ousmane Sonko au tribunal | Nettali.com\",\"isPartOf\":{\"@id\":\"https:\/\/www.nettali.com\/#website\"},\"primaryImageOfPage\":{\"@id\":\"https:\/\/www.nettali.com\/2023\/02\/16\/proces-ousmane-sonko-mame-mbaye-niang-au-tribunal\/#primaryimage\"},\"datePublished\":\"2023-02-16T09:54:04+00:00\",\"dateModified\":\"2023-02-16T10:21:23+00:00\",\"author\":{\"@id\":\"https:\/\/www.nettali.com\/#\/schema\/person\/418274a86bdf87caff7a3ef476bd0bbf\"},\"breadcrumb\":{\"@id\":\"https:\/\/www.nettali.com\/2023\/02\/16\/proces-ousmane-sonko-mame-mbaye-niang-au-tribunal\/#breadcrumb\"},\"inLanguage\":\"fr-FR\",\"potentialAction\":[{\"@type\":\"ReadAction\",\"target\":[\"https:\/\/www.nettali.com\/2023\/02\/16\/proces-ousmane-sonko-mame-mbaye-niang-au-tribunal\/\"]}]},{\"@type\":\"BreadcrumbList\",\"@id\":\"https:\/\/www.nettali.com\/2023\/02\/16\/proces-ousmane-sonko-mame-mbaye-niang-au-tribunal\/#breadcrumb\",\"itemListElement\":[{\"@type\":\"ListItem\",\"position\":1,\"name\":\"Accueil\",\"item\":\"https:\/\/www.nettali.com\/\"},{\"@type\":\"ListItem\",\"position\":2,\"name\":\"PROCES EN DIFFAMATION - Mame Mbaye Niang et Ousmane Sonko au tribunal\"}]},{\"@type\":\"Person\",\"@id\":\"https:\/\/www.nettali.com\/#\/schema\/person\/418274a86bdf87caff7a3ef476bd0bbf\",\"name\":\"Fatou\",\"image\":{\"@type\":\"ImageObject\",\"@id\":\"https:\/\/www.nettali.com\/#personlogo\",\"inLanguage\":\"fr-FR\",\"url\":\"https:\/\/secure.gravatar.com\/avatar\/5a9442a2bee7b4dcf167cab035858e9a?s=96&d=mm&r=g\",\"contentUrl\":\"https:\/\/secure.gravatar.com\/avatar\/5a9442a2bee7b4dcf167cab035858e9a?s=96&d=mm&r=g\",\"caption\":\"Fatou\"},\"sameAs\":[\"https:\/\/www.nettali.com\"]}]}<\/script>\n<!-- \/ Yoast SEO Premium plugin. -->","yoast_head_json":{"title":"PROCES EN DIFFAMATION - Mame Mbaye Niang et Ousmane Sonko au tribunal | Nettali.com","robots":{"index":"index","follow":"follow","max-snippet":"max-snippet:-1","max-image-preview":"max-image-preview:large","max-video-preview":"max-video-preview:-1"},"canonical":"https:\/\/www.nettali.com\/2023\/02\/16\/proces-ousmane-sonko-mame-mbaye-niang-au-tribunal\/","og_locale":"fr_FR","og_type":"article","og_title":"PROCES EN DIFFAMATION - Mame Mbaye Niang et Ousmane Sonko au tribunal","og_description":"NETTALI.COM- Le proc\u00e8s en diffamation opposant le ministre Mame Mbaye Niang \u00e0 Ousmane Sonko s'ouvre ce jeudi 16 f\u00e9vrier 2023 au Palais de Justice Lat Dior. L'audience se tient \u00e0 la salle 3 du tribunal de Dakar. La salle refuse d\u00e9j\u00e0 du monde puisque les partisans des deux parties se sont d\u00e9plac\u00e9s massivement. Le dossier\u00a0 [&hellip;]","og_url":"https:\/\/www.nettali.com\/2023\/02\/16\/proces-ousmane-sonko-mame-mbaye-niang-au-tribunal\/","og_site_name":"Nettali.com","article_publisher":"https:\/\/www.facebook.com\/nettalicom","article_published_time":"2023-02-16T09:54:04+00:00","article_modified_time":"2023-02-16T10:21:23+00:00","og_image":[{"width":696,"height":379,"url":"https:\/\/www.nettali.com\/wp-content\/uploads\/2022\/11\/mame-Mbaye-niang-sonko.jpeg","type":"image\/jpeg"}],"twitter_card":"summary_large_image","twitter_misc":{"\u00c9crit par":"Fatou","Dur\u00e9e de lecture estim\u00e9e":"1 minute"},"schema":{"@context":"https:\/\/schema.org","@graph":[{"@type":"WebSite","@id":"https:\/\/www.nettali.com\/#website","url":"https:\/\/www.nettali.com\/","name":"Nettali.com","description":"Le rendez-vous critique du Net","potentialAction":[{"@type":"SearchAction","target":{"@type":"EntryPoint","urlTemplate":"https:\/\/www.nettali.com\/?s={search_term_string}"},"query-input":"required name=search_term_string"}],"inLanguage":"fr-FR"},{"@type":"ImageObject","@id":"https:\/\/www.nettali.com\/2023\/02\/16\/proces-ousmane-sonko-mame-mbaye-niang-au-tribunal\/#primaryimage","inLanguage":"fr-FR","url":"https:\/\/www.nettali.com\/wp-content\/uploads\/2022\/11\/mame-Mbaye-niang-sonko.jpeg","contentUrl":"https:\/\/www.nettali.com\/wp-content\/uploads\/2022\/11\/mame-Mbaye-niang-sonko.jpeg","width":696,"height":379},{"@type":"WebPage","@id":"https:\/\/www.nettali.com\/2023\/02\/16\/proces-ousmane-sonko-mame-mbaye-niang-au-tribunal\/#webpage","url":"https:\/\/www.nettali.com\/2023\/02\/16\/proces-ousmane-sonko-mame-mbaye-niang-au-tribunal\/","name":"PROCES EN DIFFAMATION - Mame Mbaye Niang et Ousmane Sonko au tribunal | Nettali.com","isPartOf":{"@id":"https:\/\/www.nettali.com\/#website"},"primaryImageOfPage":{"@id":"https:\/\/www.nettali.com\/2023\/02\/16\/proces-ousmane-sonko-mame-mbaye-niang-au-tribunal\/#primaryimage"},"datePublished":"2023-02-16T09:54:04+00:00","dateModified":"2023-02-16T10:21:23+00:00","author":{"@id":"https:\/\/www.nettali.com\/#\/schema\/person\/418274a86bdf87caff7a3ef476bd0bbf"},"breadcrumb":{"@id":"https:\/\/www.nettali.com\/2023\/02\/16\/proces-ousmane-sonko-mame-mbaye-niang-au-tribunal\/#breadcrumb"},"inLanguage":"fr-FR","potentialAction":[{"@type":"ReadAction","target":["https:\/\/www.nettali.com\/2023\/02\/16\/proces-ousmane-sonko-mame-mbaye-niang-au-tribunal\/"]}]},{"@type":"BreadcrumbList","@id":"https:\/\/www.nettali.com\/2023\/02\/16\/proces-ousmane-sonko-mame-mbaye-niang-au-tribunal\/#breadcrumb","itemListElement":[{"@type":"ListItem","position":1,"name":"Accueil","item":"https:\/\/www.nettali.com\/"},{"@type":"ListItem","position":2,"name":"PROCES EN DIFFAMATION - Mame Mbaye Niang et Ousmane Sonko au tribunal"}]},{"@type":"Person","@id":"https:\/\/www.nettali.com\/#\/schema\/person\/418274a86bdf87caff7a3ef476bd0bbf","name":"Fatou","image":{"@type":"ImageObject","@id":"https:\/\/www.nettali.com\/#personlogo","inLanguage":"fr-FR","url":"https:\/\/secure.gravatar.com\/avatar\/5a9442a2bee7b4dcf167cab035858e9a?s=96&d=mm&r=g","contentUrl":"https:\/\/secure.gravatar.com\/avatar\/5a9442a2bee7b4dcf167cab035858e9a?s=96&d=mm&r=g","caption":"Fatou"},"sameAs":["https:\/\/www.nettali.com"]}]}},"_links":{"self":[{"href":"https:\/\/www.nettali.com\/rest\/wp\/v2\/posts\/104278"}],"collection":[{"href":"https:\/\/www.nettali.com\/rest\/wp\/v2\/posts"}],"about":[{"href":"https:\/\/www.nettali.com\/rest\/wp\/v2\/types\/post"}],"author":[{"embeddable":true,"href":"https:\/\/www.nettali.com\/rest\/wp\/v2\/users\/6"}],"replies":[{"embeddable":true,"href":"https:\/\/www.nettali.com\/rest\/wp\/v2\/comments?post=104278"}],"version-history":[{"count":5,"href":"https:\/\/www.nettali.com\/rest\/wp\/v2\/posts\/104278\/revisions"}],"predecessor-version":[{"id":104286,"href":"https:\/\/www.nettali.com\/rest\/wp\/v2\/posts\/104278\/revisions\/104286"}],"wp:featuredmedia":[{"embeddable":true,"href":"https:\/\/www.nettali.com\/rest\/wp\/v2\/media\/98291"}],"wp:attachment":[{"href":"https:\/\/www.nettali.com\/rest\/wp\/v2\/media?parent=104278"}],"wp:term":[{"taxonomy":"category","embeddable":true,"href":"https:\/\/www.nettali.com\/rest\/wp\/v2\/categories?post=104278"},{"taxonomy":"post_tag","embeddable":true,"href":"https:\/\/www.nettali.com\/rest\/wp\/v2\/tags?post=104278"}],"curies":[{"name":"wp","href":"https:\/\/api.w.org\/{rel}","templated":true}]}}