{"id":104191,"date":"2023-02-15T12:10:02","date_gmt":"2023-02-15T12:10:02","guid":{"rendered":"https:\/\/www.nettali.com\/?p=104191"},"modified":"2023-02-15T12:10:02","modified_gmt":"2023-02-15T12:10:02","slug":"en-coulisses-khalifa-sall-en-tournee-a-tamba","status":"publish","type":"post","link":"https:\/\/www.nettali.com\/2023\/02\/15\/en-coulisses-khalifa-sall-en-tournee-a-tamba\/","title":{"rendered":"EN COULISSES - Khalifa Sall en tourn\u00e9e \u00e0 Tamba"},"content":{"rendered":"<div dir=\"auto\">NETTALI.COM - Apr\u00e8s Rufisque, Diourbel et Mback\u00e9, Khalifa Ababacar Sall, candidat d\u00e9clar\u00e9 \u00e0 la pr\u00e9sidentielle de 2024, va visiter, jusqu\u2019au 28 f\u00e9vrier, les r\u00e9gions de Tambacounda et K\u00e9dougou. Cette visite s\u2019inscrit dans la continuit\u00e9 de sa tourn\u00e9e Mottali Y\u00e9en\u00e9.<\/div>\n<div dir=\"auto\">Arriv\u00e9 \u00e0 Koumpeuntoum apr\u00e8s 22heures le 14 F\u00e9vrier, Khalifa Ababacar Sall \u00e9tait accompagn\u00e9 par une foule qui avait tenu \u00e0 lui souhaiter la bienvenue.<\/div>\n<div dir=\"auto\">Rendez-vous est pris pour aujourd\u2019hui pour les concertations avec les compatriotes de Tamba.<\/div>\n<div dir=\"auto\"><\/div>\n<div class='share-to-whatsapp-wrapper'><div class='share-on-whsp'>PARTAGER SUR : <\/div><a data-text='EN COULISSES - Khalifa Sall en tourn\u00e9e \u00e0 Tamba' data-link='https:\/\/www.nettali.com\/2023\/02\/15\/en-coulisses-khalifa-sall-en-tournee-a-tamba\/' class='whatsapp-button whatsapp-share'>WhatsApp<\/a><div class='clear '><\/div><\/div>","protected":false},"excerpt":{"rendered":"<p>NETTALI.COM - Apr\u00e8s Rufisque, Diourbel et Mback\u00e9, Khalifa Ababacar Sall, candidat d\u00e9clar\u00e9 \u00e0 la pr\u00e9sidentielle de 2024, va visiter, jusqu\u2019au 28 f\u00e9vrier, les r\u00e9gions de Tambacounda et K\u00e9dougou. Cette visite s\u2019inscrit dans la continuit\u00e9 de sa tourn\u00e9e Mottali Y\u00e9en\u00e9. Arriv\u00e9 \u00e0 Koumpeuntoum apr\u00e8s 22heures le 14 F\u00e9vrier, Khalifa Ababacar Sall \u00e9tait accompagn\u00e9 par une foule [&hellip;]<\/p>\n","protected":false},"author":4,"featured_media":104192,"comment_status":"open","ping_status":"open","sticky":false,"template":"","format":"standard","meta":{"_et_pb_use_builder":"","_et_pb_old_content":""},"categories":[34945],"tags":[],"yoast_head":"<!-- This site is optimized with the Yoast SEO Premium plugin v17.8 (Yoast SEO v17.8) - https:\/\/yoast.com\/wordpress\/plugins\/seo\/ -->\n<title>EN COULISSES - Khalifa Sall en tourn\u00e9e \u00e0 Tamba | Nettali.com<\/title>\n<meta name=\"robots\" content=\"index, follow, max-snippet:-1, max-image-preview:large, max-video-preview:-1\" \/>\n<link rel=\"canonical\" href=\"https:\/\/www.nettali.com\/2023\/02\/15\/en-coulisses-khalifa-sall-en-tournee-a-tamba\/\" \/>\n<meta property=\"og:locale\" content=\"fr_FR\" \/>\n<meta property=\"og:type\" content=\"article\" \/>\n<meta property=\"og:title\" content=\"EN COULISSES - Khalifa Sall en tourn\u00e9e \u00e0 Tamba\" \/>\n<meta property=\"og:description\" content=\"NETTALI.COM - Apr\u00e8s Rufisque, Diourbel et Mback\u00e9, Khalifa Ababacar Sall, candidat d\u00e9clar\u00e9 \u00e0 la pr\u00e9sidentielle de 2024, va visiter, jusqu\u2019au 28 f\u00e9vrier, les r\u00e9gions de Tambacounda et K\u00e9dougou. Cette visite s\u2019inscrit dans la continuit\u00e9 de sa tourn\u00e9e Mottali Y\u00e9en\u00e9. Arriv\u00e9 \u00e0 Koumpeuntoum apr\u00e8s 22heures le 14 F\u00e9vrier, Khalifa Ababacar Sall \u00e9tait accompagn\u00e9 par une foule [&hellip;]\" \/>\n<meta property=\"og:url\" content=\"https:\/\/www.nettali.com\/2023\/02\/15\/en-coulisses-khalifa-sall-en-tournee-a-tamba\/\" \/>\n<meta property=\"og:site_name\" content=\"Nettali.com\" \/>\n<meta property=\"article:publisher\" content=\"https:\/\/www.facebook.com\/nettalicom\" \/>\n<meta property=\"article:published_time\" content=\"2023-02-15T12:10:02+00:00\" \/>\n<meta property=\"og:image\" content=\"https:\/\/www.nettali.com\/wp-content\/uploads\/2023\/02\/Khalifa-Salll.jpeg\" \/>\n\t<meta property=\"og:image:width\" content=\"1232\" \/>\n\t<meta property=\"og:image:height\" content=\"816\" \/>\n<meta name=\"twitter:card\" content=\"summary_large_image\" \/>\n<meta name=\"twitter:label1\" content=\"\u00c9crit par\" \/>\n\t<meta name=\"twitter:data1\" content=\"Daouda\" \/>\n\t<meta name=\"twitter:label2\" content=\"Dur\u00e9e de lecture estim\u00e9e\" \/>\n\t<meta name=\"twitter:data2\" content=\"1 minute\" \/>\n<script type=\"application\/ld+json\" class=\"yoast-schema-graph\">{\"@context\":\"https:\/\/schema.org\",\"@graph\":[{\"@type\":\"WebSite\",\"@id\":\"https:\/\/www.nettali.com\/#website\",\"url\":\"https:\/\/www.nettali.com\/\",\"name\":\"Nettali.com\",\"description\":\"Le rendez-vous critique du Net\",\"potentialAction\":[{\"@type\":\"SearchAction\",\"target\":{\"@type\":\"EntryPoint\",\"urlTemplate\":\"https:\/\/www.nettali.com\/?s={search_term_string}\"},\"query-input\":\"required name=search_term_string\"}],\"inLanguage\":\"fr-FR\"},{\"@type\":\"ImageObject\",\"@id\":\"https:\/\/www.nettali.com\/2023\/02\/15\/en-coulisses-khalifa-sall-en-tournee-a-tamba\/#primaryimage\",\"inLanguage\":\"fr-FR\",\"url\":\"https:\/\/www.nettali.com\/wp-content\/uploads\/2023\/02\/Khalifa-Salll.jpeg\",\"contentUrl\":\"https:\/\/www.nettali.com\/wp-content\/uploads\/2023\/02\/Khalifa-Salll.jpeg\",\"width\":1232,\"height\":816},{\"@type\":\"WebPage\",\"@id\":\"https:\/\/www.nettali.com\/2023\/02\/15\/en-coulisses-khalifa-sall-en-tournee-a-tamba\/#webpage\",\"url\":\"https:\/\/www.nettali.com\/2023\/02\/15\/en-coulisses-khalifa-sall-en-tournee-a-tamba\/\",\"name\":\"EN COULISSES - Khalifa Sall en tourn\\u00e9e \\u00e0 Tamba | Nettali.com\",\"isPartOf\":{\"@id\":\"https:\/\/www.nettali.com\/#website\"},\"primaryImageOfPage\":{\"@id\":\"https:\/\/www.nettali.com\/2023\/02\/15\/en-coulisses-khalifa-sall-en-tournee-a-tamba\/#primaryimage\"},\"datePublished\":\"2023-02-15T12:10:02+00:00\",\"dateModified\":\"2023-02-15T12:10:02+00:00\",\"author\":{\"@id\":\"https:\/\/www.nettali.com\/#\/schema\/person\/3317e0bb3aa1da309fbf7b2780901bf4\"},\"breadcrumb\":{\"@id\":\"https:\/\/www.nettali.com\/2023\/02\/15\/en-coulisses-khalifa-sall-en-tournee-a-tamba\/#breadcrumb\"},\"inLanguage\":\"fr-FR\",\"potentialAction\":[{\"@type\":\"ReadAction\",\"target\":[\"https:\/\/www.nettali.com\/2023\/02\/15\/en-coulisses-khalifa-sall-en-tournee-a-tamba\/\"]}]},{\"@type\":\"BreadcrumbList\",\"@id\":\"https:\/\/www.nettali.com\/2023\/02\/15\/en-coulisses-khalifa-sall-en-tournee-a-tamba\/#breadcrumb\",\"itemListElement\":[{\"@type\":\"ListItem\",\"position\":1,\"name\":\"Accueil\",\"item\":\"https:\/\/www.nettali.com\/\"},{\"@type\":\"ListItem\",\"position\":2,\"name\":\"EN COULISSES - Khalifa Sall en tourn\\u00e9e \\u00e0 Tamba\"}]},{\"@type\":\"Person\",\"@id\":\"https:\/\/www.nettali.com\/#\/schema\/person\/3317e0bb3aa1da309fbf7b2780901bf4\",\"name\":\"Daouda\",\"image\":{\"@type\":\"ImageObject\",\"@id\":\"https:\/\/www.nettali.com\/#personlogo\",\"inLanguage\":\"fr-FR\",\"url\":\"https:\/\/secure.gravatar.com\/avatar\/8d143b5a49345098ddcfee1c49c2f47c?s=96&d=mm&r=g\",\"contentUrl\":\"https:\/\/secure.gravatar.com\/avatar\/8d143b5a49345098ddcfee1c49c2f47c?s=96&d=mm&r=g\",\"caption\":\"Daouda\"},\"sameAs\":[\"https:\/\/www.nettali.com\"]}]}<\/script>\n<!-- \/ Yoast SEO Premium plugin. -->","yoast_head_json":{"title":"EN COULISSES - Khalifa Sall en tourn\u00e9e \u00e0 Tamba | Nettali.com","robots":{"index":"index","follow":"follow","max-snippet":"max-snippet:-1","max-image-preview":"max-image-preview:large","max-video-preview":"max-video-preview:-1"},"canonical":"https:\/\/www.nettali.com\/2023\/02\/15\/en-coulisses-khalifa-sall-en-tournee-a-tamba\/","og_locale":"fr_FR","og_type":"article","og_title":"EN COULISSES - Khalifa Sall en tourn\u00e9e \u00e0 Tamba","og_description":"NETTALI.COM - Apr\u00e8s Rufisque, Diourbel et Mback\u00e9, Khalifa Ababacar Sall, candidat d\u00e9clar\u00e9 \u00e0 la pr\u00e9sidentielle de 2024, va visiter, jusqu\u2019au 28 f\u00e9vrier, les r\u00e9gions de Tambacounda et K\u00e9dougou. Cette visite s\u2019inscrit dans la continuit\u00e9 de sa tourn\u00e9e Mottali Y\u00e9en\u00e9. Arriv\u00e9 \u00e0 Koumpeuntoum apr\u00e8s 22heures le 14 F\u00e9vrier, Khalifa Ababacar Sall \u00e9tait accompagn\u00e9 par une foule [&hellip;]","og_url":"https:\/\/www.nettali.com\/2023\/02\/15\/en-coulisses-khalifa-sall-en-tournee-a-tamba\/","og_site_name":"Nettali.com","article_publisher":"https:\/\/www.facebook.com\/nettalicom","article_published_time":"2023-02-15T12:10:02+00:00","og_image":[{"width":1232,"height":816,"url":"https:\/\/www.nettali.com\/wp-content\/uploads\/2023\/02\/Khalifa-Salll.jpeg","type":"image\/jpeg"}],"twitter_card":"summary_large_image","twitter_misc":{"\u00c9crit par":"Daouda","Dur\u00e9e de lecture estim\u00e9e":"1 minute"},"schema":{"@context":"https:\/\/schema.org","@graph":[{"@type":"WebSite","@id":"https:\/\/www.nettali.com\/#website","url":"https:\/\/www.nettali.com\/","name":"Nettali.com","description":"Le rendez-vous critique du Net","potentialAction":[{"@type":"SearchAction","target":{"@type":"EntryPoint","urlTemplate":"https:\/\/www.nettali.com\/?s={search_term_string}"},"query-input":"required name=search_term_string"}],"inLanguage":"fr-FR"},{"@type":"ImageObject","@id":"https:\/\/www.nettali.com\/2023\/02\/15\/en-coulisses-khalifa-sall-en-tournee-a-tamba\/#primaryimage","inLanguage":"fr-FR","url":"https:\/\/www.nettali.com\/wp-content\/uploads\/2023\/02\/Khalifa-Salll.jpeg","contentUrl":"https:\/\/www.nettali.com\/wp-content\/uploads\/2023\/02\/Khalifa-Salll.jpeg","width":1232,"height":816},{"@type":"WebPage","@id":"https:\/\/www.nettali.com\/2023\/02\/15\/en-coulisses-khalifa-sall-en-tournee-a-tamba\/#webpage","url":"https:\/\/www.nettali.com\/2023\/02\/15\/en-coulisses-khalifa-sall-en-tournee-a-tamba\/","name":"EN COULISSES - Khalifa Sall en tourn\u00e9e \u00e0 Tamba | Nettali.com","isPartOf":{"@id":"https:\/\/www.nettali.com\/#website"},"primaryImageOfPage":{"@id":"https:\/\/www.nettali.com\/2023\/02\/15\/en-coulisses-khalifa-sall-en-tournee-a-tamba\/#primaryimage"},"datePublished":"2023-02-15T12:10:02+00:00","dateModified":"2023-02-15T12:10:02+00:00","author":{"@id":"https:\/\/www.nettali.com\/#\/schema\/person\/3317e0bb3aa1da309fbf7b2780901bf4"},"breadcrumb":{"@id":"https:\/\/www.nettali.com\/2023\/02\/15\/en-coulisses-khalifa-sall-en-tournee-a-tamba\/#breadcrumb"},"inLanguage":"fr-FR","potentialAction":[{"@type":"ReadAction","target":["https:\/\/www.nettali.com\/2023\/02\/15\/en-coulisses-khalifa-sall-en-tournee-a-tamba\/"]}]},{"@type":"BreadcrumbList","@id":"https:\/\/www.nettali.com\/2023\/02\/15\/en-coulisses-khalifa-sall-en-tournee-a-tamba\/#breadcrumb","itemListElement":[{"@type":"ListItem","position":1,"name":"Accueil","item":"https:\/\/www.nettali.com\/"},{"@type":"ListItem","position":2,"name":"EN COULISSES - Khalifa Sall en tourn\u00e9e \u00e0 Tamba"}]},{"@type":"Person","@id":"https:\/\/www.nettali.com\/#\/schema\/person\/3317e0bb3aa1da309fbf7b2780901bf4","name":"Daouda","image":{"@type":"ImageObject","@id":"https:\/\/www.nettali.com\/#personlogo","inLanguage":"fr-FR","url":"https:\/\/secure.gravatar.com\/avatar\/8d143b5a49345098ddcfee1c49c2f47c?s=96&d=mm&r=g","contentUrl":"https:\/\/secure.gravatar.com\/avatar\/8d143b5a49345098ddcfee1c49c2f47c?s=96&d=mm&r=g","caption":"Daouda"},"sameAs":["https:\/\/www.nettali.com"]}]}},"_links":{"self":[{"href":"https:\/\/www.nettali.com\/rest\/wp\/v2\/posts\/104191"}],"collection":[{"href":"https:\/\/www.nettali.com\/rest\/wp\/v2\/posts"}],"about":[{"href":"https:\/\/www.nettali.com\/rest\/wp\/v2\/types\/post"}],"author":[{"embeddable":true,"href":"https:\/\/www.nettali.com\/rest\/wp\/v2\/users\/4"}],"replies":[{"embeddable":true,"href":"https:\/\/www.nettali.com\/rest\/wp\/v2\/comments?post=104191"}],"version-history":[{"count":1,"href":"https:\/\/www.nettali.com\/rest\/wp\/v2\/posts\/104191\/revisions"}],"predecessor-version":[{"id":104193,"href":"https:\/\/www.nettali.com\/rest\/wp\/v2\/posts\/104191\/revisions\/104193"}],"wp:featuredmedia":[{"embeddable":true,"href":"https:\/\/www.nettali.com\/rest\/wp\/v2\/media\/104192"}],"wp:attachment":[{"href":"https:\/\/www.nettali.com\/rest\/wp\/v2\/media?parent=104191"}],"wp:term":[{"taxonomy":"category","embeddable":true,"href":"https:\/\/www.nettali.com\/rest\/wp\/v2\/categories?post=104191"},{"taxonomy":"post_tag","embeddable":true,"href":"https:\/\/www.nettali.com\/rest\/wp\/v2\/tags?post=104191"}],"curies":[{"name":"wp","href":"https:\/\/api.w.org\/{rel}","templated":true}]}}