{"id":104171,"date":"2023-02-15T08:47:44","date_gmt":"2023-02-15T08:47:44","guid":{"rendered":"https:\/\/www.nettali.com\/?p=104171"},"modified":"2023-02-15T08:47:44","modified_gmt":"2023-02-15T08:47:44","slug":"en-coulisses-le-plaidoyer-de-dubai","status":"publish","type":"post","link":"https:\/\/www.nettali.com\/2023\/02\/15\/en-coulisses-le-plaidoyer-de-dubai\/","title":{"rendered":"EN COULISSES - Le plaidoyer de Duba\u00ef"},"content":{"rendered":"<p><strong>NETTALI.COM -<\/strong> Prenant part au Sommet mondial des Gouvernements \u00e0 Duba\u00ef sur invitation de Son Altesse Sheikh Mohamed bin Zayed Al Nahyan, le pr\u00e9sident de la R\u00e9publique Macky Sall, Pr\u00e9sident en exercice de l\u2019Union africaine (UA), a fait un plaidoyer pour l\u2019Afrique.<\/p>\n<p>Macky Sall a ainsi abord\u00e9 quelques points essentiels notamment la perception qu\u2019ont les autres du continent africain, sa capacit\u00e9 \u00e0 respecter ses engagements, le d\u00e9s\u00e9quilibre de la gouvernance mondiale, les prises de position relativement \u00e0 la guerre en Ukraine et l\u2019imp\u00e9rieux combat des Africains pour s\u2019affranchir sur le plan alimentaire.<\/p>\n<p>Evoquant la question de la perception des autres du continent africain, le pr\u00e9sident en exercice de l\u2019Union africaine estime qu\u2019elle doit changer en ce sens que le risque n\u2019est pas plus grand en Afrique qu\u2019ailleurs. A en croire Macky Sall, la preuve la plus palpable est la notation d\u2019une Afrique qui paie ses dettes et respecte ses engagements.<\/p>\n<p>Le pr\u00e9sident de la R\u00e9publique a d\u00e8s lors estim\u00e9 qu\u2019\"o<em>n doit juger l\u2019Afrique par rapport \u00e0 ce qu\u2019elle fait et non pas sur ce que, eux, pensent que l\u2019Afrique fait. Tout le probl\u00e8me est l\u00e0. C\u2019est un probl\u00e8me de perception qui est difficile \u00e0 enlever de la t\u00eate des gens. Depuis quatre si\u00e8cles, l\u2019Afrique a beaucoup subi et aujourd\u2019hui encore, malgr\u00e9 ses efforts, il y a beaucoup de facteurs qui bloquent son d\u00e9collage alors que l\u2019Afrique a le potentiel avec ses 30 millions de Km2 de superficie, et les 65 % des terres arables du monde qui s\u2019y trouvent, ses fleuves, la main d\u2019oeuvre, il est possible de d\u00e9velopper du capital qui se fructifie pour le b\u00e9n\u00e9fice des investisseurs et du continent<\/em> \u00bb<\/p>\n<p>&nbsp;<\/p>\n<div class='share-to-whatsapp-wrapper'><div class='share-on-whsp'>PARTAGER SUR : <\/div><a data-text='EN COULISSES - Le plaidoyer de Duba\u00ef' data-link='https:\/\/www.nettali.com\/2023\/02\/15\/en-coulisses-le-plaidoyer-de-dubai\/' class='whatsapp-button whatsapp-share'>WhatsApp<\/a><div class='clear '><\/div><\/div>","protected":false},"excerpt":{"rendered":"<p>NETTALI.COM - Prenant part au Sommet mondial des Gouvernements \u00e0 Duba\u00ef sur invitation de Son Altesse Sheikh Mohamed bin Zayed Al Nahyan, le pr\u00e9sident de la R\u00e9publique Macky Sall, Pr\u00e9sident en exercice de l\u2019Union africaine (UA), a fait un plaidoyer pour l\u2019Afrique. Macky Sall a ainsi abord\u00e9 quelques points essentiels notamment la perception qu\u2019ont les [&hellip;]<\/p>\n","protected":false},"author":2,"featured_media":104186,"comment_status":"open","ping_status":"open","sticky":false,"template":"","format":"standard","meta":{"_et_pb_use_builder":"","_et_pb_old_content":""},"categories":[34945],"tags":[],"yoast_head":"<!-- This site is optimized with the Yoast SEO Premium plugin v17.8 (Yoast SEO v17.8) - https:\/\/yoast.com\/wordpress\/plugins\/seo\/ -->\n<title>EN COULISSES - Le plaidoyer de Duba\u00ef | Nettali.com<\/title>\n<meta name=\"robots\" content=\"index, follow, max-snippet:-1, max-image-preview:large, max-video-preview:-1\" \/>\n<link rel=\"canonical\" href=\"https:\/\/www.nettali.com\/2023\/02\/15\/en-coulisses-le-plaidoyer-de-dubai\/\" \/>\n<meta property=\"og:locale\" content=\"fr_FR\" \/>\n<meta property=\"og:type\" content=\"article\" \/>\n<meta property=\"og:title\" content=\"EN COULISSES - Le plaidoyer de Duba\u00ef\" \/>\n<meta property=\"og:description\" content=\"NETTALI.COM - Prenant part au Sommet mondial des Gouvernements \u00e0 Duba\u00ef sur invitation de Son Altesse Sheikh Mohamed bin Zayed Al Nahyan, le pr\u00e9sident de la R\u00e9publique Macky Sall, Pr\u00e9sident en exercice de l\u2019Union africaine (UA), a fait un plaidoyer pour l\u2019Afrique. Macky Sall a ainsi abord\u00e9 quelques points essentiels notamment la perception qu\u2019ont les [&hellip;]\" \/>\n<meta property=\"og:url\" content=\"https:\/\/www.nettali.com\/2023\/02\/15\/en-coulisses-le-plaidoyer-de-dubai\/\" \/>\n<meta property=\"og:site_name\" content=\"Nettali.com\" \/>\n<meta property=\"article:publisher\" content=\"https:\/\/www.facebook.com\/nettalicom\" \/>\n<meta property=\"article:published_time\" content=\"2023-02-15T08:47:44+00:00\" \/>\n<meta property=\"og:image\" content=\"https:\/\/www.nettali.com\/wp-content\/uploads\/2023\/02\/11181494-18576698.jpg\" \/>\n\t<meta property=\"og:image:width\" content=\"863\" \/>\n\t<meta property=\"og:image:height\" content=\"575\" \/>\n<meta name=\"twitter:card\" content=\"summary_large_image\" \/>\n<meta name=\"twitter:label1\" content=\"\u00c9crit par\" \/>\n\t<meta name=\"twitter:data1\" content=\"CK\" \/>\n\t<meta name=\"twitter:label2\" content=\"Dur\u00e9e de lecture estim\u00e9e\" \/>\n\t<meta name=\"twitter:data2\" content=\"2 minutes\" \/>\n<script type=\"application\/ld+json\" class=\"yoast-schema-graph\">{\"@context\":\"https:\/\/schema.org\",\"@graph\":[{\"@type\":\"WebSite\",\"@id\":\"https:\/\/www.nettali.com\/#website\",\"url\":\"https:\/\/www.nettali.com\/\",\"name\":\"Nettali.com\",\"description\":\"Le rendez-vous critique du Net\",\"potentialAction\":[{\"@type\":\"SearchAction\",\"target\":{\"@type\":\"EntryPoint\",\"urlTemplate\":\"https:\/\/www.nettali.com\/?s={search_term_string}\"},\"query-input\":\"required name=search_term_string\"}],\"inLanguage\":\"fr-FR\"},{\"@type\":\"ImageObject\",\"@id\":\"https:\/\/www.nettali.com\/2023\/02\/15\/en-coulisses-le-plaidoyer-de-dubai\/#primaryimage\",\"inLanguage\":\"fr-FR\",\"url\":\"https:\/\/www.nettali.com\/wp-content\/uploads\/2023\/02\/11181494-18576698.jpg\",\"contentUrl\":\"https:\/\/www.nettali.com\/wp-content\/uploads\/2023\/02\/11181494-18576698.jpg\",\"width\":863,\"height\":575},{\"@type\":\"WebPage\",\"@id\":\"https:\/\/www.nettali.com\/2023\/02\/15\/en-coulisses-le-plaidoyer-de-dubai\/#webpage\",\"url\":\"https:\/\/www.nettali.com\/2023\/02\/15\/en-coulisses-le-plaidoyer-de-dubai\/\",\"name\":\"EN COULISSES - Le plaidoyer de Duba\\u00ef | Nettali.com\",\"isPartOf\":{\"@id\":\"https:\/\/www.nettali.com\/#website\"},\"primaryImageOfPage\":{\"@id\":\"https:\/\/www.nettali.com\/2023\/02\/15\/en-coulisses-le-plaidoyer-de-dubai\/#primaryimage\"},\"datePublished\":\"2023-02-15T08:47:44+00:00\",\"dateModified\":\"2023-02-15T08:47:44+00:00\",\"author\":{\"@id\":\"https:\/\/www.nettali.com\/#\/schema\/person\/d8ac7b7e27ddad43f1c0d2ef090d7f71\"},\"breadcrumb\":{\"@id\":\"https:\/\/www.nettali.com\/2023\/02\/15\/en-coulisses-le-plaidoyer-de-dubai\/#breadcrumb\"},\"inLanguage\":\"fr-FR\",\"potentialAction\":[{\"@type\":\"ReadAction\",\"target\":[\"https:\/\/www.nettali.com\/2023\/02\/15\/en-coulisses-le-plaidoyer-de-dubai\/\"]}]},{\"@type\":\"BreadcrumbList\",\"@id\":\"https:\/\/www.nettali.com\/2023\/02\/15\/en-coulisses-le-plaidoyer-de-dubai\/#breadcrumb\",\"itemListElement\":[{\"@type\":\"ListItem\",\"position\":1,\"name\":\"Accueil\",\"item\":\"https:\/\/www.nettali.com\/\"},{\"@type\":\"ListItem\",\"position\":2,\"name\":\"EN COULISSES - Le plaidoyer de Duba\\u00ef\"}]},{\"@type\":\"Person\",\"@id\":\"https:\/\/www.nettali.com\/#\/schema\/person\/d8ac7b7e27ddad43f1c0d2ef090d7f71\",\"name\":\"CK\",\"image\":{\"@type\":\"ImageObject\",\"@id\":\"https:\/\/www.nettali.com\/#personlogo\",\"inLanguage\":\"fr-FR\",\"url\":\"https:\/\/secure.gravatar.com\/avatar\/1d8d5118b9327d94da7cd4ce7f17fec2?s=96&d=mm&r=g\",\"contentUrl\":\"https:\/\/secure.gravatar.com\/avatar\/1d8d5118b9327d94da7cd4ce7f17fec2?s=96&d=mm&r=g\",\"caption\":\"CK\"},\"sameAs\":[\"https:\/\/www.nettali.com\"]}]}<\/script>\n<!-- \/ Yoast SEO Premium plugin. -->","yoast_head_json":{"title":"EN COULISSES - Le plaidoyer de Duba\u00ef | Nettali.com","robots":{"index":"index","follow":"follow","max-snippet":"max-snippet:-1","max-image-preview":"max-image-preview:large","max-video-preview":"max-video-preview:-1"},"canonical":"https:\/\/www.nettali.com\/2023\/02\/15\/en-coulisses-le-plaidoyer-de-dubai\/","og_locale":"fr_FR","og_type":"article","og_title":"EN COULISSES - Le plaidoyer de Duba\u00ef","og_description":"NETTALI.COM - Prenant part au Sommet mondial des Gouvernements \u00e0 Duba\u00ef sur invitation de Son Altesse Sheikh Mohamed bin Zayed Al Nahyan, le pr\u00e9sident de la R\u00e9publique Macky Sall, Pr\u00e9sident en exercice de l\u2019Union africaine (UA), a fait un plaidoyer pour l\u2019Afrique. Macky Sall a ainsi abord\u00e9 quelques points essentiels notamment la perception qu\u2019ont les [&hellip;]","og_url":"https:\/\/www.nettali.com\/2023\/02\/15\/en-coulisses-le-plaidoyer-de-dubai\/","og_site_name":"Nettali.com","article_publisher":"https:\/\/www.facebook.com\/nettalicom","article_published_time":"2023-02-15T08:47:44+00:00","og_image":[{"width":863,"height":575,"url":"https:\/\/www.nettali.com\/wp-content\/uploads\/2023\/02\/11181494-18576698.jpg","type":"image\/jpeg"}],"twitter_card":"summary_large_image","twitter_misc":{"\u00c9crit par":"CK","Dur\u00e9e de lecture estim\u00e9e":"2 minutes"},"schema":{"@context":"https:\/\/schema.org","@graph":[{"@type":"WebSite","@id":"https:\/\/www.nettali.com\/#website","url":"https:\/\/www.nettali.com\/","name":"Nettali.com","description":"Le rendez-vous critique du Net","potentialAction":[{"@type":"SearchAction","target":{"@type":"EntryPoint","urlTemplate":"https:\/\/www.nettali.com\/?s={search_term_string}"},"query-input":"required name=search_term_string"}],"inLanguage":"fr-FR"},{"@type":"ImageObject","@id":"https:\/\/www.nettali.com\/2023\/02\/15\/en-coulisses-le-plaidoyer-de-dubai\/#primaryimage","inLanguage":"fr-FR","url":"https:\/\/www.nettali.com\/wp-content\/uploads\/2023\/02\/11181494-18576698.jpg","contentUrl":"https:\/\/www.nettali.com\/wp-content\/uploads\/2023\/02\/11181494-18576698.jpg","width":863,"height":575},{"@type":"WebPage","@id":"https:\/\/www.nettali.com\/2023\/02\/15\/en-coulisses-le-plaidoyer-de-dubai\/#webpage","url":"https:\/\/www.nettali.com\/2023\/02\/15\/en-coulisses-le-plaidoyer-de-dubai\/","name":"EN COULISSES - Le plaidoyer de Duba\u00ef | Nettali.com","isPartOf":{"@id":"https:\/\/www.nettali.com\/#website"},"primaryImageOfPage":{"@id":"https:\/\/www.nettali.com\/2023\/02\/15\/en-coulisses-le-plaidoyer-de-dubai\/#primaryimage"},"datePublished":"2023-02-15T08:47:44+00:00","dateModified":"2023-02-15T08:47:44+00:00","author":{"@id":"https:\/\/www.nettali.com\/#\/schema\/person\/d8ac7b7e27ddad43f1c0d2ef090d7f71"},"breadcrumb":{"@id":"https:\/\/www.nettali.com\/2023\/02\/15\/en-coulisses-le-plaidoyer-de-dubai\/#breadcrumb"},"inLanguage":"fr-FR","potentialAction":[{"@type":"ReadAction","target":["https:\/\/www.nettali.com\/2023\/02\/15\/en-coulisses-le-plaidoyer-de-dubai\/"]}]},{"@type":"BreadcrumbList","@id":"https:\/\/www.nettali.com\/2023\/02\/15\/en-coulisses-le-plaidoyer-de-dubai\/#breadcrumb","itemListElement":[{"@type":"ListItem","position":1,"name":"Accueil","item":"https:\/\/www.nettali.com\/"},{"@type":"ListItem","position":2,"name":"EN COULISSES - Le plaidoyer de Duba\u00ef"}]},{"@type":"Person","@id":"https:\/\/www.nettali.com\/#\/schema\/person\/d8ac7b7e27ddad43f1c0d2ef090d7f71","name":"CK","image":{"@type":"ImageObject","@id":"https:\/\/www.nettali.com\/#personlogo","inLanguage":"fr-FR","url":"https:\/\/secure.gravatar.com\/avatar\/1d8d5118b9327d94da7cd4ce7f17fec2?s=96&d=mm&r=g","contentUrl":"https:\/\/secure.gravatar.com\/avatar\/1d8d5118b9327d94da7cd4ce7f17fec2?s=96&d=mm&r=g","caption":"CK"},"sameAs":["https:\/\/www.nettali.com"]}]}},"_links":{"self":[{"href":"https:\/\/www.nettali.com\/rest\/wp\/v2\/posts\/104171"}],"collection":[{"href":"https:\/\/www.nettali.com\/rest\/wp\/v2\/posts"}],"about":[{"href":"https:\/\/www.nettali.com\/rest\/wp\/v2\/types\/post"}],"author":[{"embeddable":true,"href":"https:\/\/www.nettali.com\/rest\/wp\/v2\/users\/2"}],"replies":[{"embeddable":true,"href":"https:\/\/www.nettali.com\/rest\/wp\/v2\/comments?post=104171"}],"version-history":[{"count":2,"href":"https:\/\/www.nettali.com\/rest\/wp\/v2\/posts\/104171\/revisions"}],"predecessor-version":[{"id":104183,"href":"https:\/\/www.nettali.com\/rest\/wp\/v2\/posts\/104171\/revisions\/104183"}],"wp:featuredmedia":[{"embeddable":true,"href":"https:\/\/www.nettali.com\/rest\/wp\/v2\/media\/104186"}],"wp:attachment":[{"href":"https:\/\/www.nettali.com\/rest\/wp\/v2\/media?parent=104171"}],"wp:term":[{"taxonomy":"category","embeddable":true,"href":"https:\/\/www.nettali.com\/rest\/wp\/v2\/categories?post=104171"},{"taxonomy":"post_tag","embeddable":true,"href":"https:\/\/www.nettali.com\/rest\/wp\/v2\/tags?post=104171"}],"curies":[{"name":"wp","href":"https:\/\/api.w.org\/{rel}","templated":true}]}}