{"id":104154,"date":"2023-02-15T08:11:08","date_gmt":"2023-02-15T08:11:08","guid":{"rendered":"https:\/\/www.nettali.com\/?p=104154"},"modified":"2023-02-15T22:31:08","modified_gmt":"2023-02-15T22:31:08","slug":"detournement-le-responsable-administratif-et-financier-de-bem-poursuivi","status":"publish","type":"post","link":"https:\/\/www.nettali.com\/2023\/02\/15\/detournement-le-responsable-administratif-et-financier-de-bem-poursuivi\/","title":{"rendered":"DETOURNEMENT - Le responsable administratif et financier de Bem poursuivi"},"content":{"rendered":"<p style=\"font-weight: 400;\"><strong>NETTALI.COM - <\/strong><strong>Attrait \u00e0 la barre du tribunal des flagrants d\u00e9lits de Dakar pour abus de confiance portant sur un d\u00e9tournement de plus de 63 millions de francs CFA, Doudou S\u00e8ne, responsable administratif et financier de Bem Dakar, conna\u00eetra son sort le 21 f\u00e9vrier prochain.<\/strong><\/p>\n<p style=\"font-weight: 400;\">Doudou S\u00e8ne, responsable administratif et financier de Dakar university of international studies (Dunis), une filiale de l\u2019institut Bem, est dans de sales draps. Celui-ci, employ\u00e9 comme comptable dans cette institution, est embourb\u00e9 dans une affaire de d\u00e9tournement portant sur la somme de 63.864.000 FCFA. Plac\u00e9 sous mandat de d\u00e9p\u00f4t, il a comparu devant le tribunal des flagrants d\u00e9lits pour abus de confiance.<\/p>\n<p style=\"font-weight: 400;\">Il est ressorti de l\u2019enqu\u00eate que le pr\u00e9venu a d\u00e9tourn\u00e9 une partie de la scolarit\u00e9 vers\u00e9e par les \u00e9tudiants de Dunis. Il avait pr\u00e9sent\u00e9 un \u00e9tat financier o\u00f9 ne figuraient pas certains \u00e9l\u00e8ves. Malheureusement pour lui, ces derniers ont \u00e9t\u00e9 interpell\u00e9s par les services de la scolarit\u00e9 afin qu\u2019ils prouvent leur r\u00e9gularit\u00e9. Ce qu\u2019ils ont fait avec des preuves \u00e0 l\u2019appui. C\u2019est sur ces entrefaites qu\u2019une enqu\u00eate interne a \u00e9t\u00e9 ouverte afin de conna\u00eetre l\u2019origine des anomalies constat\u00e9es. Elle a \u00e9t\u00e9 fructueuse car, les auditeurs internes, apr\u00e8s avoir fouill\u00e9 de fond en comble, ont d\u00e9couvert un \u00e9cart entre les montants re\u00e7us et ceux vers\u00e9s \u00e0 la banque, entre janvier et 25 ao\u00fbt 2022.<\/p>\n<p style=\"font-weight: 400;\">Devant le pr\u00e9toire M. S\u00e8ne n\u2019a pas contest\u00e9 les manquements d\u00e9cel\u00e9s, mais il a tout de m\u00eame revu \u00e0 la baisse le montant avanc\u00e9 par la direction. \u00ab <em>Je conteste le montant avanc\u00e9, mais je reconnais leur devoir des \u00e9carts de caisse, dont j'ignore le montant<\/em> \u00bb, souligne-t-il d\u2019embl\u00e9e . A l\u2019en croire, c\u2019est plut\u00f4t un trou de 20 millions de francs CFA et cela est d\u00fb, d\u2019apr\u00e8s ses arguments, \u00e0 une erreur de comptabilit\u00e9. \u00ab <em>Je n'ai jamais pris dans la caisse, mais il s'agit de manquants que je ne pourrais justifier<\/em> \u00bb, ajoute-t-il, tout en soutenant que s\u2019il avait son ordinateur sous ses yeux, il pourrait leur dire ce qu\u2019il leur doit d\u2019autant plus qu\u2019il a quitt\u00e9 cette institution depuis avril 2022 pour rejoindre une autre, Dunis en l'occurrence.<\/p>\n<p style=\"font-weight: 400;\">Selon Me Arona Bass, avocat de Dunis, les pi\u00e8ces comptables ont confondu le pr\u00e9venu. Ce dernier, d\u2019apr\u00e8s la robe noire, devait, quotidiennement, consigner les montants re\u00e7us et les d\u00e9poser \u00e0 la banque. Ce qu\u2019il ne faisait pas, regrette l\u2019avocat qui r\u00e9v\u00e8le que le pr\u00e9venu a \u00e9t\u00e9 injoignable apr\u00e8s qu\u2019on lui avait demand\u00e9 des explications sur le gap qui a \u00e9t\u00e9 constat\u00e9. Apr\u00e8s avoir re\u00e7u un acompte de 5.000.000 FCFA, il a r\u00e9clam\u00e9 le versement de 65.000.000 F CFA et la confiscation du v\u00e9hicule du mis en cause en compensation du pr\u00e9judice subi par son client.<\/p>\n<p style=\"font-weight: 400;\">Le parquet a demand\u00e9 l'application de la loi. L\u2019avocat de la d\u00e9fense a plaid\u00e9 la cl\u00e9mence. Me Babacar Ndiaye a demand\u00e9 au tribunal d\u2019accorder une chance \u00e0 son client afin qu\u2019il puisse travailler pour payer la partie civile et de rejeter la demande de confiscation.<\/p>\n<p style=\"font-weight: 400;\">Le jugement sera rendu le 21 f\u00e9vrier prochain.<\/p>\n<div class='share-to-whatsapp-wrapper'><div class='share-on-whsp'>PARTAGER SUR : <\/div><a data-text='DETOURNEMENT - Le responsable administratif et financier de Bem poursuivi' data-link='https:\/\/www.nettali.com\/2023\/02\/15\/detournement-le-responsable-administratif-et-financier-de-bem-poursuivi\/' class='whatsapp-button whatsapp-share'>WhatsApp<\/a><div class='clear '><\/div><\/div>","protected":false},"excerpt":{"rendered":"<p>NETTALI.COM - Attrait \u00e0 la barre du tribunal des flagrants d\u00e9lits de Dakar pour abus de confiance portant sur un d\u00e9tournement de plus de 63 millions de francs CFA, Doudou S\u00e8ne, responsable administratif et financier de Bem Dakar, conna\u00eetra son sort le 21 f\u00e9vrier prochain. Doudou S\u00e8ne, responsable administratif et financier de Dakar university of [&hellip;]<\/p>\n","protected":false},"author":6,"featured_media":91302,"comment_status":"open","ping_status":"open","sticky":false,"template":"","format":"standard","meta":{"_et_pb_use_builder":"","_et_pb_old_content":""},"categories":[3],"tags":[],"yoast_head":"<!-- This site is optimized with the Yoast SEO Premium plugin v17.8 (Yoast SEO v17.8) - https:\/\/yoast.com\/wordpress\/plugins\/seo\/ -->\n<title>DETOURNEMENT - Le responsable administratif et financier de Bem poursuivi | Nettali.com<\/title>\n<meta name=\"robots\" content=\"index, follow, max-snippet:-1, max-image-preview:large, max-video-preview:-1\" \/>\n<link rel=\"canonical\" href=\"https:\/\/www.nettali.com\/2023\/02\/15\/detournement-le-responsable-administratif-et-financier-de-bem-poursuivi\/\" \/>\n<meta property=\"og:locale\" content=\"fr_FR\" \/>\n<meta property=\"og:type\" content=\"article\" \/>\n<meta property=\"og:title\" content=\"DETOURNEMENT - Le responsable administratif et financier de Bem poursuivi\" \/>\n<meta property=\"og:description\" content=\"NETTALI.COM - Attrait \u00e0 la barre du tribunal des flagrants d\u00e9lits de Dakar pour abus de confiance portant sur un d\u00e9tournement de plus de 63 millions de francs CFA, Doudou S\u00e8ne, responsable administratif et financier de Bem Dakar, conna\u00eetra son sort le 21 f\u00e9vrier prochain. Doudou S\u00e8ne, responsable administratif et financier de Dakar university of [&hellip;]\" \/>\n<meta property=\"og:url\" content=\"https:\/\/www.nettali.com\/2023\/02\/15\/detournement-le-responsable-administratif-et-financier-de-bem-poursuivi\/\" \/>\n<meta property=\"og:site_name\" content=\"Nettali.com\" \/>\n<meta property=\"article:publisher\" content=\"https:\/\/www.facebook.com\/nettalicom\" \/>\n<meta property=\"article:published_time\" content=\"2023-02-15T08:11:08+00:00\" \/>\n<meta property=\"article:modified_time\" content=\"2023-02-15T22:31:08+00:00\" \/>\n<meta property=\"og:image\" content=\"https:\/\/www.nettali.com\/wp-content\/uploads\/2022\/08\/justice.jpg\" \/>\n\t<meta property=\"og:image:width\" content=\"808\" \/>\n\t<meta property=\"og:image:height\" content=\"463\" \/>\n<meta name=\"twitter:card\" content=\"summary_large_image\" \/>\n<meta name=\"twitter:label1\" content=\"\u00c9crit par\" \/>\n\t<meta name=\"twitter:data1\" content=\"Fatou\" \/>\n\t<meta name=\"twitter:label2\" content=\"Dur\u00e9e de lecture estim\u00e9e\" \/>\n\t<meta name=\"twitter:data2\" content=\"3 minutes\" \/>\n<script type=\"application\/ld+json\" class=\"yoast-schema-graph\">{\"@context\":\"https:\/\/schema.org\",\"@graph\":[{\"@type\":\"WebSite\",\"@id\":\"https:\/\/www.nettali.com\/#website\",\"url\":\"https:\/\/www.nettali.com\/\",\"name\":\"Nettali.com\",\"description\":\"Le rendez-vous critique du Net\",\"potentialAction\":[{\"@type\":\"SearchAction\",\"target\":{\"@type\":\"EntryPoint\",\"urlTemplate\":\"https:\/\/www.nettali.com\/?s={search_term_string}\"},\"query-input\":\"required name=search_term_string\"}],\"inLanguage\":\"fr-FR\"},{\"@type\":\"ImageObject\",\"@id\":\"https:\/\/www.nettali.com\/2023\/02\/15\/detournement-le-responsable-administratif-et-financier-de-bem-poursuivi\/#primaryimage\",\"inLanguage\":\"fr-FR\",\"url\":\"https:\/\/www.nettali.com\/wp-content\/uploads\/2022\/08\/justice.jpg\",\"contentUrl\":\"https:\/\/www.nettali.com\/wp-content\/uploads\/2022\/08\/justice.jpg\",\"width\":808,\"height\":463},{\"@type\":\"WebPage\",\"@id\":\"https:\/\/www.nettali.com\/2023\/02\/15\/detournement-le-responsable-administratif-et-financier-de-bem-poursuivi\/#webpage\",\"url\":\"https:\/\/www.nettali.com\/2023\/02\/15\/detournement-le-responsable-administratif-et-financier-de-bem-poursuivi\/\",\"name\":\"DETOURNEMENT - Le responsable administratif et financier de Bem poursuivi | Nettali.com\",\"isPartOf\":{\"@id\":\"https:\/\/www.nettali.com\/#website\"},\"primaryImageOfPage\":{\"@id\":\"https:\/\/www.nettali.com\/2023\/02\/15\/detournement-le-responsable-administratif-et-financier-de-bem-poursuivi\/#primaryimage\"},\"datePublished\":\"2023-02-15T08:11:08+00:00\",\"dateModified\":\"2023-02-15T22:31:08+00:00\",\"author\":{\"@id\":\"https:\/\/www.nettali.com\/#\/schema\/person\/418274a86bdf87caff7a3ef476bd0bbf\"},\"breadcrumb\":{\"@id\":\"https:\/\/www.nettali.com\/2023\/02\/15\/detournement-le-responsable-administratif-et-financier-de-bem-poursuivi\/#breadcrumb\"},\"inLanguage\":\"fr-FR\",\"potentialAction\":[{\"@type\":\"ReadAction\",\"target\":[\"https:\/\/www.nettali.com\/2023\/02\/15\/detournement-le-responsable-administratif-et-financier-de-bem-poursuivi\/\"]}]},{\"@type\":\"BreadcrumbList\",\"@id\":\"https:\/\/www.nettali.com\/2023\/02\/15\/detournement-le-responsable-administratif-et-financier-de-bem-poursuivi\/#breadcrumb\",\"itemListElement\":[{\"@type\":\"ListItem\",\"position\":1,\"name\":\"Accueil\",\"item\":\"https:\/\/www.nettali.com\/\"},{\"@type\":\"ListItem\",\"position\":2,\"name\":\"DETOURNEMENT - Le responsable administratif et financier de Bem poursuivi\"}]},{\"@type\":\"Person\",\"@id\":\"https:\/\/www.nettali.com\/#\/schema\/person\/418274a86bdf87caff7a3ef476bd0bbf\",\"name\":\"Fatou\",\"image\":{\"@type\":\"ImageObject\",\"@id\":\"https:\/\/www.nettali.com\/#personlogo\",\"inLanguage\":\"fr-FR\",\"url\":\"https:\/\/secure.gravatar.com\/avatar\/5a9442a2bee7b4dcf167cab035858e9a?s=96&d=mm&r=g\",\"contentUrl\":\"https:\/\/secure.gravatar.com\/avatar\/5a9442a2bee7b4dcf167cab035858e9a?s=96&d=mm&r=g\",\"caption\":\"Fatou\"},\"sameAs\":[\"https:\/\/www.nettali.com\"]}]}<\/script>\n<!-- \/ Yoast SEO Premium plugin. -->","yoast_head_json":{"title":"DETOURNEMENT - Le responsable administratif et financier de Bem poursuivi | Nettali.com","robots":{"index":"index","follow":"follow","max-snippet":"max-snippet:-1","max-image-preview":"max-image-preview:large","max-video-preview":"max-video-preview:-1"},"canonical":"https:\/\/www.nettali.com\/2023\/02\/15\/detournement-le-responsable-administratif-et-financier-de-bem-poursuivi\/","og_locale":"fr_FR","og_type":"article","og_title":"DETOURNEMENT - Le responsable administratif et financier de Bem poursuivi","og_description":"NETTALI.COM - Attrait \u00e0 la barre du tribunal des flagrants d\u00e9lits de Dakar pour abus de confiance portant sur un d\u00e9tournement de plus de 63 millions de francs CFA, Doudou S\u00e8ne, responsable administratif et financier de Bem Dakar, conna\u00eetra son sort le 21 f\u00e9vrier prochain. Doudou S\u00e8ne, responsable administratif et financier de Dakar university of [&hellip;]","og_url":"https:\/\/www.nettali.com\/2023\/02\/15\/detournement-le-responsable-administratif-et-financier-de-bem-poursuivi\/","og_site_name":"Nettali.com","article_publisher":"https:\/\/www.facebook.com\/nettalicom","article_published_time":"2023-02-15T08:11:08+00:00","article_modified_time":"2023-02-15T22:31:08+00:00","og_image":[{"width":808,"height":463,"url":"https:\/\/www.nettali.com\/wp-content\/uploads\/2022\/08\/justice.jpg","type":"image\/jpeg"}],"twitter_card":"summary_large_image","twitter_misc":{"\u00c9crit par":"Fatou","Dur\u00e9e de lecture estim\u00e9e":"3 minutes"},"schema":{"@context":"https:\/\/schema.org","@graph":[{"@type":"WebSite","@id":"https:\/\/www.nettali.com\/#website","url":"https:\/\/www.nettali.com\/","name":"Nettali.com","description":"Le rendez-vous critique du Net","potentialAction":[{"@type":"SearchAction","target":{"@type":"EntryPoint","urlTemplate":"https:\/\/www.nettali.com\/?s={search_term_string}"},"query-input":"required name=search_term_string"}],"inLanguage":"fr-FR"},{"@type":"ImageObject","@id":"https:\/\/www.nettali.com\/2023\/02\/15\/detournement-le-responsable-administratif-et-financier-de-bem-poursuivi\/#primaryimage","inLanguage":"fr-FR","url":"https:\/\/www.nettali.com\/wp-content\/uploads\/2022\/08\/justice.jpg","contentUrl":"https:\/\/www.nettali.com\/wp-content\/uploads\/2022\/08\/justice.jpg","width":808,"height":463},{"@type":"WebPage","@id":"https:\/\/www.nettali.com\/2023\/02\/15\/detournement-le-responsable-administratif-et-financier-de-bem-poursuivi\/#webpage","url":"https:\/\/www.nettali.com\/2023\/02\/15\/detournement-le-responsable-administratif-et-financier-de-bem-poursuivi\/","name":"DETOURNEMENT - Le responsable administratif et financier de Bem poursuivi | Nettali.com","isPartOf":{"@id":"https:\/\/www.nettali.com\/#website"},"primaryImageOfPage":{"@id":"https:\/\/www.nettali.com\/2023\/02\/15\/detournement-le-responsable-administratif-et-financier-de-bem-poursuivi\/#primaryimage"},"datePublished":"2023-02-15T08:11:08+00:00","dateModified":"2023-02-15T22:31:08+00:00","author":{"@id":"https:\/\/www.nettali.com\/#\/schema\/person\/418274a86bdf87caff7a3ef476bd0bbf"},"breadcrumb":{"@id":"https:\/\/www.nettali.com\/2023\/02\/15\/detournement-le-responsable-administratif-et-financier-de-bem-poursuivi\/#breadcrumb"},"inLanguage":"fr-FR","potentialAction":[{"@type":"ReadAction","target":["https:\/\/www.nettali.com\/2023\/02\/15\/detournement-le-responsable-administratif-et-financier-de-bem-poursuivi\/"]}]},{"@type":"BreadcrumbList","@id":"https:\/\/www.nettali.com\/2023\/02\/15\/detournement-le-responsable-administratif-et-financier-de-bem-poursuivi\/#breadcrumb","itemListElement":[{"@type":"ListItem","position":1,"name":"Accueil","item":"https:\/\/www.nettali.com\/"},{"@type":"ListItem","position":2,"name":"DETOURNEMENT - Le responsable administratif et financier de Bem poursuivi"}]},{"@type":"Person","@id":"https:\/\/www.nettali.com\/#\/schema\/person\/418274a86bdf87caff7a3ef476bd0bbf","name":"Fatou","image":{"@type":"ImageObject","@id":"https:\/\/www.nettali.com\/#personlogo","inLanguage":"fr-FR","url":"https:\/\/secure.gravatar.com\/avatar\/5a9442a2bee7b4dcf167cab035858e9a?s=96&d=mm&r=g","contentUrl":"https:\/\/secure.gravatar.com\/avatar\/5a9442a2bee7b4dcf167cab035858e9a?s=96&d=mm&r=g","caption":"Fatou"},"sameAs":["https:\/\/www.nettali.com"]}]}},"_links":{"self":[{"href":"https:\/\/www.nettali.com\/rest\/wp\/v2\/posts\/104154"}],"collection":[{"href":"https:\/\/www.nettali.com\/rest\/wp\/v2\/posts"}],"about":[{"href":"https:\/\/www.nettali.com\/rest\/wp\/v2\/types\/post"}],"author":[{"embeddable":true,"href":"https:\/\/www.nettali.com\/rest\/wp\/v2\/users\/6"}],"replies":[{"embeddable":true,"href":"https:\/\/www.nettali.com\/rest\/wp\/v2\/comments?post=104154"}],"version-history":[{"count":4,"href":"https:\/\/www.nettali.com\/rest\/wp\/v2\/posts\/104154\/revisions"}],"predecessor-version":[{"id":104224,"href":"https:\/\/www.nettali.com\/rest\/wp\/v2\/posts\/104154\/revisions\/104224"}],"wp:featuredmedia":[{"embeddable":true,"href":"https:\/\/www.nettali.com\/rest\/wp\/v2\/media\/91302"}],"wp:attachment":[{"href":"https:\/\/www.nettali.com\/rest\/wp\/v2\/media?parent=104154"}],"wp:term":[{"taxonomy":"category","embeddable":true,"href":"https:\/\/www.nettali.com\/rest\/wp\/v2\/categories?post=104154"},{"taxonomy":"post_tag","embeddable":true,"href":"https:\/\/www.nettali.com\/rest\/wp\/v2\/tags?post=104154"}],"curies":[{"name":"wp","href":"https:\/\/api.w.org\/{rel}","templated":true}]}}