{"id":104099,"date":"2023-02-14T08:07:31","date_gmt":"2023-02-14T08:07:31","guid":{"rendered":"https:\/\/www.nettali.com\/?p=104099"},"modified":"2023-02-14T08:07:31","modified_gmt":"2023-02-14T08:07:31","slug":"en-coulisses-les-avocats-de-sonko-devant-la-chambre-daccusation-ce-mardi","status":"publish","type":"post","link":"https:\/\/www.nettali.com\/2023\/02\/14\/en-coulisses-les-avocats-de-sonko-devant-la-chambre-daccusation-ce-mardi\/","title":{"rendered":"EN COULISSES \u2013 Les avocats de Sonko devant la chambre d\u2019accusation ce mardi"},"content":{"rendered":"<p>NETTALI.COM - Les avocats de Ousmane Sonko seront ce mardi devant la chambre d\u2019accusation de la Cour d\u2019appel. Ils avaient fait appel de la d\u00e9cision du Doyen des juges de renvoyer leur client devant la chambre criminelle pour r\u00e9pondre des accusations de viol et de menaces de mort, formul\u00e9es \u00e0 son encontre par l\u2019ancienne masseuse, Adji Sarr.<\/p>\n<p>Les deux parties \u00e9taient face-\u00e0-face jeudi dernier. Mais les conseils de Ousmane Sonko avaient demand\u00e9 et obtenu le report de l\u2019audience afin de s\u2019impr\u00e9gner du dossier. La partie civile et le parquet s\u2019\u00e9taient oppos\u00e9 au renvoi. Finalement, le juge a estim\u00e9 devoir acc\u00e9der \u00e0 la demande des avocats de Sonko.<\/p>\n<p>&nbsp;<\/p>\n<div class='share-to-whatsapp-wrapper'><div class='share-on-whsp'>PARTAGER SUR : <\/div><a data-text='EN COULISSES \u2013 Les avocats de Sonko devant la chambre d\u2019accusation ce mardi' data-link='https:\/\/www.nettali.com\/2023\/02\/14\/en-coulisses-les-avocats-de-sonko-devant-la-chambre-daccusation-ce-mardi\/' class='whatsapp-button whatsapp-share'>WhatsApp<\/a><div class='clear '><\/div><\/div>","protected":false},"excerpt":{"rendered":"<p>NETTALI.COM - Les avocats de Ousmane Sonko seront ce mardi devant la chambre d\u2019accusation de la Cour d\u2019appel. Ils avaient fait appel de la d\u00e9cision du Doyen des juges de renvoyer leur client devant la chambre criminelle pour r\u00e9pondre des accusations de viol et de menaces de mort, formul\u00e9es \u00e0 son encontre par l\u2019ancienne masseuse, [&hellip;]<\/p>\n","protected":false},"author":4,"featured_media":84390,"comment_status":"open","ping_status":"open","sticky":false,"template":"","format":"standard","meta":{"_et_pb_use_builder":"","_et_pb_old_content":""},"categories":[34945],"tags":[],"yoast_head":"<!-- This site is optimized with the Yoast SEO Premium plugin v17.8 (Yoast SEO v17.8) - https:\/\/yoast.com\/wordpress\/plugins\/seo\/ -->\n<title>EN COULISSES \u2013 Les avocats de Sonko devant la chambre d\u2019accusation ce mardi | Nettali.com<\/title>\n<meta name=\"robots\" content=\"index, follow, max-snippet:-1, max-image-preview:large, max-video-preview:-1\" \/>\n<link rel=\"canonical\" href=\"https:\/\/www.nettali.com\/2023\/02\/14\/en-coulisses-les-avocats-de-sonko-devant-la-chambre-daccusation-ce-mardi\/\" \/>\n<meta property=\"og:locale\" content=\"fr_FR\" \/>\n<meta property=\"og:type\" content=\"article\" \/>\n<meta property=\"og:title\" content=\"EN COULISSES \u2013 Les avocats de Sonko devant la chambre d\u2019accusation ce mardi\" \/>\n<meta property=\"og:description\" content=\"NETTALI.COM - Les avocats de Ousmane Sonko seront ce mardi devant la chambre d\u2019accusation de la Cour d\u2019appel. Ils avaient fait appel de la d\u00e9cision du Doyen des juges de renvoyer leur client devant la chambre criminelle pour r\u00e9pondre des accusations de viol et de menaces de mort, formul\u00e9es \u00e0 son encontre par l\u2019ancienne masseuse, [&hellip;]\" \/>\n<meta property=\"og:url\" content=\"https:\/\/www.nettali.com\/2023\/02\/14\/en-coulisses-les-avocats-de-sonko-devant-la-chambre-daccusation-ce-mardi\/\" \/>\n<meta property=\"og:site_name\" content=\"Nettali.com\" \/>\n<meta property=\"article:publisher\" content=\"https:\/\/www.facebook.com\/nettalicom\" \/>\n<meta property=\"article:published_time\" content=\"2023-02-14T08:07:31+00:00\" \/>\n<meta property=\"og:image\" content=\"https:\/\/www.nettali.com\/wp-content\/uploads\/2022\/04\/Sonko-avocats.jpeg\" \/>\n\t<meta property=\"og:image:width\" content=\"755\" \/>\n\t<meta property=\"og:image:height\" content=\"445\" \/>\n<meta name=\"twitter:card\" content=\"summary_large_image\" \/>\n<meta name=\"twitter:label1\" content=\"\u00c9crit par\" \/>\n\t<meta name=\"twitter:data1\" content=\"Daouda\" \/>\n\t<meta name=\"twitter:label2\" content=\"Dur\u00e9e de lecture estim\u00e9e\" \/>\n\t<meta name=\"twitter:data2\" content=\"1 minute\" \/>\n<script type=\"application\/ld+json\" class=\"yoast-schema-graph\">{\"@context\":\"https:\/\/schema.org\",\"@graph\":[{\"@type\":\"WebSite\",\"@id\":\"https:\/\/www.nettali.com\/#website\",\"url\":\"https:\/\/www.nettali.com\/\",\"name\":\"Nettali.com\",\"description\":\"Le rendez-vous critique du Net\",\"potentialAction\":[{\"@type\":\"SearchAction\",\"target\":{\"@type\":\"EntryPoint\",\"urlTemplate\":\"https:\/\/www.nettali.com\/?s={search_term_string}\"},\"query-input\":\"required name=search_term_string\"}],\"inLanguage\":\"fr-FR\"},{\"@type\":\"ImageObject\",\"@id\":\"https:\/\/www.nettali.com\/2023\/02\/14\/en-coulisses-les-avocats-de-sonko-devant-la-chambre-daccusation-ce-mardi\/#primaryimage\",\"inLanguage\":\"fr-FR\",\"url\":\"https:\/\/www.nettali.com\/wp-content\/uploads\/2022\/04\/Sonko-avocats.jpeg\",\"contentUrl\":\"https:\/\/www.nettali.com\/wp-content\/uploads\/2022\/04\/Sonko-avocats.jpeg\",\"width\":755,\"height\":445},{\"@type\":\"WebPage\",\"@id\":\"https:\/\/www.nettali.com\/2023\/02\/14\/en-coulisses-les-avocats-de-sonko-devant-la-chambre-daccusation-ce-mardi\/#webpage\",\"url\":\"https:\/\/www.nettali.com\/2023\/02\/14\/en-coulisses-les-avocats-de-sonko-devant-la-chambre-daccusation-ce-mardi\/\",\"name\":\"EN COULISSES \\u2013 Les avocats de Sonko devant la chambre d\\u2019accusation ce mardi | Nettali.com\",\"isPartOf\":{\"@id\":\"https:\/\/www.nettali.com\/#website\"},\"primaryImageOfPage\":{\"@id\":\"https:\/\/www.nettali.com\/2023\/02\/14\/en-coulisses-les-avocats-de-sonko-devant-la-chambre-daccusation-ce-mardi\/#primaryimage\"},\"datePublished\":\"2023-02-14T08:07:31+00:00\",\"dateModified\":\"2023-02-14T08:07:31+00:00\",\"author\":{\"@id\":\"https:\/\/www.nettali.com\/#\/schema\/person\/3317e0bb3aa1da309fbf7b2780901bf4\"},\"breadcrumb\":{\"@id\":\"https:\/\/www.nettali.com\/2023\/02\/14\/en-coulisses-les-avocats-de-sonko-devant-la-chambre-daccusation-ce-mardi\/#breadcrumb\"},\"inLanguage\":\"fr-FR\",\"potentialAction\":[{\"@type\":\"ReadAction\",\"target\":[\"https:\/\/www.nettali.com\/2023\/02\/14\/en-coulisses-les-avocats-de-sonko-devant-la-chambre-daccusation-ce-mardi\/\"]}]},{\"@type\":\"BreadcrumbList\",\"@id\":\"https:\/\/www.nettali.com\/2023\/02\/14\/en-coulisses-les-avocats-de-sonko-devant-la-chambre-daccusation-ce-mardi\/#breadcrumb\",\"itemListElement\":[{\"@type\":\"ListItem\",\"position\":1,\"name\":\"Accueil\",\"item\":\"https:\/\/www.nettali.com\/\"},{\"@type\":\"ListItem\",\"position\":2,\"name\":\"EN COULISSES \\u2013 Les avocats de Sonko devant la chambre d\\u2019accusation ce mardi\"}]},{\"@type\":\"Person\",\"@id\":\"https:\/\/www.nettali.com\/#\/schema\/person\/3317e0bb3aa1da309fbf7b2780901bf4\",\"name\":\"Daouda\",\"image\":{\"@type\":\"ImageObject\",\"@id\":\"https:\/\/www.nettali.com\/#personlogo\",\"inLanguage\":\"fr-FR\",\"url\":\"https:\/\/secure.gravatar.com\/avatar\/8d143b5a49345098ddcfee1c49c2f47c?s=96&d=mm&r=g\",\"contentUrl\":\"https:\/\/secure.gravatar.com\/avatar\/8d143b5a49345098ddcfee1c49c2f47c?s=96&d=mm&r=g\",\"caption\":\"Daouda\"},\"sameAs\":[\"https:\/\/www.nettali.com\"]}]}<\/script>\n<!-- \/ Yoast SEO Premium plugin. -->","yoast_head_json":{"title":"EN COULISSES \u2013 Les avocats de Sonko devant la chambre d\u2019accusation ce mardi | Nettali.com","robots":{"index":"index","follow":"follow","max-snippet":"max-snippet:-1","max-image-preview":"max-image-preview:large","max-video-preview":"max-video-preview:-1"},"canonical":"https:\/\/www.nettali.com\/2023\/02\/14\/en-coulisses-les-avocats-de-sonko-devant-la-chambre-daccusation-ce-mardi\/","og_locale":"fr_FR","og_type":"article","og_title":"EN COULISSES \u2013 Les avocats de Sonko devant la chambre d\u2019accusation ce mardi","og_description":"NETTALI.COM - Les avocats de Ousmane Sonko seront ce mardi devant la chambre d\u2019accusation de la Cour d\u2019appel. Ils avaient fait appel de la d\u00e9cision du Doyen des juges de renvoyer leur client devant la chambre criminelle pour r\u00e9pondre des accusations de viol et de menaces de mort, formul\u00e9es \u00e0 son encontre par l\u2019ancienne masseuse, [&hellip;]","og_url":"https:\/\/www.nettali.com\/2023\/02\/14\/en-coulisses-les-avocats-de-sonko-devant-la-chambre-daccusation-ce-mardi\/","og_site_name":"Nettali.com","article_publisher":"https:\/\/www.facebook.com\/nettalicom","article_published_time":"2023-02-14T08:07:31+00:00","og_image":[{"width":755,"height":445,"url":"https:\/\/www.nettali.com\/wp-content\/uploads\/2022\/04\/Sonko-avocats.jpeg","type":"image\/jpeg"}],"twitter_card":"summary_large_image","twitter_misc":{"\u00c9crit par":"Daouda","Dur\u00e9e de lecture estim\u00e9e":"1 minute"},"schema":{"@context":"https:\/\/schema.org","@graph":[{"@type":"WebSite","@id":"https:\/\/www.nettali.com\/#website","url":"https:\/\/www.nettali.com\/","name":"Nettali.com","description":"Le rendez-vous critique du Net","potentialAction":[{"@type":"SearchAction","target":{"@type":"EntryPoint","urlTemplate":"https:\/\/www.nettali.com\/?s={search_term_string}"},"query-input":"required name=search_term_string"}],"inLanguage":"fr-FR"},{"@type":"ImageObject","@id":"https:\/\/www.nettali.com\/2023\/02\/14\/en-coulisses-les-avocats-de-sonko-devant-la-chambre-daccusation-ce-mardi\/#primaryimage","inLanguage":"fr-FR","url":"https:\/\/www.nettali.com\/wp-content\/uploads\/2022\/04\/Sonko-avocats.jpeg","contentUrl":"https:\/\/www.nettali.com\/wp-content\/uploads\/2022\/04\/Sonko-avocats.jpeg","width":755,"height":445},{"@type":"WebPage","@id":"https:\/\/www.nettali.com\/2023\/02\/14\/en-coulisses-les-avocats-de-sonko-devant-la-chambre-daccusation-ce-mardi\/#webpage","url":"https:\/\/www.nettali.com\/2023\/02\/14\/en-coulisses-les-avocats-de-sonko-devant-la-chambre-daccusation-ce-mardi\/","name":"EN COULISSES \u2013 Les avocats de Sonko devant la chambre d\u2019accusation ce mardi | Nettali.com","isPartOf":{"@id":"https:\/\/www.nettali.com\/#website"},"primaryImageOfPage":{"@id":"https:\/\/www.nettali.com\/2023\/02\/14\/en-coulisses-les-avocats-de-sonko-devant-la-chambre-daccusation-ce-mardi\/#primaryimage"},"datePublished":"2023-02-14T08:07:31+00:00","dateModified":"2023-02-14T08:07:31+00:00","author":{"@id":"https:\/\/www.nettali.com\/#\/schema\/person\/3317e0bb3aa1da309fbf7b2780901bf4"},"breadcrumb":{"@id":"https:\/\/www.nettali.com\/2023\/02\/14\/en-coulisses-les-avocats-de-sonko-devant-la-chambre-daccusation-ce-mardi\/#breadcrumb"},"inLanguage":"fr-FR","potentialAction":[{"@type":"ReadAction","target":["https:\/\/www.nettali.com\/2023\/02\/14\/en-coulisses-les-avocats-de-sonko-devant-la-chambre-daccusation-ce-mardi\/"]}]},{"@type":"BreadcrumbList","@id":"https:\/\/www.nettali.com\/2023\/02\/14\/en-coulisses-les-avocats-de-sonko-devant-la-chambre-daccusation-ce-mardi\/#breadcrumb","itemListElement":[{"@type":"ListItem","position":1,"name":"Accueil","item":"https:\/\/www.nettali.com\/"},{"@type":"ListItem","position":2,"name":"EN COULISSES \u2013 Les avocats de Sonko devant la chambre d\u2019accusation ce mardi"}]},{"@type":"Person","@id":"https:\/\/www.nettali.com\/#\/schema\/person\/3317e0bb3aa1da309fbf7b2780901bf4","name":"Daouda","image":{"@type":"ImageObject","@id":"https:\/\/www.nettali.com\/#personlogo","inLanguage":"fr-FR","url":"https:\/\/secure.gravatar.com\/avatar\/8d143b5a49345098ddcfee1c49c2f47c?s=96&d=mm&r=g","contentUrl":"https:\/\/secure.gravatar.com\/avatar\/8d143b5a49345098ddcfee1c49c2f47c?s=96&d=mm&r=g","caption":"Daouda"},"sameAs":["https:\/\/www.nettali.com"]}]}},"_links":{"self":[{"href":"https:\/\/www.nettali.com\/rest\/wp\/v2\/posts\/104099"}],"collection":[{"href":"https:\/\/www.nettali.com\/rest\/wp\/v2\/posts"}],"about":[{"href":"https:\/\/www.nettali.com\/rest\/wp\/v2\/types\/post"}],"author":[{"embeddable":true,"href":"https:\/\/www.nettali.com\/rest\/wp\/v2\/users\/4"}],"replies":[{"embeddable":true,"href":"https:\/\/www.nettali.com\/rest\/wp\/v2\/comments?post=104099"}],"version-history":[{"count":1,"href":"https:\/\/www.nettali.com\/rest\/wp\/v2\/posts\/104099\/revisions"}],"predecessor-version":[{"id":104100,"href":"https:\/\/www.nettali.com\/rest\/wp\/v2\/posts\/104099\/revisions\/104100"}],"wp:featuredmedia":[{"embeddable":true,"href":"https:\/\/www.nettali.com\/rest\/wp\/v2\/media\/84390"}],"wp:attachment":[{"href":"https:\/\/www.nettali.com\/rest\/wp\/v2\/media?parent=104099"}],"wp:term":[{"taxonomy":"category","embeddable":true,"href":"https:\/\/www.nettali.com\/rest\/wp\/v2\/categories?post=104099"},{"taxonomy":"post_tag","embeddable":true,"href":"https:\/\/www.nettali.com\/rest\/wp\/v2\/tags?post=104099"}],"curies":[{"name":"wp","href":"https:\/\/api.w.org\/{rel}","templated":true}]}}