{"id":103976,"date":"2023-02-11T20:48:15","date_gmt":"2023-02-11T20:48:15","guid":{"rendered":"https:\/\/www.nettali.com\/?p=103976"},"modified":"2023-02-16T08:10:11","modified_gmt":"2023-02-16T08:10:11","slug":"prytanee-militaire-de-saint-louis-un-siecle-dexcellente-et-dintegration","status":"publish","type":"post","link":"https:\/\/www.nettali.com\/2023\/02\/11\/prytanee-militaire-de-saint-louis-un-siecle-dexcellente-et-dintegration\/","title":{"rendered":"PRYTAN\u00c9E MILITAIRE DE SAINT-LOUIS - Un si\u00e8cle d'excellence et d'int\u00e9gration"},"content":{"rendered":"<p><strong>NETTALI.COM - Ce sont pr\u00e8s de 3.000 Anciens enfants de troupe qui se sont donn\u00e9s rendez-vous, \u00e0 Saint-Louis, ce samedi 11 f\u00e9vrier, pour c\u00e9l\u00e9brer les 100 d'existence du Prytan\u00e9e militaire Charles Ntchor\u00e9r\u00e9. Un si\u00e8cle de constance dans l\u2019excellence et au service de l'int\u00e9gration africaine.<\/strong><\/p>\n<p>\"<em>C'est est en 1923, que naissait dans cette belle et mythique ville du S\u00e9n\u00e9gal, l'\u00e9cole des Enfants de troupe qui, de mutation en mutation, est devenue le Prytan\u00e9e Militaire Charles Ntchor\u00e9r\u00e9 ( un Officier fran\u00e7ais d'origine gabonaise) (...) Le Prytan\u00e9e militaire de Saint-Louis, c'est cette \u00e9cole-l\u00e0 qui nous a tous fa\u00e7onn\u00e9s. Il accueille aujourd'hui en son sein les 15 pays africains suivants : B\u00e9nin, Burkina Faso, Cameroun, R\u00e9publique Centrafricaine, Congo Brazzaville, C\u00f4te d'Ivoire, Gabon, Gambie, Guin\u00e9e Conakry, Guin\u00e9e Bissau, Tchad, Niger, Mauritanie, Mali et S\u00e9n\u00e9gal<\/em>\", a laiss\u00e9 entendre, dans son discours, le pr\u00e9sident de l'Amicale des anciens enfants de troupe, Saliou Momar Dieng.<\/p>\n<p>A l'en croire, c'est ce qui fait de cette \u00e9cole, un centre d'excellence qui abolit aussi bien les barri\u00e8res linguistiques, ethniques, culturelles que nationales, en fondant dans un m\u00eame moule d'amiti\u00e9, de solidarit\u00e9 et de fraternit\u00e9 sinc\u00e8res, des enfants issus d'horizons divers. Autant dire que cette \u00e9cole est un bel exemple d'int\u00e9gration africaine r\u00e9ussie.<\/p>\n<p>\"<em>Cette \u00e9cole d'excellence, cent ans durant, a en effet accueilli, \u00e9duqu\u00e9, instruit et form\u00e9 des g\u00e9n\u00e9rations de hauts cadres des administrations militaires et civiles de leurs pays respectifs qui, \u00e0 toutes les \u00e9tapes de leurs cursus scolaires et de leurs vies futures, ont toujours cherch\u00e9 \u00e0 servir. <\/em><em>Ce qui n'est en r\u00e9alit\u00e9 que l'aboutissement de la devise de l'\u00e9cole : \" Savoir pour mieux servir \".<\/em><\/p>\n<p><em>\"Un \u00e9tat de fait rendu possible gr\u00e2ce \u00e0 l'action combin\u00e9e d'un corps professoral d\u00e9vou\u00e9 et m\u00fb par un sacerdoce <\/em><em>in\u00e9gal\u00e9. Mais aussi par un encadrement militaire, de diff\u00e9rentes nationalit\u00e9s, assis sur la rigueur et la discipline militaires et charg\u00e9 de veiller sur les enfants que nous \u00e9tions, nuit et<\/em> <em>jour, en bons p\u00e8res de famille, conscients de leur r\u00f4le. Ils nous ont encadr\u00e9, guid\u00e9, conseill\u00e9, mais aussi r\u00e9primand\u00e9 \u00e0 chaque fois que n\u00e9cessaire, dans le seul but de nous<\/em> <em>rendre aptes \u00e0 servir avec abn\u00e9gation<\/em>\", a ajout\u00e9 le pr\u00e9sident Dieng.<\/p>\n<p>Avant de lancer un message fort aux Enfants de troupe, pensionnaires de l'\u00e9cole. \"<em>Que dire des v\u00e9n\u00e9rables anciens ? Ils nous ont habitu\u00e9s et appris les rudiments de la vie d'enfant de troupe dans un esprit fraternel et aussi pour perp\u00e9tuer les traditions qui rendent si sp\u00e9cial le passage dans cette \u00e9cole. C'est cela le socle du droit d'a\u00eenesse et du respect solidement ancr\u00e9s dans nos cultures africaines. Aux jeunes pensionnaires du PMS, je voudrais vous dire que vous \u00eates \u00e9duqu\u00e9s et encadr\u00e9s suivant des normes militaires dans le souci de l'acceptation des uns et des autres, dans la diversit\u00e9 des cultures et religions diff\u00e9rentes. Cet environnement vous fa\u00e7onnera et vous inculquera sans aucun doute, l'esprit de corps que vous perp\u00e9tuerez plus tard quand vous deviendrez \" Anciens Enfants de Troupe \". L<\/em><em>e destin, va in\u00e9luctablement vous s\u00e9parer. Certains dans la vie militaire, les autres dans la vie civile. Malgr\u00e9 ces diff\u00e9rences de parcours, demeurez toujours anim\u00e9s par la flamme qui ne s'\u00e9teint jamais, dans la solidarit\u00e9, le partage, la fraternit\u00e9 de l'internat militaire pour perp\u00e9tuer ces valeurs humaines de nos amicales respectives d'AET qui restent toujours marqu\u00e9es par la vision fondamentale du \" Savoir faire pour mieux servir \"et la solidarit\u00e9 vis-\u00e0-vis de ses membres et de la collectivit\u00e9<\/em>\", a insist\u00e9 Saliou Momar Dieng.<\/p>\n<p>Selon le pr\u00e9sident de l'AAET, c'est pour ces raisons que les anciens pensionnaires de cet \u00e9tablissement ont, dit-il \"<em>en commun ce sentiment d'\u00eatre redevables \u00e0 vie au PMS et \u00e0 son environnement imm\u00e9diat. Les activit\u00e9s civilo-militaires dans le cadre du \" D\u00e9llo Njoukeul \" 2023 (collecte citoyenne,<\/em> <em>dons de fournitures scolaires, de kits alimentaires pour 100 familles, constructions et r\u00e9fections de salles de classe, consultations m\u00e9dicales gratuites dans diff\u00e9rentes sp\u00e9cialit\u00e9s, d\u00e9ploiement d'un h\u00f4pital de campagne, reboisement et plantation d'un arbore<\/em><em>tum...) au b\u00e9n\u00e9fice des populations de Bango, en sont une illustration parfaite. C'est aussi cela l'objet et la vision de la c\u00e9l\u00e9bration de ce centenaire<\/em>.\"<\/p>\n<p>Rappelons que pour \u00eatre admis au Prytan\u00e9e militaire, il faut \u00eatre \u00e2g\u00e9 entre 10 et 14 ans et passer par un concours tr\u00e8s s\u00e9lectif. Chaque ann\u00e9e, sur plus de 3.000 candidats, seule une soixantaine est admise. Autant dire qu'il faudra avoir un excellent niveau de CM2 et aussi la chance de r\u00e9ussir.<\/p>\n<div class='share-to-whatsapp-wrapper'><div class='share-on-whsp'>PARTAGER SUR : <\/div><a data-text='PRYTAN\u00c9E MILITAIRE DE SAINT-LOUIS - Un si\u00e8cle d'excellence et d'int\u00e9gration' data-link='https:\/\/www.nettali.com\/2023\/02\/11\/prytanee-militaire-de-saint-louis-un-siecle-dexcellente-et-dintegration\/' class='whatsapp-button whatsapp-share'>WhatsApp<\/a><div class='clear '><\/div><\/div>","protected":false},"excerpt":{"rendered":"<p>NETTALI.COM - Ce sont pr\u00e8s de 3.000 Anciens enfants de troupe qui se sont donn\u00e9s rendez-vous, \u00e0 Saint-Louis, ce samedi 11 f\u00e9vrier, pour c\u00e9l\u00e9brer les 100 d'existence du Prytan\u00e9e militaire Charles Ntchor\u00e9r\u00e9. Un si\u00e8cle de constance dans l\u2019excellence et au service de l'int\u00e9gration africaine. \"C'est est en 1923, que naissait dans cette belle et mythique [&hellip;]<\/p>\n","protected":false},"author":5,"featured_media":104080,"comment_status":"open","ping_status":"open","sticky":false,"template":"","format":"standard","meta":{"_et_pb_use_builder":"","_et_pb_old_content":""},"categories":[3],"tags":[],"yoast_head":"<!-- This site is optimized with the Yoast SEO Premium plugin v17.8 (Yoast SEO v17.8) - https:\/\/yoast.com\/wordpress\/plugins\/seo\/ -->\n<title>PRYTAN\u00c9E MILITAIRE DE SAINT-LOUIS - Un si\u00e8cle d&#039;excellence et d&#039;int\u00e9gration | Nettali.com<\/title>\n<meta name=\"robots\" content=\"index, follow, max-snippet:-1, max-image-preview:large, max-video-preview:-1\" \/>\n<link rel=\"canonical\" href=\"https:\/\/www.nettali.com\/2023\/02\/11\/prytanee-militaire-de-saint-louis-un-siecle-dexcellente-et-dintegration\/\" \/>\n<meta property=\"og:locale\" content=\"fr_FR\" \/>\n<meta property=\"og:type\" content=\"article\" \/>\n<meta property=\"og:title\" content=\"PRYTAN\u00c9E MILITAIRE DE SAINT-LOUIS - Un si\u00e8cle d&#039;excellence et d&#039;int\u00e9gration\" \/>\n<meta property=\"og:description\" content=\"NETTALI.COM - Ce sont pr\u00e8s de 3.000 Anciens enfants de troupe qui se sont donn\u00e9s rendez-vous, \u00e0 Saint-Louis, ce samedi 11 f\u00e9vrier, pour c\u00e9l\u00e9brer les 100 d&#039;existence du Prytan\u00e9e militaire Charles Ntchor\u00e9r\u00e9. Un si\u00e8cle de constance dans l\u2019excellence et au service de l&#039;int\u00e9gration africaine. &quot;C&#039;est est en 1923, que naissait dans cette belle et mythique [&hellip;]\" \/>\n<meta property=\"og:url\" content=\"https:\/\/www.nettali.com\/2023\/02\/11\/prytanee-militaire-de-saint-louis-un-siecle-dexcellente-et-dintegration\/\" \/>\n<meta property=\"og:site_name\" content=\"Nettali.com\" \/>\n<meta property=\"article:publisher\" content=\"https:\/\/www.facebook.com\/nettalicom\" \/>\n<meta property=\"article:published_time\" content=\"2023-02-11T20:48:15+00:00\" \/>\n<meta property=\"article:modified_time\" content=\"2023-02-16T08:10:11+00:00\" \/>\n<meta property=\"og:image\" content=\"https:\/\/www.nettali.com\/wp-content\/uploads\/2023\/02\/40fa87903a0c44b997fa5986b58507b1-1.jpg\" \/>\n\t<meta property=\"og:image:width\" content=\"1024\" \/>\n\t<meta property=\"og:image:height\" content=\"683\" \/>\n<meta name=\"twitter:card\" content=\"summary_large_image\" \/>\n<meta name=\"twitter:label1\" content=\"\u00c9crit par\" \/>\n\t<meta name=\"twitter:data1\" content=\"Ibrahima\" \/>\n\t<meta name=\"twitter:label2\" content=\"Dur\u00e9e de lecture estim\u00e9e\" \/>\n\t<meta name=\"twitter:data2\" content=\"4 minutes\" \/>\n<script type=\"application\/ld+json\" class=\"yoast-schema-graph\">{\"@context\":\"https:\/\/schema.org\",\"@graph\":[{\"@type\":\"WebSite\",\"@id\":\"https:\/\/www.nettali.com\/#website\",\"url\":\"https:\/\/www.nettali.com\/\",\"name\":\"Nettali.com\",\"description\":\"Le rendez-vous critique du Net\",\"potentialAction\":[{\"@type\":\"SearchAction\",\"target\":{\"@type\":\"EntryPoint\",\"urlTemplate\":\"https:\/\/www.nettali.com\/?s={search_term_string}\"},\"query-input\":\"required name=search_term_string\"}],\"inLanguage\":\"fr-FR\"},{\"@type\":\"ImageObject\",\"@id\":\"https:\/\/www.nettali.com\/2023\/02\/11\/prytanee-militaire-de-saint-louis-un-siecle-dexcellente-et-dintegration\/#primaryimage\",\"inLanguage\":\"fr-FR\",\"url\":\"https:\/\/www.nettali.com\/wp-content\/uploads\/2023\/02\/40fa87903a0c44b997fa5986b58507b1-1.jpg\",\"contentUrl\":\"https:\/\/www.nettali.com\/wp-content\/uploads\/2023\/02\/40fa87903a0c44b997fa5986b58507b1-1.jpg\",\"width\":1024,\"height\":683},{\"@type\":\"WebPage\",\"@id\":\"https:\/\/www.nettali.com\/2023\/02\/11\/prytanee-militaire-de-saint-louis-un-siecle-dexcellente-et-dintegration\/#webpage\",\"url\":\"https:\/\/www.nettali.com\/2023\/02\/11\/prytanee-militaire-de-saint-louis-un-siecle-dexcellente-et-dintegration\/\",\"name\":\"PRYTAN\\u00c9E MILITAIRE DE SAINT-LOUIS - Un si\\u00e8cle d'excellence et d'int\\u00e9gration | Nettali.com\",\"isPartOf\":{\"@id\":\"https:\/\/www.nettali.com\/#website\"},\"primaryImageOfPage\":{\"@id\":\"https:\/\/www.nettali.com\/2023\/02\/11\/prytanee-militaire-de-saint-louis-un-siecle-dexcellente-et-dintegration\/#primaryimage\"},\"datePublished\":\"2023-02-11T20:48:15+00:00\",\"dateModified\":\"2023-02-16T08:10:11+00:00\",\"author\":{\"@id\":\"https:\/\/www.nettali.com\/#\/schema\/person\/bb147657c2986240405a608162b9bb23\"},\"breadcrumb\":{\"@id\":\"https:\/\/www.nettali.com\/2023\/02\/11\/prytanee-militaire-de-saint-louis-un-siecle-dexcellente-et-dintegration\/#breadcrumb\"},\"inLanguage\":\"fr-FR\",\"potentialAction\":[{\"@type\":\"ReadAction\",\"target\":[\"https:\/\/www.nettali.com\/2023\/02\/11\/prytanee-militaire-de-saint-louis-un-siecle-dexcellente-et-dintegration\/\"]}]},{\"@type\":\"BreadcrumbList\",\"@id\":\"https:\/\/www.nettali.com\/2023\/02\/11\/prytanee-militaire-de-saint-louis-un-siecle-dexcellente-et-dintegration\/#breadcrumb\",\"itemListElement\":[{\"@type\":\"ListItem\",\"position\":1,\"name\":\"Accueil\",\"item\":\"https:\/\/www.nettali.com\/\"},{\"@type\":\"ListItem\",\"position\":2,\"name\":\"PRYTAN\\u00c9E MILITAIRE DE SAINT-LOUIS - Un si\\u00e8cle d'excellence et d'int\\u00e9gration\"}]},{\"@type\":\"Person\",\"@id\":\"https:\/\/www.nettali.com\/#\/schema\/person\/bb147657c2986240405a608162b9bb23\",\"name\":\"Ibrahima\",\"image\":{\"@type\":\"ImageObject\",\"@id\":\"https:\/\/www.nettali.com\/#personlogo\",\"inLanguage\":\"fr-FR\",\"url\":\"https:\/\/secure.gravatar.com\/avatar\/26a8a81f09f0dd7624c9d5c36c9ba3a2?s=96&d=mm&r=g\",\"contentUrl\":\"https:\/\/secure.gravatar.com\/avatar\/26a8a81f09f0dd7624c9d5c36c9ba3a2?s=96&d=mm&r=g\",\"caption\":\"Ibrahima\"},\"sameAs\":[\"https:\/\/www.nettali.com\"]}]}<\/script>\n<!-- \/ Yoast SEO Premium plugin. -->","yoast_head_json":{"title":"PRYTAN\u00c9E MILITAIRE DE SAINT-LOUIS - Un si\u00e8cle d'excellence et d'int\u00e9gration | Nettali.com","robots":{"index":"index","follow":"follow","max-snippet":"max-snippet:-1","max-image-preview":"max-image-preview:large","max-video-preview":"max-video-preview:-1"},"canonical":"https:\/\/www.nettali.com\/2023\/02\/11\/prytanee-militaire-de-saint-louis-un-siecle-dexcellente-et-dintegration\/","og_locale":"fr_FR","og_type":"article","og_title":"PRYTAN\u00c9E MILITAIRE DE SAINT-LOUIS - Un si\u00e8cle d'excellence et d'int\u00e9gration","og_description":"NETTALI.COM - Ce sont pr\u00e8s de 3.000 Anciens enfants de troupe qui se sont donn\u00e9s rendez-vous, \u00e0 Saint-Louis, ce samedi 11 f\u00e9vrier, pour c\u00e9l\u00e9brer les 100 d'existence du Prytan\u00e9e militaire Charles Ntchor\u00e9r\u00e9. Un si\u00e8cle de constance dans l\u2019excellence et au service de l'int\u00e9gration africaine. \"C'est est en 1923, que naissait dans cette belle et mythique [&hellip;]","og_url":"https:\/\/www.nettali.com\/2023\/02\/11\/prytanee-militaire-de-saint-louis-un-siecle-dexcellente-et-dintegration\/","og_site_name":"Nettali.com","article_publisher":"https:\/\/www.facebook.com\/nettalicom","article_published_time":"2023-02-11T20:48:15+00:00","article_modified_time":"2023-02-16T08:10:11+00:00","og_image":[{"width":1024,"height":683,"url":"https:\/\/www.nettali.com\/wp-content\/uploads\/2023\/02\/40fa87903a0c44b997fa5986b58507b1-1.jpg","type":"image\/jpeg"}],"twitter_card":"summary_large_image","twitter_misc":{"\u00c9crit par":"Ibrahima","Dur\u00e9e de lecture estim\u00e9e":"4 minutes"},"schema":{"@context":"https:\/\/schema.org","@graph":[{"@type":"WebSite","@id":"https:\/\/www.nettali.com\/#website","url":"https:\/\/www.nettali.com\/","name":"Nettali.com","description":"Le rendez-vous critique du Net","potentialAction":[{"@type":"SearchAction","target":{"@type":"EntryPoint","urlTemplate":"https:\/\/www.nettali.com\/?s={search_term_string}"},"query-input":"required name=search_term_string"}],"inLanguage":"fr-FR"},{"@type":"ImageObject","@id":"https:\/\/www.nettali.com\/2023\/02\/11\/prytanee-militaire-de-saint-louis-un-siecle-dexcellente-et-dintegration\/#primaryimage","inLanguage":"fr-FR","url":"https:\/\/www.nettali.com\/wp-content\/uploads\/2023\/02\/40fa87903a0c44b997fa5986b58507b1-1.jpg","contentUrl":"https:\/\/www.nettali.com\/wp-content\/uploads\/2023\/02\/40fa87903a0c44b997fa5986b58507b1-1.jpg","width":1024,"height":683},{"@type":"WebPage","@id":"https:\/\/www.nettali.com\/2023\/02\/11\/prytanee-militaire-de-saint-louis-un-siecle-dexcellente-et-dintegration\/#webpage","url":"https:\/\/www.nettali.com\/2023\/02\/11\/prytanee-militaire-de-saint-louis-un-siecle-dexcellente-et-dintegration\/","name":"PRYTAN\u00c9E MILITAIRE DE SAINT-LOUIS - Un si\u00e8cle d'excellence et d'int\u00e9gration | Nettali.com","isPartOf":{"@id":"https:\/\/www.nettali.com\/#website"},"primaryImageOfPage":{"@id":"https:\/\/www.nettali.com\/2023\/02\/11\/prytanee-militaire-de-saint-louis-un-siecle-dexcellente-et-dintegration\/#primaryimage"},"datePublished":"2023-02-11T20:48:15+00:00","dateModified":"2023-02-16T08:10:11+00:00","author":{"@id":"https:\/\/www.nettali.com\/#\/schema\/person\/bb147657c2986240405a608162b9bb23"},"breadcrumb":{"@id":"https:\/\/www.nettali.com\/2023\/02\/11\/prytanee-militaire-de-saint-louis-un-siecle-dexcellente-et-dintegration\/#breadcrumb"},"inLanguage":"fr-FR","potentialAction":[{"@type":"ReadAction","target":["https:\/\/www.nettali.com\/2023\/02\/11\/prytanee-militaire-de-saint-louis-un-siecle-dexcellente-et-dintegration\/"]}]},{"@type":"BreadcrumbList","@id":"https:\/\/www.nettali.com\/2023\/02\/11\/prytanee-militaire-de-saint-louis-un-siecle-dexcellente-et-dintegration\/#breadcrumb","itemListElement":[{"@type":"ListItem","position":1,"name":"Accueil","item":"https:\/\/www.nettali.com\/"},{"@type":"ListItem","position":2,"name":"PRYTAN\u00c9E MILITAIRE DE SAINT-LOUIS - Un si\u00e8cle d'excellence et d'int\u00e9gration"}]},{"@type":"Person","@id":"https:\/\/www.nettali.com\/#\/schema\/person\/bb147657c2986240405a608162b9bb23","name":"Ibrahima","image":{"@type":"ImageObject","@id":"https:\/\/www.nettali.com\/#personlogo","inLanguage":"fr-FR","url":"https:\/\/secure.gravatar.com\/avatar\/26a8a81f09f0dd7624c9d5c36c9ba3a2?s=96&d=mm&r=g","contentUrl":"https:\/\/secure.gravatar.com\/avatar\/26a8a81f09f0dd7624c9d5c36c9ba3a2?s=96&d=mm&r=g","caption":"Ibrahima"},"sameAs":["https:\/\/www.nettali.com"]}]}},"_links":{"self":[{"href":"https:\/\/www.nettali.com\/rest\/wp\/v2\/posts\/103976"}],"collection":[{"href":"https:\/\/www.nettali.com\/rest\/wp\/v2\/posts"}],"about":[{"href":"https:\/\/www.nettali.com\/rest\/wp\/v2\/types\/post"}],"author":[{"embeddable":true,"href":"https:\/\/www.nettali.com\/rest\/wp\/v2\/users\/5"}],"replies":[{"embeddable":true,"href":"https:\/\/www.nettali.com\/rest\/wp\/v2\/comments?post=103976"}],"version-history":[{"count":7,"href":"https:\/\/www.nettali.com\/rest\/wp\/v2\/posts\/103976\/revisions"}],"predecessor-version":[{"id":103988,"href":"https:\/\/www.nettali.com\/rest\/wp\/v2\/posts\/103976\/revisions\/103988"}],"wp:featuredmedia":[{"embeddable":true,"href":"https:\/\/www.nettali.com\/rest\/wp\/v2\/media\/104080"}],"wp:attachment":[{"href":"https:\/\/www.nettali.com\/rest\/wp\/v2\/media?parent=103976"}],"wp:term":[{"taxonomy":"category","embeddable":true,"href":"https:\/\/www.nettali.com\/rest\/wp\/v2\/categories?post=103976"},{"taxonomy":"post_tag","embeddable":true,"href":"https:\/\/www.nettali.com\/rest\/wp\/v2\/tags?post=103976"}],"curies":[{"name":"wp","href":"https:\/\/api.w.org\/{rel}","templated":true}]}}