{"id":103933,"date":"2023-02-10T19:09:10","date_gmt":"2023-02-10T19:09:10","guid":{"rendered":"https:\/\/www.nettali.com\/?p=103933"},"modified":"2023-02-10T19:09:10","modified_gmt":"2023-02-10T19:09:10","slug":"louga-declaree-mort-nee-fatimata-binetou-rassoul-ba-retrouve-ses-parents-23-ans-apres","status":"publish","type":"post","link":"https:\/\/www.nettali.com\/2023\/02\/10\/louga-declaree-mort-nee-fatimata-binetou-rassoul-ba-retrouve-ses-parents-23-ans-apres\/","title":{"rendered":"Louga : d\u00e9clar\u00e9e mort-n\u00e9e, Fatimata Binetou Rassoul B\u00e2 retrouve ses parents 23 ans apr\u00e8s"},"content":{"rendered":"<p style=\"font-weight: 400;\">NETTALI.COM\u00a0 - D\u00e9clar\u00e9e mort-n\u00e9e en 2000, Fatimatou Binetou Rassoul B\u00e2 a retrouv\u00e9 ses parents \u00e0 l'\u00e2ge de 23 ans, jeudi, \u00e0 l'orphelinat de Louga, o\u00f9 elle avait \u00e9t\u00e9 plac\u00e9e depuis 2001, apr\u00e8s plusieurs tentatives vaines de les retrouver avec eux.<\/p>\n<p style=\"font-weight: 400;\"><em>\u2018\u2019Nous sommes venus aujourd'hui assister \u00e0 la rencontre de Bineta avec ses parents, pour qu'on puisse leur rendre leur fille, parce que c'est nous qui avions confi\u00e9 la garde de l'enfant \u00e0 l'orphelinat de Louga\"<\/em>, a expliqu\u00e9 \u00e0 la presse Mme Diop Rokhaya Mbengue, \u00e0 l'occasion de la rencontre de la jeune femme avec ses parents.<\/p>\n<p style=\"font-weight: 400;\">Alors qu\u2019elle \u00e9tait la responsable de l'unit\u00e9 n\u00e9onatalogie de l'h\u00f4pital Le Dantec, Mme Diop, qui est aujourd\u2019hui \u00e0 la retraite, avait pris soin de Fatimatou Binetou Rassoul B\u00e2 pendant son s\u00e9jour dans cet h\u00f4pital pour le traitement d'une asphyxie n\u00e9onatale''.<\/p>\n<p style=\"font-weight: 400;\"><em>\"Fatimata est n\u00e9e \u00e0 l'h\u00f4pital de Grand-Yoff, puis elle a \u00e9t\u00e9 r\u00e9f\u00e9r\u00e9e \u00e0 la maternit\u00e9 de l'h\u00f4pital Le Dantec le 8 ao\u00fbt 2000, \u00e0 6 heures du matin, parce qu'elle souffrait d'une asphyxie n\u00e9onatale'<\/em>',\u00a0\u00a0raconte-t-elle.\u00a0Sa jumelle, elle, n'avait pas surv\u00e9cu.<\/p>\n<p style=\"font-weight: 400;\">Fatimatou Binetou Rassoul B\u00e2 est selon elle arriv\u00e9e \u00e0 Le Dantec dans <em>\u2018\u2019un \u00e9tat de d\u00e9tresse s\u00e9v\u00e8re\u2019\u2019. \u2018\u2019Nous avions accueilli [le b\u00e9b\u00e9] au niveau de la cr\u00e8che, parce qu'il \u00e9tait dans un \u00e9tat de d\u00e9tresse s\u00e9v\u00e8re, et comme il \u00e9tait tr\u00e8s fatigu\u00e9, nous avions le devoir de le r\u00e9animer. Et quand nous l'avions r\u00e9anim\u00e9, ensuite il a commenc\u00e9\u00a0\u00e0 r\u00e9cup\u00e9rer petit \u00e0 petit'',<\/em> a-t-elle ajout\u00e9.<\/p>\n<p style=\"font-weight: 400;\">Compte tenu de son faible poids, l\u2019option avait, dit-elle, \u00e9tait prise de placer le nourrisson dans une couveuse. \u2018<em>\u2019Nous avons fait tout ce qu'on devait faire pour le sauver, ensuite on l'a fait entrer dans la couveuse, parce que c'\u00e9tait un petit nourrisson, qui pesait 1500 grammes'',<\/em> a-t-elle expliqu\u00e9.<\/p>\n<p style=\"font-weight: 400;\">Le service a fait de son \u2018<em>\u2019mieux, et par la gr\u00e2ce du Tout-puissant, elle a pu r\u00e9cup\u00e9rer, poursuit-elle. Et nous avons continu\u00e9 \u00e0 la suivre et l'assister comme on doit s'occuper d'un b\u00e9b\u00e9\"<\/em>, a ajout\u00e9 l\u2019ancienne responsable de l'unit\u00e9 de n\u00e9onatalogie de l'h\u00f4pital Le Dantec.<\/p>\n<p style=\"font-weight: 400;\">Malgr\u00e9 tous ces soins, le b\u00e9b\u00e9 est tomb\u00e9 malade une semaine plus tard. Loin de se d\u00e9courager, l'h\u00f4pital recommence \u00e0 lui dispenser des soins, jusqu'\u00e0 ce qu\u2019\u00e0 sa gu\u00e9rison. <em>\"Et c'est au dixi\u00e8me jour que l'enfant est compl\u00e8tement gu\u00e9ri et n'a plus aucun probl\u00e8me\",<\/em> rappelle-t-elle.<\/p>\n<p style=\"font-weight: 400;\">Elle dit <em>\"avoir continu\u00e9 \u00e0 s'occuper de lui, comme on doit s'occuper d'un nourrisson, c'est-\u00e0-dire prendre soin de son hygi\u00e8ne alimentaire et corporel, jusqu'\u00e0 ce que Dieu fasse qu'il grandisse\"<\/em>.\u00a0 Mais, en d\u00e9pit de la prise en charge correcte dont b\u00e9n\u00e9ficie l\u2019enfant, personne ne venait lui rendre visite pour prendre de ses nouvelles depuis qu'elle est intern\u00e9e, confie Mme Diop.<\/p>\n<p style=\"font-weight: 400;\">Elle dit <em>\"avoir men\u00e9 des recherches pour retrouver ses parents\u2019\u2019, des efforts qui s\u2019av\u00e9reront \u2018\u2019vains au bout d'un an\", selon elle. \"C'est \u00e0 ce moment qu'on a eu une opportunit\u00e9, c'\u00e9tait l'orphelinat de Louga. Et c'est ainsi qu'on l'a remis [le b\u00e9b\u00e9] \u00e0 la responsable qui l'a amen\u00e9 ici, le 14 ao\u00fbt 2001\",<\/em> a-t-elle r\u00e9v\u00e9l\u00e9.<\/p>\n<p style=\"font-weight: 400;\">R\u00e9cemment, signale-t-elle,\u00a0\u00a0l'orphelinat a inform\u00e9 les services de Le Dantec qu\u2019il avait pu entrer en contact avec les parents de la fille. Sa responsable, Alimatou Sall, n\u2019a cependant pas voulu s\u2019exprimer sur le sujet.<\/p>\n<p style=\"font-weight: 400;\">Toutefois, Serigne Lamine Sall, son fr\u00e8re, d\u00e9clare que <em>\u2018\u2019Bineta ne cessait de demander des nouvelles de ses parents, pour savoir s\u2019ils \u00e9taient vivants, ou morts (\u2026.)\u2019\u2019. \u2018\u2019Cela fait deux ans (\u2026), nous avons pr\u00e9sent\u00e9 son cas \u00e0 l\u2019\u00e9mission +Xaalass+\u2019\u2019 sur Radio Futurs M\u00e9dias (RFM, priv\u00e9e)<\/em>, a confi\u00e9 le marabout.<\/p>\n<p style=\"font-weight: 400;\">Lors de cette \u00e9mission, dit-il, un auditeur a d\u00e9clar\u00e9 qu\u2019il connaissait dans le quartier de Grand-Yoff, \u00e0 Dakar, un couple vivant \u00e0 Mabo, dans la r\u00e9gion Kolda, auquel l\u2019histoire de la jeune femme pourrait \u00eatre reli\u00e9e.<\/p>\n<p><em>\u2018\u2019Il s\u2019est d\u00e9brouill\u00e9 pour trouver leur num\u00e9ro de t\u00e9l\u00e9phone. Il a \u00e9chang\u00e9 avec eux et m\u2019a ensuite remis leur contact\u2019\u2019,<\/em> a ajout\u00e9 Serigne Lamine Sall. Il d\u00e9clare que l\u2019histoire que lui a racont\u00e9e le couple comportait des ressemblances avec celle de l\u2019enfant recueilli \u00e0 Le Dantec. C\u2019est ainsi que Serigne Lamine Sall d\u00e9cida alors de mettre Bineta en rapport avec le couple. Ces contacts ont permis des retrouvailles apr\u00e8s tant d\u2019ann\u00e9es de s\u00e9paration douloureuse.<\/p>\n<p style=\"font-weight: 400;\">Fatimata Binetou Rassoul B\u00e2 a \"rendu gr\u00e2ce au Tout-puissant'', remerciant, dans la foul\u00e9e, les propri\u00e9taires de l'orphelinat pour lesquels elle ne tarit pas d'\u00e9loges.\u00a0 \"Ils sont tous tr\u00e8s gentils et se sont tr\u00e8s bien occup\u00e9s de moi\", a-t-elle t\u00e9moign\u00e9, la t\u00eate recouverte d\u2019un voile.\u00a0Elle dit vouloir continuer l'apprentissage du saint Coran et poursuivre ses \u00e9tudes, jusqu'\u00e0 obtenir le bac avant de rejoindre ses parents.<\/p>\n<div class='share-to-whatsapp-wrapper'><div class='share-on-whsp'>PARTAGER SUR : <\/div><a data-text='Louga : d\u00e9clar\u00e9e mort-n\u00e9e, Fatimata Binetou Rassoul B\u00e2 retrouve ses parents 23 ans apr\u00e8s' data-link='https:\/\/www.nettali.com\/2023\/02\/10\/louga-declaree-mort-nee-fatimata-binetou-rassoul-ba-retrouve-ses-parents-23-ans-apres\/' class='whatsapp-button whatsapp-share'>WhatsApp<\/a><div class='clear '><\/div><\/div>","protected":false},"excerpt":{"rendered":"<p>NETTALI.COM\u00a0 - D\u00e9clar\u00e9e mort-n\u00e9e en 2000, Fatimatou Binetou Rassoul B\u00e2 a retrouv\u00e9 ses parents \u00e0 l'\u00e2ge de 23 ans, jeudi, \u00e0 l'orphelinat de Louga, o\u00f9 elle avait \u00e9t\u00e9 plac\u00e9e depuis 2001, apr\u00e8s plusieurs tentatives vaines de les retrouver avec eux. \u2018\u2019Nous sommes venus aujourd'hui assister \u00e0 la rencontre de Bineta avec ses parents, pour qu'on [&hellip;]<\/p>\n","protected":false},"author":4,"featured_media":103934,"comment_status":"open","ping_status":"open","sticky":false,"template":"","format":"standard","meta":{"_et_pb_use_builder":"","_et_pb_old_content":""},"categories":[3],"tags":[],"yoast_head":"<!-- This site is optimized with the Yoast SEO Premium plugin v17.8 (Yoast SEO v17.8) - https:\/\/yoast.com\/wordpress\/plugins\/seo\/ -->\n<title>Louga : d\u00e9clar\u00e9e mort-n\u00e9e, Fatimata Binetou Rassoul B\u00e2 retrouve ses parents 23 ans apr\u00e8s | Nettali.com<\/title>\n<meta name=\"robots\" content=\"index, follow, max-snippet:-1, max-image-preview:large, max-video-preview:-1\" \/>\n<link rel=\"canonical\" href=\"https:\/\/www.nettali.com\/2023\/02\/10\/louga-declaree-mort-nee-fatimata-binetou-rassoul-ba-retrouve-ses-parents-23-ans-apres\/\" \/>\n<meta property=\"og:locale\" content=\"fr_FR\" \/>\n<meta property=\"og:type\" content=\"article\" \/>\n<meta property=\"og:title\" content=\"Louga : d\u00e9clar\u00e9e mort-n\u00e9e, Fatimata Binetou Rassoul B\u00e2 retrouve ses parents 23 ans apr\u00e8s\" \/>\n<meta property=\"og:description\" content=\"NETTALI.COM\u00a0 - D\u00e9clar\u00e9e mort-n\u00e9e en 2000, Fatimatou Binetou Rassoul B\u00e2 a retrouv\u00e9 ses parents \u00e0 l&#039;\u00e2ge de 23 ans, jeudi, \u00e0 l&#039;orphelinat de Louga, o\u00f9 elle avait \u00e9t\u00e9 plac\u00e9e depuis 2001, apr\u00e8s plusieurs tentatives vaines de les retrouver avec eux. \u2018\u2019Nous sommes venus aujourd&#039;hui assister \u00e0 la rencontre de Bineta avec ses parents, pour qu&#039;on [&hellip;]\" \/>\n<meta property=\"og:url\" content=\"https:\/\/www.nettali.com\/2023\/02\/10\/louga-declaree-mort-nee-fatimata-binetou-rassoul-ba-retrouve-ses-parents-23-ans-apres\/\" \/>\n<meta property=\"og:site_name\" content=\"Nettali.com\" \/>\n<meta property=\"article:publisher\" content=\"https:\/\/www.facebook.com\/nettalicom\" \/>\n<meta property=\"article:published_time\" content=\"2023-02-10T19:09:10+00:00\" \/>\n<meta property=\"og:image\" content=\"https:\/\/www.nettali.com\/wp-content\/uploads\/2023\/02\/fille.jpeg\" \/>\n\t<meta property=\"og:image:width\" content=\"500\" \/>\n\t<meta property=\"og:image:height\" content=\"261\" \/>\n<meta name=\"twitter:card\" content=\"summary_large_image\" \/>\n<meta name=\"twitter:label1\" content=\"\u00c9crit par\" \/>\n\t<meta name=\"twitter:data1\" content=\"Daouda\" \/>\n\t<meta name=\"twitter:label2\" content=\"Dur\u00e9e de lecture estim\u00e9e\" \/>\n\t<meta name=\"twitter:data2\" content=\"4 minutes\" \/>\n<script type=\"application\/ld+json\" class=\"yoast-schema-graph\">{\"@context\":\"https:\/\/schema.org\",\"@graph\":[{\"@type\":\"WebSite\",\"@id\":\"https:\/\/www.nettali.com\/#website\",\"url\":\"https:\/\/www.nettali.com\/\",\"name\":\"Nettali.com\",\"description\":\"Le rendez-vous critique du Net\",\"potentialAction\":[{\"@type\":\"SearchAction\",\"target\":{\"@type\":\"EntryPoint\",\"urlTemplate\":\"https:\/\/www.nettali.com\/?s={search_term_string}\"},\"query-input\":\"required name=search_term_string\"}],\"inLanguage\":\"fr-FR\"},{\"@type\":\"ImageObject\",\"@id\":\"https:\/\/www.nettali.com\/2023\/02\/10\/louga-declaree-mort-nee-fatimata-binetou-rassoul-ba-retrouve-ses-parents-23-ans-apres\/#primaryimage\",\"inLanguage\":\"fr-FR\",\"url\":\"https:\/\/www.nettali.com\/wp-content\/uploads\/2023\/02\/fille.jpeg\",\"contentUrl\":\"https:\/\/www.nettali.com\/wp-content\/uploads\/2023\/02\/fille.jpeg\",\"width\":500,\"height\":261},{\"@type\":\"WebPage\",\"@id\":\"https:\/\/www.nettali.com\/2023\/02\/10\/louga-declaree-mort-nee-fatimata-binetou-rassoul-ba-retrouve-ses-parents-23-ans-apres\/#webpage\",\"url\":\"https:\/\/www.nettali.com\/2023\/02\/10\/louga-declaree-mort-nee-fatimata-binetou-rassoul-ba-retrouve-ses-parents-23-ans-apres\/\",\"name\":\"Louga : d\\u00e9clar\\u00e9e mort-n\\u00e9e, Fatimata Binetou Rassoul B\\u00e2 retrouve ses parents 23 ans apr\\u00e8s | Nettali.com\",\"isPartOf\":{\"@id\":\"https:\/\/www.nettali.com\/#website\"},\"primaryImageOfPage\":{\"@id\":\"https:\/\/www.nettali.com\/2023\/02\/10\/louga-declaree-mort-nee-fatimata-binetou-rassoul-ba-retrouve-ses-parents-23-ans-apres\/#primaryimage\"},\"datePublished\":\"2023-02-10T19:09:10+00:00\",\"dateModified\":\"2023-02-10T19:09:10+00:00\",\"author\":{\"@id\":\"https:\/\/www.nettali.com\/#\/schema\/person\/3317e0bb3aa1da309fbf7b2780901bf4\"},\"breadcrumb\":{\"@id\":\"https:\/\/www.nettali.com\/2023\/02\/10\/louga-declaree-mort-nee-fatimata-binetou-rassoul-ba-retrouve-ses-parents-23-ans-apres\/#breadcrumb\"},\"inLanguage\":\"fr-FR\",\"potentialAction\":[{\"@type\":\"ReadAction\",\"target\":[\"https:\/\/www.nettali.com\/2023\/02\/10\/louga-declaree-mort-nee-fatimata-binetou-rassoul-ba-retrouve-ses-parents-23-ans-apres\/\"]}]},{\"@type\":\"BreadcrumbList\",\"@id\":\"https:\/\/www.nettali.com\/2023\/02\/10\/louga-declaree-mort-nee-fatimata-binetou-rassoul-ba-retrouve-ses-parents-23-ans-apres\/#breadcrumb\",\"itemListElement\":[{\"@type\":\"ListItem\",\"position\":1,\"name\":\"Accueil\",\"item\":\"https:\/\/www.nettali.com\/\"},{\"@type\":\"ListItem\",\"position\":2,\"name\":\"Louga : d\\u00e9clar\\u00e9e mort-n\\u00e9e, Fatimata Binetou Rassoul B\\u00e2 retrouve ses parents 23 ans apr\\u00e8s\"}]},{\"@type\":\"Person\",\"@id\":\"https:\/\/www.nettali.com\/#\/schema\/person\/3317e0bb3aa1da309fbf7b2780901bf4\",\"name\":\"Daouda\",\"image\":{\"@type\":\"ImageObject\",\"@id\":\"https:\/\/www.nettali.com\/#personlogo\",\"inLanguage\":\"fr-FR\",\"url\":\"https:\/\/secure.gravatar.com\/avatar\/8d143b5a49345098ddcfee1c49c2f47c?s=96&d=mm&r=g\",\"contentUrl\":\"https:\/\/secure.gravatar.com\/avatar\/8d143b5a49345098ddcfee1c49c2f47c?s=96&d=mm&r=g\",\"caption\":\"Daouda\"},\"sameAs\":[\"https:\/\/www.nettali.com\"]}]}<\/script>\n<!-- \/ Yoast SEO Premium plugin. -->","yoast_head_json":{"title":"Louga : d\u00e9clar\u00e9e mort-n\u00e9e, Fatimata Binetou Rassoul B\u00e2 retrouve ses parents 23 ans apr\u00e8s | Nettali.com","robots":{"index":"index","follow":"follow","max-snippet":"max-snippet:-1","max-image-preview":"max-image-preview:large","max-video-preview":"max-video-preview:-1"},"canonical":"https:\/\/www.nettali.com\/2023\/02\/10\/louga-declaree-mort-nee-fatimata-binetou-rassoul-ba-retrouve-ses-parents-23-ans-apres\/","og_locale":"fr_FR","og_type":"article","og_title":"Louga : d\u00e9clar\u00e9e mort-n\u00e9e, Fatimata Binetou Rassoul B\u00e2 retrouve ses parents 23 ans apr\u00e8s","og_description":"NETTALI.COM\u00a0 - D\u00e9clar\u00e9e mort-n\u00e9e en 2000, Fatimatou Binetou Rassoul B\u00e2 a retrouv\u00e9 ses parents \u00e0 l'\u00e2ge de 23 ans, jeudi, \u00e0 l'orphelinat de Louga, o\u00f9 elle avait \u00e9t\u00e9 plac\u00e9e depuis 2001, apr\u00e8s plusieurs tentatives vaines de les retrouver avec eux. \u2018\u2019Nous sommes venus aujourd'hui assister \u00e0 la rencontre de Bineta avec ses parents, pour qu'on [&hellip;]","og_url":"https:\/\/www.nettali.com\/2023\/02\/10\/louga-declaree-mort-nee-fatimata-binetou-rassoul-ba-retrouve-ses-parents-23-ans-apres\/","og_site_name":"Nettali.com","article_publisher":"https:\/\/www.facebook.com\/nettalicom","article_published_time":"2023-02-10T19:09:10+00:00","og_image":[{"width":500,"height":261,"url":"https:\/\/www.nettali.com\/wp-content\/uploads\/2023\/02\/fille.jpeg","type":"image\/jpeg"}],"twitter_card":"summary_large_image","twitter_misc":{"\u00c9crit par":"Daouda","Dur\u00e9e de lecture estim\u00e9e":"4 minutes"},"schema":{"@context":"https:\/\/schema.org","@graph":[{"@type":"WebSite","@id":"https:\/\/www.nettali.com\/#website","url":"https:\/\/www.nettali.com\/","name":"Nettali.com","description":"Le rendez-vous critique du Net","potentialAction":[{"@type":"SearchAction","target":{"@type":"EntryPoint","urlTemplate":"https:\/\/www.nettali.com\/?s={search_term_string}"},"query-input":"required name=search_term_string"}],"inLanguage":"fr-FR"},{"@type":"ImageObject","@id":"https:\/\/www.nettali.com\/2023\/02\/10\/louga-declaree-mort-nee-fatimata-binetou-rassoul-ba-retrouve-ses-parents-23-ans-apres\/#primaryimage","inLanguage":"fr-FR","url":"https:\/\/www.nettali.com\/wp-content\/uploads\/2023\/02\/fille.jpeg","contentUrl":"https:\/\/www.nettali.com\/wp-content\/uploads\/2023\/02\/fille.jpeg","width":500,"height":261},{"@type":"WebPage","@id":"https:\/\/www.nettali.com\/2023\/02\/10\/louga-declaree-mort-nee-fatimata-binetou-rassoul-ba-retrouve-ses-parents-23-ans-apres\/#webpage","url":"https:\/\/www.nettali.com\/2023\/02\/10\/louga-declaree-mort-nee-fatimata-binetou-rassoul-ba-retrouve-ses-parents-23-ans-apres\/","name":"Louga : d\u00e9clar\u00e9e mort-n\u00e9e, Fatimata Binetou Rassoul B\u00e2 retrouve ses parents 23 ans apr\u00e8s | Nettali.com","isPartOf":{"@id":"https:\/\/www.nettali.com\/#website"},"primaryImageOfPage":{"@id":"https:\/\/www.nettali.com\/2023\/02\/10\/louga-declaree-mort-nee-fatimata-binetou-rassoul-ba-retrouve-ses-parents-23-ans-apres\/#primaryimage"},"datePublished":"2023-02-10T19:09:10+00:00","dateModified":"2023-02-10T19:09:10+00:00","author":{"@id":"https:\/\/www.nettali.com\/#\/schema\/person\/3317e0bb3aa1da309fbf7b2780901bf4"},"breadcrumb":{"@id":"https:\/\/www.nettali.com\/2023\/02\/10\/louga-declaree-mort-nee-fatimata-binetou-rassoul-ba-retrouve-ses-parents-23-ans-apres\/#breadcrumb"},"inLanguage":"fr-FR","potentialAction":[{"@type":"ReadAction","target":["https:\/\/www.nettali.com\/2023\/02\/10\/louga-declaree-mort-nee-fatimata-binetou-rassoul-ba-retrouve-ses-parents-23-ans-apres\/"]}]},{"@type":"BreadcrumbList","@id":"https:\/\/www.nettali.com\/2023\/02\/10\/louga-declaree-mort-nee-fatimata-binetou-rassoul-ba-retrouve-ses-parents-23-ans-apres\/#breadcrumb","itemListElement":[{"@type":"ListItem","position":1,"name":"Accueil","item":"https:\/\/www.nettali.com\/"},{"@type":"ListItem","position":2,"name":"Louga : d\u00e9clar\u00e9e mort-n\u00e9e, Fatimata Binetou Rassoul B\u00e2 retrouve ses parents 23 ans apr\u00e8s"}]},{"@type":"Person","@id":"https:\/\/www.nettali.com\/#\/schema\/person\/3317e0bb3aa1da309fbf7b2780901bf4","name":"Daouda","image":{"@type":"ImageObject","@id":"https:\/\/www.nettali.com\/#personlogo","inLanguage":"fr-FR","url":"https:\/\/secure.gravatar.com\/avatar\/8d143b5a49345098ddcfee1c49c2f47c?s=96&d=mm&r=g","contentUrl":"https:\/\/secure.gravatar.com\/avatar\/8d143b5a49345098ddcfee1c49c2f47c?s=96&d=mm&r=g","caption":"Daouda"},"sameAs":["https:\/\/www.nettali.com"]}]}},"_links":{"self":[{"href":"https:\/\/www.nettali.com\/rest\/wp\/v2\/posts\/103933"}],"collection":[{"href":"https:\/\/www.nettali.com\/rest\/wp\/v2\/posts"}],"about":[{"href":"https:\/\/www.nettali.com\/rest\/wp\/v2\/types\/post"}],"author":[{"embeddable":true,"href":"https:\/\/www.nettali.com\/rest\/wp\/v2\/users\/4"}],"replies":[{"embeddable":true,"href":"https:\/\/www.nettali.com\/rest\/wp\/v2\/comments?post=103933"}],"version-history":[{"count":1,"href":"https:\/\/www.nettali.com\/rest\/wp\/v2\/posts\/103933\/revisions"}],"predecessor-version":[{"id":103935,"href":"https:\/\/www.nettali.com\/rest\/wp\/v2\/posts\/103933\/revisions\/103935"}],"wp:featuredmedia":[{"embeddable":true,"href":"https:\/\/www.nettali.com\/rest\/wp\/v2\/media\/103934"}],"wp:attachment":[{"href":"https:\/\/www.nettali.com\/rest\/wp\/v2\/media?parent=103933"}],"wp:term":[{"taxonomy":"category","embeddable":true,"href":"https:\/\/www.nettali.com\/rest\/wp\/v2\/categories?post=103933"},{"taxonomy":"post_tag","embeddable":true,"href":"https:\/\/www.nettali.com\/rest\/wp\/v2\/tags?post=103933"}],"curies":[{"name":"wp","href":"https:\/\/api.w.org\/{rel}","templated":true}]}}