{"id":103889,"date":"2023-02-10T08:45:10","date_gmt":"2023-02-10T08:45:10","guid":{"rendered":"https:\/\/www.nettali.com\/?p=103889"},"modified":"2023-02-10T08:45:10","modified_gmt":"2023-02-10T08:45:10","slug":"en-coulisses-une-nouvelle-declaration-de-meeting-deposee-pour-le-vendredi-24-fevrier-a-mbacke","status":"publish","type":"post","link":"https:\/\/www.nettali.com\/2023\/02\/10\/en-coulisses-une-nouvelle-declaration-de-meeting-deposee-pour-le-vendredi-24-fevrier-a-mbacke\/","title":{"rendered":"EN COULISSES - Une nouvelle d\u00e9claration de meeting d\u00e9pos\u00e9e pour le vendredi 24 f\u00e9vrier \u00e0 Mback\u00e9"},"content":{"rendered":"<p>NETTALI.COM - Apr\u00e8s leur meeting interdit, Pastef Mback\u00e9 a d\u00e9cid\u00e9 de se conformer \u00e0 la l\u00e9gislation. C'est ainsi qu'\u00e0 d\u00e9faut de pouvoir tenir ce vendredi leur meeting, le Pastef devrait se contenter d\u2019une caravane en compagnie de Ousmane Sonko annonc\u00e9 dans la cit\u00e9. Ousmane Sonko a d'ailleurs annonc\u00e9 qu'il va effectuer la pri\u00e8re du vendredi \u00e0 Touba.<\/p>\n<p>Tout de m\u00eame, une autre demande a \u00e9t\u00e9 introduite. Celle-ci a pris en compte les impairs not\u00e9s dans l\u2019ancienne et qui ont pouss\u00e9 le pr\u00e9fet \u00e0 d\u00e9clarer irrecevable leur demande.<\/p>\n<div class='share-to-whatsapp-wrapper'><div class='share-on-whsp'>PARTAGER SUR : <\/div><a data-text='EN COULISSES - Une nouvelle d\u00e9claration de meeting d\u00e9pos\u00e9e pour le vendredi 24 f\u00e9vrier \u00e0 Mback\u00e9' data-link='https:\/\/www.nettali.com\/2023\/02\/10\/en-coulisses-une-nouvelle-declaration-de-meeting-deposee-pour-le-vendredi-24-fevrier-a-mbacke\/' class='whatsapp-button whatsapp-share'>WhatsApp<\/a><div class='clear '><\/div><\/div>","protected":false},"excerpt":{"rendered":"<p>NETTALI.COM - Apr\u00e8s leur meeting interdit, Pastef Mback\u00e9 a d\u00e9cid\u00e9 de se conformer \u00e0 la l\u00e9gislation. C'est ainsi qu'\u00e0 d\u00e9faut de pouvoir tenir ce vendredi leur meeting, le Pastef devrait se contenter d\u2019une caravane en compagnie de Ousmane Sonko annonc\u00e9 dans la cit\u00e9. Ousmane Sonko a d'ailleurs annonc\u00e9 qu'il va effectuer la pri\u00e8re du vendredi [&hellip;]<\/p>\n","protected":false},"author":4,"featured_media":103814,"comment_status":"open","ping_status":"open","sticky":false,"template":"","format":"standard","meta":{"_et_pb_use_builder":"","_et_pb_old_content":""},"categories":[34945],"tags":[],"yoast_head":"<!-- This site is optimized with the Yoast SEO Premium plugin v17.8 (Yoast SEO v17.8) - https:\/\/yoast.com\/wordpress\/plugins\/seo\/ -->\n<title>EN COULISSES - Une nouvelle d\u00e9claration de meeting d\u00e9pos\u00e9e pour le vendredi 24 f\u00e9vrier \u00e0 Mback\u00e9 | Nettali.com<\/title>\n<meta name=\"robots\" content=\"index, follow, max-snippet:-1, max-image-preview:large, max-video-preview:-1\" \/>\n<link rel=\"canonical\" href=\"https:\/\/www.nettali.com\/2023\/02\/10\/en-coulisses-une-nouvelle-declaration-de-meeting-deposee-pour-le-vendredi-24-fevrier-a-mbacke\/\" \/>\n<meta property=\"og:locale\" content=\"fr_FR\" \/>\n<meta property=\"og:type\" content=\"article\" \/>\n<meta property=\"og:title\" content=\"EN COULISSES - Une nouvelle d\u00e9claration de meeting d\u00e9pos\u00e9e pour le vendredi 24 f\u00e9vrier \u00e0 Mback\u00e9\" \/>\n<meta property=\"og:description\" content=\"NETTALI.COM - Apr\u00e8s leur meeting interdit, Pastef Mback\u00e9 a d\u00e9cid\u00e9 de se conformer \u00e0 la l\u00e9gislation. C&#039;est ainsi qu&#039;\u00e0 d\u00e9faut de pouvoir tenir ce vendredi leur meeting, le Pastef devrait se contenter d\u2019une caravane en compagnie de Ousmane Sonko annonc\u00e9 dans la cit\u00e9. Ousmane Sonko a d&#039;ailleurs annonc\u00e9 qu&#039;il va effectuer la pri\u00e8re du vendredi [&hellip;]\" \/>\n<meta property=\"og:url\" content=\"https:\/\/www.nettali.com\/2023\/02\/10\/en-coulisses-une-nouvelle-declaration-de-meeting-deposee-pour-le-vendredi-24-fevrier-a-mbacke\/\" \/>\n<meta property=\"og:site_name\" content=\"Nettali.com\" \/>\n<meta property=\"article:publisher\" content=\"https:\/\/www.facebook.com\/nettalicom\" \/>\n<meta property=\"article:published_time\" content=\"2023-02-10T08:45:10+00:00\" \/>\n<meta property=\"og:image\" content=\"https:\/\/www.nettali.com\/wp-content\/uploads\/2023\/02\/70329104-49062953.jpg\" \/>\n\t<meta property=\"og:image:width\" content=\"1280\" \/>\n\t<meta property=\"og:image:height\" content=\"854\" \/>\n<meta name=\"twitter:card\" content=\"summary_large_image\" \/>\n<meta name=\"twitter:label1\" content=\"\u00c9crit par\" \/>\n\t<meta name=\"twitter:data1\" content=\"Daouda\" \/>\n\t<meta name=\"twitter:label2\" content=\"Dur\u00e9e de lecture estim\u00e9e\" \/>\n\t<meta name=\"twitter:data2\" content=\"1 minute\" \/>\n<script type=\"application\/ld+json\" class=\"yoast-schema-graph\">{\"@context\":\"https:\/\/schema.org\",\"@graph\":[{\"@type\":\"WebSite\",\"@id\":\"https:\/\/www.nettali.com\/#website\",\"url\":\"https:\/\/www.nettali.com\/\",\"name\":\"Nettali.com\",\"description\":\"Le rendez-vous critique du Net\",\"potentialAction\":[{\"@type\":\"SearchAction\",\"target\":{\"@type\":\"EntryPoint\",\"urlTemplate\":\"https:\/\/www.nettali.com\/?s={search_term_string}\"},\"query-input\":\"required name=search_term_string\"}],\"inLanguage\":\"fr-FR\"},{\"@type\":\"ImageObject\",\"@id\":\"https:\/\/www.nettali.com\/2023\/02\/10\/en-coulisses-une-nouvelle-declaration-de-meeting-deposee-pour-le-vendredi-24-fevrier-a-mbacke\/#primaryimage\",\"inLanguage\":\"fr-FR\",\"url\":\"https:\/\/www.nettali.com\/wp-content\/uploads\/2023\/02\/70329104-49062953.jpg\",\"contentUrl\":\"https:\/\/www.nettali.com\/wp-content\/uploads\/2023\/02\/70329104-49062953.jpg\",\"width\":1280,\"height\":854},{\"@type\":\"WebPage\",\"@id\":\"https:\/\/www.nettali.com\/2023\/02\/10\/en-coulisses-une-nouvelle-declaration-de-meeting-deposee-pour-le-vendredi-24-fevrier-a-mbacke\/#webpage\",\"url\":\"https:\/\/www.nettali.com\/2023\/02\/10\/en-coulisses-une-nouvelle-declaration-de-meeting-deposee-pour-le-vendredi-24-fevrier-a-mbacke\/\",\"name\":\"EN COULISSES - Une nouvelle d\\u00e9claration de meeting d\\u00e9pos\\u00e9e pour le vendredi 24 f\\u00e9vrier \\u00e0 Mback\\u00e9 | Nettali.com\",\"isPartOf\":{\"@id\":\"https:\/\/www.nettali.com\/#website\"},\"primaryImageOfPage\":{\"@id\":\"https:\/\/www.nettali.com\/2023\/02\/10\/en-coulisses-une-nouvelle-declaration-de-meeting-deposee-pour-le-vendredi-24-fevrier-a-mbacke\/#primaryimage\"},\"datePublished\":\"2023-02-10T08:45:10+00:00\",\"dateModified\":\"2023-02-10T08:45:10+00:00\",\"author\":{\"@id\":\"https:\/\/www.nettali.com\/#\/schema\/person\/3317e0bb3aa1da309fbf7b2780901bf4\"},\"breadcrumb\":{\"@id\":\"https:\/\/www.nettali.com\/2023\/02\/10\/en-coulisses-une-nouvelle-declaration-de-meeting-deposee-pour-le-vendredi-24-fevrier-a-mbacke\/#breadcrumb\"},\"inLanguage\":\"fr-FR\",\"potentialAction\":[{\"@type\":\"ReadAction\",\"target\":[\"https:\/\/www.nettali.com\/2023\/02\/10\/en-coulisses-une-nouvelle-declaration-de-meeting-deposee-pour-le-vendredi-24-fevrier-a-mbacke\/\"]}]},{\"@type\":\"BreadcrumbList\",\"@id\":\"https:\/\/www.nettali.com\/2023\/02\/10\/en-coulisses-une-nouvelle-declaration-de-meeting-deposee-pour-le-vendredi-24-fevrier-a-mbacke\/#breadcrumb\",\"itemListElement\":[{\"@type\":\"ListItem\",\"position\":1,\"name\":\"Accueil\",\"item\":\"https:\/\/www.nettali.com\/\"},{\"@type\":\"ListItem\",\"position\":2,\"name\":\"EN COULISSES - Une nouvelle d\\u00e9claration de meeting d\\u00e9pos\\u00e9e pour le vendredi 24 f\\u00e9vrier \\u00e0 Mback\\u00e9\"}]},{\"@type\":\"Person\",\"@id\":\"https:\/\/www.nettali.com\/#\/schema\/person\/3317e0bb3aa1da309fbf7b2780901bf4\",\"name\":\"Daouda\",\"image\":{\"@type\":\"ImageObject\",\"@id\":\"https:\/\/www.nettali.com\/#personlogo\",\"inLanguage\":\"fr-FR\",\"url\":\"https:\/\/secure.gravatar.com\/avatar\/8d143b5a49345098ddcfee1c49c2f47c?s=96&d=mm&r=g\",\"contentUrl\":\"https:\/\/secure.gravatar.com\/avatar\/8d143b5a49345098ddcfee1c49c2f47c?s=96&d=mm&r=g\",\"caption\":\"Daouda\"},\"sameAs\":[\"https:\/\/www.nettali.com\"]}]}<\/script>\n<!-- \/ Yoast SEO Premium plugin. -->","yoast_head_json":{"title":"EN COULISSES - Une nouvelle d\u00e9claration de meeting d\u00e9pos\u00e9e pour le vendredi 24 f\u00e9vrier \u00e0 Mback\u00e9 | Nettali.com","robots":{"index":"index","follow":"follow","max-snippet":"max-snippet:-1","max-image-preview":"max-image-preview:large","max-video-preview":"max-video-preview:-1"},"canonical":"https:\/\/www.nettali.com\/2023\/02\/10\/en-coulisses-une-nouvelle-declaration-de-meeting-deposee-pour-le-vendredi-24-fevrier-a-mbacke\/","og_locale":"fr_FR","og_type":"article","og_title":"EN COULISSES - Une nouvelle d\u00e9claration de meeting d\u00e9pos\u00e9e pour le vendredi 24 f\u00e9vrier \u00e0 Mback\u00e9","og_description":"NETTALI.COM - Apr\u00e8s leur meeting interdit, Pastef Mback\u00e9 a d\u00e9cid\u00e9 de se conformer \u00e0 la l\u00e9gislation. C'est ainsi qu'\u00e0 d\u00e9faut de pouvoir tenir ce vendredi leur meeting, le Pastef devrait se contenter d\u2019une caravane en compagnie de Ousmane Sonko annonc\u00e9 dans la cit\u00e9. Ousmane Sonko a d'ailleurs annonc\u00e9 qu'il va effectuer la pri\u00e8re du vendredi [&hellip;]","og_url":"https:\/\/www.nettali.com\/2023\/02\/10\/en-coulisses-une-nouvelle-declaration-de-meeting-deposee-pour-le-vendredi-24-fevrier-a-mbacke\/","og_site_name":"Nettali.com","article_publisher":"https:\/\/www.facebook.com\/nettalicom","article_published_time":"2023-02-10T08:45:10+00:00","og_image":[{"width":1280,"height":854,"url":"https:\/\/www.nettali.com\/wp-content\/uploads\/2023\/02\/70329104-49062953.jpg","type":"image\/jpeg"}],"twitter_card":"summary_large_image","twitter_misc":{"\u00c9crit par":"Daouda","Dur\u00e9e de lecture estim\u00e9e":"1 minute"},"schema":{"@context":"https:\/\/schema.org","@graph":[{"@type":"WebSite","@id":"https:\/\/www.nettali.com\/#website","url":"https:\/\/www.nettali.com\/","name":"Nettali.com","description":"Le rendez-vous critique du Net","potentialAction":[{"@type":"SearchAction","target":{"@type":"EntryPoint","urlTemplate":"https:\/\/www.nettali.com\/?s={search_term_string}"},"query-input":"required name=search_term_string"}],"inLanguage":"fr-FR"},{"@type":"ImageObject","@id":"https:\/\/www.nettali.com\/2023\/02\/10\/en-coulisses-une-nouvelle-declaration-de-meeting-deposee-pour-le-vendredi-24-fevrier-a-mbacke\/#primaryimage","inLanguage":"fr-FR","url":"https:\/\/www.nettali.com\/wp-content\/uploads\/2023\/02\/70329104-49062953.jpg","contentUrl":"https:\/\/www.nettali.com\/wp-content\/uploads\/2023\/02\/70329104-49062953.jpg","width":1280,"height":854},{"@type":"WebPage","@id":"https:\/\/www.nettali.com\/2023\/02\/10\/en-coulisses-une-nouvelle-declaration-de-meeting-deposee-pour-le-vendredi-24-fevrier-a-mbacke\/#webpage","url":"https:\/\/www.nettali.com\/2023\/02\/10\/en-coulisses-une-nouvelle-declaration-de-meeting-deposee-pour-le-vendredi-24-fevrier-a-mbacke\/","name":"EN COULISSES - Une nouvelle d\u00e9claration de meeting d\u00e9pos\u00e9e pour le vendredi 24 f\u00e9vrier \u00e0 Mback\u00e9 | Nettali.com","isPartOf":{"@id":"https:\/\/www.nettali.com\/#website"},"primaryImageOfPage":{"@id":"https:\/\/www.nettali.com\/2023\/02\/10\/en-coulisses-une-nouvelle-declaration-de-meeting-deposee-pour-le-vendredi-24-fevrier-a-mbacke\/#primaryimage"},"datePublished":"2023-02-10T08:45:10+00:00","dateModified":"2023-02-10T08:45:10+00:00","author":{"@id":"https:\/\/www.nettali.com\/#\/schema\/person\/3317e0bb3aa1da309fbf7b2780901bf4"},"breadcrumb":{"@id":"https:\/\/www.nettali.com\/2023\/02\/10\/en-coulisses-une-nouvelle-declaration-de-meeting-deposee-pour-le-vendredi-24-fevrier-a-mbacke\/#breadcrumb"},"inLanguage":"fr-FR","potentialAction":[{"@type":"ReadAction","target":["https:\/\/www.nettali.com\/2023\/02\/10\/en-coulisses-une-nouvelle-declaration-de-meeting-deposee-pour-le-vendredi-24-fevrier-a-mbacke\/"]}]},{"@type":"BreadcrumbList","@id":"https:\/\/www.nettali.com\/2023\/02\/10\/en-coulisses-une-nouvelle-declaration-de-meeting-deposee-pour-le-vendredi-24-fevrier-a-mbacke\/#breadcrumb","itemListElement":[{"@type":"ListItem","position":1,"name":"Accueil","item":"https:\/\/www.nettali.com\/"},{"@type":"ListItem","position":2,"name":"EN COULISSES - Une nouvelle d\u00e9claration de meeting d\u00e9pos\u00e9e pour le vendredi 24 f\u00e9vrier \u00e0 Mback\u00e9"}]},{"@type":"Person","@id":"https:\/\/www.nettali.com\/#\/schema\/person\/3317e0bb3aa1da309fbf7b2780901bf4","name":"Daouda","image":{"@type":"ImageObject","@id":"https:\/\/www.nettali.com\/#personlogo","inLanguage":"fr-FR","url":"https:\/\/secure.gravatar.com\/avatar\/8d143b5a49345098ddcfee1c49c2f47c?s=96&d=mm&r=g","contentUrl":"https:\/\/secure.gravatar.com\/avatar\/8d143b5a49345098ddcfee1c49c2f47c?s=96&d=mm&r=g","caption":"Daouda"},"sameAs":["https:\/\/www.nettali.com"]}]}},"_links":{"self":[{"href":"https:\/\/www.nettali.com\/rest\/wp\/v2\/posts\/103889"}],"collection":[{"href":"https:\/\/www.nettali.com\/rest\/wp\/v2\/posts"}],"about":[{"href":"https:\/\/www.nettali.com\/rest\/wp\/v2\/types\/post"}],"author":[{"embeddable":true,"href":"https:\/\/www.nettali.com\/rest\/wp\/v2\/users\/4"}],"replies":[{"embeddable":true,"href":"https:\/\/www.nettali.com\/rest\/wp\/v2\/comments?post=103889"}],"version-history":[{"count":1,"href":"https:\/\/www.nettali.com\/rest\/wp\/v2\/posts\/103889\/revisions"}],"predecessor-version":[{"id":103890,"href":"https:\/\/www.nettali.com\/rest\/wp\/v2\/posts\/103889\/revisions\/103890"}],"wp:featuredmedia":[{"embeddable":true,"href":"https:\/\/www.nettali.com\/rest\/wp\/v2\/media\/103814"}],"wp:attachment":[{"href":"https:\/\/www.nettali.com\/rest\/wp\/v2\/media?parent=103889"}],"wp:term":[{"taxonomy":"category","embeddable":true,"href":"https:\/\/www.nettali.com\/rest\/wp\/v2\/categories?post=103889"},{"taxonomy":"post_tag","embeddable":true,"href":"https:\/\/www.nettali.com\/rest\/wp\/v2\/tags?post=103889"}],"curies":[{"name":"wp","href":"https:\/\/api.w.org\/{rel}","templated":true}]}}