{"id":103883,"date":"2023-02-10T08:28:03","date_gmt":"2023-02-10T08:28:03","guid":{"rendered":"https:\/\/www.nettali.com\/?p=103883"},"modified":"2023-02-10T08:28:03","modified_gmt":"2023-02-10T08:28:03","slug":"ligue-des-champions-messi-incertain-face-au-bayern-munich","status":"publish","type":"post","link":"https:\/\/www.nettali.com\/2023\/02\/10\/ligue-des-champions-messi-incertain-face-au-bayern-munich\/","title":{"rendered":"LIGUE DES CHAMPIONS - Messi incertain face au Bayern Munich"},"content":{"rendered":"<p><strong>NETTALI.COM - D\u00e9j\u00e0 priv\u00e9 de Kylian Mbapp\u00e9, le Paris Saint-Germain pourrait faire sans une autre de ses stars pour la r\u00e9ception du Bayern Munich, mardi, lors du 8e de finale aller de la Ligue des Champions.<\/strong><\/p>\n<p>En effet, L'Equipe nous apprend que Lionel Messi s'est bless\u00e9 aux ischio-jambiers contre l'Olympique de Marseille (2-1), mercredi en Coupe de France.<\/p>\n<p>D'ores et d\u00e9j\u00e0 absent pour le d\u00e9placement \u00e0 Monaco, samedi en Ligue 1, le champion du monde est tr\u00e8s incertain pour ce grand rendez-vous europ\u00e9en qui pourrait marquer un premier tournant dans la saison du club de la capitale.<\/p>\n<p>Rappelons que le huiti\u00e8me de finale aller est pr\u00e9vu le 14 f\u00e9vrier au Parc des princes alors que la manche retour aura lieu le 8 mars \u00e0 l'Alianz Arena de Munich.<\/p>\n<div class='share-to-whatsapp-wrapper'><div class='share-on-whsp'>PARTAGER SUR : <\/div><a data-text='LIGUE DES CHAMPIONS - Messi incertain face au Bayern Munich' data-link='https:\/\/www.nettali.com\/2023\/02\/10\/ligue-des-champions-messi-incertain-face-au-bayern-munich\/' class='whatsapp-button whatsapp-share'>WhatsApp<\/a><div class='clear '><\/div><\/div>","protected":false},"excerpt":{"rendered":"<p>NETTALI.COM - D\u00e9j\u00e0 priv\u00e9 de Kylian Mbapp\u00e9, le Paris Saint-Germain pourrait faire sans une autre de ses stars pour la r\u00e9ception du Bayern Munich, mardi, lors du 8e de finale aller de la Ligue des Champions. En effet, L'Equipe nous apprend que Lionel Messi s'est bless\u00e9 aux ischio-jambiers contre l'Olympique de Marseille (2-1), mercredi en [&hellip;]<\/p>\n","protected":false},"author":5,"featured_media":103887,"comment_status":"open","ping_status":"open","sticky":false,"template":"","format":"standard","meta":{"_et_pb_use_builder":"","_et_pb_old_content":""},"categories":[6],"tags":[],"yoast_head":"<!-- This site is optimized with the Yoast SEO Premium plugin v17.8 (Yoast SEO v17.8) - https:\/\/yoast.com\/wordpress\/plugins\/seo\/ -->\n<title>LIGUE DES CHAMPIONS - Messi incertain face au Bayern Munich | Nettali.com<\/title>\n<meta name=\"robots\" content=\"index, follow, max-snippet:-1, max-image-preview:large, max-video-preview:-1\" \/>\n<link rel=\"canonical\" href=\"https:\/\/www.nettali.com\/2023\/02\/10\/ligue-des-champions-messi-incertain-face-au-bayern-munich\/\" \/>\n<meta property=\"og:locale\" content=\"fr_FR\" \/>\n<meta property=\"og:type\" content=\"article\" \/>\n<meta property=\"og:title\" content=\"LIGUE DES CHAMPIONS - Messi incertain face au Bayern Munich\" \/>\n<meta property=\"og:description\" content=\"NETTALI.COM - D\u00e9j\u00e0 priv\u00e9 de Kylian Mbapp\u00e9, le Paris Saint-Germain pourrait faire sans une autre de ses stars pour la r\u00e9ception du Bayern Munich, mardi, lors du 8e de finale aller de la Ligue des Champions. En effet, L&#039;Equipe nous apprend que Lionel Messi s&#039;est bless\u00e9 aux ischio-jambiers contre l&#039;Olympique de Marseille (2-1), mercredi en [&hellip;]\" \/>\n<meta property=\"og:url\" content=\"https:\/\/www.nettali.com\/2023\/02\/10\/ligue-des-champions-messi-incertain-face-au-bayern-munich\/\" \/>\n<meta property=\"og:site_name\" content=\"Nettali.com\" \/>\n<meta property=\"article:publisher\" content=\"https:\/\/www.facebook.com\/nettalicom\" \/>\n<meta property=\"article:published_time\" content=\"2023-02-10T08:28:03+00:00\" \/>\n<meta property=\"og:image\" content=\"https:\/\/www.nettali.com\/wp-content\/uploads\/2023\/02\/1200-L-psg-un-gant-europen-avait-tent-le-coup-lionel-messi.jpg\" \/>\n\t<meta property=\"og:image:width\" content=\"1200\" \/>\n\t<meta property=\"og:image:height\" content=\"640\" \/>\n<meta name=\"twitter:card\" content=\"summary_large_image\" \/>\n<meta name=\"twitter:label1\" content=\"\u00c9crit par\" \/>\n\t<meta name=\"twitter:data1\" content=\"Ibrahima\" \/>\n\t<meta name=\"twitter:label2\" content=\"Dur\u00e9e de lecture estim\u00e9e\" \/>\n\t<meta name=\"twitter:data2\" content=\"1 minute\" \/>\n<script type=\"application\/ld+json\" class=\"yoast-schema-graph\">{\"@context\":\"https:\/\/schema.org\",\"@graph\":[{\"@type\":\"WebSite\",\"@id\":\"https:\/\/www.nettali.com\/#website\",\"url\":\"https:\/\/www.nettali.com\/\",\"name\":\"Nettali.com\",\"description\":\"Le rendez-vous critique du Net\",\"potentialAction\":[{\"@type\":\"SearchAction\",\"target\":{\"@type\":\"EntryPoint\",\"urlTemplate\":\"https:\/\/www.nettali.com\/?s={search_term_string}\"},\"query-input\":\"required name=search_term_string\"}],\"inLanguage\":\"fr-FR\"},{\"@type\":\"ImageObject\",\"@id\":\"https:\/\/www.nettali.com\/2023\/02\/10\/ligue-des-champions-messi-incertain-face-au-bayern-munich\/#primaryimage\",\"inLanguage\":\"fr-FR\",\"url\":\"https:\/\/www.nettali.com\/wp-content\/uploads\/2023\/02\/1200-L-psg-un-gant-europen-avait-tent-le-coup-lionel-messi.jpg\",\"contentUrl\":\"https:\/\/www.nettali.com\/wp-content\/uploads\/2023\/02\/1200-L-psg-un-gant-europen-avait-tent-le-coup-lionel-messi.jpg\",\"width\":1200,\"height\":640},{\"@type\":\"WebPage\",\"@id\":\"https:\/\/www.nettali.com\/2023\/02\/10\/ligue-des-champions-messi-incertain-face-au-bayern-munich\/#webpage\",\"url\":\"https:\/\/www.nettali.com\/2023\/02\/10\/ligue-des-champions-messi-incertain-face-au-bayern-munich\/\",\"name\":\"LIGUE DES CHAMPIONS - Messi incertain face au Bayern Munich | Nettali.com\",\"isPartOf\":{\"@id\":\"https:\/\/www.nettali.com\/#website\"},\"primaryImageOfPage\":{\"@id\":\"https:\/\/www.nettali.com\/2023\/02\/10\/ligue-des-champions-messi-incertain-face-au-bayern-munich\/#primaryimage\"},\"datePublished\":\"2023-02-10T08:28:03+00:00\",\"dateModified\":\"2023-02-10T08:28:03+00:00\",\"author\":{\"@id\":\"https:\/\/www.nettali.com\/#\/schema\/person\/bb147657c2986240405a608162b9bb23\"},\"breadcrumb\":{\"@id\":\"https:\/\/www.nettali.com\/2023\/02\/10\/ligue-des-champions-messi-incertain-face-au-bayern-munich\/#breadcrumb\"},\"inLanguage\":\"fr-FR\",\"potentialAction\":[{\"@type\":\"ReadAction\",\"target\":[\"https:\/\/www.nettali.com\/2023\/02\/10\/ligue-des-champions-messi-incertain-face-au-bayern-munich\/\"]}]},{\"@type\":\"BreadcrumbList\",\"@id\":\"https:\/\/www.nettali.com\/2023\/02\/10\/ligue-des-champions-messi-incertain-face-au-bayern-munich\/#breadcrumb\",\"itemListElement\":[{\"@type\":\"ListItem\",\"position\":1,\"name\":\"Accueil\",\"item\":\"https:\/\/www.nettali.com\/\"},{\"@type\":\"ListItem\",\"position\":2,\"name\":\"LIGUE DES CHAMPIONS - Messi incertain face au Bayern Munich\"}]},{\"@type\":\"Person\",\"@id\":\"https:\/\/www.nettali.com\/#\/schema\/person\/bb147657c2986240405a608162b9bb23\",\"name\":\"Ibrahima\",\"image\":{\"@type\":\"ImageObject\",\"@id\":\"https:\/\/www.nettali.com\/#personlogo\",\"inLanguage\":\"fr-FR\",\"url\":\"https:\/\/secure.gravatar.com\/avatar\/26a8a81f09f0dd7624c9d5c36c9ba3a2?s=96&d=mm&r=g\",\"contentUrl\":\"https:\/\/secure.gravatar.com\/avatar\/26a8a81f09f0dd7624c9d5c36c9ba3a2?s=96&d=mm&r=g\",\"caption\":\"Ibrahima\"},\"sameAs\":[\"https:\/\/www.nettali.com\"]}]}<\/script>\n<!-- \/ Yoast SEO Premium plugin. -->","yoast_head_json":{"title":"LIGUE DES CHAMPIONS - Messi incertain face au Bayern Munich | Nettali.com","robots":{"index":"index","follow":"follow","max-snippet":"max-snippet:-1","max-image-preview":"max-image-preview:large","max-video-preview":"max-video-preview:-1"},"canonical":"https:\/\/www.nettali.com\/2023\/02\/10\/ligue-des-champions-messi-incertain-face-au-bayern-munich\/","og_locale":"fr_FR","og_type":"article","og_title":"LIGUE DES CHAMPIONS - Messi incertain face au Bayern Munich","og_description":"NETTALI.COM - D\u00e9j\u00e0 priv\u00e9 de Kylian Mbapp\u00e9, le Paris Saint-Germain pourrait faire sans une autre de ses stars pour la r\u00e9ception du Bayern Munich, mardi, lors du 8e de finale aller de la Ligue des Champions. En effet, L'Equipe nous apprend que Lionel Messi s'est bless\u00e9 aux ischio-jambiers contre l'Olympique de Marseille (2-1), mercredi en [&hellip;]","og_url":"https:\/\/www.nettali.com\/2023\/02\/10\/ligue-des-champions-messi-incertain-face-au-bayern-munich\/","og_site_name":"Nettali.com","article_publisher":"https:\/\/www.facebook.com\/nettalicom","article_published_time":"2023-02-10T08:28:03+00:00","og_image":[{"width":1200,"height":640,"url":"https:\/\/www.nettali.com\/wp-content\/uploads\/2023\/02\/1200-L-psg-un-gant-europen-avait-tent-le-coup-lionel-messi.jpg","type":"image\/jpeg"}],"twitter_card":"summary_large_image","twitter_misc":{"\u00c9crit par":"Ibrahima","Dur\u00e9e de lecture estim\u00e9e":"1 minute"},"schema":{"@context":"https:\/\/schema.org","@graph":[{"@type":"WebSite","@id":"https:\/\/www.nettali.com\/#website","url":"https:\/\/www.nettali.com\/","name":"Nettali.com","description":"Le rendez-vous critique du Net","potentialAction":[{"@type":"SearchAction","target":{"@type":"EntryPoint","urlTemplate":"https:\/\/www.nettali.com\/?s={search_term_string}"},"query-input":"required name=search_term_string"}],"inLanguage":"fr-FR"},{"@type":"ImageObject","@id":"https:\/\/www.nettali.com\/2023\/02\/10\/ligue-des-champions-messi-incertain-face-au-bayern-munich\/#primaryimage","inLanguage":"fr-FR","url":"https:\/\/www.nettali.com\/wp-content\/uploads\/2023\/02\/1200-L-psg-un-gant-europen-avait-tent-le-coup-lionel-messi.jpg","contentUrl":"https:\/\/www.nettali.com\/wp-content\/uploads\/2023\/02\/1200-L-psg-un-gant-europen-avait-tent-le-coup-lionel-messi.jpg","width":1200,"height":640},{"@type":"WebPage","@id":"https:\/\/www.nettali.com\/2023\/02\/10\/ligue-des-champions-messi-incertain-face-au-bayern-munich\/#webpage","url":"https:\/\/www.nettali.com\/2023\/02\/10\/ligue-des-champions-messi-incertain-face-au-bayern-munich\/","name":"LIGUE DES CHAMPIONS - Messi incertain face au Bayern Munich | Nettali.com","isPartOf":{"@id":"https:\/\/www.nettali.com\/#website"},"primaryImageOfPage":{"@id":"https:\/\/www.nettali.com\/2023\/02\/10\/ligue-des-champions-messi-incertain-face-au-bayern-munich\/#primaryimage"},"datePublished":"2023-02-10T08:28:03+00:00","dateModified":"2023-02-10T08:28:03+00:00","author":{"@id":"https:\/\/www.nettali.com\/#\/schema\/person\/bb147657c2986240405a608162b9bb23"},"breadcrumb":{"@id":"https:\/\/www.nettali.com\/2023\/02\/10\/ligue-des-champions-messi-incertain-face-au-bayern-munich\/#breadcrumb"},"inLanguage":"fr-FR","potentialAction":[{"@type":"ReadAction","target":["https:\/\/www.nettali.com\/2023\/02\/10\/ligue-des-champions-messi-incertain-face-au-bayern-munich\/"]}]},{"@type":"BreadcrumbList","@id":"https:\/\/www.nettali.com\/2023\/02\/10\/ligue-des-champions-messi-incertain-face-au-bayern-munich\/#breadcrumb","itemListElement":[{"@type":"ListItem","position":1,"name":"Accueil","item":"https:\/\/www.nettali.com\/"},{"@type":"ListItem","position":2,"name":"LIGUE DES CHAMPIONS - Messi incertain face au Bayern Munich"}]},{"@type":"Person","@id":"https:\/\/www.nettali.com\/#\/schema\/person\/bb147657c2986240405a608162b9bb23","name":"Ibrahima","image":{"@type":"ImageObject","@id":"https:\/\/www.nettali.com\/#personlogo","inLanguage":"fr-FR","url":"https:\/\/secure.gravatar.com\/avatar\/26a8a81f09f0dd7624c9d5c36c9ba3a2?s=96&d=mm&r=g","contentUrl":"https:\/\/secure.gravatar.com\/avatar\/26a8a81f09f0dd7624c9d5c36c9ba3a2?s=96&d=mm&r=g","caption":"Ibrahima"},"sameAs":["https:\/\/www.nettali.com"]}]}},"_links":{"self":[{"href":"https:\/\/www.nettali.com\/rest\/wp\/v2\/posts\/103883"}],"collection":[{"href":"https:\/\/www.nettali.com\/rest\/wp\/v2\/posts"}],"about":[{"href":"https:\/\/www.nettali.com\/rest\/wp\/v2\/types\/post"}],"author":[{"embeddable":true,"href":"https:\/\/www.nettali.com\/rest\/wp\/v2\/users\/5"}],"replies":[{"embeddable":true,"href":"https:\/\/www.nettali.com\/rest\/wp\/v2\/comments?post=103883"}],"version-history":[{"count":1,"href":"https:\/\/www.nettali.com\/rest\/wp\/v2\/posts\/103883\/revisions"}],"predecessor-version":[{"id":103888,"href":"https:\/\/www.nettali.com\/rest\/wp\/v2\/posts\/103883\/revisions\/103888"}],"wp:featuredmedia":[{"embeddable":true,"href":"https:\/\/www.nettali.com\/rest\/wp\/v2\/media\/103887"}],"wp:attachment":[{"href":"https:\/\/www.nettali.com\/rest\/wp\/v2\/media?parent=103883"}],"wp:term":[{"taxonomy":"category","embeddable":true,"href":"https:\/\/www.nettali.com\/rest\/wp\/v2\/categories?post=103883"},{"taxonomy":"post_tag","embeddable":true,"href":"https:\/\/www.nettali.com\/rest\/wp\/v2\/tags?post=103883"}],"curies":[{"name":"wp","href":"https:\/\/api.w.org\/{rel}","templated":true}]}}