{"id":103842,"date":"2023-02-09T20:27:54","date_gmt":"2023-02-09T20:27:54","guid":{"rendered":"https:\/\/www.nettali.com\/?p=103842"},"modified":"2023-02-10T14:45:48","modified_gmt":"2023-02-10T14:45:48","slug":"pastef-sonko-maintient-le-meeting-de-mbacke-et-met-en-garde","status":"publish","type":"post","link":"https:\/\/www.nettali.com\/2023\/02\/09\/pastef-sonko-maintient-le-meeting-de-mbacke-et-met-en-garde\/","title":{"rendered":"PASTEF - Sonko maintient le meeting de Mback\u00e9 et met en garde"},"content":{"rendered":"<p><strong>NETTALI.COM - Le pr\u00e9fet de Mback\u00e9 a d\u00e9cid\u00e9 de ne pas autoriser le meeting qu'Ousmane Sonko et ses partisans avaient pr\u00e9vu de tenir sur le boulevard \"Ndoy\u00e8ne\". Mais le leader de Pastef est d\u00e9termin\u00e9 \u00e0 tenir ce rassemblement. Le maire de Ziguinchor d\u00e9nonce une \"forfaiture\" et met en garde l'autorit\u00e9 pr\u00e9fectorale.\u00a0<\/strong><\/p>\n<p>\"<em>A Dakar, ce jeudi 09 f\u00e9vrier 2023, mon cort\u00e8ge a essuy\u00e9 des tirs de grenades lacrymog\u00e8nes pour une simple visite \u00e0 la mairie de la Patte d\u2019Oie; alors qu\u2019hier, Macky Sall, pr\u00e9sident de l\u2019APR, s\u2019est pay\u00e9, tranquillement, un convoi politique \u00e0 Thi\u00e8s sous pr\u00e9texte d'un conseil des ministres d\u00e9centralis\u00e9. \u00c0 Mback\u00e9, toujours ce jeudi 09 f\u00e9vrier 2023, le commissaire de police a convoqu\u00e9 les responsables du parti, organisateurs du meeting de Pastef, pr\u00e9vu demain, pour leur dire que l\u2019activit\u00e9 ne pourrait \u00eatre tenue au motif qu\u2019il n\u2019y a que deux signataires sur la lettre d\u2019information \u00e0 l\u2019administration. Au moment o\u00f9 nous \u00e9crivons ces lignes, certains parmi eux sont en \u00e9tat d\u2019arrestation, y compris un d\u00e9put\u00e9 \u00e0 l\u2019Assembl\u00e9e nationale, l\u2019honorable Cheikh Thioro Mback\u00e9<\/em>\", rapporte Ousmane Sonko dans une note post\u00e9e sur les r\u00e9seaux sociaux.<\/p>\n<p>Le leader de Pastef d\u00e9nonce : \"<em>La forfaiture du pr\u00e9fet, auteur de cette d\u00e9cision est choquante<\/em>.\" <em>\"En<\/em> effet, explique-t-il, <em>en ouvrant les guillemets pour citer l\u2019article 96 du code p\u00e9nal du S\u00e9n\u00e9gal en vigueur, comme base l\u00e9gale de 'l\u2019interdiction', le pr\u00e9fet du d\u00e9partement de Mback\u00e9, monsieur Amadoune Diop, a reproduit les dispositions, non pas du Code p\u00e9nal, mais celles de la loi n\u00b074-13 du 24 juin 1974, d\u2019ailleurs abrog\u00e9e, dans ses dispositions contraires, par l\u2019article 18 de la loi n\u00b0 78-02 du 29 janvier 1978 relatives aux r\u00e9unions.<\/em>\" Et d'avertir : \"<em>Cette forfaiture ne passera pas!<\/em>\"<\/p>\n<p>Ousmane Sonko renseigne que son parti a saisi la Cour supr\u00eame d\u2019une requ\u00eate en r\u00e9f\u00e9r\u00e9 aux fins de l\u2019annulation de \"<em>cette honteuse d\u00e9cision<\/em>\". \"<em>En attendant la d\u00e9cision du juge des r\u00e9f\u00e9r\u00e9s, le Mega Meeting de Mback\u00e9 reste maintenu ! Au pr\u00e9fet qui s\u2019est courb\u00e9 devant les ordres ill\u00e9gaux de ses sup\u00e9rieurs d\u2019en assumer les cons\u00e9quences devant l\u2019histoire<\/em>\", persiste le leader de Pastef. Qui lance : \"<em>En cons\u00e9quence, j\u2019appelle les militants et sympathisants \u00e0 maintenir la tr\u00e8s forte mobilisation not\u00e9e qui cr\u00e9e la psychose chez Macky Sall au point qu\u2019il ait besoin d\u2019\u00eatre 'rassur\u00e9' par une mobilisation payante de ses responsables et alli\u00e9s politiques moribonds<\/em>.\"<\/p>\n<p>\"<em>En tout \u00e9tat de cause, j\u2019avais d\u00e9j\u00e0 formul\u00e9 mon intention d\u2019accomplir ma pri\u00e8re du vendredi dans la cit\u00e9 religieuse de Touba avant de me rendre \u00e0 Mback\u00e9 solliciter les pri\u00e8res aupr\u00e8s de Serigne Amdy Modou Mbenda Fall, khalife des Baye Fall, je compte bien m\u2019en acquitter par la gr\u00e2ce de Dieu. Aucune dictature ne prosp\u00e9rera au S\u00e9n\u00e9gal et plus aucune forfaiture ne sera tol\u00e9r\u00e9e. Macky Sall gagnerait \u00e0 le comprendre, pendant qu\u2019il est encore temps, pour pr\u00e9server la paix civile<\/em>\", a indiqu\u00e9 Ousmane Sonko.<\/p>\n<div class='share-to-whatsapp-wrapper'><div class='share-on-whsp'>PARTAGER SUR : <\/div><a data-text='PASTEF - Sonko maintient le meeting de Mback\u00e9 et met en garde' data-link='https:\/\/www.nettali.com\/2023\/02\/09\/pastef-sonko-maintient-le-meeting-de-mbacke-et-met-en-garde\/' class='whatsapp-button whatsapp-share'>WhatsApp<\/a><div class='clear '><\/div><\/div>","protected":false},"excerpt":{"rendered":"<p>NETTALI.COM - Le pr\u00e9fet de Mback\u00e9 a d\u00e9cid\u00e9 de ne pas autoriser le meeting qu'Ousmane Sonko et ses partisans avaient pr\u00e9vu de tenir sur le boulevard \"Ndoy\u00e8ne\". Mais le leader de Pastef est d\u00e9termin\u00e9 \u00e0 tenir ce rassemblement. Le maire de Ziguinchor d\u00e9nonce une \"forfaiture\" et met en garde l'autorit\u00e9 pr\u00e9fectorale.\u00a0 \"A Dakar, ce jeudi [&hellip;]<\/p>\n","protected":false},"author":3,"featured_media":102521,"comment_status":"open","ping_status":"open","sticky":false,"template":"","format":"standard","meta":{"_et_pb_use_builder":"","_et_pb_old_content":""},"categories":[2],"tags":[],"yoast_head":"<!-- This site is optimized with the Yoast SEO Premium plugin v17.8 (Yoast SEO v17.8) - https:\/\/yoast.com\/wordpress\/plugins\/seo\/ -->\n<title>PASTEF - Sonko maintient le meeting de Mback\u00e9 et met en garde | Nettali.com<\/title>\n<meta name=\"robots\" content=\"index, follow, max-snippet:-1, max-image-preview:large, max-video-preview:-1\" \/>\n<link rel=\"canonical\" href=\"https:\/\/www.nettali.com\/2023\/02\/09\/pastef-sonko-maintient-le-meeting-de-mbacke-et-met-en-garde\/\" \/>\n<meta property=\"og:locale\" content=\"fr_FR\" \/>\n<meta property=\"og:type\" content=\"article\" \/>\n<meta property=\"og:title\" content=\"PASTEF - Sonko maintient le meeting de Mback\u00e9 et met en garde\" \/>\n<meta property=\"og:description\" content=\"NETTALI.COM - Le pr\u00e9fet de Mback\u00e9 a d\u00e9cid\u00e9 de ne pas autoriser le meeting qu&#039;Ousmane Sonko et ses partisans avaient pr\u00e9vu de tenir sur le boulevard &quot;Ndoy\u00e8ne&quot;. Mais le leader de Pastef est d\u00e9termin\u00e9 \u00e0 tenir ce rassemblement. Le maire de Ziguinchor d\u00e9nonce une &quot;forfaiture&quot; et met en garde l&#039;autorit\u00e9 pr\u00e9fectorale.\u00a0 &quot;A Dakar, ce jeudi [&hellip;]\" \/>\n<meta property=\"og:url\" content=\"https:\/\/www.nettali.com\/2023\/02\/09\/pastef-sonko-maintient-le-meeting-de-mbacke-et-met-en-garde\/\" \/>\n<meta property=\"og:site_name\" content=\"Nettali.com\" \/>\n<meta property=\"article:publisher\" content=\"https:\/\/www.facebook.com\/nettalicom\" \/>\n<meta property=\"article:published_time\" content=\"2023-02-09T20:27:54+00:00\" \/>\n<meta property=\"article:modified_time\" content=\"2023-02-10T14:45:48+00:00\" \/>\n<meta property=\"og:image\" content=\"https:\/\/www.nettali.com\/wp-content\/uploads\/2023\/01\/direct-meeting-de-ousmane-sonko-a-keur-massar-youtube-2023-01-22-22-47-14.jpg\" \/>\n\t<meta property=\"og:image:width\" content=\"979\" \/>\n\t<meta property=\"og:image:height\" content=\"564\" \/>\n<meta name=\"twitter:card\" content=\"summary_large_image\" \/>\n<meta name=\"twitter:label1\" content=\"\u00c9crit par\" \/>\n\t<meta name=\"twitter:data1\" content=\"Moustapha\" \/>\n\t<meta name=\"twitter:label2\" content=\"Dur\u00e9e de lecture estim\u00e9e\" \/>\n\t<meta name=\"twitter:data2\" content=\"3 minutes\" \/>\n<script type=\"application\/ld+json\" class=\"yoast-schema-graph\">{\"@context\":\"https:\/\/schema.org\",\"@graph\":[{\"@type\":\"WebSite\",\"@id\":\"https:\/\/www.nettali.com\/#website\",\"url\":\"https:\/\/www.nettali.com\/\",\"name\":\"Nettali.com\",\"description\":\"Le rendez-vous critique du Net\",\"potentialAction\":[{\"@type\":\"SearchAction\",\"target\":{\"@type\":\"EntryPoint\",\"urlTemplate\":\"https:\/\/www.nettali.com\/?s={search_term_string}\"},\"query-input\":\"required name=search_term_string\"}],\"inLanguage\":\"fr-FR\"},{\"@type\":\"ImageObject\",\"@id\":\"https:\/\/www.nettali.com\/2023\/02\/09\/pastef-sonko-maintient-le-meeting-de-mbacke-et-met-en-garde\/#primaryimage\",\"inLanguage\":\"fr-FR\",\"url\":\"https:\/\/www.nettali.com\/wp-content\/uploads\/2023\/01\/direct-meeting-de-ousmane-sonko-a-keur-massar-youtube-2023-01-22-22-47-14.jpg\",\"contentUrl\":\"https:\/\/www.nettali.com\/wp-content\/uploads\/2023\/01\/direct-meeting-de-ousmane-sonko-a-keur-massar-youtube-2023-01-22-22-47-14.jpg\",\"width\":979,\"height\":564},{\"@type\":\"WebPage\",\"@id\":\"https:\/\/www.nettali.com\/2023\/02\/09\/pastef-sonko-maintient-le-meeting-de-mbacke-et-met-en-garde\/#webpage\",\"url\":\"https:\/\/www.nettali.com\/2023\/02\/09\/pastef-sonko-maintient-le-meeting-de-mbacke-et-met-en-garde\/\",\"name\":\"PASTEF - Sonko maintient le meeting de Mback\\u00e9 et met en garde | Nettali.com\",\"isPartOf\":{\"@id\":\"https:\/\/www.nettali.com\/#website\"},\"primaryImageOfPage\":{\"@id\":\"https:\/\/www.nettali.com\/2023\/02\/09\/pastef-sonko-maintient-le-meeting-de-mbacke-et-met-en-garde\/#primaryimage\"},\"datePublished\":\"2023-02-09T20:27:54+00:00\",\"dateModified\":\"2023-02-10T14:45:48+00:00\",\"author\":{\"@id\":\"https:\/\/www.nettali.com\/#\/schema\/person\/7962a12a6e0267f88f0ffa544c36469a\"},\"breadcrumb\":{\"@id\":\"https:\/\/www.nettali.com\/2023\/02\/09\/pastef-sonko-maintient-le-meeting-de-mbacke-et-met-en-garde\/#breadcrumb\"},\"inLanguage\":\"fr-FR\",\"potentialAction\":[{\"@type\":\"ReadAction\",\"target\":[\"https:\/\/www.nettali.com\/2023\/02\/09\/pastef-sonko-maintient-le-meeting-de-mbacke-et-met-en-garde\/\"]}]},{\"@type\":\"BreadcrumbList\",\"@id\":\"https:\/\/www.nettali.com\/2023\/02\/09\/pastef-sonko-maintient-le-meeting-de-mbacke-et-met-en-garde\/#breadcrumb\",\"itemListElement\":[{\"@type\":\"ListItem\",\"position\":1,\"name\":\"Accueil\",\"item\":\"https:\/\/www.nettali.com\/\"},{\"@type\":\"ListItem\",\"position\":2,\"name\":\"PASTEF - Sonko maintient le meeting de Mback\\u00e9 et met en garde\"}]},{\"@type\":\"Person\",\"@id\":\"https:\/\/www.nettali.com\/#\/schema\/person\/7962a12a6e0267f88f0ffa544c36469a\",\"name\":\"Moustapha\",\"image\":{\"@type\":\"ImageObject\",\"@id\":\"https:\/\/www.nettali.com\/#personlogo\",\"inLanguage\":\"fr-FR\",\"url\":\"https:\/\/secure.gravatar.com\/avatar\/10fdf6a071cccdcf374e3dbe45159590?s=96&d=mm&r=g\",\"contentUrl\":\"https:\/\/secure.gravatar.com\/avatar\/10fdf6a071cccdcf374e3dbe45159590?s=96&d=mm&r=g\",\"caption\":\"Moustapha\"},\"sameAs\":[\"https:\/\/www.nettali.com\"]}]}<\/script>\n<!-- \/ Yoast SEO Premium plugin. -->","yoast_head_json":{"title":"PASTEF - Sonko maintient le meeting de Mback\u00e9 et met en garde | Nettali.com","robots":{"index":"index","follow":"follow","max-snippet":"max-snippet:-1","max-image-preview":"max-image-preview:large","max-video-preview":"max-video-preview:-1"},"canonical":"https:\/\/www.nettali.com\/2023\/02\/09\/pastef-sonko-maintient-le-meeting-de-mbacke-et-met-en-garde\/","og_locale":"fr_FR","og_type":"article","og_title":"PASTEF - Sonko maintient le meeting de Mback\u00e9 et met en garde","og_description":"NETTALI.COM - Le pr\u00e9fet de Mback\u00e9 a d\u00e9cid\u00e9 de ne pas autoriser le meeting qu'Ousmane Sonko et ses partisans avaient pr\u00e9vu de tenir sur le boulevard \"Ndoy\u00e8ne\". Mais le leader de Pastef est d\u00e9termin\u00e9 \u00e0 tenir ce rassemblement. Le maire de Ziguinchor d\u00e9nonce une \"forfaiture\" et met en garde l'autorit\u00e9 pr\u00e9fectorale.\u00a0 \"A Dakar, ce jeudi [&hellip;]","og_url":"https:\/\/www.nettali.com\/2023\/02\/09\/pastef-sonko-maintient-le-meeting-de-mbacke-et-met-en-garde\/","og_site_name":"Nettali.com","article_publisher":"https:\/\/www.facebook.com\/nettalicom","article_published_time":"2023-02-09T20:27:54+00:00","article_modified_time":"2023-02-10T14:45:48+00:00","og_image":[{"width":979,"height":564,"url":"https:\/\/www.nettali.com\/wp-content\/uploads\/2023\/01\/direct-meeting-de-ousmane-sonko-a-keur-massar-youtube-2023-01-22-22-47-14.jpg","type":"image\/jpeg"}],"twitter_card":"summary_large_image","twitter_misc":{"\u00c9crit par":"Moustapha","Dur\u00e9e de lecture estim\u00e9e":"3 minutes"},"schema":{"@context":"https:\/\/schema.org","@graph":[{"@type":"WebSite","@id":"https:\/\/www.nettali.com\/#website","url":"https:\/\/www.nettali.com\/","name":"Nettali.com","description":"Le rendez-vous critique du Net","potentialAction":[{"@type":"SearchAction","target":{"@type":"EntryPoint","urlTemplate":"https:\/\/www.nettali.com\/?s={search_term_string}"},"query-input":"required name=search_term_string"}],"inLanguage":"fr-FR"},{"@type":"ImageObject","@id":"https:\/\/www.nettali.com\/2023\/02\/09\/pastef-sonko-maintient-le-meeting-de-mbacke-et-met-en-garde\/#primaryimage","inLanguage":"fr-FR","url":"https:\/\/www.nettali.com\/wp-content\/uploads\/2023\/01\/direct-meeting-de-ousmane-sonko-a-keur-massar-youtube-2023-01-22-22-47-14.jpg","contentUrl":"https:\/\/www.nettali.com\/wp-content\/uploads\/2023\/01\/direct-meeting-de-ousmane-sonko-a-keur-massar-youtube-2023-01-22-22-47-14.jpg","width":979,"height":564},{"@type":"WebPage","@id":"https:\/\/www.nettali.com\/2023\/02\/09\/pastef-sonko-maintient-le-meeting-de-mbacke-et-met-en-garde\/#webpage","url":"https:\/\/www.nettali.com\/2023\/02\/09\/pastef-sonko-maintient-le-meeting-de-mbacke-et-met-en-garde\/","name":"PASTEF - Sonko maintient le meeting de Mback\u00e9 et met en garde | Nettali.com","isPartOf":{"@id":"https:\/\/www.nettali.com\/#website"},"primaryImageOfPage":{"@id":"https:\/\/www.nettali.com\/2023\/02\/09\/pastef-sonko-maintient-le-meeting-de-mbacke-et-met-en-garde\/#primaryimage"},"datePublished":"2023-02-09T20:27:54+00:00","dateModified":"2023-02-10T14:45:48+00:00","author":{"@id":"https:\/\/www.nettali.com\/#\/schema\/person\/7962a12a6e0267f88f0ffa544c36469a"},"breadcrumb":{"@id":"https:\/\/www.nettali.com\/2023\/02\/09\/pastef-sonko-maintient-le-meeting-de-mbacke-et-met-en-garde\/#breadcrumb"},"inLanguage":"fr-FR","potentialAction":[{"@type":"ReadAction","target":["https:\/\/www.nettali.com\/2023\/02\/09\/pastef-sonko-maintient-le-meeting-de-mbacke-et-met-en-garde\/"]}]},{"@type":"BreadcrumbList","@id":"https:\/\/www.nettali.com\/2023\/02\/09\/pastef-sonko-maintient-le-meeting-de-mbacke-et-met-en-garde\/#breadcrumb","itemListElement":[{"@type":"ListItem","position":1,"name":"Accueil","item":"https:\/\/www.nettali.com\/"},{"@type":"ListItem","position":2,"name":"PASTEF - Sonko maintient le meeting de Mback\u00e9 et met en garde"}]},{"@type":"Person","@id":"https:\/\/www.nettali.com\/#\/schema\/person\/7962a12a6e0267f88f0ffa544c36469a","name":"Moustapha","image":{"@type":"ImageObject","@id":"https:\/\/www.nettali.com\/#personlogo","inLanguage":"fr-FR","url":"https:\/\/secure.gravatar.com\/avatar\/10fdf6a071cccdcf374e3dbe45159590?s=96&d=mm&r=g","contentUrl":"https:\/\/secure.gravatar.com\/avatar\/10fdf6a071cccdcf374e3dbe45159590?s=96&d=mm&r=g","caption":"Moustapha"},"sameAs":["https:\/\/www.nettali.com"]}]}},"_links":{"self":[{"href":"https:\/\/www.nettali.com\/rest\/wp\/v2\/posts\/103842"}],"collection":[{"href":"https:\/\/www.nettali.com\/rest\/wp\/v2\/posts"}],"about":[{"href":"https:\/\/www.nettali.com\/rest\/wp\/v2\/types\/post"}],"author":[{"embeddable":true,"href":"https:\/\/www.nettali.com\/rest\/wp\/v2\/users\/3"}],"replies":[{"embeddable":true,"href":"https:\/\/www.nettali.com\/rest\/wp\/v2\/comments?post=103842"}],"version-history":[{"count":4,"href":"https:\/\/www.nettali.com\/rest\/wp\/v2\/posts\/103842\/revisions"}],"predecessor-version":[{"id":103856,"href":"https:\/\/www.nettali.com\/rest\/wp\/v2\/posts\/103842\/revisions\/103856"}],"wp:featuredmedia":[{"embeddable":true,"href":"https:\/\/www.nettali.com\/rest\/wp\/v2\/media\/102521"}],"wp:attachment":[{"href":"https:\/\/www.nettali.com\/rest\/wp\/v2\/media?parent=103842"}],"wp:term":[{"taxonomy":"category","embeddable":true,"href":"https:\/\/www.nettali.com\/rest\/wp\/v2\/categories?post=103842"},{"taxonomy":"post_tag","embeddable":true,"href":"https:\/\/www.nettali.com\/rest\/wp\/v2\/tags?post=103842"}],"curies":[{"name":"wp","href":"https:\/\/api.w.org\/{rel}","templated":true}]}}