{"id":103712,"date":"2023-02-08T12:21:35","date_gmt":"2023-02-08T12:21:35","guid":{"rendered":"https:\/\/www.nettali.com\/?p=103712"},"modified":"2023-02-08T12:22:29","modified_gmt":"2023-02-08T12:22:29","slug":"hann-pecheur-un-incendie-fait-un-mort","status":"publish","type":"post","link":"https:\/\/www.nettali.com\/2023\/02\/08\/hann-pecheur-un-incendie-fait-un-mort\/","title":{"rendered":"HANN-P\u00caCHEUR - Un incendie fait un mort"},"content":{"rendered":"<p><strong>NETTALI.COM - L'incendie qui s'est d\u00e9clar\u00e9 mardi 7 f\u00e9vrier, vers les coups de 6 heures du matin, \u00e0 Hann-P\u00eacheur (Dakar), a fait une victime. Il s'agit d'une dame \u00e2g\u00e9e de 65 ans. La victime, du nom de M. Gu\u00e8ye, a \u00e9t\u00e9 prise au pi\u00e8ge des flammes qui ont fait tomber sur elle les pans de la baraque. Elle a perdu la vie totalement calcin\u00e9e.<\/strong><\/p>\n<p>En effet, le feu est parti d'une bonbonne de gaz utilis\u00e9e par la d\u00e9funte pour chauffer de l'eau. Apr\u00e8s une fuite, la bonbonne a explos\u00e9 avant que les flammes ne se propagent dans la concession. Avec l'effet du vent, cinq autres chambres de la baraque ont pris feu simultan\u00e9ment, selon la Rfm.<\/p>\n<p>Toute la concession a \u00e9t\u00e9 r\u00e9duite en cendre, annonce la m\u00eame source. L'incendie aussi caus\u00e9 d'importants d\u00e9g\u00e2ts mat\u00e9riels.<\/p>\n<div class='share-to-whatsapp-wrapper'><div class='share-on-whsp'>PARTAGER SUR : <\/div><a data-text='HANN-P\u00caCHEUR - Un incendie fait un mort' data-link='https:\/\/www.nettali.com\/2023\/02\/08\/hann-pecheur-un-incendie-fait-un-mort\/' class='whatsapp-button whatsapp-share'>WhatsApp<\/a><div class='clear '><\/div><\/div>","protected":false},"excerpt":{"rendered":"<p>NETTALI.COM - L'incendie qui s'est d\u00e9clar\u00e9 mardi 7 f\u00e9vrier, vers les coups de 6 heures du matin, \u00e0 Hann-P\u00eacheur (Dakar), a fait une victime. Il s'agit d'une dame \u00e2g\u00e9e de 65 ans. La victime, du nom de M. Gu\u00e8ye, a \u00e9t\u00e9 prise au pi\u00e8ge des flammes qui ont fait tomber sur elle les pans de [&hellip;]<\/p>\n","protected":false},"author":5,"featured_media":102886,"comment_status":"open","ping_status":"open","sticky":false,"template":"","format":"standard","meta":{"_et_pb_use_builder":"","_et_pb_old_content":""},"categories":[3],"tags":[],"yoast_head":"<!-- This site is optimized with the Yoast SEO Premium plugin v17.8 (Yoast SEO v17.8) - https:\/\/yoast.com\/wordpress\/plugins\/seo\/ -->\n<title>HANN-P\u00caCHEUR - Un incendie fait un mort | Nettali.com<\/title>\n<meta name=\"robots\" content=\"index, follow, max-snippet:-1, max-image-preview:large, max-video-preview:-1\" \/>\n<link rel=\"canonical\" href=\"https:\/\/www.nettali.com\/2023\/02\/08\/hann-pecheur-un-incendie-fait-un-mort\/\" \/>\n<meta property=\"og:locale\" content=\"fr_FR\" \/>\n<meta property=\"og:type\" content=\"article\" \/>\n<meta property=\"og:title\" content=\"HANN-P\u00caCHEUR - Un incendie fait un mort\" \/>\n<meta property=\"og:description\" content=\"NETTALI.COM - L&#039;incendie qui s&#039;est d\u00e9clar\u00e9 mardi 7 f\u00e9vrier, vers les coups de 6 heures du matin, \u00e0 Hann-P\u00eacheur (Dakar), a fait une victime. Il s&#039;agit d&#039;une dame \u00e2g\u00e9e de 65 ans. La victime, du nom de M. Gu\u00e8ye, a \u00e9t\u00e9 prise au pi\u00e8ge des flammes qui ont fait tomber sur elle les pans de [&hellip;]\" \/>\n<meta property=\"og:url\" content=\"https:\/\/www.nettali.com\/2023\/02\/08\/hann-pecheur-un-incendie-fait-un-mort\/\" \/>\n<meta property=\"og:site_name\" content=\"Nettali.com\" \/>\n<meta property=\"article:publisher\" content=\"https:\/\/www.facebook.com\/nettalicom\" \/>\n<meta property=\"article:published_time\" content=\"2023-02-08T12:21:35+00:00\" \/>\n<meta property=\"article:modified_time\" content=\"2023-02-08T12:22:29+00:00\" \/>\n<meta property=\"og:image\" content=\"https:\/\/www.nettali.com\/wp-content\/uploads\/2023\/01\/16210792022844-696x392-1.jpg\" \/>\n\t<meta property=\"og:image:width\" content=\"696\" \/>\n\t<meta property=\"og:image:height\" content=\"392\" \/>\n<meta name=\"twitter:card\" content=\"summary_large_image\" \/>\n<meta name=\"twitter:label1\" content=\"\u00c9crit par\" \/>\n\t<meta name=\"twitter:data1\" content=\"Ibrahima\" \/>\n\t<meta name=\"twitter:label2\" content=\"Dur\u00e9e de lecture estim\u00e9e\" \/>\n\t<meta name=\"twitter:data2\" content=\"1 minute\" \/>\n<script type=\"application\/ld+json\" class=\"yoast-schema-graph\">{\"@context\":\"https:\/\/schema.org\",\"@graph\":[{\"@type\":\"WebSite\",\"@id\":\"https:\/\/www.nettali.com\/#website\",\"url\":\"https:\/\/www.nettali.com\/\",\"name\":\"Nettali.com\",\"description\":\"Le rendez-vous critique du Net\",\"potentialAction\":[{\"@type\":\"SearchAction\",\"target\":{\"@type\":\"EntryPoint\",\"urlTemplate\":\"https:\/\/www.nettali.com\/?s={search_term_string}\"},\"query-input\":\"required name=search_term_string\"}],\"inLanguage\":\"fr-FR\"},{\"@type\":\"ImageObject\",\"@id\":\"https:\/\/www.nettali.com\/2023\/02\/08\/hann-pecheur-un-incendie-fait-un-mort\/#primaryimage\",\"inLanguage\":\"fr-FR\",\"url\":\"https:\/\/www.nettali.com\/wp-content\/uploads\/2023\/01\/16210792022844-696x392-1.jpg\",\"contentUrl\":\"https:\/\/www.nettali.com\/wp-content\/uploads\/2023\/01\/16210792022844-696x392-1.jpg\",\"width\":696,\"height\":392},{\"@type\":\"WebPage\",\"@id\":\"https:\/\/www.nettali.com\/2023\/02\/08\/hann-pecheur-un-incendie-fait-un-mort\/#webpage\",\"url\":\"https:\/\/www.nettali.com\/2023\/02\/08\/hann-pecheur-un-incendie-fait-un-mort\/\",\"name\":\"HANN-P\\u00caCHEUR - Un incendie fait un mort | Nettali.com\",\"isPartOf\":{\"@id\":\"https:\/\/www.nettali.com\/#website\"},\"primaryImageOfPage\":{\"@id\":\"https:\/\/www.nettali.com\/2023\/02\/08\/hann-pecheur-un-incendie-fait-un-mort\/#primaryimage\"},\"datePublished\":\"2023-02-08T12:21:35+00:00\",\"dateModified\":\"2023-02-08T12:22:29+00:00\",\"author\":{\"@id\":\"https:\/\/www.nettali.com\/#\/schema\/person\/bb147657c2986240405a608162b9bb23\"},\"breadcrumb\":{\"@id\":\"https:\/\/www.nettali.com\/2023\/02\/08\/hann-pecheur-un-incendie-fait-un-mort\/#breadcrumb\"},\"inLanguage\":\"fr-FR\",\"potentialAction\":[{\"@type\":\"ReadAction\",\"target\":[\"https:\/\/www.nettali.com\/2023\/02\/08\/hann-pecheur-un-incendie-fait-un-mort\/\"]}]},{\"@type\":\"BreadcrumbList\",\"@id\":\"https:\/\/www.nettali.com\/2023\/02\/08\/hann-pecheur-un-incendie-fait-un-mort\/#breadcrumb\",\"itemListElement\":[{\"@type\":\"ListItem\",\"position\":1,\"name\":\"Accueil\",\"item\":\"https:\/\/www.nettali.com\/\"},{\"@type\":\"ListItem\",\"position\":2,\"name\":\"HANN-P\\u00caCHEUR - Un incendie fait un mort\"}]},{\"@type\":\"Person\",\"@id\":\"https:\/\/www.nettali.com\/#\/schema\/person\/bb147657c2986240405a608162b9bb23\",\"name\":\"Ibrahima\",\"image\":{\"@type\":\"ImageObject\",\"@id\":\"https:\/\/www.nettali.com\/#personlogo\",\"inLanguage\":\"fr-FR\",\"url\":\"https:\/\/secure.gravatar.com\/avatar\/26a8a81f09f0dd7624c9d5c36c9ba3a2?s=96&d=mm&r=g\",\"contentUrl\":\"https:\/\/secure.gravatar.com\/avatar\/26a8a81f09f0dd7624c9d5c36c9ba3a2?s=96&d=mm&r=g\",\"caption\":\"Ibrahima\"},\"sameAs\":[\"https:\/\/www.nettali.com\"]}]}<\/script>\n<!-- \/ Yoast SEO Premium plugin. -->","yoast_head_json":{"title":"HANN-P\u00caCHEUR - Un incendie fait un mort | Nettali.com","robots":{"index":"index","follow":"follow","max-snippet":"max-snippet:-1","max-image-preview":"max-image-preview:large","max-video-preview":"max-video-preview:-1"},"canonical":"https:\/\/www.nettali.com\/2023\/02\/08\/hann-pecheur-un-incendie-fait-un-mort\/","og_locale":"fr_FR","og_type":"article","og_title":"HANN-P\u00caCHEUR - Un incendie fait un mort","og_description":"NETTALI.COM - L'incendie qui s'est d\u00e9clar\u00e9 mardi 7 f\u00e9vrier, vers les coups de 6 heures du matin, \u00e0 Hann-P\u00eacheur (Dakar), a fait une victime. Il s'agit d'une dame \u00e2g\u00e9e de 65 ans. La victime, du nom de M. Gu\u00e8ye, a \u00e9t\u00e9 prise au pi\u00e8ge des flammes qui ont fait tomber sur elle les pans de [&hellip;]","og_url":"https:\/\/www.nettali.com\/2023\/02\/08\/hann-pecheur-un-incendie-fait-un-mort\/","og_site_name":"Nettali.com","article_publisher":"https:\/\/www.facebook.com\/nettalicom","article_published_time":"2023-02-08T12:21:35+00:00","article_modified_time":"2023-02-08T12:22:29+00:00","og_image":[{"width":696,"height":392,"url":"https:\/\/www.nettali.com\/wp-content\/uploads\/2023\/01\/16210792022844-696x392-1.jpg","type":"image\/jpeg"}],"twitter_card":"summary_large_image","twitter_misc":{"\u00c9crit par":"Ibrahima","Dur\u00e9e de lecture estim\u00e9e":"1 minute"},"schema":{"@context":"https:\/\/schema.org","@graph":[{"@type":"WebSite","@id":"https:\/\/www.nettali.com\/#website","url":"https:\/\/www.nettali.com\/","name":"Nettali.com","description":"Le rendez-vous critique du Net","potentialAction":[{"@type":"SearchAction","target":{"@type":"EntryPoint","urlTemplate":"https:\/\/www.nettali.com\/?s={search_term_string}"},"query-input":"required name=search_term_string"}],"inLanguage":"fr-FR"},{"@type":"ImageObject","@id":"https:\/\/www.nettali.com\/2023\/02\/08\/hann-pecheur-un-incendie-fait-un-mort\/#primaryimage","inLanguage":"fr-FR","url":"https:\/\/www.nettali.com\/wp-content\/uploads\/2023\/01\/16210792022844-696x392-1.jpg","contentUrl":"https:\/\/www.nettali.com\/wp-content\/uploads\/2023\/01\/16210792022844-696x392-1.jpg","width":696,"height":392},{"@type":"WebPage","@id":"https:\/\/www.nettali.com\/2023\/02\/08\/hann-pecheur-un-incendie-fait-un-mort\/#webpage","url":"https:\/\/www.nettali.com\/2023\/02\/08\/hann-pecheur-un-incendie-fait-un-mort\/","name":"HANN-P\u00caCHEUR - Un incendie fait un mort | Nettali.com","isPartOf":{"@id":"https:\/\/www.nettali.com\/#website"},"primaryImageOfPage":{"@id":"https:\/\/www.nettali.com\/2023\/02\/08\/hann-pecheur-un-incendie-fait-un-mort\/#primaryimage"},"datePublished":"2023-02-08T12:21:35+00:00","dateModified":"2023-02-08T12:22:29+00:00","author":{"@id":"https:\/\/www.nettali.com\/#\/schema\/person\/bb147657c2986240405a608162b9bb23"},"breadcrumb":{"@id":"https:\/\/www.nettali.com\/2023\/02\/08\/hann-pecheur-un-incendie-fait-un-mort\/#breadcrumb"},"inLanguage":"fr-FR","potentialAction":[{"@type":"ReadAction","target":["https:\/\/www.nettali.com\/2023\/02\/08\/hann-pecheur-un-incendie-fait-un-mort\/"]}]},{"@type":"BreadcrumbList","@id":"https:\/\/www.nettali.com\/2023\/02\/08\/hann-pecheur-un-incendie-fait-un-mort\/#breadcrumb","itemListElement":[{"@type":"ListItem","position":1,"name":"Accueil","item":"https:\/\/www.nettali.com\/"},{"@type":"ListItem","position":2,"name":"HANN-P\u00caCHEUR - Un incendie fait un mort"}]},{"@type":"Person","@id":"https:\/\/www.nettali.com\/#\/schema\/person\/bb147657c2986240405a608162b9bb23","name":"Ibrahima","image":{"@type":"ImageObject","@id":"https:\/\/www.nettali.com\/#personlogo","inLanguage":"fr-FR","url":"https:\/\/secure.gravatar.com\/avatar\/26a8a81f09f0dd7624c9d5c36c9ba3a2?s=96&d=mm&r=g","contentUrl":"https:\/\/secure.gravatar.com\/avatar\/26a8a81f09f0dd7624c9d5c36c9ba3a2?s=96&d=mm&r=g","caption":"Ibrahima"},"sameAs":["https:\/\/www.nettali.com"]}]}},"_links":{"self":[{"href":"https:\/\/www.nettali.com\/rest\/wp\/v2\/posts\/103712"}],"collection":[{"href":"https:\/\/www.nettali.com\/rest\/wp\/v2\/posts"}],"about":[{"href":"https:\/\/www.nettali.com\/rest\/wp\/v2\/types\/post"}],"author":[{"embeddable":true,"href":"https:\/\/www.nettali.com\/rest\/wp\/v2\/users\/5"}],"replies":[{"embeddable":true,"href":"https:\/\/www.nettali.com\/rest\/wp\/v2\/comments?post=103712"}],"version-history":[{"count":1,"href":"https:\/\/www.nettali.com\/rest\/wp\/v2\/posts\/103712\/revisions"}],"predecessor-version":[{"id":103713,"href":"https:\/\/www.nettali.com\/rest\/wp\/v2\/posts\/103712\/revisions\/103713"}],"wp:featuredmedia":[{"embeddable":true,"href":"https:\/\/www.nettali.com\/rest\/wp\/v2\/media\/102886"}],"wp:attachment":[{"href":"https:\/\/www.nettali.com\/rest\/wp\/v2\/media?parent=103712"}],"wp:term":[{"taxonomy":"category","embeddable":true,"href":"https:\/\/www.nettali.com\/rest\/wp\/v2\/categories?post=103712"},{"taxonomy":"post_tag","embeddable":true,"href":"https:\/\/www.nettali.com\/rest\/wp\/v2\/tags?post=103712"}],"curies":[{"name":"wp","href":"https:\/\/api.w.org\/{rel}","templated":true}]}}