{"id":103706,"date":"2023-02-08T16:52:57","date_gmt":"2023-02-08T16:52:57","guid":{"rendered":"https:\/\/www.nettali.com\/?p=103706"},"modified":"2023-02-08T16:52:57","modified_gmt":"2023-02-08T16:52:57","slug":"escroquerie-le-proces-de-luc-nicolai-renvoye-au-8-mars","status":"publish","type":"post","link":"https:\/\/www.nettali.com\/2023\/02\/08\/escroquerie-le-proces-de-luc-nicolai-renvoye-au-8-mars\/","title":{"rendered":"ESCROQUERIE- Le proc\u00e8s de Luc Nicola\u00ef renvoy\u00e9 au 8 mars"},"content":{"rendered":"<div dir=\"auto\"><strong>NETTALI.COM- Pr\u00e9vu ce mercredi 7 f\u00e9vrier ier 2023, le proc\u00e8s du Luc Nicolai et du Directeur administratif du Comit\u00e9\u00a0 national de gestion (CNG) de la lutte, <\/strong><strong>Ndiam\u00e9 Diop, est renvoy\u00e9 au 8 mars 2023.\u00a0<\/strong><\/div>\n<div dir=\"auto\"><\/div>\n<div dir=\"auto\">Encore un renvoi du proc\u00e8s de Luc Nicola\u00ef. Le promoteur de lutte est attrait en justice pour escroquerie et faux et usage de faux en \u00e9criture \u00a0dans un document administratif. Il est poursuivi avec le Directeur administratif du Comit\u00e9 de National de Gestion (CNG) de la lutte, Ndiam\u00e9 Diop. Le dossier \u00e9voqu\u00e9 ce mercredi 8 f\u00e9vrier 2023 \u00e0 la barre de la troisi\u00e8me chambre correctionnelle, en pr\u00e9sence de toutes les parties avait \u00e9t\u00e9 retenue dans un premier temps.<\/div>\n<div dir=\"auto\">Cependant, Me Bamba Ciss\u00e9 nouvellement constitu\u00e9 pour Luc Nicola\u00ef, a sollicit\u00e9 un renvoi pour s'impr\u00e9gner du dossier. Le juge a acc\u00e9d\u00e9 \u00e0 sa requ\u00eate en ajournant le proc\u00e8s au 8 mars\u00a0 2023.<\/div>\n<div dir=\"auto\"><\/div>\n<div dir=\"auto\">Le combat Modou L\u00f4- Ama Bald\u00e9 est \u00e0 l'origine de ce diff\u00e9rend entre les pr\u00e9venus et l'homme\u00a0 d'affaires Pape Thiam. Ce dernier avait le 9 d\u00e9cembre 2021, sign\u00e9\u00a0 avec le promoteur un contrat pour la diffusion en pay-per-view du combat sur la plateforme Xamga.<\/div>\n<div dir=\"auto\"><\/div>\n<div dir=\"auto\">Selon la partie civile, Luc Nicola\u00ef a us\u00e9 de fausses man\u0153uvres pour \u00e9carter sa structure alors qu'il avait d\u00e9j\u00e0 d\u00e9bours\u00e9 de l'argent.<\/div>\n<div class='share-to-whatsapp-wrapper'><div class='share-on-whsp'>PARTAGER SUR : <\/div><a data-text='ESCROQUERIE- Le proc\u00e8s de Luc Nicola\u00ef renvoy\u00e9 au 8 mars' data-link='https:\/\/www.nettali.com\/2023\/02\/08\/escroquerie-le-proces-de-luc-nicolai-renvoye-au-8-mars\/' class='whatsapp-button whatsapp-share'>WhatsApp<\/a><div class='clear '><\/div><\/div>","protected":false},"excerpt":{"rendered":"<p>NETTALI.COM- Pr\u00e9vu ce mercredi 7 f\u00e9vrier ier 2023, le proc\u00e8s du Luc Nicolai et du Directeur administratif du Comit\u00e9\u00a0 national de gestion (CNG) de la lutte, Ndiam\u00e9 Diop, est renvoy\u00e9 au 8 mars 2023.\u00a0 Encore un renvoi du proc\u00e8s de Luc Nicola\u00ef. Le promoteur de lutte est attrait en justice pour escroquerie et faux et [&hellip;]<\/p>\n","protected":false},"author":6,"featured_media":25513,"comment_status":"open","ping_status":"open","sticky":false,"template":"","format":"standard","meta":{"_et_pb_use_builder":"","_et_pb_old_content":""},"categories":[3],"tags":[],"yoast_head":"<!-- This site is optimized with the Yoast SEO Premium plugin v17.8 (Yoast SEO v17.8) - https:\/\/yoast.com\/wordpress\/plugins\/seo\/ -->\n<title>ESCROQUERIE- Le proc\u00e8s de Luc Nicola\u00ef renvoy\u00e9 au 8 mars | Nettali.com<\/title>\n<meta name=\"robots\" content=\"index, follow, max-snippet:-1, max-image-preview:large, max-video-preview:-1\" \/>\n<link rel=\"canonical\" href=\"https:\/\/www.nettali.com\/2023\/02\/08\/escroquerie-le-proces-de-luc-nicolai-renvoye-au-8-mars\/\" \/>\n<meta property=\"og:locale\" content=\"fr_FR\" \/>\n<meta property=\"og:type\" content=\"article\" \/>\n<meta property=\"og:title\" content=\"ESCROQUERIE- Le proc\u00e8s de Luc Nicola\u00ef renvoy\u00e9 au 8 mars\" \/>\n<meta property=\"og:description\" content=\"NETTALI.COM- Pr\u00e9vu ce mercredi 7 f\u00e9vrier ier 2023, le proc\u00e8s du Luc Nicolai et du Directeur administratif du Comit\u00e9\u00a0 national de gestion (CNG) de la lutte, Ndiam\u00e9 Diop, est renvoy\u00e9 au 8 mars 2023.\u00a0 Encore un renvoi du proc\u00e8s de Luc Nicola\u00ef. Le promoteur de lutte est attrait en justice pour escroquerie et faux et [&hellip;]\" \/>\n<meta property=\"og:url\" content=\"https:\/\/www.nettali.com\/2023\/02\/08\/escroquerie-le-proces-de-luc-nicolai-renvoye-au-8-mars\/\" \/>\n<meta property=\"og:site_name\" content=\"Nettali.com\" \/>\n<meta property=\"article:publisher\" content=\"https:\/\/www.facebook.com\/nettalicom\" \/>\n<meta property=\"article:published_time\" content=\"2023-02-08T16:52:57+00:00\" \/>\n<meta property=\"og:image\" content=\"https:\/\/www.nettali.com\/wp-content\/uploads\/2019\/12\/Luc-1.jpg\" \/>\n\t<meta property=\"og:image:width\" content=\"612\" \/>\n\t<meta property=\"og:image:height\" content=\"298\" \/>\n<meta name=\"twitter:card\" content=\"summary_large_image\" \/>\n<meta name=\"twitter:label1\" content=\"\u00c9crit par\" \/>\n\t<meta name=\"twitter:data1\" content=\"Fatou\" \/>\n\t<meta name=\"twitter:label2\" content=\"Dur\u00e9e de lecture estim\u00e9e\" \/>\n\t<meta name=\"twitter:data2\" content=\"2 minutes\" \/>\n<script type=\"application\/ld+json\" class=\"yoast-schema-graph\">{\"@context\":\"https:\/\/schema.org\",\"@graph\":[{\"@type\":\"WebSite\",\"@id\":\"https:\/\/www.nettali.com\/#website\",\"url\":\"https:\/\/www.nettali.com\/\",\"name\":\"Nettali.com\",\"description\":\"Le rendez-vous critique du Net\",\"potentialAction\":[{\"@type\":\"SearchAction\",\"target\":{\"@type\":\"EntryPoint\",\"urlTemplate\":\"https:\/\/www.nettali.com\/?s={search_term_string}\"},\"query-input\":\"required name=search_term_string\"}],\"inLanguage\":\"fr-FR\"},{\"@type\":\"ImageObject\",\"@id\":\"https:\/\/www.nettali.com\/2023\/02\/08\/escroquerie-le-proces-de-luc-nicolai-renvoye-au-8-mars\/#primaryimage\",\"inLanguage\":\"fr-FR\",\"url\":\"https:\/\/www.nettali.com\/wp-content\/uploads\/2019\/12\/Luc-1.jpg\",\"contentUrl\":\"https:\/\/www.nettali.com\/wp-content\/uploads\/2019\/12\/Luc-1.jpg\",\"width\":612,\"height\":298},{\"@type\":\"WebPage\",\"@id\":\"https:\/\/www.nettali.com\/2023\/02\/08\/escroquerie-le-proces-de-luc-nicolai-renvoye-au-8-mars\/#webpage\",\"url\":\"https:\/\/www.nettali.com\/2023\/02\/08\/escroquerie-le-proces-de-luc-nicolai-renvoye-au-8-mars\/\",\"name\":\"ESCROQUERIE- Le proc\\u00e8s de Luc Nicola\\u00ef renvoy\\u00e9 au 8 mars | Nettali.com\",\"isPartOf\":{\"@id\":\"https:\/\/www.nettali.com\/#website\"},\"primaryImageOfPage\":{\"@id\":\"https:\/\/www.nettali.com\/2023\/02\/08\/escroquerie-le-proces-de-luc-nicolai-renvoye-au-8-mars\/#primaryimage\"},\"datePublished\":\"2023-02-08T16:52:57+00:00\",\"dateModified\":\"2023-02-08T16:52:57+00:00\",\"author\":{\"@id\":\"https:\/\/www.nettali.com\/#\/schema\/person\/418274a86bdf87caff7a3ef476bd0bbf\"},\"breadcrumb\":{\"@id\":\"https:\/\/www.nettali.com\/2023\/02\/08\/escroquerie-le-proces-de-luc-nicolai-renvoye-au-8-mars\/#breadcrumb\"},\"inLanguage\":\"fr-FR\",\"potentialAction\":[{\"@type\":\"ReadAction\",\"target\":[\"https:\/\/www.nettali.com\/2023\/02\/08\/escroquerie-le-proces-de-luc-nicolai-renvoye-au-8-mars\/\"]}]},{\"@type\":\"BreadcrumbList\",\"@id\":\"https:\/\/www.nettali.com\/2023\/02\/08\/escroquerie-le-proces-de-luc-nicolai-renvoye-au-8-mars\/#breadcrumb\",\"itemListElement\":[{\"@type\":\"ListItem\",\"position\":1,\"name\":\"Accueil\",\"item\":\"https:\/\/www.nettali.com\/\"},{\"@type\":\"ListItem\",\"position\":2,\"name\":\"ESCROQUERIE- Le proc\\u00e8s de Luc Nicola\\u00ef renvoy\\u00e9 au 8 mars\"}]},{\"@type\":\"Person\",\"@id\":\"https:\/\/www.nettali.com\/#\/schema\/person\/418274a86bdf87caff7a3ef476bd0bbf\",\"name\":\"Fatou\",\"image\":{\"@type\":\"ImageObject\",\"@id\":\"https:\/\/www.nettali.com\/#personlogo\",\"inLanguage\":\"fr-FR\",\"url\":\"https:\/\/secure.gravatar.com\/avatar\/5a9442a2bee7b4dcf167cab035858e9a?s=96&d=mm&r=g\",\"contentUrl\":\"https:\/\/secure.gravatar.com\/avatar\/5a9442a2bee7b4dcf167cab035858e9a?s=96&d=mm&r=g\",\"caption\":\"Fatou\"},\"sameAs\":[\"https:\/\/www.nettali.com\"]}]}<\/script>\n<!-- \/ Yoast SEO Premium plugin. -->","yoast_head_json":{"title":"ESCROQUERIE- Le proc\u00e8s de Luc Nicola\u00ef renvoy\u00e9 au 8 mars | Nettali.com","robots":{"index":"index","follow":"follow","max-snippet":"max-snippet:-1","max-image-preview":"max-image-preview:large","max-video-preview":"max-video-preview:-1"},"canonical":"https:\/\/www.nettali.com\/2023\/02\/08\/escroquerie-le-proces-de-luc-nicolai-renvoye-au-8-mars\/","og_locale":"fr_FR","og_type":"article","og_title":"ESCROQUERIE- Le proc\u00e8s de Luc Nicola\u00ef renvoy\u00e9 au 8 mars","og_description":"NETTALI.COM- Pr\u00e9vu ce mercredi 7 f\u00e9vrier ier 2023, le proc\u00e8s du Luc Nicolai et du Directeur administratif du Comit\u00e9\u00a0 national de gestion (CNG) de la lutte, Ndiam\u00e9 Diop, est renvoy\u00e9 au 8 mars 2023.\u00a0 Encore un renvoi du proc\u00e8s de Luc Nicola\u00ef. Le promoteur de lutte est attrait en justice pour escroquerie et faux et [&hellip;]","og_url":"https:\/\/www.nettali.com\/2023\/02\/08\/escroquerie-le-proces-de-luc-nicolai-renvoye-au-8-mars\/","og_site_name":"Nettali.com","article_publisher":"https:\/\/www.facebook.com\/nettalicom","article_published_time":"2023-02-08T16:52:57+00:00","og_image":[{"width":612,"height":298,"url":"https:\/\/www.nettali.com\/wp-content\/uploads\/2019\/12\/Luc-1.jpg","type":"image\/jpeg"}],"twitter_card":"summary_large_image","twitter_misc":{"\u00c9crit par":"Fatou","Dur\u00e9e de lecture estim\u00e9e":"2 minutes"},"schema":{"@context":"https:\/\/schema.org","@graph":[{"@type":"WebSite","@id":"https:\/\/www.nettali.com\/#website","url":"https:\/\/www.nettali.com\/","name":"Nettali.com","description":"Le rendez-vous critique du Net","potentialAction":[{"@type":"SearchAction","target":{"@type":"EntryPoint","urlTemplate":"https:\/\/www.nettali.com\/?s={search_term_string}"},"query-input":"required name=search_term_string"}],"inLanguage":"fr-FR"},{"@type":"ImageObject","@id":"https:\/\/www.nettali.com\/2023\/02\/08\/escroquerie-le-proces-de-luc-nicolai-renvoye-au-8-mars\/#primaryimage","inLanguage":"fr-FR","url":"https:\/\/www.nettali.com\/wp-content\/uploads\/2019\/12\/Luc-1.jpg","contentUrl":"https:\/\/www.nettali.com\/wp-content\/uploads\/2019\/12\/Luc-1.jpg","width":612,"height":298},{"@type":"WebPage","@id":"https:\/\/www.nettali.com\/2023\/02\/08\/escroquerie-le-proces-de-luc-nicolai-renvoye-au-8-mars\/#webpage","url":"https:\/\/www.nettali.com\/2023\/02\/08\/escroquerie-le-proces-de-luc-nicolai-renvoye-au-8-mars\/","name":"ESCROQUERIE- Le proc\u00e8s de Luc Nicola\u00ef renvoy\u00e9 au 8 mars | Nettali.com","isPartOf":{"@id":"https:\/\/www.nettali.com\/#website"},"primaryImageOfPage":{"@id":"https:\/\/www.nettali.com\/2023\/02\/08\/escroquerie-le-proces-de-luc-nicolai-renvoye-au-8-mars\/#primaryimage"},"datePublished":"2023-02-08T16:52:57+00:00","dateModified":"2023-02-08T16:52:57+00:00","author":{"@id":"https:\/\/www.nettali.com\/#\/schema\/person\/418274a86bdf87caff7a3ef476bd0bbf"},"breadcrumb":{"@id":"https:\/\/www.nettali.com\/2023\/02\/08\/escroquerie-le-proces-de-luc-nicolai-renvoye-au-8-mars\/#breadcrumb"},"inLanguage":"fr-FR","potentialAction":[{"@type":"ReadAction","target":["https:\/\/www.nettali.com\/2023\/02\/08\/escroquerie-le-proces-de-luc-nicolai-renvoye-au-8-mars\/"]}]},{"@type":"BreadcrumbList","@id":"https:\/\/www.nettali.com\/2023\/02\/08\/escroquerie-le-proces-de-luc-nicolai-renvoye-au-8-mars\/#breadcrumb","itemListElement":[{"@type":"ListItem","position":1,"name":"Accueil","item":"https:\/\/www.nettali.com\/"},{"@type":"ListItem","position":2,"name":"ESCROQUERIE- Le proc\u00e8s de Luc Nicola\u00ef renvoy\u00e9 au 8 mars"}]},{"@type":"Person","@id":"https:\/\/www.nettali.com\/#\/schema\/person\/418274a86bdf87caff7a3ef476bd0bbf","name":"Fatou","image":{"@type":"ImageObject","@id":"https:\/\/www.nettali.com\/#personlogo","inLanguage":"fr-FR","url":"https:\/\/secure.gravatar.com\/avatar\/5a9442a2bee7b4dcf167cab035858e9a?s=96&d=mm&r=g","contentUrl":"https:\/\/secure.gravatar.com\/avatar\/5a9442a2bee7b4dcf167cab035858e9a?s=96&d=mm&r=g","caption":"Fatou"},"sameAs":["https:\/\/www.nettali.com"]}]}},"_links":{"self":[{"href":"https:\/\/www.nettali.com\/rest\/wp\/v2\/posts\/103706"}],"collection":[{"href":"https:\/\/www.nettali.com\/rest\/wp\/v2\/posts"}],"about":[{"href":"https:\/\/www.nettali.com\/rest\/wp\/v2\/types\/post"}],"author":[{"embeddable":true,"href":"https:\/\/www.nettali.com\/rest\/wp\/v2\/users\/6"}],"replies":[{"embeddable":true,"href":"https:\/\/www.nettali.com\/rest\/wp\/v2\/comments?post=103706"}],"version-history":[{"count":1,"href":"https:\/\/www.nettali.com\/rest\/wp\/v2\/posts\/103706\/revisions"}],"predecessor-version":[{"id":103707,"href":"https:\/\/www.nettali.com\/rest\/wp\/v2\/posts\/103706\/revisions\/103707"}],"wp:featuredmedia":[{"embeddable":true,"href":"https:\/\/www.nettali.com\/rest\/wp\/v2\/media\/25513"}],"wp:attachment":[{"href":"https:\/\/www.nettali.com\/rest\/wp\/v2\/media?parent=103706"}],"wp:term":[{"taxonomy":"category","embeddable":true,"href":"https:\/\/www.nettali.com\/rest\/wp\/v2\/categories?post=103706"},{"taxonomy":"post_tag","embeddable":true,"href":"https:\/\/www.nettali.com\/rest\/wp\/v2\/tags?post=103706"}],"curies":[{"name":"wp","href":"https:\/\/api.w.org\/{rel}","templated":true}]}}