{"id":103660,"date":"2023-02-08T07:10:48","date_gmt":"2023-02-08T07:10:48","guid":{"rendered":"https:\/\/www.nettali.com\/?p=103660"},"modified":"2023-02-09T14:40:32","modified_gmt":"2023-02-09T14:40:32","slug":"enquete-de-le-dic-qui-sont-les-personnes-et-les-faits-vises-par-le-procureur","status":"publish","type":"post","link":"https:\/\/www.nettali.com\/2023\/02\/08\/enquete-de-le-dic-qui-sont-les-personnes-et-les-faits-vises-par-le-procureur\/","title":{"rendered":"ENQU\u00caTE DE LA DIC - Qui sont les personnes et les faits vis\u00e9s par le Procureur"},"content":{"rendered":"<p><strong>NETTALI.COM - Le Procureur de la R\u00e9publique, Hamady Diouf, a envoy\u00e9 un soit-transmis \u00e0 la Division des investigations criminelles (Dic) pour une enqu\u00eate pr\u00e9liminaire suite au rapport de la Cour des comptes relatif \u00e0 la gestion du Fonds Covid-19.\u00a0 L\u2019enqu\u00eate devrait <em>permettre de constater la mat\u00e9rialit\u00e9 des faits d\u00e9nonc\u00e9s, d'en rassembler les preuves,\u00a0<\/em><em>d'\u00e9lucider les circonstances qui ont entour\u00e9 les actes sus-\u00e9voqu\u00e9s et d'identifier, s<\/em><em>'il y a lieu, l'ensemble des auteurs et des personnes qui ont facilit\u00e9 ou aid\u00e9 \u00e0 la\u00a0commission des faits ou profit\u00e9 d'une mani\u00e8re ou d'une autre des produits du\u00a0crime<\/em>\". D\u00e9j\u00e0, les personnes cit\u00e9es dans le rapport de la Cour des comptes figurent en premier sur la liste des suspects. Qui sont-ils\u00a0?<\/strong><\/p>\n<p><strong>Lamine Diallo, comptable sortant de l\u2019h\u00f4pital de Kaffrine<\/strong><\/p>\n<p>La Cour des comptes a demand\u00e9 l\u2019ouverture d\u2019une information judiciaire contre Lamine Diallo. Il est le comptable sortant de l\u2019\u00e9tablissement public de sante\u0301 de niveau 1 de Kaffrine. On lui reproche le d\u00e9faut de production des pi\u00e8ces justificatives des d\u00e9penses financ\u00e9es par les fonds Covid d\u2019un montant de 45.000.000 FCfa.<\/p>\n<p><strong>Ndiam\u00e9 Ndiaye, directeur du Fonds d\u2019impulsion de la Microfinance<\/strong><\/p>\n<p>La Cour des comptes a aussi demand\u00e9 au Garde des Sceaux, ministre de la Justice, de faire ouvrir une information judiciaire a\u0300 l\u2019encontre de Ndiam\u00e9 Ndiaye. Il est le Directeur du Fonds d\u2019impulsion de la Microfinance. On lui reproche de n\u2019avoir pas apport\u00e9 les justifications d\u2019un montant de 11.191.532 FCfa des fonds Force-Covid-19.<\/p>\n<p><strong>Aliou Sow, Dage sortant du minist\u00e8re du D\u00e9veloppement communautaire, de l\u2019Equit\u00e9 sociale et territoriale<\/strong><\/p>\n<p>La cible aussi Aliou Sow. Il est le Directeur de l\u2019administration g\u00e9n\u00e9rale et de l\u2019\u00e9quipement (Dage) sortant du minist\u00e8re du D\u00e9veloppement communautaire, de l\u2019\u00e9quit\u00e9 sociale et territorial. On lui reproche une surfacturation sur le prix du riz pour un montant de 2.749.927.498 FCfa.<\/p>\n<p><strong>Mouhamadou S\u00e8ne, Dage du minist\u00e8re de la Jeunesse <\/strong><\/p>\n<p>La Cour demande au Garde des Sceaux, ministre de la Justice, de faire ouvrir une information judiciaire a\u0300 l\u2019encontre de Mouhamadou S\u00e8ne. Il est le Directeur de l\u2019administration g\u00e9n\u00e9rale et de l\u2019\u00e9quipement du minist\u00e8re de la Jeunesse. On lui reproche aussi une surfacturation sur le prix du gel hydro-alcoolique d\u2019un montant de 41.217.580 FCfa<\/p>\n<p><strong>Madeleine Suzanne L\u00f4, Dage du minist\u00e8re du Commerce et des Petites et moyennes entreprises<\/strong><\/p>\n<p>Madeleine Suzanne L\u00f4, Directeur de l\u2019administration g\u00e9n\u00e9rale et de l\u2019\u00e9quipement du minist\u00e8re du Commerce et des Petites et moyennes entreprises, elle aussi, risque d\u2019\u00eatre inqui\u00e9t\u00e9e. On lui reproche une surfacturation sur le prix du gel hydro-alcoolique d\u2019un montant de 805.000 FCfa.<\/p>\n<p><strong>Mouhamadou Bamba Amar, aide comptable au minist\u00e8re du D\u00e9veloppement industriel et des Petites et moyennes industries<\/strong><\/p>\n<p>La cour a aussi demand\u00e9 au Garde des Sceaux, ministre de la Justice de faire proc\u00e9der a\u0300 l\u2019ouverture d\u2019une information judiciaire sur les retraits r\u00e9p\u00e9titifs, a\u0300 partir du compte bancaire ouvert a\u0300 la BOA en 2020 et en 2021, d\u2019importantes sommes d\u2019argent en esp\u00e8ces par Mouhamadou Bamba Amar, Aide comptable au Minist\u00e8re du D\u00e9veloppement industriel et des Petites et Moyennes Industries alors que les fonds sont destin\u00e9s a\u0300 la promotion des petites et moyennes industries.<\/p>\n<p><strong>Nd\u00e8ye Aminata Loum Ndiaye, Dage du minist\u00e8re du D\u00e9veloppement industriel et des Petites et moyennes industries Moustapha Diop, gestionnaire du compte bancaire \u00abfonds d\u2019appui \u00e0 la petite et moyenne entreprise\u00bb ouvert \u00e0 la BOA<\/strong><\/p>\n<p>La Cour demande au Garde des Sceaux, ministre de la Justice de faire proc\u00e9der a\u0300 l\u2019ouverture d\u2019une information judiciaire a\u0300 l\u2019encontre de Madame Nd\u00e8ye Aminata Loum Ndiaye, Directeur de l\u2019Administration g\u00e9n\u00e9rale et de l\u2019\u00c9quipement dudit minist\u00e8re<strong>. <\/strong>Monsieur Moustapha Diop, gestionnaire du compte bancaire \u00abfonds d\u2019appui a\u0300 la petite et moyenne entreprise\u00bb ouvert a\u0300 la BOA, va aussi \u00eatre inqui\u00e9t\u00e9s. Ils doivent s\u2019expliquer sur les conditions de paiement des d\u00e9penses d\u2019acquisitions de masques d\u2019un montant de 2.500.000.000 FCfa financ\u00e9es a\u0300 partir des fonds Covid-19.<\/p>\n<p><strong>Djiby Diakhat\u00e9, Dage du minist\u00e8re de la Famille<\/strong><\/p>\n<p>La Cour demande au Garde des Sceaux, ministre de la Justice, d\u2019ouvrir une information judiciaire a\u0300 l\u2019encontre de Monsieur Djiby Diakhat\u00e9, Directeur de l\u2019administration g\u00e9n\u00e9rale et de l\u2019\u00e9quipement du ministre de la Femme, de la famille, du genre et de la protection des enfants, pour d\u00e9faut de justification de d\u00e9penses pour un montant de 36.147.500 FCfa.<\/p>\n<p><strong>L\u00e9on Nzalley, Dage du minist\u00e8re de la Communication et de la culture <\/strong><\/p>\n<p>La Cour demande au Garde des Sceaux, ministre de la Justice, d\u2019ouvrir une information judiciaire a\u0300 l\u2019encontre de L\u00e9on Nzalley, Directeur de l\u2019administration g\u00e9n\u00e9rale et de l\u2019\u00e9quipement du minist\u00e8re de la Communication et de la culture, pour d\u00e9faut de justification de d\u00e9penses pour un montant de 1.120.000.000 FCfa.<\/p>\n<p><strong>Alassane Diallo, Dage sortant du minist\u00e8re des Mines et de la G\u00e9ologie <\/strong><\/p>\n<p>La Cour demande au Garde des Sceaux, ministre de la Justice, d\u2019ouvrir une enqu\u00eate judiciaire a\u0300 l\u2019encontre de Alassane Diallo, Directeur de l\u2019administration g\u00e9n\u00e9rale et de l\u2019\u00e9quipement du minist\u00e8re des Mines et de la G\u00e9ologie, pour paiement de d\u00e9penses sans service fait.<\/p>\n<p>&nbsp;<\/p>\n<div class='share-to-whatsapp-wrapper'><div class='share-on-whsp'>PARTAGER SUR : <\/div><a data-text='ENQU\u00caTE DE LA DIC - Qui sont les personnes et les faits vis\u00e9s par le Procureur' data-link='https:\/\/www.nettali.com\/2023\/02\/08\/enquete-de-le-dic-qui-sont-les-personnes-et-les-faits-vises-par-le-procureur\/' class='whatsapp-button whatsapp-share'>WhatsApp<\/a><div class='clear '><\/div><\/div>","protected":false},"excerpt":{"rendered":"<p>NETTALI.COM - Le Procureur de la R\u00e9publique, Hamady Diouf, a envoy\u00e9 un soit-transmis \u00e0 la Division des investigations criminelles (Dic) pour une enqu\u00eate pr\u00e9liminaire suite au rapport de la Cour des comptes relatif \u00e0 la gestion du Fonds Covid-19.\u00a0 L\u2019enqu\u00eate devrait permettre de constater la mat\u00e9rialit\u00e9 des faits d\u00e9nonc\u00e9s, d'en rassembler les preuves,\u00a0d'\u00e9lucider les circonstances [&hellip;]<\/p>\n","protected":false},"author":4,"featured_media":99983,"comment_status":"open","ping_status":"open","sticky":false,"template":"","format":"standard","meta":{"_et_pb_use_builder":"","_et_pb_old_content":""},"categories":[3],"tags":[],"yoast_head":"<!-- This site is optimized with the Yoast SEO Premium plugin v17.8 (Yoast SEO v17.8) - https:\/\/yoast.com\/wordpress\/plugins\/seo\/ -->\n<title>ENQU\u00caTE DE LA DIC - Qui sont les personnes et les faits vis\u00e9s par le Procureur | Nettali.com<\/title>\n<meta name=\"robots\" content=\"index, follow, max-snippet:-1, max-image-preview:large, max-video-preview:-1\" \/>\n<link rel=\"canonical\" href=\"https:\/\/www.nettali.com\/2023\/02\/08\/enquete-de-le-dic-qui-sont-les-personnes-et-les-faits-vises-par-le-procureur\/\" \/>\n<meta property=\"og:locale\" content=\"fr_FR\" \/>\n<meta property=\"og:type\" content=\"article\" \/>\n<meta property=\"og:title\" content=\"ENQU\u00caTE DE LA DIC - Qui sont les personnes et les faits vis\u00e9s par le Procureur\" \/>\n<meta property=\"og:description\" content=\"NETTALI.COM - Le Procureur de la R\u00e9publique, Hamady Diouf, a envoy\u00e9 un soit-transmis \u00e0 la Division des investigations criminelles (Dic) pour une enqu\u00eate pr\u00e9liminaire suite au rapport de la Cour des comptes relatif \u00e0 la gestion du Fonds Covid-19.\u00a0 L\u2019enqu\u00eate devrait permettre de constater la mat\u00e9rialit\u00e9 des faits d\u00e9nonc\u00e9s, d&#039;en rassembler les preuves,\u00a0d&#039;\u00e9lucider les circonstances [&hellip;]\" \/>\n<meta property=\"og:url\" content=\"https:\/\/www.nettali.com\/2023\/02\/08\/enquete-de-le-dic-qui-sont-les-personnes-et-les-faits-vises-par-le-procureur\/\" \/>\n<meta property=\"og:site_name\" content=\"Nettali.com\" \/>\n<meta property=\"article:publisher\" content=\"https:\/\/www.facebook.com\/nettalicom\" \/>\n<meta property=\"article:published_time\" content=\"2023-02-08T07:10:48+00:00\" \/>\n<meta property=\"article:modified_time\" content=\"2023-02-09T14:40:32+00:00\" \/>\n<meta property=\"og:image\" content=\"https:\/\/www.nettali.com\/wp-content\/uploads\/2022\/12\/Capture-de\u0301cran-2022-12-19-a\u0300-07.59.00.png\" \/>\n\t<meta property=\"og:image:width\" content=\"779\" \/>\n\t<meta property=\"og:image:height\" content=\"464\" \/>\n<meta name=\"twitter:card\" content=\"summary_large_image\" \/>\n<meta name=\"twitter:label1\" content=\"\u00c9crit par\" \/>\n\t<meta name=\"twitter:data1\" content=\"Daouda\" \/>\n\t<meta name=\"twitter:label2\" content=\"Dur\u00e9e de lecture estim\u00e9e\" \/>\n\t<meta name=\"twitter:data2\" content=\"5 minutes\" \/>\n<script type=\"application\/ld+json\" class=\"yoast-schema-graph\">{\"@context\":\"https:\/\/schema.org\",\"@graph\":[{\"@type\":\"WebSite\",\"@id\":\"https:\/\/www.nettali.com\/#website\",\"url\":\"https:\/\/www.nettali.com\/\",\"name\":\"Nettali.com\",\"description\":\"Le rendez-vous critique du Net\",\"potentialAction\":[{\"@type\":\"SearchAction\",\"target\":{\"@type\":\"EntryPoint\",\"urlTemplate\":\"https:\/\/www.nettali.com\/?s={search_term_string}\"},\"query-input\":\"required name=search_term_string\"}],\"inLanguage\":\"fr-FR\"},{\"@type\":\"ImageObject\",\"@id\":\"https:\/\/www.nettali.com\/2023\/02\/08\/enquete-de-le-dic-qui-sont-les-personnes-et-les-faits-vises-par-le-procureur\/#primaryimage\",\"inLanguage\":\"fr-FR\",\"url\":\"https:\/\/www.nettali.com\/wp-content\/uploads\/2022\/12\/Capture-de\\u0301cran-2022-12-19-a\\u0300-07.59.00.png\",\"contentUrl\":\"https:\/\/www.nettali.com\/wp-content\/uploads\/2022\/12\/Capture-de\\u0301cran-2022-12-19-a\\u0300-07.59.00.png\",\"width\":779,\"height\":464},{\"@type\":\"WebPage\",\"@id\":\"https:\/\/www.nettali.com\/2023\/02\/08\/enquete-de-le-dic-qui-sont-les-personnes-et-les-faits-vises-par-le-procureur\/#webpage\",\"url\":\"https:\/\/www.nettali.com\/2023\/02\/08\/enquete-de-le-dic-qui-sont-les-personnes-et-les-faits-vises-par-le-procureur\/\",\"name\":\"ENQU\\u00caTE DE LA DIC - Qui sont les personnes et les faits vis\\u00e9s par le Procureur | Nettali.com\",\"isPartOf\":{\"@id\":\"https:\/\/www.nettali.com\/#website\"},\"primaryImageOfPage\":{\"@id\":\"https:\/\/www.nettali.com\/2023\/02\/08\/enquete-de-le-dic-qui-sont-les-personnes-et-les-faits-vises-par-le-procureur\/#primaryimage\"},\"datePublished\":\"2023-02-08T07:10:48+00:00\",\"dateModified\":\"2023-02-09T14:40:32+00:00\",\"author\":{\"@id\":\"https:\/\/www.nettali.com\/#\/schema\/person\/3317e0bb3aa1da309fbf7b2780901bf4\"},\"breadcrumb\":{\"@id\":\"https:\/\/www.nettali.com\/2023\/02\/08\/enquete-de-le-dic-qui-sont-les-personnes-et-les-faits-vises-par-le-procureur\/#breadcrumb\"},\"inLanguage\":\"fr-FR\",\"potentialAction\":[{\"@type\":\"ReadAction\",\"target\":[\"https:\/\/www.nettali.com\/2023\/02\/08\/enquete-de-le-dic-qui-sont-les-personnes-et-les-faits-vises-par-le-procureur\/\"]}]},{\"@type\":\"BreadcrumbList\",\"@id\":\"https:\/\/www.nettali.com\/2023\/02\/08\/enquete-de-le-dic-qui-sont-les-personnes-et-les-faits-vises-par-le-procureur\/#breadcrumb\",\"itemListElement\":[{\"@type\":\"ListItem\",\"position\":1,\"name\":\"Accueil\",\"item\":\"https:\/\/www.nettali.com\/\"},{\"@type\":\"ListItem\",\"position\":2,\"name\":\"ENQU\\u00caTE DE LA DIC - Qui sont les personnes et les faits vis\\u00e9s par le Procureur\"}]},{\"@type\":\"Person\",\"@id\":\"https:\/\/www.nettali.com\/#\/schema\/person\/3317e0bb3aa1da309fbf7b2780901bf4\",\"name\":\"Daouda\",\"image\":{\"@type\":\"ImageObject\",\"@id\":\"https:\/\/www.nettali.com\/#personlogo\",\"inLanguage\":\"fr-FR\",\"url\":\"https:\/\/secure.gravatar.com\/avatar\/8d143b5a49345098ddcfee1c49c2f47c?s=96&d=mm&r=g\",\"contentUrl\":\"https:\/\/secure.gravatar.com\/avatar\/8d143b5a49345098ddcfee1c49c2f47c?s=96&d=mm&r=g\",\"caption\":\"Daouda\"},\"sameAs\":[\"https:\/\/www.nettali.com\"]}]}<\/script>\n<!-- \/ Yoast SEO Premium plugin. -->","yoast_head_json":{"title":"ENQU\u00caTE DE LA DIC - Qui sont les personnes et les faits vis\u00e9s par le Procureur | Nettali.com","robots":{"index":"index","follow":"follow","max-snippet":"max-snippet:-1","max-image-preview":"max-image-preview:large","max-video-preview":"max-video-preview:-1"},"canonical":"https:\/\/www.nettali.com\/2023\/02\/08\/enquete-de-le-dic-qui-sont-les-personnes-et-les-faits-vises-par-le-procureur\/","og_locale":"fr_FR","og_type":"article","og_title":"ENQU\u00caTE DE LA DIC - Qui sont les personnes et les faits vis\u00e9s par le Procureur","og_description":"NETTALI.COM - Le Procureur de la R\u00e9publique, Hamady Diouf, a envoy\u00e9 un soit-transmis \u00e0 la Division des investigations criminelles (Dic) pour une enqu\u00eate pr\u00e9liminaire suite au rapport de la Cour des comptes relatif \u00e0 la gestion du Fonds Covid-19.\u00a0 L\u2019enqu\u00eate devrait permettre de constater la mat\u00e9rialit\u00e9 des faits d\u00e9nonc\u00e9s, d'en rassembler les preuves,\u00a0d'\u00e9lucider les circonstances [&hellip;]","og_url":"https:\/\/www.nettali.com\/2023\/02\/08\/enquete-de-le-dic-qui-sont-les-personnes-et-les-faits-vises-par-le-procureur\/","og_site_name":"Nettali.com","article_publisher":"https:\/\/www.facebook.com\/nettalicom","article_published_time":"2023-02-08T07:10:48+00:00","article_modified_time":"2023-02-09T14:40:32+00:00","og_image":[{"width":779,"height":464,"url":"https:\/\/www.nettali.com\/wp-content\/uploads\/2022\/12\/Capture-de\u0301cran-2022-12-19-a\u0300-07.59.00.png","type":"image\/png"}],"twitter_card":"summary_large_image","twitter_misc":{"\u00c9crit par":"Daouda","Dur\u00e9e de lecture estim\u00e9e":"5 minutes"},"schema":{"@context":"https:\/\/schema.org","@graph":[{"@type":"WebSite","@id":"https:\/\/www.nettali.com\/#website","url":"https:\/\/www.nettali.com\/","name":"Nettali.com","description":"Le rendez-vous critique du Net","potentialAction":[{"@type":"SearchAction","target":{"@type":"EntryPoint","urlTemplate":"https:\/\/www.nettali.com\/?s={search_term_string}"},"query-input":"required name=search_term_string"}],"inLanguage":"fr-FR"},{"@type":"ImageObject","@id":"https:\/\/www.nettali.com\/2023\/02\/08\/enquete-de-le-dic-qui-sont-les-personnes-et-les-faits-vises-par-le-procureur\/#primaryimage","inLanguage":"fr-FR","url":"https:\/\/www.nettali.com\/wp-content\/uploads\/2022\/12\/Capture-de\u0301cran-2022-12-19-a\u0300-07.59.00.png","contentUrl":"https:\/\/www.nettali.com\/wp-content\/uploads\/2022\/12\/Capture-de\u0301cran-2022-12-19-a\u0300-07.59.00.png","width":779,"height":464},{"@type":"WebPage","@id":"https:\/\/www.nettali.com\/2023\/02\/08\/enquete-de-le-dic-qui-sont-les-personnes-et-les-faits-vises-par-le-procureur\/#webpage","url":"https:\/\/www.nettali.com\/2023\/02\/08\/enquete-de-le-dic-qui-sont-les-personnes-et-les-faits-vises-par-le-procureur\/","name":"ENQU\u00caTE DE LA DIC - Qui sont les personnes et les faits vis\u00e9s par le Procureur | Nettali.com","isPartOf":{"@id":"https:\/\/www.nettali.com\/#website"},"primaryImageOfPage":{"@id":"https:\/\/www.nettali.com\/2023\/02\/08\/enquete-de-le-dic-qui-sont-les-personnes-et-les-faits-vises-par-le-procureur\/#primaryimage"},"datePublished":"2023-02-08T07:10:48+00:00","dateModified":"2023-02-09T14:40:32+00:00","author":{"@id":"https:\/\/www.nettali.com\/#\/schema\/person\/3317e0bb3aa1da309fbf7b2780901bf4"},"breadcrumb":{"@id":"https:\/\/www.nettali.com\/2023\/02\/08\/enquete-de-le-dic-qui-sont-les-personnes-et-les-faits-vises-par-le-procureur\/#breadcrumb"},"inLanguage":"fr-FR","potentialAction":[{"@type":"ReadAction","target":["https:\/\/www.nettali.com\/2023\/02\/08\/enquete-de-le-dic-qui-sont-les-personnes-et-les-faits-vises-par-le-procureur\/"]}]},{"@type":"BreadcrumbList","@id":"https:\/\/www.nettali.com\/2023\/02\/08\/enquete-de-le-dic-qui-sont-les-personnes-et-les-faits-vises-par-le-procureur\/#breadcrumb","itemListElement":[{"@type":"ListItem","position":1,"name":"Accueil","item":"https:\/\/www.nettali.com\/"},{"@type":"ListItem","position":2,"name":"ENQU\u00caTE DE LA DIC - Qui sont les personnes et les faits vis\u00e9s par le Procureur"}]},{"@type":"Person","@id":"https:\/\/www.nettali.com\/#\/schema\/person\/3317e0bb3aa1da309fbf7b2780901bf4","name":"Daouda","image":{"@type":"ImageObject","@id":"https:\/\/www.nettali.com\/#personlogo","inLanguage":"fr-FR","url":"https:\/\/secure.gravatar.com\/avatar\/8d143b5a49345098ddcfee1c49c2f47c?s=96&d=mm&r=g","contentUrl":"https:\/\/secure.gravatar.com\/avatar\/8d143b5a49345098ddcfee1c49c2f47c?s=96&d=mm&r=g","caption":"Daouda"},"sameAs":["https:\/\/www.nettali.com"]}]}},"_links":{"self":[{"href":"https:\/\/www.nettali.com\/rest\/wp\/v2\/posts\/103660"}],"collection":[{"href":"https:\/\/www.nettali.com\/rest\/wp\/v2\/posts"}],"about":[{"href":"https:\/\/www.nettali.com\/rest\/wp\/v2\/types\/post"}],"author":[{"embeddable":true,"href":"https:\/\/www.nettali.com\/rest\/wp\/v2\/users\/4"}],"replies":[{"embeddable":true,"href":"https:\/\/www.nettali.com\/rest\/wp\/v2\/comments?post=103660"}],"version-history":[{"count":3,"href":"https:\/\/www.nettali.com\/rest\/wp\/v2\/posts\/103660\/revisions"}],"predecessor-version":[{"id":103675,"href":"https:\/\/www.nettali.com\/rest\/wp\/v2\/posts\/103660\/revisions\/103675"}],"wp:featuredmedia":[{"embeddable":true,"href":"https:\/\/www.nettali.com\/rest\/wp\/v2\/media\/99983"}],"wp:attachment":[{"href":"https:\/\/www.nettali.com\/rest\/wp\/v2\/media?parent=103660"}],"wp:term":[{"taxonomy":"category","embeddable":true,"href":"https:\/\/www.nettali.com\/rest\/wp\/v2\/categories?post=103660"},{"taxonomy":"post_tag","embeddable":true,"href":"https:\/\/www.nettali.com\/rest\/wp\/v2\/tags?post=103660"}],"curies":[{"name":"wp","href":"https:\/\/api.w.org\/{rel}","templated":true}]}}