{"id":103507,"date":"2023-02-06T08:35:45","date_gmt":"2023-02-06T08:35:45","guid":{"rendered":"https:\/\/www.nettali.com\/?p=103507"},"modified":"2023-02-09T08:58:36","modified_gmt":"2023-02-09T08:58:36","slug":"flagrants-delires-ainsi-parlait-bamba-fall-2","status":"publish","type":"post","link":"https:\/\/www.nettali.com\/2023\/02\/06\/flagrants-delires-ainsi-parlait-bamba-fall-2\/","title":{"rendered":"FLAGRANTS DELIRES \u2013 Ainsi parlait Bamba Fall !"},"content":{"rendered":"<p><strong>NETTALI.COM - Il est aujourd\u2019hui l\u2019un des adversaires les plus virulents d\u2019Ousmane Sonko. Allant m\u00eame jusqu\u2019\u00e0 inventer le \u00abThiaw Sa Xiir\u00bb pour faire face \u00e0 son \u00abGatsa Gatsa\u00bb. Et pourtant, il y a juste quelques ann\u00e9es, le maire de la M\u00e9dina \u00e9tait dithyrambique \u00e0 l\u2019endroit du leader de Pastef, soutenant m\u00eame qu\u2019il est une chance pour le S\u00e9n\u00e9gal et qu'il fallait le prot\u00e9ger. Ainsi parlait Bamba Fall.<\/strong><\/p>\n<p><em>\u00abNous allons organiser un grand meeting le 15 prochain. Et nous allons accompagner le Gatsa Gatsa de l\u2019autre camp par du \u00ab\u00a0Thiaw Sa Xiir\u2019<\/em>\u00bb,\u00a0 annonce le ministre conseiller et membre de la coalition \u00abBenno Bokk Yaakaar\u00bb, pr\u00e9sent lors de la mobilisation de la banlieue de ce dimanche \u00e0 Pikine.<\/p>\n<p>Bamba Fall ajoute que Ousmane Sonko n\u2019est pas un homme d\u2019Etat. C\u2019est pourquoi, dit-il, beaucoup de ses partisans lui ont tourn\u00e9 le dos. <em>\u00ab Le S\u00e9n\u00e9gal n\u2019a pas besoin d\u2019un terroriste, de quelqu\u2019un qui passe tout son temps \u00e0 faire des appels \u00e0 l\u2019insurrection. C\u2019est un homme belliqueux.Aujourd\u2019hui, je ne vois pas un homme meilleur que Macky Sall dans l\u2019ar\u00e8ne politique nationale\u00bb<\/em>, soutient-il.<\/p>\n<p>Et pourtant, en 2019, le m\u00eame Bamba Fall \u00e9tait tout sucre tout miel \u00e0 l\u2019endroit de celui qu\u2019il brocarde aujourd\u2019hui. Il s\u2019\u00e9tait m\u00eame auto-invit\u00e9 au meeting du candidat Ousmane Sonko \u00e0 Mbour. En r\u00e9union dans la station baln\u00e9aire de Saly, le maire de la M\u00e9dina dit \u00eatre venu spontan\u00e9ment.<\/p>\n<p><em>\u00abJe n\u2019ai pas \u00e9t\u00e9 invit\u00e9 \u00e0 ce meeting, je veux que cela soit clair,\u00a0<\/em>expliquait-il.\u00a0<em>Quand j\u2019ai vu la file de v\u00e9hicules passer, j\u2019ai demand\u00e9 ce qui se passait. On m\u2019a dit que c\u2019\u00e9tait Ousmane Sonko et j\u2019ai dit que cela valait le coup de courir. Je ne comptais pas manquer cet \u00e9v\u00e9nement et je suis l\u00e0 parce que Sonko vaut le d\u00e9placement. Quand il pr\u00e9sentait son livre \u00ab\u00a0Solutions\u00a0\u00bb, j\u2019\u00e9tais en voyage malheureusement. Je veux juste vous dire que vous avez en Sonko un homme qui est une chance pour le S\u00e9n\u00e9gal et pour l\u2019Afrique et quand on a un homme de cette trempe, on en prend soin. C\u2019est un bon S\u00e9n\u00e9galais, un bon citoyen\u00bb.<\/em><\/p>\n<p>A quel Bamba Fall se fier !<\/p>\n<p>&nbsp;<\/p>\n<p>&nbsp;<\/p>\n<p>&nbsp;<\/p>\n<div class='share-to-whatsapp-wrapper'><div class='share-on-whsp'>PARTAGER SUR : <\/div><a data-text='FLAGRANTS DELIRES \u2013 Ainsi parlait Bamba Fall !' data-link='https:\/\/www.nettali.com\/2023\/02\/06\/flagrants-delires-ainsi-parlait-bamba-fall-2\/' class='whatsapp-button whatsapp-share'>WhatsApp<\/a><div class='clear '><\/div><\/div>","protected":false},"excerpt":{"rendered":"<p>NETTALI.COM - Il est aujourd\u2019hui l\u2019un des adversaires les plus virulents d\u2019Ousmane Sonko. Allant m\u00eame jusqu\u2019\u00e0 inventer le \u00abThiaw Sa Xiir\u00bb pour faire face \u00e0 son \u00abGatsa Gatsa\u00bb. Et pourtant, il y a juste quelques ann\u00e9es, le maire de la M\u00e9dina \u00e9tait dithyrambique \u00e0 l\u2019endroit du leader de Pastef, soutenant m\u00eame qu\u2019il est une chance [&hellip;]<\/p>\n","protected":false},"author":4,"featured_media":79288,"comment_status":"open","ping_status":"open","sticky":false,"template":"","format":"standard","meta":{"_et_pb_use_builder":"","_et_pb_old_content":""},"categories":[11],"tags":[],"yoast_head":"<!-- This site is optimized with the Yoast SEO Premium plugin v17.8 (Yoast SEO v17.8) - https:\/\/yoast.com\/wordpress\/plugins\/seo\/ -->\n<title>FLAGRANTS DELIRES \u2013 Ainsi parlait Bamba Fall ! | Nettali.com<\/title>\n<meta name=\"robots\" content=\"index, follow, max-snippet:-1, max-image-preview:large, max-video-preview:-1\" \/>\n<link rel=\"canonical\" href=\"https:\/\/www.nettali.com\/2023\/02\/06\/flagrants-delires-ainsi-parlait-bamba-fall-2\/\" \/>\n<meta property=\"og:locale\" content=\"fr_FR\" \/>\n<meta property=\"og:type\" content=\"article\" \/>\n<meta property=\"og:title\" content=\"FLAGRANTS DELIRES \u2013 Ainsi parlait Bamba Fall !\" \/>\n<meta property=\"og:description\" content=\"NETTALI.COM - Il est aujourd\u2019hui l\u2019un des adversaires les plus virulents d\u2019Ousmane Sonko. Allant m\u00eame jusqu\u2019\u00e0 inventer le \u00abThiaw Sa Xiir\u00bb pour faire face \u00e0 son \u00abGatsa Gatsa\u00bb. Et pourtant, il y a juste quelques ann\u00e9es, le maire de la M\u00e9dina \u00e9tait dithyrambique \u00e0 l\u2019endroit du leader de Pastef, soutenant m\u00eame qu\u2019il est une chance [&hellip;]\" \/>\n<meta property=\"og:url\" content=\"https:\/\/www.nettali.com\/2023\/02\/06\/flagrants-delires-ainsi-parlait-bamba-fall-2\/\" \/>\n<meta property=\"og:site_name\" content=\"Nettali.com\" \/>\n<meta property=\"article:publisher\" content=\"https:\/\/www.facebook.com\/nettalicom\" \/>\n<meta property=\"article:published_time\" content=\"2023-02-06T08:35:45+00:00\" \/>\n<meta property=\"article:modified_time\" content=\"2023-02-09T08:58:36+00:00\" \/>\n<meta property=\"og:image\" content=\"https:\/\/www.nettali.com\/wp-content\/uploads\/2022\/01\/Bamba-Fall.jpeg\" \/>\n\t<meta property=\"og:image:width\" content=\"696\" \/>\n\t<meta property=\"og:image:height\" content=\"459\" \/>\n<meta name=\"twitter:card\" content=\"summary_large_image\" \/>\n<meta name=\"twitter:label1\" content=\"\u00c9crit par\" \/>\n\t<meta name=\"twitter:data1\" content=\"Daouda\" \/>\n\t<meta name=\"twitter:label2\" content=\"Dur\u00e9e de lecture estim\u00e9e\" \/>\n\t<meta name=\"twitter:data2\" content=\"2 minutes\" \/>\n<script type=\"application\/ld+json\" class=\"yoast-schema-graph\">{\"@context\":\"https:\/\/schema.org\",\"@graph\":[{\"@type\":\"WebSite\",\"@id\":\"https:\/\/www.nettali.com\/#website\",\"url\":\"https:\/\/www.nettali.com\/\",\"name\":\"Nettali.com\",\"description\":\"Le rendez-vous critique du Net\",\"potentialAction\":[{\"@type\":\"SearchAction\",\"target\":{\"@type\":\"EntryPoint\",\"urlTemplate\":\"https:\/\/www.nettali.com\/?s={search_term_string}\"},\"query-input\":\"required name=search_term_string\"}],\"inLanguage\":\"fr-FR\"},{\"@type\":\"ImageObject\",\"@id\":\"https:\/\/www.nettali.com\/2023\/02\/06\/flagrants-delires-ainsi-parlait-bamba-fall-2\/#primaryimage\",\"inLanguage\":\"fr-FR\",\"url\":\"https:\/\/www.nettali.com\/wp-content\/uploads\/2022\/01\/Bamba-Fall.jpeg\",\"contentUrl\":\"https:\/\/www.nettali.com\/wp-content\/uploads\/2022\/01\/Bamba-Fall.jpeg\",\"width\":696,\"height\":459},{\"@type\":\"WebPage\",\"@id\":\"https:\/\/www.nettali.com\/2023\/02\/06\/flagrants-delires-ainsi-parlait-bamba-fall-2\/#webpage\",\"url\":\"https:\/\/www.nettali.com\/2023\/02\/06\/flagrants-delires-ainsi-parlait-bamba-fall-2\/\",\"name\":\"FLAGRANTS DELIRES \\u2013 Ainsi parlait Bamba Fall ! | Nettali.com\",\"isPartOf\":{\"@id\":\"https:\/\/www.nettali.com\/#website\"},\"primaryImageOfPage\":{\"@id\":\"https:\/\/www.nettali.com\/2023\/02\/06\/flagrants-delires-ainsi-parlait-bamba-fall-2\/#primaryimage\"},\"datePublished\":\"2023-02-06T08:35:45+00:00\",\"dateModified\":\"2023-02-09T08:58:36+00:00\",\"author\":{\"@id\":\"https:\/\/www.nettali.com\/#\/schema\/person\/3317e0bb3aa1da309fbf7b2780901bf4\"},\"breadcrumb\":{\"@id\":\"https:\/\/www.nettali.com\/2023\/02\/06\/flagrants-delires-ainsi-parlait-bamba-fall-2\/#breadcrumb\"},\"inLanguage\":\"fr-FR\",\"potentialAction\":[{\"@type\":\"ReadAction\",\"target\":[\"https:\/\/www.nettali.com\/2023\/02\/06\/flagrants-delires-ainsi-parlait-bamba-fall-2\/\"]}]},{\"@type\":\"BreadcrumbList\",\"@id\":\"https:\/\/www.nettali.com\/2023\/02\/06\/flagrants-delires-ainsi-parlait-bamba-fall-2\/#breadcrumb\",\"itemListElement\":[{\"@type\":\"ListItem\",\"position\":1,\"name\":\"Accueil\",\"item\":\"https:\/\/www.nettali.com\/\"},{\"@type\":\"ListItem\",\"position\":2,\"name\":\"FLAGRANTS DELIRES \\u2013 Ainsi parlait Bamba Fall !\"}]},{\"@type\":\"Person\",\"@id\":\"https:\/\/www.nettali.com\/#\/schema\/person\/3317e0bb3aa1da309fbf7b2780901bf4\",\"name\":\"Daouda\",\"image\":{\"@type\":\"ImageObject\",\"@id\":\"https:\/\/www.nettali.com\/#personlogo\",\"inLanguage\":\"fr-FR\",\"url\":\"https:\/\/secure.gravatar.com\/avatar\/8d143b5a49345098ddcfee1c49c2f47c?s=96&d=mm&r=g\",\"contentUrl\":\"https:\/\/secure.gravatar.com\/avatar\/8d143b5a49345098ddcfee1c49c2f47c?s=96&d=mm&r=g\",\"caption\":\"Daouda\"},\"sameAs\":[\"https:\/\/www.nettali.com\"]}]}<\/script>\n<!-- \/ Yoast SEO Premium plugin. -->","yoast_head_json":{"title":"FLAGRANTS DELIRES \u2013 Ainsi parlait Bamba Fall ! | Nettali.com","robots":{"index":"index","follow":"follow","max-snippet":"max-snippet:-1","max-image-preview":"max-image-preview:large","max-video-preview":"max-video-preview:-1"},"canonical":"https:\/\/www.nettali.com\/2023\/02\/06\/flagrants-delires-ainsi-parlait-bamba-fall-2\/","og_locale":"fr_FR","og_type":"article","og_title":"FLAGRANTS DELIRES \u2013 Ainsi parlait Bamba Fall !","og_description":"NETTALI.COM - Il est aujourd\u2019hui l\u2019un des adversaires les plus virulents d\u2019Ousmane Sonko. Allant m\u00eame jusqu\u2019\u00e0 inventer le \u00abThiaw Sa Xiir\u00bb pour faire face \u00e0 son \u00abGatsa Gatsa\u00bb. Et pourtant, il y a juste quelques ann\u00e9es, le maire de la M\u00e9dina \u00e9tait dithyrambique \u00e0 l\u2019endroit du leader de Pastef, soutenant m\u00eame qu\u2019il est une chance [&hellip;]","og_url":"https:\/\/www.nettali.com\/2023\/02\/06\/flagrants-delires-ainsi-parlait-bamba-fall-2\/","og_site_name":"Nettali.com","article_publisher":"https:\/\/www.facebook.com\/nettalicom","article_published_time":"2023-02-06T08:35:45+00:00","article_modified_time":"2023-02-09T08:58:36+00:00","og_image":[{"width":696,"height":459,"url":"https:\/\/www.nettali.com\/wp-content\/uploads\/2022\/01\/Bamba-Fall.jpeg","type":"image\/jpeg"}],"twitter_card":"summary_large_image","twitter_misc":{"\u00c9crit par":"Daouda","Dur\u00e9e de lecture estim\u00e9e":"2 minutes"},"schema":{"@context":"https:\/\/schema.org","@graph":[{"@type":"WebSite","@id":"https:\/\/www.nettali.com\/#website","url":"https:\/\/www.nettali.com\/","name":"Nettali.com","description":"Le rendez-vous critique du Net","potentialAction":[{"@type":"SearchAction","target":{"@type":"EntryPoint","urlTemplate":"https:\/\/www.nettali.com\/?s={search_term_string}"},"query-input":"required name=search_term_string"}],"inLanguage":"fr-FR"},{"@type":"ImageObject","@id":"https:\/\/www.nettali.com\/2023\/02\/06\/flagrants-delires-ainsi-parlait-bamba-fall-2\/#primaryimage","inLanguage":"fr-FR","url":"https:\/\/www.nettali.com\/wp-content\/uploads\/2022\/01\/Bamba-Fall.jpeg","contentUrl":"https:\/\/www.nettali.com\/wp-content\/uploads\/2022\/01\/Bamba-Fall.jpeg","width":696,"height":459},{"@type":"WebPage","@id":"https:\/\/www.nettali.com\/2023\/02\/06\/flagrants-delires-ainsi-parlait-bamba-fall-2\/#webpage","url":"https:\/\/www.nettali.com\/2023\/02\/06\/flagrants-delires-ainsi-parlait-bamba-fall-2\/","name":"FLAGRANTS DELIRES \u2013 Ainsi parlait Bamba Fall ! | Nettali.com","isPartOf":{"@id":"https:\/\/www.nettali.com\/#website"},"primaryImageOfPage":{"@id":"https:\/\/www.nettali.com\/2023\/02\/06\/flagrants-delires-ainsi-parlait-bamba-fall-2\/#primaryimage"},"datePublished":"2023-02-06T08:35:45+00:00","dateModified":"2023-02-09T08:58:36+00:00","author":{"@id":"https:\/\/www.nettali.com\/#\/schema\/person\/3317e0bb3aa1da309fbf7b2780901bf4"},"breadcrumb":{"@id":"https:\/\/www.nettali.com\/2023\/02\/06\/flagrants-delires-ainsi-parlait-bamba-fall-2\/#breadcrumb"},"inLanguage":"fr-FR","potentialAction":[{"@type":"ReadAction","target":["https:\/\/www.nettali.com\/2023\/02\/06\/flagrants-delires-ainsi-parlait-bamba-fall-2\/"]}]},{"@type":"BreadcrumbList","@id":"https:\/\/www.nettali.com\/2023\/02\/06\/flagrants-delires-ainsi-parlait-bamba-fall-2\/#breadcrumb","itemListElement":[{"@type":"ListItem","position":1,"name":"Accueil","item":"https:\/\/www.nettali.com\/"},{"@type":"ListItem","position":2,"name":"FLAGRANTS DELIRES \u2013 Ainsi parlait Bamba Fall !"}]},{"@type":"Person","@id":"https:\/\/www.nettali.com\/#\/schema\/person\/3317e0bb3aa1da309fbf7b2780901bf4","name":"Daouda","image":{"@type":"ImageObject","@id":"https:\/\/www.nettali.com\/#personlogo","inLanguage":"fr-FR","url":"https:\/\/secure.gravatar.com\/avatar\/8d143b5a49345098ddcfee1c49c2f47c?s=96&d=mm&r=g","contentUrl":"https:\/\/secure.gravatar.com\/avatar\/8d143b5a49345098ddcfee1c49c2f47c?s=96&d=mm&r=g","caption":"Daouda"},"sameAs":["https:\/\/www.nettali.com"]}]}},"_links":{"self":[{"href":"https:\/\/www.nettali.com\/rest\/wp\/v2\/posts\/103507"}],"collection":[{"href":"https:\/\/www.nettali.com\/rest\/wp\/v2\/posts"}],"about":[{"href":"https:\/\/www.nettali.com\/rest\/wp\/v2\/types\/post"}],"author":[{"embeddable":true,"href":"https:\/\/www.nettali.com\/rest\/wp\/v2\/users\/4"}],"replies":[{"embeddable":true,"href":"https:\/\/www.nettali.com\/rest\/wp\/v2\/comments?post=103507"}],"version-history":[{"count":1,"href":"https:\/\/www.nettali.com\/rest\/wp\/v2\/posts\/103507\/revisions"}],"predecessor-version":[{"id":103508,"href":"https:\/\/www.nettali.com\/rest\/wp\/v2\/posts\/103507\/revisions\/103508"}],"wp:featuredmedia":[{"embeddable":true,"href":"https:\/\/www.nettali.com\/rest\/wp\/v2\/media\/79288"}],"wp:attachment":[{"href":"https:\/\/www.nettali.com\/rest\/wp\/v2\/media?parent=103507"}],"wp:term":[{"taxonomy":"category","embeddable":true,"href":"https:\/\/www.nettali.com\/rest\/wp\/v2\/categories?post=103507"},{"taxonomy":"post_tag","embeddable":true,"href":"https:\/\/www.nettali.com\/rest\/wp\/v2\/tags?post=103507"}],"curies":[{"name":"wp","href":"https:\/\/api.w.org\/{rel}","templated":true}]}}