{"id":103506,"date":"2023-02-06T09:03:52","date_gmt":"2023-02-06T09:03:52","guid":{"rendered":"https:\/\/www.nettali.com\/?p=103506"},"modified":"2023-02-06T09:03:52","modified_gmt":"2023-02-06T09:03:52","slug":"en-coulisses-amadou-encense-macky-pour-2024-et-2029","status":"publish","type":"post","link":"https:\/\/www.nettali.com\/2023\/02\/06\/en-coulisses-amadou-encense-macky-pour-2024-et-2029\/","title":{"rendered":"EN COULISSES - Amadou encense Macky pour 2024 et 2029 !"},"content":{"rendered":"<p><strong>NETTALI.COM -<\/strong> C'est une forte mobilisation qu'a r\u00e9ussi la mouvance pr\u00e9sidentielle, ce dimanche 5 f\u00e9vrier, lors de son meeting de la mouvance au terrain CFA de Djiddah Thiaroye Kao, dans le d\u00e9partement de Pikine. Un rassemblement qui a r\u00e9uni presque tous les responsables de la mouvance, y compris m\u00eame l'\u00e9pouse du Pr\u00e9sident Sall Mari\u00e8me Faye Sall.<\/p>\n<p>Lors de son speech qui a cl\u00f4tur\u00e9 le meeting organis\u00e9 par les d\u00e9partements de Pikine, Gu\u00e9diawaye, Rufisque et Keur Massar, le Premier ministre Amadou Ba a salu\u00e9 cette forte mobilisation des grands jours et f\u00e9licit\u00e9 les organisateurs et les participants pour leur engagement derri\u00e8re leur mentor Macky Sall.<\/p>\n<p>\"<em>Il (Macky Sall) a vu votre engagement. Nous avons entendu vos messages. Le pr\u00e9sident l\u2019a entendu. Il sait ce que vous voulez. Ce que nous souhaitons pour lui. Tout ce que nous faisons, on le met dans l\u2019ordre des choses. Il a tripl\u00e9 toutes les r\u00e9alisations que ses pr\u00e9d\u00e9cesseurs avaient faites, quand il a acc\u00e9d\u00e9 au pouvoir. Il a construit neuf \u00e9tablissements sanitaires. Son objectif, dans les prochaines ann\u00e9es, est de doter chaque d\u00e9partement d\u2019un h\u00f4pital. Quand j\u2019entends l\u2019opposition parler, on sent la peur. Ils ont raison d\u2019avoir peur. Avec cette mobilisation de la banlieue d\u2019aujourd\u2019hui, on sait que la majorit\u00e9 est avec Macky Sall. Le peuple tient \u00e0 Macky Sall. C\u2019est tout le S\u00e9n\u00e9gal qui s\u2019est r\u00e9uni ici<\/em>\", a lanc\u00e9 le PM \u00e0 la foule.<\/p>\n<p>Avant d'encha\u00eener : \"<em>il (Macky Sall) peut compter sur vous. On est avec lui pour demain et apr\u00e8s-demain. Nous n\u2019avons pas de plans pour dire A, B, C. Lui seul. Nous sommes derri\u00e8re lui. 2024 et 2029, c\u2019est pareil pour nous. Tant que Macky sera l\u00e0, nous serons avec lui. C\u2019est ce message que nous voulons<\/em><br \/>\n<em>entendre de vous. Vous \u00eates la raison de vivre de Macky. Il aime l\u2019Afrique, le S\u00e9n\u00e9gal. Il va vous le rendre. Il ne fait que travailler pour nous. Nous allons lui rendre la monnaie, d\u2019autant plus que nous avons vu les r\u00e9sultats. Chers militants, d\u00e9fendons le pr\u00e9sident Macky, pourqu\u2019il fasse ce que nous voulons qu\u2019il <\/em><em>fasse. Qu\u2019il continue de nous guider, de mettre en avant le PSE\u2026<\/em>\u201d.<\/p>\n<div class='share-to-whatsapp-wrapper'><div class='share-on-whsp'>PARTAGER SUR : <\/div><a data-text='EN COULISSES - Amadou encense Macky pour 2024 et 2029 !' data-link='https:\/\/www.nettali.com\/2023\/02\/06\/en-coulisses-amadou-encense-macky-pour-2024-et-2029\/' class='whatsapp-button whatsapp-share'>WhatsApp<\/a><div class='clear '><\/div><\/div>","protected":false},"excerpt":{"rendered":"<p>NETTALI.COM - C'est une forte mobilisation qu'a r\u00e9ussi la mouvance pr\u00e9sidentielle, ce dimanche 5 f\u00e9vrier, lors de son meeting de la mouvance au terrain CFA de Djiddah Thiaroye Kao, dans le d\u00e9partement de Pikine. Un rassemblement qui a r\u00e9uni presque tous les responsables de la mouvance, y compris m\u00eame l'\u00e9pouse du Pr\u00e9sident Sall Mari\u00e8me Faye [&hellip;]<\/p>\n","protected":false},"author":2,"featured_media":103517,"comment_status":"open","ping_status":"open","sticky":false,"template":"","format":"standard","meta":{"_et_pb_use_builder":"","_et_pb_old_content":""},"categories":[34945],"tags":[],"yoast_head":"<!-- This site is optimized with the Yoast SEO Premium plugin v17.8 (Yoast SEO v17.8) - https:\/\/yoast.com\/wordpress\/plugins\/seo\/ -->\n<title>EN COULISSES - Amadou encense Macky pour 2024 et 2029 ! | Nettali.com<\/title>\n<meta name=\"robots\" content=\"index, follow, max-snippet:-1, max-image-preview:large, max-video-preview:-1\" \/>\n<link rel=\"canonical\" href=\"https:\/\/www.nettali.com\/2023\/02\/06\/en-coulisses-amadou-encense-macky-pour-2024-et-2029\/\" \/>\n<meta property=\"og:locale\" content=\"fr_FR\" \/>\n<meta property=\"og:type\" content=\"article\" \/>\n<meta property=\"og:title\" content=\"EN COULISSES - Amadou encense Macky pour 2024 et 2029 !\" \/>\n<meta property=\"og:description\" content=\"NETTALI.COM - C&#039;est une forte mobilisation qu&#039;a r\u00e9ussi la mouvance pr\u00e9sidentielle, ce dimanche 5 f\u00e9vrier, lors de son meeting de la mouvance au terrain CFA de Djiddah Thiaroye Kao, dans le d\u00e9partement de Pikine. Un rassemblement qui a r\u00e9uni presque tous les responsables de la mouvance, y compris m\u00eame l&#039;\u00e9pouse du Pr\u00e9sident Sall Mari\u00e8me Faye [&hellip;]\" \/>\n<meta property=\"og:url\" content=\"https:\/\/www.nettali.com\/2023\/02\/06\/en-coulisses-amadou-encense-macky-pour-2024-et-2029\/\" \/>\n<meta property=\"og:site_name\" content=\"Nettali.com\" \/>\n<meta property=\"article:publisher\" content=\"https:\/\/www.facebook.com\/nettalicom\" \/>\n<meta property=\"article:published_time\" content=\"2023-02-06T09:03:52+00:00\" \/>\n<meta property=\"og:image\" content=\"https:\/\/www.nettali.com\/wp-content\/uploads\/2023\/02\/Meeting-Benno-a-Pikine-le-Premier-ministre-Amadou-Ba-milite-pour-la-continuite-de-la-vision-du-president-Macky-Sall-2.jpg\" \/>\n\t<meta property=\"og:image:width\" content=\"1280\" \/>\n\t<meta property=\"og:image:height\" content=\"854\" \/>\n<meta name=\"twitter:card\" content=\"summary_large_image\" \/>\n<meta name=\"twitter:label1\" content=\"\u00c9crit par\" \/>\n\t<meta name=\"twitter:data1\" content=\"CK\" \/>\n\t<meta name=\"twitter:label2\" content=\"Dur\u00e9e de lecture estim\u00e9e\" \/>\n\t<meta name=\"twitter:data2\" content=\"2 minutes\" \/>\n<script type=\"application\/ld+json\" class=\"yoast-schema-graph\">{\"@context\":\"https:\/\/schema.org\",\"@graph\":[{\"@type\":\"WebSite\",\"@id\":\"https:\/\/www.nettali.com\/#website\",\"url\":\"https:\/\/www.nettali.com\/\",\"name\":\"Nettali.com\",\"description\":\"Le rendez-vous critique du Net\",\"potentialAction\":[{\"@type\":\"SearchAction\",\"target\":{\"@type\":\"EntryPoint\",\"urlTemplate\":\"https:\/\/www.nettali.com\/?s={search_term_string}\"},\"query-input\":\"required name=search_term_string\"}],\"inLanguage\":\"fr-FR\"},{\"@type\":\"ImageObject\",\"@id\":\"https:\/\/www.nettali.com\/2023\/02\/06\/en-coulisses-amadou-encense-macky-pour-2024-et-2029\/#primaryimage\",\"inLanguage\":\"fr-FR\",\"url\":\"https:\/\/www.nettali.com\/wp-content\/uploads\/2023\/02\/Meeting-Benno-a-Pikine-le-Premier-ministre-Amadou-Ba-milite-pour-la-continuite-de-la-vision-du-president-Macky-Sall-2.jpg\",\"contentUrl\":\"https:\/\/www.nettali.com\/wp-content\/uploads\/2023\/02\/Meeting-Benno-a-Pikine-le-Premier-ministre-Amadou-Ba-milite-pour-la-continuite-de-la-vision-du-president-Macky-Sall-2.jpg\",\"width\":1280,\"height\":854},{\"@type\":\"WebPage\",\"@id\":\"https:\/\/www.nettali.com\/2023\/02\/06\/en-coulisses-amadou-encense-macky-pour-2024-et-2029\/#webpage\",\"url\":\"https:\/\/www.nettali.com\/2023\/02\/06\/en-coulisses-amadou-encense-macky-pour-2024-et-2029\/\",\"name\":\"EN COULISSES - Amadou encense Macky pour 2024 et 2029 ! | Nettali.com\",\"isPartOf\":{\"@id\":\"https:\/\/www.nettali.com\/#website\"},\"primaryImageOfPage\":{\"@id\":\"https:\/\/www.nettali.com\/2023\/02\/06\/en-coulisses-amadou-encense-macky-pour-2024-et-2029\/#primaryimage\"},\"datePublished\":\"2023-02-06T09:03:52+00:00\",\"dateModified\":\"2023-02-06T09:03:52+00:00\",\"author\":{\"@id\":\"https:\/\/www.nettali.com\/#\/schema\/person\/d8ac7b7e27ddad43f1c0d2ef090d7f71\"},\"breadcrumb\":{\"@id\":\"https:\/\/www.nettali.com\/2023\/02\/06\/en-coulisses-amadou-encense-macky-pour-2024-et-2029\/#breadcrumb\"},\"inLanguage\":\"fr-FR\",\"potentialAction\":[{\"@type\":\"ReadAction\",\"target\":[\"https:\/\/www.nettali.com\/2023\/02\/06\/en-coulisses-amadou-encense-macky-pour-2024-et-2029\/\"]}]},{\"@type\":\"BreadcrumbList\",\"@id\":\"https:\/\/www.nettali.com\/2023\/02\/06\/en-coulisses-amadou-encense-macky-pour-2024-et-2029\/#breadcrumb\",\"itemListElement\":[{\"@type\":\"ListItem\",\"position\":1,\"name\":\"Accueil\",\"item\":\"https:\/\/www.nettali.com\/\"},{\"@type\":\"ListItem\",\"position\":2,\"name\":\"EN COULISSES - Amadou encense Macky pour 2024 et 2029 !\"}]},{\"@type\":\"Person\",\"@id\":\"https:\/\/www.nettali.com\/#\/schema\/person\/d8ac7b7e27ddad43f1c0d2ef090d7f71\",\"name\":\"CK\",\"image\":{\"@type\":\"ImageObject\",\"@id\":\"https:\/\/www.nettali.com\/#personlogo\",\"inLanguage\":\"fr-FR\",\"url\":\"https:\/\/secure.gravatar.com\/avatar\/1d8d5118b9327d94da7cd4ce7f17fec2?s=96&d=mm&r=g\",\"contentUrl\":\"https:\/\/secure.gravatar.com\/avatar\/1d8d5118b9327d94da7cd4ce7f17fec2?s=96&d=mm&r=g\",\"caption\":\"CK\"},\"sameAs\":[\"https:\/\/www.nettali.com\"]}]}<\/script>\n<!-- \/ Yoast SEO Premium plugin. -->","yoast_head_json":{"title":"EN COULISSES - Amadou encense Macky pour 2024 et 2029 ! | Nettali.com","robots":{"index":"index","follow":"follow","max-snippet":"max-snippet:-1","max-image-preview":"max-image-preview:large","max-video-preview":"max-video-preview:-1"},"canonical":"https:\/\/www.nettali.com\/2023\/02\/06\/en-coulisses-amadou-encense-macky-pour-2024-et-2029\/","og_locale":"fr_FR","og_type":"article","og_title":"EN COULISSES - Amadou encense Macky pour 2024 et 2029 !","og_description":"NETTALI.COM - C'est une forte mobilisation qu'a r\u00e9ussi la mouvance pr\u00e9sidentielle, ce dimanche 5 f\u00e9vrier, lors de son meeting de la mouvance au terrain CFA de Djiddah Thiaroye Kao, dans le d\u00e9partement de Pikine. Un rassemblement qui a r\u00e9uni presque tous les responsables de la mouvance, y compris m\u00eame l'\u00e9pouse du Pr\u00e9sident Sall Mari\u00e8me Faye [&hellip;]","og_url":"https:\/\/www.nettali.com\/2023\/02\/06\/en-coulisses-amadou-encense-macky-pour-2024-et-2029\/","og_site_name":"Nettali.com","article_publisher":"https:\/\/www.facebook.com\/nettalicom","article_published_time":"2023-02-06T09:03:52+00:00","og_image":[{"width":1280,"height":854,"url":"https:\/\/www.nettali.com\/wp-content\/uploads\/2023\/02\/Meeting-Benno-a-Pikine-le-Premier-ministre-Amadou-Ba-milite-pour-la-continuite-de-la-vision-du-president-Macky-Sall-2.jpg","type":"image\/jpeg"}],"twitter_card":"summary_large_image","twitter_misc":{"\u00c9crit par":"CK","Dur\u00e9e de lecture estim\u00e9e":"2 minutes"},"schema":{"@context":"https:\/\/schema.org","@graph":[{"@type":"WebSite","@id":"https:\/\/www.nettali.com\/#website","url":"https:\/\/www.nettali.com\/","name":"Nettali.com","description":"Le rendez-vous critique du Net","potentialAction":[{"@type":"SearchAction","target":{"@type":"EntryPoint","urlTemplate":"https:\/\/www.nettali.com\/?s={search_term_string}"},"query-input":"required name=search_term_string"}],"inLanguage":"fr-FR"},{"@type":"ImageObject","@id":"https:\/\/www.nettali.com\/2023\/02\/06\/en-coulisses-amadou-encense-macky-pour-2024-et-2029\/#primaryimage","inLanguage":"fr-FR","url":"https:\/\/www.nettali.com\/wp-content\/uploads\/2023\/02\/Meeting-Benno-a-Pikine-le-Premier-ministre-Amadou-Ba-milite-pour-la-continuite-de-la-vision-du-president-Macky-Sall-2.jpg","contentUrl":"https:\/\/www.nettali.com\/wp-content\/uploads\/2023\/02\/Meeting-Benno-a-Pikine-le-Premier-ministre-Amadou-Ba-milite-pour-la-continuite-de-la-vision-du-president-Macky-Sall-2.jpg","width":1280,"height":854},{"@type":"WebPage","@id":"https:\/\/www.nettali.com\/2023\/02\/06\/en-coulisses-amadou-encense-macky-pour-2024-et-2029\/#webpage","url":"https:\/\/www.nettali.com\/2023\/02\/06\/en-coulisses-amadou-encense-macky-pour-2024-et-2029\/","name":"EN COULISSES - Amadou encense Macky pour 2024 et 2029 ! | Nettali.com","isPartOf":{"@id":"https:\/\/www.nettali.com\/#website"},"primaryImageOfPage":{"@id":"https:\/\/www.nettali.com\/2023\/02\/06\/en-coulisses-amadou-encense-macky-pour-2024-et-2029\/#primaryimage"},"datePublished":"2023-02-06T09:03:52+00:00","dateModified":"2023-02-06T09:03:52+00:00","author":{"@id":"https:\/\/www.nettali.com\/#\/schema\/person\/d8ac7b7e27ddad43f1c0d2ef090d7f71"},"breadcrumb":{"@id":"https:\/\/www.nettali.com\/2023\/02\/06\/en-coulisses-amadou-encense-macky-pour-2024-et-2029\/#breadcrumb"},"inLanguage":"fr-FR","potentialAction":[{"@type":"ReadAction","target":["https:\/\/www.nettali.com\/2023\/02\/06\/en-coulisses-amadou-encense-macky-pour-2024-et-2029\/"]}]},{"@type":"BreadcrumbList","@id":"https:\/\/www.nettali.com\/2023\/02\/06\/en-coulisses-amadou-encense-macky-pour-2024-et-2029\/#breadcrumb","itemListElement":[{"@type":"ListItem","position":1,"name":"Accueil","item":"https:\/\/www.nettali.com\/"},{"@type":"ListItem","position":2,"name":"EN COULISSES - Amadou encense Macky pour 2024 et 2029 !"}]},{"@type":"Person","@id":"https:\/\/www.nettali.com\/#\/schema\/person\/d8ac7b7e27ddad43f1c0d2ef090d7f71","name":"CK","image":{"@type":"ImageObject","@id":"https:\/\/www.nettali.com\/#personlogo","inLanguage":"fr-FR","url":"https:\/\/secure.gravatar.com\/avatar\/1d8d5118b9327d94da7cd4ce7f17fec2?s=96&d=mm&r=g","contentUrl":"https:\/\/secure.gravatar.com\/avatar\/1d8d5118b9327d94da7cd4ce7f17fec2?s=96&d=mm&r=g","caption":"CK"},"sameAs":["https:\/\/www.nettali.com"]}]}},"_links":{"self":[{"href":"https:\/\/www.nettali.com\/rest\/wp\/v2\/posts\/103506"}],"collection":[{"href":"https:\/\/www.nettali.com\/rest\/wp\/v2\/posts"}],"about":[{"href":"https:\/\/www.nettali.com\/rest\/wp\/v2\/types\/post"}],"author":[{"embeddable":true,"href":"https:\/\/www.nettali.com\/rest\/wp\/v2\/users\/2"}],"replies":[{"embeddable":true,"href":"https:\/\/www.nettali.com\/rest\/wp\/v2\/comments?post=103506"}],"version-history":[{"count":3,"href":"https:\/\/www.nettali.com\/rest\/wp\/v2\/posts\/103506\/revisions"}],"predecessor-version":[{"id":103511,"href":"https:\/\/www.nettali.com\/rest\/wp\/v2\/posts\/103506\/revisions\/103511"}],"wp:featuredmedia":[{"embeddable":true,"href":"https:\/\/www.nettali.com\/rest\/wp\/v2\/media\/103517"}],"wp:attachment":[{"href":"https:\/\/www.nettali.com\/rest\/wp\/v2\/media?parent=103506"}],"wp:term":[{"taxonomy":"category","embeddable":true,"href":"https:\/\/www.nettali.com\/rest\/wp\/v2\/categories?post=103506"},{"taxonomy":"post_tag","embeddable":true,"href":"https:\/\/www.nettali.com\/rest\/wp\/v2\/tags?post=103506"}],"curies":[{"name":"wp","href":"https:\/\/api.w.org\/{rel}","templated":true}]}}