{"id":103457,"date":"2023-02-05T20:08:11","date_gmt":"2023-02-05T20:08:11","guid":{"rendered":"https:\/\/www.nettali.com\/?p=103457"},"modified":"2023-02-05T20:08:11","modified_gmt":"2023-02-05T20:08:11","slug":"arrestations-de-militants-de-pastef-sonko-proteste-vigoureusement-et-menace","status":"publish","type":"post","link":"https:\/\/www.nettali.com\/2023\/02\/05\/arrestations-de-militants-de-pastef-sonko-proteste-vigoureusement-et-menace\/","title":{"rendered":"ARRESTATIONS DE MILITANTS DE PASTEF - Sonko proteste vigoureusement et menace"},"content":{"rendered":"<div class=\"x11i5rnm xat24cr x1mh8g0r x1vvkbs xdj266r x126k92a\">\n<div dir=\"auto\"><strong>NETTALI.COM - Ousmane Sonko proteste contre les arrestations de militants de Pastef arr\u00eat\u00e9s et plac\u00e9s en garde \u00e0 vue dans plusieurs commissariats et brigades de gendarmerie. Selon lui, <em>ils ont \u00e9t\u00e9 trop patients, voire passifs, face aux agissements de Macky Sall et de ses ministres de l\u2019int\u00e9rieur et de la justice\". Et \"il urge de mettre un terme \u00e0 cette fr\u00e9n\u00e9sie d\u2019arrestations arbitraires\".<\/em><\/strong><\/div>\n<div dir=\"auto\"><\/div>\n<div dir=\"auto\"><em>\"Accompagn\u00e9 de quelques responsables du parti, je me suis rendu aux brigades de gendarmerie de la foire, de Ouakam et de Thiong pour m'enqu\u00e9rir de la situation des jeunes patriotes qui y sont arbitrairement d\u00e9tenus depuis le 2 f\u00e9vrier, pour avoir simplement essay\u00e9 de rallier mon domicile, ill\u00e9galement barricad\u00e9 par la police. On m\u2019a refus\u00e9 la visite au motif qu\u2019on est un jour non ouvrable. J\u2019informe les militants et sympathisants que j\u2019y retournerai demain \u00e0 partir de 10 heures inchallah\"<\/em>, soutient Ousmane Sonko.<\/div>\n<div dir=\"auto\"><\/div>\n<div dir=\"auto\">Il ajoute qu'avec les 9 interpell\u00e9s hier (samedi) \u00e0 Diourbel, au motif qu\u2019ils sensibilisaient les jeunes \u00e0 l\u2019inscription sur les listes \u00e9lectorales, ils comptent aujourd\u2019hui <em>\"27 patriotes (dont un mineur de 15 ans) dans les cellules des commissariats et brigades, sans \u00eatre entendus et priv\u00e9s d\u2019avocats, compte non tenu de ceux d\u00e9tenus dans les diff\u00e9rentes prisons pour des motifs tout aussi fallacieux\".<\/em><\/div>\n<div dir=\"auto\"><\/div>\n<\/div>\n<div class=\"x11i5rnm xat24cr x1mh8g0r x1vvkbs xtlvy1s x126k92a\">\n<div dir=\"auto\"><em>\"Chers compatriotes, nous avons \u00e9t\u00e9 trop patients, voire passifs face aux agissements de Macky Sall et de ses ministres de l\u2019int\u00e9rieur et de la justice. Il urge de mettre un terme \u00e0 cette fr\u00e9n\u00e9sie d\u2019arrestations arbitraires, de tortures et d\u2019humiliations.<\/em><\/div>\n<\/div>\n<div class=\"x11i5rnm xat24cr x1mh8g0r x1vvkbs xtlvy1s x126k92a\">\n<div dir=\"auto\"><em>Des correspondances sont en train d\u2019\u00eatre adress\u00e9es \u00e0 toutes les organisations de d\u00e9fense de droits de l\u2019homme pour les sensibiliser sur tous les cas d\u2019agression dont nous faisons l\u2019objet depuis des ann\u00e9es. Nous prendrons toutes les dispositions et vous donnerons prochainement les consignes pour mettre un terme \u00e0 ces abus\"<\/em>, annonce le leader de Pastef.<\/div>\n<\/div>\n<div class='share-to-whatsapp-wrapper'><div class='share-on-whsp'>PARTAGER SUR : <\/div><a data-text='ARRESTATIONS DE MILITANTS DE PASTEF - Sonko proteste vigoureusement et menace' data-link='https:\/\/www.nettali.com\/2023\/02\/05\/arrestations-de-militants-de-pastef-sonko-proteste-vigoureusement-et-menace\/' class='whatsapp-button whatsapp-share'>WhatsApp<\/a><div class='clear '><\/div><\/div>","protected":false},"excerpt":{"rendered":"<p>NETTALI.COM - Ousmane Sonko proteste contre les arrestations de militants de Pastef arr\u00eat\u00e9s et plac\u00e9s en garde \u00e0 vue dans plusieurs commissariats et brigades de gendarmerie. Selon lui, ils ont \u00e9t\u00e9 trop patients, voire passifs, face aux agissements de Macky Sall et de ses ministres de l\u2019int\u00e9rieur et de la justice\". Et \"il urge de [&hellip;]<\/p>\n","protected":false},"author":4,"featured_media":103458,"comment_status":"open","ping_status":"open","sticky":false,"template":"","format":"standard","meta":{"_et_pb_use_builder":"","_et_pb_old_content":""},"categories":[2],"tags":[],"yoast_head":"<!-- This site is optimized with the Yoast SEO Premium plugin v17.8 (Yoast SEO v17.8) - https:\/\/yoast.com\/wordpress\/plugins\/seo\/ -->\n<title>ARRESTATIONS DE MILITANTS DE PASTEF - Sonko proteste vigoureusement et menace | Nettali.com<\/title>\n<meta name=\"robots\" content=\"index, follow, max-snippet:-1, max-image-preview:large, max-video-preview:-1\" \/>\n<link rel=\"canonical\" href=\"https:\/\/www.nettali.com\/2023\/02\/05\/arrestations-de-militants-de-pastef-sonko-proteste-vigoureusement-et-menace\/\" \/>\n<meta property=\"og:locale\" content=\"fr_FR\" \/>\n<meta property=\"og:type\" content=\"article\" \/>\n<meta property=\"og:title\" content=\"ARRESTATIONS DE MILITANTS DE PASTEF - Sonko proteste vigoureusement et menace\" \/>\n<meta property=\"og:description\" content=\"NETTALI.COM - Ousmane Sonko proteste contre les arrestations de militants de Pastef arr\u00eat\u00e9s et plac\u00e9s en garde \u00e0 vue dans plusieurs commissariats et brigades de gendarmerie. Selon lui, ils ont \u00e9t\u00e9 trop patients, voire passifs, face aux agissements de Macky Sall et de ses ministres de l\u2019int\u00e9rieur et de la justice&quot;. Et &quot;il urge de [&hellip;]\" \/>\n<meta property=\"og:url\" content=\"https:\/\/www.nettali.com\/2023\/02\/05\/arrestations-de-militants-de-pastef-sonko-proteste-vigoureusement-et-menace\/\" \/>\n<meta property=\"og:site_name\" content=\"Nettali.com\" \/>\n<meta property=\"article:publisher\" content=\"https:\/\/www.facebook.com\/nettalicom\" \/>\n<meta property=\"article:published_time\" content=\"2023-02-05T20:08:11+00:00\" \/>\n<meta property=\"og:image\" content=\"https:\/\/www.nettali.com\/wp-content\/uploads\/2023\/02\/Sonko-e1675627667413.jpeg\" \/>\n\t<meta property=\"og:image:width\" content=\"1121\" \/>\n\t<meta property=\"og:image:height\" content=\"751\" \/>\n<meta name=\"twitter:card\" content=\"summary_large_image\" \/>\n<meta name=\"twitter:label1\" content=\"\u00c9crit par\" \/>\n\t<meta name=\"twitter:data1\" content=\"Daouda\" \/>\n\t<meta name=\"twitter:label2\" content=\"Dur\u00e9e de lecture estim\u00e9e\" \/>\n\t<meta name=\"twitter:data2\" content=\"2 minutes\" \/>\n<script type=\"application\/ld+json\" class=\"yoast-schema-graph\">{\"@context\":\"https:\/\/schema.org\",\"@graph\":[{\"@type\":\"WebSite\",\"@id\":\"https:\/\/www.nettali.com\/#website\",\"url\":\"https:\/\/www.nettali.com\/\",\"name\":\"Nettali.com\",\"description\":\"Le rendez-vous critique du Net\",\"potentialAction\":[{\"@type\":\"SearchAction\",\"target\":{\"@type\":\"EntryPoint\",\"urlTemplate\":\"https:\/\/www.nettali.com\/?s={search_term_string}\"},\"query-input\":\"required name=search_term_string\"}],\"inLanguage\":\"fr-FR\"},{\"@type\":\"ImageObject\",\"@id\":\"https:\/\/www.nettali.com\/2023\/02\/05\/arrestations-de-militants-de-pastef-sonko-proteste-vigoureusement-et-menace\/#primaryimage\",\"inLanguage\":\"fr-FR\",\"url\":\"https:\/\/www.nettali.com\/wp-content\/uploads\/2023\/02\/Sonko-e1675627667413.jpeg\",\"contentUrl\":\"https:\/\/www.nettali.com\/wp-content\/uploads\/2023\/02\/Sonko-e1675627667413.jpeg\",\"width\":1121,\"height\":751},{\"@type\":\"WebPage\",\"@id\":\"https:\/\/www.nettali.com\/2023\/02\/05\/arrestations-de-militants-de-pastef-sonko-proteste-vigoureusement-et-menace\/#webpage\",\"url\":\"https:\/\/www.nettali.com\/2023\/02\/05\/arrestations-de-militants-de-pastef-sonko-proteste-vigoureusement-et-menace\/\",\"name\":\"ARRESTATIONS DE MILITANTS DE PASTEF - Sonko proteste vigoureusement et menace | Nettali.com\",\"isPartOf\":{\"@id\":\"https:\/\/www.nettali.com\/#website\"},\"primaryImageOfPage\":{\"@id\":\"https:\/\/www.nettali.com\/2023\/02\/05\/arrestations-de-militants-de-pastef-sonko-proteste-vigoureusement-et-menace\/#primaryimage\"},\"datePublished\":\"2023-02-05T20:08:11+00:00\",\"dateModified\":\"2023-02-05T20:08:11+00:00\",\"author\":{\"@id\":\"https:\/\/www.nettali.com\/#\/schema\/person\/3317e0bb3aa1da309fbf7b2780901bf4\"},\"breadcrumb\":{\"@id\":\"https:\/\/www.nettali.com\/2023\/02\/05\/arrestations-de-militants-de-pastef-sonko-proteste-vigoureusement-et-menace\/#breadcrumb\"},\"inLanguage\":\"fr-FR\",\"potentialAction\":[{\"@type\":\"ReadAction\",\"target\":[\"https:\/\/www.nettali.com\/2023\/02\/05\/arrestations-de-militants-de-pastef-sonko-proteste-vigoureusement-et-menace\/\"]}]},{\"@type\":\"BreadcrumbList\",\"@id\":\"https:\/\/www.nettali.com\/2023\/02\/05\/arrestations-de-militants-de-pastef-sonko-proteste-vigoureusement-et-menace\/#breadcrumb\",\"itemListElement\":[{\"@type\":\"ListItem\",\"position\":1,\"name\":\"Accueil\",\"item\":\"https:\/\/www.nettali.com\/\"},{\"@type\":\"ListItem\",\"position\":2,\"name\":\"ARRESTATIONS DE MILITANTS DE PASTEF - Sonko proteste vigoureusement et menace\"}]},{\"@type\":\"Person\",\"@id\":\"https:\/\/www.nettali.com\/#\/schema\/person\/3317e0bb3aa1da309fbf7b2780901bf4\",\"name\":\"Daouda\",\"image\":{\"@type\":\"ImageObject\",\"@id\":\"https:\/\/www.nettali.com\/#personlogo\",\"inLanguage\":\"fr-FR\",\"url\":\"https:\/\/secure.gravatar.com\/avatar\/8d143b5a49345098ddcfee1c49c2f47c?s=96&d=mm&r=g\",\"contentUrl\":\"https:\/\/secure.gravatar.com\/avatar\/8d143b5a49345098ddcfee1c49c2f47c?s=96&d=mm&r=g\",\"caption\":\"Daouda\"},\"sameAs\":[\"https:\/\/www.nettali.com\"]}]}<\/script>\n<!-- \/ Yoast SEO Premium plugin. -->","yoast_head_json":{"title":"ARRESTATIONS DE MILITANTS DE PASTEF - Sonko proteste vigoureusement et menace | Nettali.com","robots":{"index":"index","follow":"follow","max-snippet":"max-snippet:-1","max-image-preview":"max-image-preview:large","max-video-preview":"max-video-preview:-1"},"canonical":"https:\/\/www.nettali.com\/2023\/02\/05\/arrestations-de-militants-de-pastef-sonko-proteste-vigoureusement-et-menace\/","og_locale":"fr_FR","og_type":"article","og_title":"ARRESTATIONS DE MILITANTS DE PASTEF - Sonko proteste vigoureusement et menace","og_description":"NETTALI.COM - Ousmane Sonko proteste contre les arrestations de militants de Pastef arr\u00eat\u00e9s et plac\u00e9s en garde \u00e0 vue dans plusieurs commissariats et brigades de gendarmerie. Selon lui, ils ont \u00e9t\u00e9 trop patients, voire passifs, face aux agissements de Macky Sall et de ses ministres de l\u2019int\u00e9rieur et de la justice\". Et \"il urge de [&hellip;]","og_url":"https:\/\/www.nettali.com\/2023\/02\/05\/arrestations-de-militants-de-pastef-sonko-proteste-vigoureusement-et-menace\/","og_site_name":"Nettali.com","article_publisher":"https:\/\/www.facebook.com\/nettalicom","article_published_time":"2023-02-05T20:08:11+00:00","og_image":[{"width":1121,"height":751,"url":"https:\/\/www.nettali.com\/wp-content\/uploads\/2023\/02\/Sonko-e1675627667413.jpeg","type":"image\/jpeg"}],"twitter_card":"summary_large_image","twitter_misc":{"\u00c9crit par":"Daouda","Dur\u00e9e de lecture estim\u00e9e":"2 minutes"},"schema":{"@context":"https:\/\/schema.org","@graph":[{"@type":"WebSite","@id":"https:\/\/www.nettali.com\/#website","url":"https:\/\/www.nettali.com\/","name":"Nettali.com","description":"Le rendez-vous critique du Net","potentialAction":[{"@type":"SearchAction","target":{"@type":"EntryPoint","urlTemplate":"https:\/\/www.nettali.com\/?s={search_term_string}"},"query-input":"required name=search_term_string"}],"inLanguage":"fr-FR"},{"@type":"ImageObject","@id":"https:\/\/www.nettali.com\/2023\/02\/05\/arrestations-de-militants-de-pastef-sonko-proteste-vigoureusement-et-menace\/#primaryimage","inLanguage":"fr-FR","url":"https:\/\/www.nettali.com\/wp-content\/uploads\/2023\/02\/Sonko-e1675627667413.jpeg","contentUrl":"https:\/\/www.nettali.com\/wp-content\/uploads\/2023\/02\/Sonko-e1675627667413.jpeg","width":1121,"height":751},{"@type":"WebPage","@id":"https:\/\/www.nettali.com\/2023\/02\/05\/arrestations-de-militants-de-pastef-sonko-proteste-vigoureusement-et-menace\/#webpage","url":"https:\/\/www.nettali.com\/2023\/02\/05\/arrestations-de-militants-de-pastef-sonko-proteste-vigoureusement-et-menace\/","name":"ARRESTATIONS DE MILITANTS DE PASTEF - Sonko proteste vigoureusement et menace | Nettali.com","isPartOf":{"@id":"https:\/\/www.nettali.com\/#website"},"primaryImageOfPage":{"@id":"https:\/\/www.nettali.com\/2023\/02\/05\/arrestations-de-militants-de-pastef-sonko-proteste-vigoureusement-et-menace\/#primaryimage"},"datePublished":"2023-02-05T20:08:11+00:00","dateModified":"2023-02-05T20:08:11+00:00","author":{"@id":"https:\/\/www.nettali.com\/#\/schema\/person\/3317e0bb3aa1da309fbf7b2780901bf4"},"breadcrumb":{"@id":"https:\/\/www.nettali.com\/2023\/02\/05\/arrestations-de-militants-de-pastef-sonko-proteste-vigoureusement-et-menace\/#breadcrumb"},"inLanguage":"fr-FR","potentialAction":[{"@type":"ReadAction","target":["https:\/\/www.nettali.com\/2023\/02\/05\/arrestations-de-militants-de-pastef-sonko-proteste-vigoureusement-et-menace\/"]}]},{"@type":"BreadcrumbList","@id":"https:\/\/www.nettali.com\/2023\/02\/05\/arrestations-de-militants-de-pastef-sonko-proteste-vigoureusement-et-menace\/#breadcrumb","itemListElement":[{"@type":"ListItem","position":1,"name":"Accueil","item":"https:\/\/www.nettali.com\/"},{"@type":"ListItem","position":2,"name":"ARRESTATIONS DE MILITANTS DE PASTEF - Sonko proteste vigoureusement et menace"}]},{"@type":"Person","@id":"https:\/\/www.nettali.com\/#\/schema\/person\/3317e0bb3aa1da309fbf7b2780901bf4","name":"Daouda","image":{"@type":"ImageObject","@id":"https:\/\/www.nettali.com\/#personlogo","inLanguage":"fr-FR","url":"https:\/\/secure.gravatar.com\/avatar\/8d143b5a49345098ddcfee1c49c2f47c?s=96&d=mm&r=g","contentUrl":"https:\/\/secure.gravatar.com\/avatar\/8d143b5a49345098ddcfee1c49c2f47c?s=96&d=mm&r=g","caption":"Daouda"},"sameAs":["https:\/\/www.nettali.com"]}]}},"_links":{"self":[{"href":"https:\/\/www.nettali.com\/rest\/wp\/v2\/posts\/103457"}],"collection":[{"href":"https:\/\/www.nettali.com\/rest\/wp\/v2\/posts"}],"about":[{"href":"https:\/\/www.nettali.com\/rest\/wp\/v2\/types\/post"}],"author":[{"embeddable":true,"href":"https:\/\/www.nettali.com\/rest\/wp\/v2\/users\/4"}],"replies":[{"embeddable":true,"href":"https:\/\/www.nettali.com\/rest\/wp\/v2\/comments?post=103457"}],"version-history":[{"count":1,"href":"https:\/\/www.nettali.com\/rest\/wp\/v2\/posts\/103457\/revisions"}],"predecessor-version":[{"id":103459,"href":"https:\/\/www.nettali.com\/rest\/wp\/v2\/posts\/103457\/revisions\/103459"}],"wp:featuredmedia":[{"embeddable":true,"href":"https:\/\/www.nettali.com\/rest\/wp\/v2\/media\/103458"}],"wp:attachment":[{"href":"https:\/\/www.nettali.com\/rest\/wp\/v2\/media?parent=103457"}],"wp:term":[{"taxonomy":"category","embeddable":true,"href":"https:\/\/www.nettali.com\/rest\/wp\/v2\/categories?post=103457"},{"taxonomy":"post_tag","embeddable":true,"href":"https:\/\/www.nettali.com\/rest\/wp\/v2\/tags?post=103457"}],"curies":[{"name":"wp","href":"https:\/\/api.w.org\/{rel}","templated":true}]}}