{"id":103222,"date":"2023-02-01T21:50:03","date_gmt":"2023-02-01T21:50:03","guid":{"rendered":"https:\/\/www.nettali.com\/?p=103222"},"modified":"2023-02-01T21:51:10","modified_gmt":"2023-02-01T21:51:10","slug":"can-u17-le-senegal-dans-le-groupe-a-avec-lalgerie","status":"publish","type":"post","link":"https:\/\/www.nettali.com\/2023\/02\/01\/can-u17-le-senegal-dans-le-groupe-a-avec-lalgerie\/","title":{"rendered":"CAN U17 - Le S\u00e9n\u00e9gal dans le groupe A avec l'Alg\u00e9rie"},"content":{"rendered":"<p><strong>NETTALI.COM - Pays h\u00f4te du CHAN 2022 et candidate \u00e0 l\u2019organisation de la CAN 2025, l\u2019Alg\u00e9rie accueillera \u00e9galement la CAN 2023 des moins de 17 ans du 29 avril au 19 mai prochains. Les Fennecs cadets partagent la poule A avec les Lionceaux du S\u00e9n\u00e9gal.<\/strong><\/p>\n<p>A trois mois de cet \u00e9v\u00e9nement, la Conf\u00e9d\u00e9ration africaine de football (CAF) effectuait le tirage au sort de la comp\u00e9tition ce mercredi dans ses locaux au Caire. L\u2019h\u00f4te alg\u00e9rien h\u00e9rite d\u2019un groupe A \u00e0 sa port\u00e9e avec comme principal concurrent le S\u00e9n\u00e9gal, performant chez les jeunes ces derni\u00e8res ann\u00e9es. Le Congo, absent des trois derni\u00e8res \u00e9ditons, et la Somalie, qui va d\u00e9couvrir la comp\u00e9tition, compl\u00e8tent la poule et tenteront de cr\u00e9er la surprise.<\/p>\n<p><strong>Les deux derniers champions ensemble\u00a0!<\/strong><\/p>\n<p>Dans le groupe B, le Nigeria, demi-finaliste de la pr\u00e9c\u00e9dente \u00e9dition, partira favori devant le Maroc, \u00e9limin\u00e9 en phase de groupes en 2019, l\u2019Afrique du Sud, absente des deux pr\u00e9c\u00e9dentes \u00e9ditions, et la Zambie, qui n\u2019a jamais franchi la phase de poules.<\/p>\n<p>Enfin, la poule C, celle du tenant du titre, le Cameroun, s\u2019annonce tr\u00e8s disput\u00e9e puisqu\u2019on y retrouve aussi le Mali, toujours tr\u00e8s performant chez les jeunes et sacr\u00e9 en 2015 et 2017, mais aussi le Burkina Faso, de retour pour la premi\u00e8re fois depuis son titre en 2011. Le Soudan du Sud lui va d\u00e9couvrir le tournoi et fera office de Petit Poucet.<\/p>\n<p>Le groupe A se d\u00e9roulera \u00e0 Alger, le B \u00e0 Constantine et la poule C aura pour cadre Annaba. Les deux premiers de chaque groupe et les deux meilleurs 3e\u00a0toutes poules confondues acc\u00e9deront aux quarts de finale. Les quatre demi-finalistes valideront leur billet pour la Coupe du monde U17, programm\u00e9e du 10 novembre au 2 d\u00e9cembre 2023 au P\u00e9rou.<\/p>\n<div class='share-to-whatsapp-wrapper'><div class='share-on-whsp'>PARTAGER SUR : <\/div><a data-text='CAN U17 - Le S\u00e9n\u00e9gal dans le groupe A avec l'Alg\u00e9rie' data-link='https:\/\/www.nettali.com\/2023\/02\/01\/can-u17-le-senegal-dans-le-groupe-a-avec-lalgerie\/' class='whatsapp-button whatsapp-share'>WhatsApp<\/a><div class='clear '><\/div><\/div>","protected":false},"excerpt":{"rendered":"<p>NETTALI.COM - Pays h\u00f4te du CHAN 2022 et candidate \u00e0 l\u2019organisation de la CAN 2025, l\u2019Alg\u00e9rie accueillera \u00e9galement la CAN 2023 des moins de 17 ans du 29 avril au 19 mai prochains. Les Fennecs cadets partagent la poule A avec les Lionceaux du S\u00e9n\u00e9gal. A trois mois de cet \u00e9v\u00e9nement, la Conf\u00e9d\u00e9ration africaine de [&hellip;]<\/p>\n","protected":false},"author":5,"featured_media":103223,"comment_status":"open","ping_status":"open","sticky":false,"template":"","format":"standard","meta":{"_et_pb_use_builder":"","_et_pb_old_content":""},"categories":[6],"tags":[],"yoast_head":"<!-- This site is optimized with the Yoast SEO Premium plugin v17.8 (Yoast SEO v17.8) - https:\/\/yoast.com\/wordpress\/plugins\/seo\/ -->\n<title>CAN U17 - Le S\u00e9n\u00e9gal dans le groupe A avec l&#039;Alg\u00e9rie | Nettali.com<\/title>\n<meta name=\"robots\" content=\"index, follow, max-snippet:-1, max-image-preview:large, max-video-preview:-1\" \/>\n<link rel=\"canonical\" href=\"https:\/\/www.nettali.com\/2023\/02\/01\/can-u17-le-senegal-dans-le-groupe-a-avec-lalgerie\/\" \/>\n<meta property=\"og:locale\" content=\"fr_FR\" \/>\n<meta property=\"og:type\" content=\"article\" \/>\n<meta property=\"og:title\" content=\"CAN U17 - Le S\u00e9n\u00e9gal dans le groupe A avec l&#039;Alg\u00e9rie\" \/>\n<meta property=\"og:description\" content=\"NETTALI.COM - Pays h\u00f4te du CHAN 2022 et candidate \u00e0 l\u2019organisation de la CAN 2025, l\u2019Alg\u00e9rie accueillera \u00e9galement la CAN 2023 des moins de 17 ans du 29 avril au 19 mai prochains. Les Fennecs cadets partagent la poule A avec les Lionceaux du S\u00e9n\u00e9gal. A trois mois de cet \u00e9v\u00e9nement, la Conf\u00e9d\u00e9ration africaine de [&hellip;]\" \/>\n<meta property=\"og:url\" content=\"https:\/\/www.nettali.com\/2023\/02\/01\/can-u17-le-senegal-dans-le-groupe-a-avec-lalgerie\/\" \/>\n<meta property=\"og:site_name\" content=\"Nettali.com\" \/>\n<meta property=\"article:publisher\" content=\"https:\/\/www.facebook.com\/nettalicom\" \/>\n<meta property=\"article:published_time\" content=\"2023-02-01T21:50:03+00:00\" \/>\n<meta property=\"article:modified_time\" content=\"2023-02-01T21:51:10+00:00\" \/>\n<meta property=\"og:image\" content=\"https:\/\/www.nettali.com\/wp-content\/uploads\/2023\/02\/CAN-U17-.png\" \/>\n\t<meta property=\"og:image:width\" content=\"597\" \/>\n\t<meta property=\"og:image:height\" content=\"383\" \/>\n<meta name=\"twitter:card\" content=\"summary_large_image\" \/>\n<meta name=\"twitter:label1\" content=\"\u00c9crit par\" \/>\n\t<meta name=\"twitter:data1\" content=\"Ibrahima\" \/>\n\t<meta name=\"twitter:label2\" content=\"Dur\u00e9e de lecture estim\u00e9e\" \/>\n\t<meta name=\"twitter:data2\" content=\"2 minutes\" \/>\n<script type=\"application\/ld+json\" class=\"yoast-schema-graph\">{\"@context\":\"https:\/\/schema.org\",\"@graph\":[{\"@type\":\"WebSite\",\"@id\":\"https:\/\/www.nettali.com\/#website\",\"url\":\"https:\/\/www.nettali.com\/\",\"name\":\"Nettali.com\",\"description\":\"Le rendez-vous critique du Net\",\"potentialAction\":[{\"@type\":\"SearchAction\",\"target\":{\"@type\":\"EntryPoint\",\"urlTemplate\":\"https:\/\/www.nettali.com\/?s={search_term_string}\"},\"query-input\":\"required name=search_term_string\"}],\"inLanguage\":\"fr-FR\"},{\"@type\":\"ImageObject\",\"@id\":\"https:\/\/www.nettali.com\/2023\/02\/01\/can-u17-le-senegal-dans-le-groupe-a-avec-lalgerie\/#primaryimage\",\"inLanguage\":\"fr-FR\",\"url\":\"https:\/\/www.nettali.com\/wp-content\/uploads\/2023\/02\/CAN-U17-.png\",\"contentUrl\":\"https:\/\/www.nettali.com\/wp-content\/uploads\/2023\/02\/CAN-U17-.png\",\"width\":597,\"height\":383},{\"@type\":\"WebPage\",\"@id\":\"https:\/\/www.nettali.com\/2023\/02\/01\/can-u17-le-senegal-dans-le-groupe-a-avec-lalgerie\/#webpage\",\"url\":\"https:\/\/www.nettali.com\/2023\/02\/01\/can-u17-le-senegal-dans-le-groupe-a-avec-lalgerie\/\",\"name\":\"CAN U17 - Le S\\u00e9n\\u00e9gal dans le groupe A avec l'Alg\\u00e9rie | Nettali.com\",\"isPartOf\":{\"@id\":\"https:\/\/www.nettali.com\/#website\"},\"primaryImageOfPage\":{\"@id\":\"https:\/\/www.nettali.com\/2023\/02\/01\/can-u17-le-senegal-dans-le-groupe-a-avec-lalgerie\/#primaryimage\"},\"datePublished\":\"2023-02-01T21:50:03+00:00\",\"dateModified\":\"2023-02-01T21:51:10+00:00\",\"author\":{\"@id\":\"https:\/\/www.nettali.com\/#\/schema\/person\/bb147657c2986240405a608162b9bb23\"},\"breadcrumb\":{\"@id\":\"https:\/\/www.nettali.com\/2023\/02\/01\/can-u17-le-senegal-dans-le-groupe-a-avec-lalgerie\/#breadcrumb\"},\"inLanguage\":\"fr-FR\",\"potentialAction\":[{\"@type\":\"ReadAction\",\"target\":[\"https:\/\/www.nettali.com\/2023\/02\/01\/can-u17-le-senegal-dans-le-groupe-a-avec-lalgerie\/\"]}]},{\"@type\":\"BreadcrumbList\",\"@id\":\"https:\/\/www.nettali.com\/2023\/02\/01\/can-u17-le-senegal-dans-le-groupe-a-avec-lalgerie\/#breadcrumb\",\"itemListElement\":[{\"@type\":\"ListItem\",\"position\":1,\"name\":\"Accueil\",\"item\":\"https:\/\/www.nettali.com\/\"},{\"@type\":\"ListItem\",\"position\":2,\"name\":\"CAN U17 - Le S\\u00e9n\\u00e9gal dans le groupe A avec l'Alg\\u00e9rie\"}]},{\"@type\":\"Person\",\"@id\":\"https:\/\/www.nettali.com\/#\/schema\/person\/bb147657c2986240405a608162b9bb23\",\"name\":\"Ibrahima\",\"image\":{\"@type\":\"ImageObject\",\"@id\":\"https:\/\/www.nettali.com\/#personlogo\",\"inLanguage\":\"fr-FR\",\"url\":\"https:\/\/secure.gravatar.com\/avatar\/26a8a81f09f0dd7624c9d5c36c9ba3a2?s=96&d=mm&r=g\",\"contentUrl\":\"https:\/\/secure.gravatar.com\/avatar\/26a8a81f09f0dd7624c9d5c36c9ba3a2?s=96&d=mm&r=g\",\"caption\":\"Ibrahima\"},\"sameAs\":[\"https:\/\/www.nettali.com\"]}]}<\/script>\n<!-- \/ Yoast SEO Premium plugin. -->","yoast_head_json":{"title":"CAN U17 - Le S\u00e9n\u00e9gal dans le groupe A avec l'Alg\u00e9rie | Nettali.com","robots":{"index":"index","follow":"follow","max-snippet":"max-snippet:-1","max-image-preview":"max-image-preview:large","max-video-preview":"max-video-preview:-1"},"canonical":"https:\/\/www.nettali.com\/2023\/02\/01\/can-u17-le-senegal-dans-le-groupe-a-avec-lalgerie\/","og_locale":"fr_FR","og_type":"article","og_title":"CAN U17 - Le S\u00e9n\u00e9gal dans le groupe A avec l'Alg\u00e9rie","og_description":"NETTALI.COM - Pays h\u00f4te du CHAN 2022 et candidate \u00e0 l\u2019organisation de la CAN 2025, l\u2019Alg\u00e9rie accueillera \u00e9galement la CAN 2023 des moins de 17 ans du 29 avril au 19 mai prochains. Les Fennecs cadets partagent la poule A avec les Lionceaux du S\u00e9n\u00e9gal. A trois mois de cet \u00e9v\u00e9nement, la Conf\u00e9d\u00e9ration africaine de [&hellip;]","og_url":"https:\/\/www.nettali.com\/2023\/02\/01\/can-u17-le-senegal-dans-le-groupe-a-avec-lalgerie\/","og_site_name":"Nettali.com","article_publisher":"https:\/\/www.facebook.com\/nettalicom","article_published_time":"2023-02-01T21:50:03+00:00","article_modified_time":"2023-02-01T21:51:10+00:00","og_image":[{"width":597,"height":383,"url":"https:\/\/www.nettali.com\/wp-content\/uploads\/2023\/02\/CAN-U17-.png","type":"image\/png"}],"twitter_card":"summary_large_image","twitter_misc":{"\u00c9crit par":"Ibrahima","Dur\u00e9e de lecture estim\u00e9e":"2 minutes"},"schema":{"@context":"https:\/\/schema.org","@graph":[{"@type":"WebSite","@id":"https:\/\/www.nettali.com\/#website","url":"https:\/\/www.nettali.com\/","name":"Nettali.com","description":"Le rendez-vous critique du Net","potentialAction":[{"@type":"SearchAction","target":{"@type":"EntryPoint","urlTemplate":"https:\/\/www.nettali.com\/?s={search_term_string}"},"query-input":"required name=search_term_string"}],"inLanguage":"fr-FR"},{"@type":"ImageObject","@id":"https:\/\/www.nettali.com\/2023\/02\/01\/can-u17-le-senegal-dans-le-groupe-a-avec-lalgerie\/#primaryimage","inLanguage":"fr-FR","url":"https:\/\/www.nettali.com\/wp-content\/uploads\/2023\/02\/CAN-U17-.png","contentUrl":"https:\/\/www.nettali.com\/wp-content\/uploads\/2023\/02\/CAN-U17-.png","width":597,"height":383},{"@type":"WebPage","@id":"https:\/\/www.nettali.com\/2023\/02\/01\/can-u17-le-senegal-dans-le-groupe-a-avec-lalgerie\/#webpage","url":"https:\/\/www.nettali.com\/2023\/02\/01\/can-u17-le-senegal-dans-le-groupe-a-avec-lalgerie\/","name":"CAN U17 - Le S\u00e9n\u00e9gal dans le groupe A avec l'Alg\u00e9rie | Nettali.com","isPartOf":{"@id":"https:\/\/www.nettali.com\/#website"},"primaryImageOfPage":{"@id":"https:\/\/www.nettali.com\/2023\/02\/01\/can-u17-le-senegal-dans-le-groupe-a-avec-lalgerie\/#primaryimage"},"datePublished":"2023-02-01T21:50:03+00:00","dateModified":"2023-02-01T21:51:10+00:00","author":{"@id":"https:\/\/www.nettali.com\/#\/schema\/person\/bb147657c2986240405a608162b9bb23"},"breadcrumb":{"@id":"https:\/\/www.nettali.com\/2023\/02\/01\/can-u17-le-senegal-dans-le-groupe-a-avec-lalgerie\/#breadcrumb"},"inLanguage":"fr-FR","potentialAction":[{"@type":"ReadAction","target":["https:\/\/www.nettali.com\/2023\/02\/01\/can-u17-le-senegal-dans-le-groupe-a-avec-lalgerie\/"]}]},{"@type":"BreadcrumbList","@id":"https:\/\/www.nettali.com\/2023\/02\/01\/can-u17-le-senegal-dans-le-groupe-a-avec-lalgerie\/#breadcrumb","itemListElement":[{"@type":"ListItem","position":1,"name":"Accueil","item":"https:\/\/www.nettali.com\/"},{"@type":"ListItem","position":2,"name":"CAN U17 - Le S\u00e9n\u00e9gal dans le groupe A avec l'Alg\u00e9rie"}]},{"@type":"Person","@id":"https:\/\/www.nettali.com\/#\/schema\/person\/bb147657c2986240405a608162b9bb23","name":"Ibrahima","image":{"@type":"ImageObject","@id":"https:\/\/www.nettali.com\/#personlogo","inLanguage":"fr-FR","url":"https:\/\/secure.gravatar.com\/avatar\/26a8a81f09f0dd7624c9d5c36c9ba3a2?s=96&d=mm&r=g","contentUrl":"https:\/\/secure.gravatar.com\/avatar\/26a8a81f09f0dd7624c9d5c36c9ba3a2?s=96&d=mm&r=g","caption":"Ibrahima"},"sameAs":["https:\/\/www.nettali.com"]}]}},"_links":{"self":[{"href":"https:\/\/www.nettali.com\/rest\/wp\/v2\/posts\/103222"}],"collection":[{"href":"https:\/\/www.nettali.com\/rest\/wp\/v2\/posts"}],"about":[{"href":"https:\/\/www.nettali.com\/rest\/wp\/v2\/types\/post"}],"author":[{"embeddable":true,"href":"https:\/\/www.nettali.com\/rest\/wp\/v2\/users\/5"}],"replies":[{"embeddable":true,"href":"https:\/\/www.nettali.com\/rest\/wp\/v2\/comments?post=103222"}],"version-history":[{"count":1,"href":"https:\/\/www.nettali.com\/rest\/wp\/v2\/posts\/103222\/revisions"}],"predecessor-version":[{"id":103224,"href":"https:\/\/www.nettali.com\/rest\/wp\/v2\/posts\/103222\/revisions\/103224"}],"wp:featuredmedia":[{"embeddable":true,"href":"https:\/\/www.nettali.com\/rest\/wp\/v2\/media\/103223"}],"wp:attachment":[{"href":"https:\/\/www.nettali.com\/rest\/wp\/v2\/media?parent=103222"}],"wp:term":[{"taxonomy":"category","embeddable":true,"href":"https:\/\/www.nettali.com\/rest\/wp\/v2\/categories?post=103222"},{"taxonomy":"post_tag","embeddable":true,"href":"https:\/\/www.nettali.com\/rest\/wp\/v2\/tags?post=103222"}],"curies":[{"name":"wp","href":"https:\/\/api.w.org\/{rel}","templated":true}]}}