{"id":103209,"date":"2023-02-01T20:32:47","date_gmt":"2023-02-01T20:32:47","guid":{"rendered":"https:\/\/www.nettali.com\/?p=103209"},"modified":"2023-02-01T21:38:24","modified_gmt":"2023-02-01T21:38:24","slug":"en-coulisses-sonko-reitere-lappel-de-keur-massar","status":"publish","type":"post","link":"https:\/\/www.nettali.com\/2023\/02\/01\/en-coulisses-sonko-reitere-lappel-de-keur-massar\/","title":{"rendered":"EN COULISSES - Sonko r\u00e9it\u00e8re l'appel de Keur Massar"},"content":{"rendered":"<p><strong>NETTALI.COM - <\/strong>Ousmane Sonko n'entend pas changer de position par rapport \u00e0 sa d\u00e9cision de s'opposer \u00e0 son proc\u00e8s. Face \u00e0 la presse, le leader de Pastef a r\u00e9it\u00e9r\u00e9 son appel \u00e0 la r\u00e9sistance lanc\u00e9e \u00e0 Keur Massar.<\/p>\n<p>\" <em>Je r\u00e9it\u00e8re mes propos de Keur Massar. Je ne vais pas me livrer. Ceux qui vous demandent d'y aller n\u2019aiment pas ce pays. C\u2019est la l\u00e9gitime d\u00e9fense. Il ne faut pas les\u00a0 \u00e9couter. Nous devons prendre notre destin en main<\/em>\", a d\u00e9clar\u00e9 le leader de l'opposition.<\/p>\n<p>\" <em>Il nous reste 12 mois pour prendre le pouvoir et on changera le pays. Nous avons les mains propres. Un rassemblement des forces vives de la nation qui regroupera tous les acteurs qui veulent faire face au r\u00e9gime. Nous y r\u00e9fl\u00e9chissons et nous y travaillons<\/em>\", a ajout\u00e9 le leader de Pastef.<\/p>\n<div class='share-to-whatsapp-wrapper'><div class='share-on-whsp'>PARTAGER SUR : <\/div><a data-text='EN COULISSES - Sonko r\u00e9it\u00e8re l'appel de Keur Massar' data-link='https:\/\/www.nettali.com\/2023\/02\/01\/en-coulisses-sonko-reitere-lappel-de-keur-massar\/' class='whatsapp-button whatsapp-share'>WhatsApp<\/a><div class='clear '><\/div><\/div>","protected":false},"excerpt":{"rendered":"<p>NETTALI.COM - Ousmane Sonko n'entend pas changer de position par rapport \u00e0 sa d\u00e9cision de s'opposer \u00e0 son proc\u00e8s. Face \u00e0 la presse, le leader de Pastef a r\u00e9it\u00e9r\u00e9 son appel \u00e0 la r\u00e9sistance lanc\u00e9e \u00e0 Keur Massar. \" Je r\u00e9it\u00e8re mes propos de Keur Massar. Je ne vais pas me livrer. Ceux qui vous [&hellip;]<\/p>\n","protected":false},"author":6,"featured_media":102521,"comment_status":"open","ping_status":"open","sticky":false,"template":"","format":"standard","meta":{"_et_pb_use_builder":"","_et_pb_old_content":""},"categories":[34945],"tags":[],"yoast_head":"<!-- This site is optimized with the Yoast SEO Premium plugin v17.8 (Yoast SEO v17.8) - https:\/\/yoast.com\/wordpress\/plugins\/seo\/ -->\n<title>EN COULISSES - Sonko r\u00e9it\u00e8re l&#039;appel de Keur Massar | Nettali.com<\/title>\n<meta name=\"robots\" content=\"index, follow, max-snippet:-1, max-image-preview:large, max-video-preview:-1\" \/>\n<link rel=\"canonical\" href=\"https:\/\/www.nettali.com\/2023\/02\/01\/en-coulisses-sonko-reitere-lappel-de-keur-massar\/\" \/>\n<meta property=\"og:locale\" content=\"fr_FR\" \/>\n<meta property=\"og:type\" content=\"article\" \/>\n<meta property=\"og:title\" content=\"EN COULISSES - Sonko r\u00e9it\u00e8re l&#039;appel de Keur Massar\" \/>\n<meta property=\"og:description\" content=\"NETTALI.COM - Ousmane Sonko n&#039;entend pas changer de position par rapport \u00e0 sa d\u00e9cision de s&#039;opposer \u00e0 son proc\u00e8s. Face \u00e0 la presse, le leader de Pastef a r\u00e9it\u00e9r\u00e9 son appel \u00e0 la r\u00e9sistance lanc\u00e9e \u00e0 Keur Massar. &quot; Je r\u00e9it\u00e8re mes propos de Keur Massar. Je ne vais pas me livrer. Ceux qui vous [&hellip;]\" \/>\n<meta property=\"og:url\" content=\"https:\/\/www.nettali.com\/2023\/02\/01\/en-coulisses-sonko-reitere-lappel-de-keur-massar\/\" \/>\n<meta property=\"og:site_name\" content=\"Nettali.com\" \/>\n<meta property=\"article:publisher\" content=\"https:\/\/www.facebook.com\/nettalicom\" \/>\n<meta property=\"article:published_time\" content=\"2023-02-01T20:32:47+00:00\" \/>\n<meta property=\"article:modified_time\" content=\"2023-02-01T21:38:24+00:00\" \/>\n<meta property=\"og:image\" content=\"https:\/\/www.nettali.com\/wp-content\/uploads\/2023\/01\/direct-meeting-de-ousmane-sonko-a-keur-massar-youtube-2023-01-22-22-47-14.jpg\" \/>\n\t<meta property=\"og:image:width\" content=\"979\" \/>\n\t<meta property=\"og:image:height\" content=\"564\" \/>\n<meta name=\"twitter:card\" content=\"summary_large_image\" \/>\n<meta name=\"twitter:label1\" content=\"\u00c9crit par\" \/>\n\t<meta name=\"twitter:data1\" content=\"Fatou\" \/>\n\t<meta name=\"twitter:label2\" content=\"Dur\u00e9e de lecture estim\u00e9e\" \/>\n\t<meta name=\"twitter:data2\" content=\"1 minute\" \/>\n<script type=\"application\/ld+json\" class=\"yoast-schema-graph\">{\"@context\":\"https:\/\/schema.org\",\"@graph\":[{\"@type\":\"WebSite\",\"@id\":\"https:\/\/www.nettali.com\/#website\",\"url\":\"https:\/\/www.nettali.com\/\",\"name\":\"Nettali.com\",\"description\":\"Le rendez-vous critique du Net\",\"potentialAction\":[{\"@type\":\"SearchAction\",\"target\":{\"@type\":\"EntryPoint\",\"urlTemplate\":\"https:\/\/www.nettali.com\/?s={search_term_string}\"},\"query-input\":\"required name=search_term_string\"}],\"inLanguage\":\"fr-FR\"},{\"@type\":\"ImageObject\",\"@id\":\"https:\/\/www.nettali.com\/2023\/02\/01\/en-coulisses-sonko-reitere-lappel-de-keur-massar\/#primaryimage\",\"inLanguage\":\"fr-FR\",\"url\":\"https:\/\/www.nettali.com\/wp-content\/uploads\/2023\/01\/direct-meeting-de-ousmane-sonko-a-keur-massar-youtube-2023-01-22-22-47-14.jpg\",\"contentUrl\":\"https:\/\/www.nettali.com\/wp-content\/uploads\/2023\/01\/direct-meeting-de-ousmane-sonko-a-keur-massar-youtube-2023-01-22-22-47-14.jpg\",\"width\":979,\"height\":564},{\"@type\":\"WebPage\",\"@id\":\"https:\/\/www.nettali.com\/2023\/02\/01\/en-coulisses-sonko-reitere-lappel-de-keur-massar\/#webpage\",\"url\":\"https:\/\/www.nettali.com\/2023\/02\/01\/en-coulisses-sonko-reitere-lappel-de-keur-massar\/\",\"name\":\"EN COULISSES - Sonko r\\u00e9it\\u00e8re l'appel de Keur Massar | Nettali.com\",\"isPartOf\":{\"@id\":\"https:\/\/www.nettali.com\/#website\"},\"primaryImageOfPage\":{\"@id\":\"https:\/\/www.nettali.com\/2023\/02\/01\/en-coulisses-sonko-reitere-lappel-de-keur-massar\/#primaryimage\"},\"datePublished\":\"2023-02-01T20:32:47+00:00\",\"dateModified\":\"2023-02-01T21:38:24+00:00\",\"author\":{\"@id\":\"https:\/\/www.nettali.com\/#\/schema\/person\/418274a86bdf87caff7a3ef476bd0bbf\"},\"breadcrumb\":{\"@id\":\"https:\/\/www.nettali.com\/2023\/02\/01\/en-coulisses-sonko-reitere-lappel-de-keur-massar\/#breadcrumb\"},\"inLanguage\":\"fr-FR\",\"potentialAction\":[{\"@type\":\"ReadAction\",\"target\":[\"https:\/\/www.nettali.com\/2023\/02\/01\/en-coulisses-sonko-reitere-lappel-de-keur-massar\/\"]}]},{\"@type\":\"BreadcrumbList\",\"@id\":\"https:\/\/www.nettali.com\/2023\/02\/01\/en-coulisses-sonko-reitere-lappel-de-keur-massar\/#breadcrumb\",\"itemListElement\":[{\"@type\":\"ListItem\",\"position\":1,\"name\":\"Accueil\",\"item\":\"https:\/\/www.nettali.com\/\"},{\"@type\":\"ListItem\",\"position\":2,\"name\":\"EN COULISSES - Sonko r\\u00e9it\\u00e8re l'appel de Keur Massar\"}]},{\"@type\":\"Person\",\"@id\":\"https:\/\/www.nettali.com\/#\/schema\/person\/418274a86bdf87caff7a3ef476bd0bbf\",\"name\":\"Fatou\",\"image\":{\"@type\":\"ImageObject\",\"@id\":\"https:\/\/www.nettali.com\/#personlogo\",\"inLanguage\":\"fr-FR\",\"url\":\"https:\/\/secure.gravatar.com\/avatar\/5a9442a2bee7b4dcf167cab035858e9a?s=96&d=mm&r=g\",\"contentUrl\":\"https:\/\/secure.gravatar.com\/avatar\/5a9442a2bee7b4dcf167cab035858e9a?s=96&d=mm&r=g\",\"caption\":\"Fatou\"},\"sameAs\":[\"https:\/\/www.nettali.com\"]}]}<\/script>\n<!-- \/ Yoast SEO Premium plugin. -->","yoast_head_json":{"title":"EN COULISSES - Sonko r\u00e9it\u00e8re l'appel de Keur Massar | Nettali.com","robots":{"index":"index","follow":"follow","max-snippet":"max-snippet:-1","max-image-preview":"max-image-preview:large","max-video-preview":"max-video-preview:-1"},"canonical":"https:\/\/www.nettali.com\/2023\/02\/01\/en-coulisses-sonko-reitere-lappel-de-keur-massar\/","og_locale":"fr_FR","og_type":"article","og_title":"EN COULISSES - Sonko r\u00e9it\u00e8re l'appel de Keur Massar","og_description":"NETTALI.COM - Ousmane Sonko n'entend pas changer de position par rapport \u00e0 sa d\u00e9cision de s'opposer \u00e0 son proc\u00e8s. Face \u00e0 la presse, le leader de Pastef a r\u00e9it\u00e9r\u00e9 son appel \u00e0 la r\u00e9sistance lanc\u00e9e \u00e0 Keur Massar. \" Je r\u00e9it\u00e8re mes propos de Keur Massar. Je ne vais pas me livrer. Ceux qui vous [&hellip;]","og_url":"https:\/\/www.nettali.com\/2023\/02\/01\/en-coulisses-sonko-reitere-lappel-de-keur-massar\/","og_site_name":"Nettali.com","article_publisher":"https:\/\/www.facebook.com\/nettalicom","article_published_time":"2023-02-01T20:32:47+00:00","article_modified_time":"2023-02-01T21:38:24+00:00","og_image":[{"width":979,"height":564,"url":"https:\/\/www.nettali.com\/wp-content\/uploads\/2023\/01\/direct-meeting-de-ousmane-sonko-a-keur-massar-youtube-2023-01-22-22-47-14.jpg","type":"image\/jpeg"}],"twitter_card":"summary_large_image","twitter_misc":{"\u00c9crit par":"Fatou","Dur\u00e9e de lecture estim\u00e9e":"1 minute"},"schema":{"@context":"https:\/\/schema.org","@graph":[{"@type":"WebSite","@id":"https:\/\/www.nettali.com\/#website","url":"https:\/\/www.nettali.com\/","name":"Nettali.com","description":"Le rendez-vous critique du Net","potentialAction":[{"@type":"SearchAction","target":{"@type":"EntryPoint","urlTemplate":"https:\/\/www.nettali.com\/?s={search_term_string}"},"query-input":"required name=search_term_string"}],"inLanguage":"fr-FR"},{"@type":"ImageObject","@id":"https:\/\/www.nettali.com\/2023\/02\/01\/en-coulisses-sonko-reitere-lappel-de-keur-massar\/#primaryimage","inLanguage":"fr-FR","url":"https:\/\/www.nettali.com\/wp-content\/uploads\/2023\/01\/direct-meeting-de-ousmane-sonko-a-keur-massar-youtube-2023-01-22-22-47-14.jpg","contentUrl":"https:\/\/www.nettali.com\/wp-content\/uploads\/2023\/01\/direct-meeting-de-ousmane-sonko-a-keur-massar-youtube-2023-01-22-22-47-14.jpg","width":979,"height":564},{"@type":"WebPage","@id":"https:\/\/www.nettali.com\/2023\/02\/01\/en-coulisses-sonko-reitere-lappel-de-keur-massar\/#webpage","url":"https:\/\/www.nettali.com\/2023\/02\/01\/en-coulisses-sonko-reitere-lappel-de-keur-massar\/","name":"EN COULISSES - Sonko r\u00e9it\u00e8re l'appel de Keur Massar | Nettali.com","isPartOf":{"@id":"https:\/\/www.nettali.com\/#website"},"primaryImageOfPage":{"@id":"https:\/\/www.nettali.com\/2023\/02\/01\/en-coulisses-sonko-reitere-lappel-de-keur-massar\/#primaryimage"},"datePublished":"2023-02-01T20:32:47+00:00","dateModified":"2023-02-01T21:38:24+00:00","author":{"@id":"https:\/\/www.nettali.com\/#\/schema\/person\/418274a86bdf87caff7a3ef476bd0bbf"},"breadcrumb":{"@id":"https:\/\/www.nettali.com\/2023\/02\/01\/en-coulisses-sonko-reitere-lappel-de-keur-massar\/#breadcrumb"},"inLanguage":"fr-FR","potentialAction":[{"@type":"ReadAction","target":["https:\/\/www.nettali.com\/2023\/02\/01\/en-coulisses-sonko-reitere-lappel-de-keur-massar\/"]}]},{"@type":"BreadcrumbList","@id":"https:\/\/www.nettali.com\/2023\/02\/01\/en-coulisses-sonko-reitere-lappel-de-keur-massar\/#breadcrumb","itemListElement":[{"@type":"ListItem","position":1,"name":"Accueil","item":"https:\/\/www.nettali.com\/"},{"@type":"ListItem","position":2,"name":"EN COULISSES - Sonko r\u00e9it\u00e8re l'appel de Keur Massar"}]},{"@type":"Person","@id":"https:\/\/www.nettali.com\/#\/schema\/person\/418274a86bdf87caff7a3ef476bd0bbf","name":"Fatou","image":{"@type":"ImageObject","@id":"https:\/\/www.nettali.com\/#personlogo","inLanguage":"fr-FR","url":"https:\/\/secure.gravatar.com\/avatar\/5a9442a2bee7b4dcf167cab035858e9a?s=96&d=mm&r=g","contentUrl":"https:\/\/secure.gravatar.com\/avatar\/5a9442a2bee7b4dcf167cab035858e9a?s=96&d=mm&r=g","caption":"Fatou"},"sameAs":["https:\/\/www.nettali.com"]}]}},"_links":{"self":[{"href":"https:\/\/www.nettali.com\/rest\/wp\/v2\/posts\/103209"}],"collection":[{"href":"https:\/\/www.nettali.com\/rest\/wp\/v2\/posts"}],"about":[{"href":"https:\/\/www.nettali.com\/rest\/wp\/v2\/types\/post"}],"author":[{"embeddable":true,"href":"https:\/\/www.nettali.com\/rest\/wp\/v2\/users\/6"}],"replies":[{"embeddable":true,"href":"https:\/\/www.nettali.com\/rest\/wp\/v2\/comments?post=103209"}],"version-history":[{"count":4,"href":"https:\/\/www.nettali.com\/rest\/wp\/v2\/posts\/103209\/revisions"}],"predecessor-version":[{"id":103221,"href":"https:\/\/www.nettali.com\/rest\/wp\/v2\/posts\/103209\/revisions\/103221"}],"wp:featuredmedia":[{"embeddable":true,"href":"https:\/\/www.nettali.com\/rest\/wp\/v2\/media\/102521"}],"wp:attachment":[{"href":"https:\/\/www.nettali.com\/rest\/wp\/v2\/media?parent=103209"}],"wp:term":[{"taxonomy":"category","embeddable":true,"href":"https:\/\/www.nettali.com\/rest\/wp\/v2\/categories?post=103209"},{"taxonomy":"post_tag","embeddable":true,"href":"https:\/\/www.nettali.com\/rest\/wp\/v2\/tags?post=103209"}],"curies":[{"name":"wp","href":"https:\/\/api.w.org\/{rel}","templated":true}]}}