{"id":103118,"date":"2023-02-01T08:00:44","date_gmt":"2023-02-01T08:00:44","guid":{"rendered":"https:\/\/www.nettali.com\/?p=103118"},"modified":"2023-02-01T08:00:44","modified_gmt":"2023-02-01T08:00:44","slug":"en-coulisses-avenir-de-lalliance-yewwi-wallu","status":"publish","type":"post","link":"https:\/\/www.nettali.com\/2023\/02\/01\/en-coulisses-avenir-de-lalliance-yewwi-wallu\/","title":{"rendered":"EN COULISSES - Avenir de l'alliance Yewwi- Wallu ?"},"content":{"rendered":"<p><strong>NETTALI.COM -<\/strong> Lorsque le quotidien \"<em>Enqu\u00eate<\/em>\" interroge Nafissatou Diallo, la secr\u00e9taire nationale \u00e0 la communication du PDS, sur l'avenir de l'intercoalition Yewwi-Wallu, voici ce qu'elle r\u00e9pond : \"<em>ce n\u2019est pas une alliance politique, c\u2019\u00e9tait une alliance \u00e9lectorale. Vous me permettez de r\u00e9pondre \u00e0 un de vos confr\u00e8res qui a dit : c\u2019est gr\u00e2ce au Pastef que nous avons 27 d\u00e9put\u00e9s.\u201d Pourquoi il n\u2019a pas dit que c\u2019est gr\u00e2ce au PDS ou \u00e0 Wallu que Yewwi a eu 53 d\u00e9put\u00e9s ? Pastef avait combien de d\u00e9partements au sortir des Locales ? Comment ils se sont retrouv\u00e9s avec une dizaine de d\u00e9partements ? Les gens croient qu\u2019ils peuvent tromper <\/em><em>les S\u00e9n\u00e9galais comme \u00e7a avec des statuts. Il faut qu\u2019on arr\u00eate. Cette alliance, c\u2019\u00e9tait du \u201cwin-win\u201d. Et d\u2019ailleurs, c\u2019est eux qui en ont le plus profit\u00e9. Ils avaient 700 000 voix aux Locales, ils se sont retrouv\u00e9s avec plus d\u2019un million de voix. Nous, nous avions 459 000 voix, nous nous sommes retrouv\u00e9s avec 460 000 voix. Rien n\u2019a chang\u00e9 dans nos suffrages. Cela veut dire qu\u2019il n\u2019y a pas eu de report en notre faveur. La politique, ce sont des chiffres, ce n\u2019est pas le buzz.<\/em>\"<\/p>\n<p>\"<em>C\u2019est pourquoi, comme me le disait avant-hier le pr\u00e9sident Wade, nous surprenons toujours. \u00c0 chaque fois, nous sommes donn\u00e9s pour morts ; \u00e0 chaque fois, on nous voit jouer les premiers r\u00f4les. Toujours entre 500 000 et 400 000 voix, alors que nous ne sommes pas dans des m\u00e9gas coalitions comme les autres. Pendant ce temps, les autres sont non seulement dans des m\u00e9gas coalitions, mais ils ont des dizaines de leaders de parti et de mouvements citoyens. Yewwi comme Benno. C\u2019est \u00e7a la r\u00e9alit\u00e9 des urnes. Avec Yewwi, c\u2019est une alliance \u00e9lectorale. Sur les grandes questions, si nous devons nous assoir pour nous entendre, nous le faisons. En revanche, il y a beaucoup de questions sur lesquelles nous n\u2019avons pas les m\u00eames visions.<\/em>\", a pr\u00e9cis\u00e9 Nafissatou Diallo.<\/p>\n<div class='share-to-whatsapp-wrapper'><div class='share-on-whsp'>PARTAGER SUR : <\/div><a data-text='EN COULISSES - Avenir de l'alliance Yewwi- Wallu ?' data-link='https:\/\/www.nettali.com\/2023\/02\/01\/en-coulisses-avenir-de-lalliance-yewwi-wallu\/' class='whatsapp-button whatsapp-share'>WhatsApp<\/a><div class='clear '><\/div><\/div>","protected":false},"excerpt":{"rendered":"<p>NETTALI.COM - Lorsque le quotidien \"Enqu\u00eate\" interroge Nafissatou Diallo, la secr\u00e9taire nationale \u00e0 la communication du PDS, sur l'avenir de l'intercoalition Yewwi-Wallu, voici ce qu'elle r\u00e9pond : \"ce n\u2019est pas une alliance politique, c\u2019\u00e9tait une alliance \u00e9lectorale. Vous me permettez de r\u00e9pondre \u00e0 un de vos confr\u00e8res qui a dit : c\u2019est gr\u00e2ce au Pastef [&hellip;]<\/p>\n","protected":false},"author":2,"featured_media":103124,"comment_status":"open","ping_status":"open","sticky":false,"template":"","format":"standard","meta":{"_et_pb_use_builder":"","_et_pb_old_content":""},"categories":[34945],"tags":[],"yoast_head":"<!-- This site is optimized with the Yoast SEO Premium plugin v17.8 (Yoast SEO v17.8) - https:\/\/yoast.com\/wordpress\/plugins\/seo\/ -->\n<title>EN COULISSES - Avenir de l&#039;alliance Yewwi- Wallu ? | Nettali.com<\/title>\n<meta name=\"robots\" content=\"index, follow, max-snippet:-1, max-image-preview:large, max-video-preview:-1\" \/>\n<link rel=\"canonical\" href=\"https:\/\/www.nettali.com\/2023\/02\/01\/en-coulisses-avenir-de-lalliance-yewwi-wallu\/\" \/>\n<meta property=\"og:locale\" content=\"fr_FR\" \/>\n<meta property=\"og:type\" content=\"article\" \/>\n<meta property=\"og:title\" content=\"EN COULISSES - Avenir de l&#039;alliance Yewwi- Wallu ?\" \/>\n<meta property=\"og:description\" content=\"NETTALI.COM - Lorsque le quotidien &quot;Enqu\u00eate&quot; interroge Nafissatou Diallo, la secr\u00e9taire nationale \u00e0 la communication du PDS, sur l&#039;avenir de l&#039;intercoalition Yewwi-Wallu, voici ce qu&#039;elle r\u00e9pond : &quot;ce n\u2019est pas une alliance politique, c\u2019\u00e9tait une alliance \u00e9lectorale. Vous me permettez de r\u00e9pondre \u00e0 un de vos confr\u00e8res qui a dit : c\u2019est gr\u00e2ce au Pastef [&hellip;]\" \/>\n<meta property=\"og:url\" content=\"https:\/\/www.nettali.com\/2023\/02\/01\/en-coulisses-avenir-de-lalliance-yewwi-wallu\/\" \/>\n<meta property=\"og:site_name\" content=\"Nettali.com\" \/>\n<meta property=\"article:publisher\" content=\"https:\/\/www.facebook.com\/nettalicom\" \/>\n<meta property=\"article:published_time\" content=\"2023-02-01T08:00:44+00:00\" \/>\n<meta property=\"og:image\" content=\"https:\/\/www.nettali.com\/wp-content\/uploads\/2023\/02\/yaw_wallu.jpg\" \/>\n\t<meta property=\"og:image:width\" content=\"800\" \/>\n\t<meta property=\"og:image:height\" content=\"436\" \/>\n<meta name=\"twitter:card\" content=\"summary_large_image\" \/>\n<meta name=\"twitter:label1\" content=\"\u00c9crit par\" \/>\n\t<meta name=\"twitter:data1\" content=\"CK\" \/>\n\t<meta name=\"twitter:label2\" content=\"Dur\u00e9e de lecture estim\u00e9e\" \/>\n\t<meta name=\"twitter:data2\" content=\"2 minutes\" \/>\n<script type=\"application\/ld+json\" class=\"yoast-schema-graph\">{\"@context\":\"https:\/\/schema.org\",\"@graph\":[{\"@type\":\"WebSite\",\"@id\":\"https:\/\/www.nettali.com\/#website\",\"url\":\"https:\/\/www.nettali.com\/\",\"name\":\"Nettali.com\",\"description\":\"Le rendez-vous critique du Net\",\"potentialAction\":[{\"@type\":\"SearchAction\",\"target\":{\"@type\":\"EntryPoint\",\"urlTemplate\":\"https:\/\/www.nettali.com\/?s={search_term_string}\"},\"query-input\":\"required name=search_term_string\"}],\"inLanguage\":\"fr-FR\"},{\"@type\":\"ImageObject\",\"@id\":\"https:\/\/www.nettali.com\/2023\/02\/01\/en-coulisses-avenir-de-lalliance-yewwi-wallu\/#primaryimage\",\"inLanguage\":\"fr-FR\",\"url\":\"https:\/\/www.nettali.com\/wp-content\/uploads\/2023\/02\/yaw_wallu.jpg\",\"contentUrl\":\"https:\/\/www.nettali.com\/wp-content\/uploads\/2023\/02\/yaw_wallu.jpg\",\"width\":800,\"height\":436},{\"@type\":\"WebPage\",\"@id\":\"https:\/\/www.nettali.com\/2023\/02\/01\/en-coulisses-avenir-de-lalliance-yewwi-wallu\/#webpage\",\"url\":\"https:\/\/www.nettali.com\/2023\/02\/01\/en-coulisses-avenir-de-lalliance-yewwi-wallu\/\",\"name\":\"EN COULISSES - Avenir de l'alliance Yewwi- Wallu ? | Nettali.com\",\"isPartOf\":{\"@id\":\"https:\/\/www.nettali.com\/#website\"},\"primaryImageOfPage\":{\"@id\":\"https:\/\/www.nettali.com\/2023\/02\/01\/en-coulisses-avenir-de-lalliance-yewwi-wallu\/#primaryimage\"},\"datePublished\":\"2023-02-01T08:00:44+00:00\",\"dateModified\":\"2023-02-01T08:00:44+00:00\",\"author\":{\"@id\":\"https:\/\/www.nettali.com\/#\/schema\/person\/d8ac7b7e27ddad43f1c0d2ef090d7f71\"},\"breadcrumb\":{\"@id\":\"https:\/\/www.nettali.com\/2023\/02\/01\/en-coulisses-avenir-de-lalliance-yewwi-wallu\/#breadcrumb\"},\"inLanguage\":\"fr-FR\",\"potentialAction\":[{\"@type\":\"ReadAction\",\"target\":[\"https:\/\/www.nettali.com\/2023\/02\/01\/en-coulisses-avenir-de-lalliance-yewwi-wallu\/\"]}]},{\"@type\":\"BreadcrumbList\",\"@id\":\"https:\/\/www.nettali.com\/2023\/02\/01\/en-coulisses-avenir-de-lalliance-yewwi-wallu\/#breadcrumb\",\"itemListElement\":[{\"@type\":\"ListItem\",\"position\":1,\"name\":\"Accueil\",\"item\":\"https:\/\/www.nettali.com\/\"},{\"@type\":\"ListItem\",\"position\":2,\"name\":\"EN COULISSES - Avenir de l'alliance Yewwi- Wallu ?\"}]},{\"@type\":\"Person\",\"@id\":\"https:\/\/www.nettali.com\/#\/schema\/person\/d8ac7b7e27ddad43f1c0d2ef090d7f71\",\"name\":\"CK\",\"image\":{\"@type\":\"ImageObject\",\"@id\":\"https:\/\/www.nettali.com\/#personlogo\",\"inLanguage\":\"fr-FR\",\"url\":\"https:\/\/secure.gravatar.com\/avatar\/1d8d5118b9327d94da7cd4ce7f17fec2?s=96&d=mm&r=g\",\"contentUrl\":\"https:\/\/secure.gravatar.com\/avatar\/1d8d5118b9327d94da7cd4ce7f17fec2?s=96&d=mm&r=g\",\"caption\":\"CK\"},\"sameAs\":[\"https:\/\/www.nettali.com\"]}]}<\/script>\n<!-- \/ Yoast SEO Premium plugin. -->","yoast_head_json":{"title":"EN COULISSES - Avenir de l'alliance Yewwi- Wallu ? | Nettali.com","robots":{"index":"index","follow":"follow","max-snippet":"max-snippet:-1","max-image-preview":"max-image-preview:large","max-video-preview":"max-video-preview:-1"},"canonical":"https:\/\/www.nettali.com\/2023\/02\/01\/en-coulisses-avenir-de-lalliance-yewwi-wallu\/","og_locale":"fr_FR","og_type":"article","og_title":"EN COULISSES - Avenir de l'alliance Yewwi- Wallu ?","og_description":"NETTALI.COM - Lorsque le quotidien \"Enqu\u00eate\" interroge Nafissatou Diallo, la secr\u00e9taire nationale \u00e0 la communication du PDS, sur l'avenir de l'intercoalition Yewwi-Wallu, voici ce qu'elle r\u00e9pond : \"ce n\u2019est pas une alliance politique, c\u2019\u00e9tait une alliance \u00e9lectorale. Vous me permettez de r\u00e9pondre \u00e0 un de vos confr\u00e8res qui a dit : c\u2019est gr\u00e2ce au Pastef [&hellip;]","og_url":"https:\/\/www.nettali.com\/2023\/02\/01\/en-coulisses-avenir-de-lalliance-yewwi-wallu\/","og_site_name":"Nettali.com","article_publisher":"https:\/\/www.facebook.com\/nettalicom","article_published_time":"2023-02-01T08:00:44+00:00","og_image":[{"width":800,"height":436,"url":"https:\/\/www.nettali.com\/wp-content\/uploads\/2023\/02\/yaw_wallu.jpg","type":"image\/jpeg"}],"twitter_card":"summary_large_image","twitter_misc":{"\u00c9crit par":"CK","Dur\u00e9e de lecture estim\u00e9e":"2 minutes"},"schema":{"@context":"https:\/\/schema.org","@graph":[{"@type":"WebSite","@id":"https:\/\/www.nettali.com\/#website","url":"https:\/\/www.nettali.com\/","name":"Nettali.com","description":"Le rendez-vous critique du Net","potentialAction":[{"@type":"SearchAction","target":{"@type":"EntryPoint","urlTemplate":"https:\/\/www.nettali.com\/?s={search_term_string}"},"query-input":"required name=search_term_string"}],"inLanguage":"fr-FR"},{"@type":"ImageObject","@id":"https:\/\/www.nettali.com\/2023\/02\/01\/en-coulisses-avenir-de-lalliance-yewwi-wallu\/#primaryimage","inLanguage":"fr-FR","url":"https:\/\/www.nettali.com\/wp-content\/uploads\/2023\/02\/yaw_wallu.jpg","contentUrl":"https:\/\/www.nettali.com\/wp-content\/uploads\/2023\/02\/yaw_wallu.jpg","width":800,"height":436},{"@type":"WebPage","@id":"https:\/\/www.nettali.com\/2023\/02\/01\/en-coulisses-avenir-de-lalliance-yewwi-wallu\/#webpage","url":"https:\/\/www.nettali.com\/2023\/02\/01\/en-coulisses-avenir-de-lalliance-yewwi-wallu\/","name":"EN COULISSES - Avenir de l'alliance Yewwi- Wallu ? | Nettali.com","isPartOf":{"@id":"https:\/\/www.nettali.com\/#website"},"primaryImageOfPage":{"@id":"https:\/\/www.nettali.com\/2023\/02\/01\/en-coulisses-avenir-de-lalliance-yewwi-wallu\/#primaryimage"},"datePublished":"2023-02-01T08:00:44+00:00","dateModified":"2023-02-01T08:00:44+00:00","author":{"@id":"https:\/\/www.nettali.com\/#\/schema\/person\/d8ac7b7e27ddad43f1c0d2ef090d7f71"},"breadcrumb":{"@id":"https:\/\/www.nettali.com\/2023\/02\/01\/en-coulisses-avenir-de-lalliance-yewwi-wallu\/#breadcrumb"},"inLanguage":"fr-FR","potentialAction":[{"@type":"ReadAction","target":["https:\/\/www.nettali.com\/2023\/02\/01\/en-coulisses-avenir-de-lalliance-yewwi-wallu\/"]}]},{"@type":"BreadcrumbList","@id":"https:\/\/www.nettali.com\/2023\/02\/01\/en-coulisses-avenir-de-lalliance-yewwi-wallu\/#breadcrumb","itemListElement":[{"@type":"ListItem","position":1,"name":"Accueil","item":"https:\/\/www.nettali.com\/"},{"@type":"ListItem","position":2,"name":"EN COULISSES - Avenir de l'alliance Yewwi- Wallu ?"}]},{"@type":"Person","@id":"https:\/\/www.nettali.com\/#\/schema\/person\/d8ac7b7e27ddad43f1c0d2ef090d7f71","name":"CK","image":{"@type":"ImageObject","@id":"https:\/\/www.nettali.com\/#personlogo","inLanguage":"fr-FR","url":"https:\/\/secure.gravatar.com\/avatar\/1d8d5118b9327d94da7cd4ce7f17fec2?s=96&d=mm&r=g","contentUrl":"https:\/\/secure.gravatar.com\/avatar\/1d8d5118b9327d94da7cd4ce7f17fec2?s=96&d=mm&r=g","caption":"CK"},"sameAs":["https:\/\/www.nettali.com"]}]}},"_links":{"self":[{"href":"https:\/\/www.nettali.com\/rest\/wp\/v2\/posts\/103118"}],"collection":[{"href":"https:\/\/www.nettali.com\/rest\/wp\/v2\/posts"}],"about":[{"href":"https:\/\/www.nettali.com\/rest\/wp\/v2\/types\/post"}],"author":[{"embeddable":true,"href":"https:\/\/www.nettali.com\/rest\/wp\/v2\/users\/2"}],"replies":[{"embeddable":true,"href":"https:\/\/www.nettali.com\/rest\/wp\/v2\/comments?post=103118"}],"version-history":[{"count":2,"href":"https:\/\/www.nettali.com\/rest\/wp\/v2\/posts\/103118\/revisions"}],"predecessor-version":[{"id":103120,"href":"https:\/\/www.nettali.com\/rest\/wp\/v2\/posts\/103118\/revisions\/103120"}],"wp:featuredmedia":[{"embeddable":true,"href":"https:\/\/www.nettali.com\/rest\/wp\/v2\/media\/103124"}],"wp:attachment":[{"href":"https:\/\/www.nettali.com\/rest\/wp\/v2\/media?parent=103118"}],"wp:term":[{"taxonomy":"category","embeddable":true,"href":"https:\/\/www.nettali.com\/rest\/wp\/v2\/categories?post=103118"},{"taxonomy":"post_tag","embeddable":true,"href":"https:\/\/www.nettali.com\/rest\/wp\/v2\/tags?post=103118"}],"curies":[{"name":"wp","href":"https:\/\/api.w.org\/{rel}","templated":true}]}}