{"id":103100,"date":"2023-01-31T23:13:30","date_gmt":"2023-01-31T23:13:30","guid":{"rendered":"https:\/\/www.nettali.com\/?p=103100"},"modified":"2023-01-31T23:14:14","modified_gmt":"2023-01-31T23:14:14","slug":"bayern-munich-sadio-mane-retouche-le-ballon","status":"publish","type":"post","link":"https:\/\/www.nettali.com\/2023\/01\/31\/bayern-munich-sadio-mane-retouche-le-ballon\/","title":{"rendered":"BAYERN MUNICH - Sadio Man\u00e9 retouche le ballon"},"content":{"rendered":"<p><strong>NETTALI.COM - Alors qu\u2019il \u00e9tait pressenti pour manquer le match aller de Ligue des champions face au Paris Saint-Germain, Sadio Man\u00e9 (Bayern Munich), de retour de blessure, pourrait finalement rejouer plus t\u00f4t que pr\u00e9vu. L\u2019attaquant s\u00e9n\u00e9galais s\u2019est de nouveau entra\u00een\u00e9 avec un ballon ce mardi 31 janvier.<\/strong><\/p>\n<p>Bless\u00e9 au p\u00e9ron\u00e9 droit mi-novembre en championnat contre le Werder Br\u00eame, puis op\u00e9r\u00e9 quelques jours plus tard, Sadio Man\u00e9 a, pour la premi\u00e8re fois depuis pr\u00e8s de trois mois, pu s\u2019entra\u00eener avec la balle lors d\u2019une session individuelle, une semaine apr\u00e8s avoir repris la course.<\/p>\n<p><em><strong>\"Je ne compte pas sur lui pour le premier match contre Paris\"<\/strong><\/em><\/p>\n<p>Forfait avec le S\u00e9n\u00e9gal pour la Coupe du monde 2022 au Qatar, Super Man\u00e9 est lanc\u00e9 dans une course contre la montre pour revenir en forme, alors que le Bayern se d\u00e9place au Parc des Princes le 14 f\u00e9vrier pour le huiti\u00e8me de finale aller de la Ligue des champions. Le match retour est programm\u00e9 le 8 mars \u00e0 l\u2019Allianz Arena.<\/p>\n<p>\"<em>Dans mon esprit, je ne compte pas sur lui pour le premier match contre Paris<\/em>\", avait estim\u00e9 l\u2019entra\u00eeneur munichois Julian Nagelsmann\u00a0\u00e0 la mi-janvier lors de la pr\u00e9paration \u00e0 Doha, m\u00eame si Man\u00e9 \u00e9tait en avance sur son programme de reprise.<\/p>\n<p><strong>Bouna Sarr aussi is back!<\/strong><\/p>\n<p>Le Bayern a vu lundi le retour \u00e0 l\u2019entra\u00eenement collectif d\u2019un autre international s\u00e9n\u00e9galais. Il s'agit du lat\u00e9ral droit Bouna Sarr, op\u00e9r\u00e9 mi-septembre du genou gauche (tendon rotulien).<\/p>\n<p>Les d\u00e9cuples champions d\u2019Allemagne sont priv\u00e9s jusqu\u2019\u00e0 la fin de la saison du gardien et capitaine Manuel Neuer (fracture de la partie inf\u00e9rieure de la jambe droite) et du d\u00e9fenseur Lucas Hernandez (rupture du ligament crois\u00e9 ant\u00e9rieur du genou droit).<\/p>\n<div class='share-to-whatsapp-wrapper'><div class='share-on-whsp'>PARTAGER SUR : <\/div><a data-text='BAYERN MUNICH - Sadio Man\u00e9 retouche le ballon' data-link='https:\/\/www.nettali.com\/2023\/01\/31\/bayern-munich-sadio-mane-retouche-le-ballon\/' class='whatsapp-button whatsapp-share'>WhatsApp<\/a><div class='clear '><\/div><\/div>","protected":false},"excerpt":{"rendered":"<p>NETTALI.COM - Alors qu\u2019il \u00e9tait pressenti pour manquer le match aller de Ligue des champions face au Paris Saint-Germain, Sadio Man\u00e9 (Bayern Munich), de retour de blessure, pourrait finalement rejouer plus t\u00f4t que pr\u00e9vu. L\u2019attaquant s\u00e9n\u00e9galais s\u2019est de nouveau entra\u00een\u00e9 avec un ballon ce mardi 31 janvier. Bless\u00e9 au p\u00e9ron\u00e9 droit mi-novembre en championnat contre [&hellip;]<\/p>\n","protected":false},"author":5,"featured_media":103101,"comment_status":"open","ping_status":"open","sticky":false,"template":"","format":"standard","meta":{"_et_pb_use_builder":"","_et_pb_old_content":""},"categories":[6],"tags":[],"yoast_head":"<!-- This site is optimized with the Yoast SEO Premium plugin v17.8 (Yoast SEO v17.8) - https:\/\/yoast.com\/wordpress\/plugins\/seo\/ -->\n<title>BAYERN MUNICH - Sadio Man\u00e9 retouche le ballon | Nettali.com<\/title>\n<meta name=\"robots\" content=\"index, follow, max-snippet:-1, max-image-preview:large, max-video-preview:-1\" \/>\n<link rel=\"canonical\" href=\"https:\/\/www.nettali.com\/2023\/01\/31\/bayern-munich-sadio-mane-retouche-le-ballon\/\" \/>\n<meta property=\"og:locale\" content=\"fr_FR\" \/>\n<meta property=\"og:type\" content=\"article\" \/>\n<meta property=\"og:title\" content=\"BAYERN MUNICH - Sadio Man\u00e9 retouche le ballon\" \/>\n<meta property=\"og:description\" content=\"NETTALI.COM - Alors qu\u2019il \u00e9tait pressenti pour manquer le match aller de Ligue des champions face au Paris Saint-Germain, Sadio Man\u00e9 (Bayern Munich), de retour de blessure, pourrait finalement rejouer plus t\u00f4t que pr\u00e9vu. L\u2019attaquant s\u00e9n\u00e9galais s\u2019est de nouveau entra\u00een\u00e9 avec un ballon ce mardi 31 janvier. Bless\u00e9 au p\u00e9ron\u00e9 droit mi-novembre en championnat contre [&hellip;]\" \/>\n<meta property=\"og:url\" content=\"https:\/\/www.nettali.com\/2023\/01\/31\/bayern-munich-sadio-mane-retouche-le-ballon\/\" \/>\n<meta property=\"og:site_name\" content=\"Nettali.com\" \/>\n<meta property=\"article:publisher\" content=\"https:\/\/www.facebook.com\/nettalicom\" \/>\n<meta property=\"article:published_time\" content=\"2023-01-31T23:13:30+00:00\" \/>\n<meta property=\"article:modified_time\" content=\"2023-01-31T23:14:14+00:00\" \/>\n<meta property=\"og:image\" content=\"https:\/\/www.nettali.com\/wp-content\/uploads\/2023\/01\/WhatsApp-Image-2023-01-31-at-13.14.56_0.jpeg\" \/>\n\t<meta property=\"og:image:width\" content=\"1280\" \/>\n\t<meta property=\"og:image:height\" content=\"960\" \/>\n<meta name=\"twitter:card\" content=\"summary_large_image\" \/>\n<meta name=\"twitter:label1\" content=\"\u00c9crit par\" \/>\n\t<meta name=\"twitter:data1\" content=\"Ibrahima\" \/>\n\t<meta name=\"twitter:label2\" content=\"Dur\u00e9e de lecture estim\u00e9e\" \/>\n\t<meta name=\"twitter:data2\" content=\"2 minutes\" \/>\n<script type=\"application\/ld+json\" class=\"yoast-schema-graph\">{\"@context\":\"https:\/\/schema.org\",\"@graph\":[{\"@type\":\"WebSite\",\"@id\":\"https:\/\/www.nettali.com\/#website\",\"url\":\"https:\/\/www.nettali.com\/\",\"name\":\"Nettali.com\",\"description\":\"Le rendez-vous critique du Net\",\"potentialAction\":[{\"@type\":\"SearchAction\",\"target\":{\"@type\":\"EntryPoint\",\"urlTemplate\":\"https:\/\/www.nettali.com\/?s={search_term_string}\"},\"query-input\":\"required name=search_term_string\"}],\"inLanguage\":\"fr-FR\"},{\"@type\":\"ImageObject\",\"@id\":\"https:\/\/www.nettali.com\/2023\/01\/31\/bayern-munich-sadio-mane-retouche-le-ballon\/#primaryimage\",\"inLanguage\":\"fr-FR\",\"url\":\"https:\/\/www.nettali.com\/wp-content\/uploads\/2023\/01\/WhatsApp-Image-2023-01-31-at-13.14.56_0.jpeg\",\"contentUrl\":\"https:\/\/www.nettali.com\/wp-content\/uploads\/2023\/01\/WhatsApp-Image-2023-01-31-at-13.14.56_0.jpeg\",\"width\":1280,\"height\":960},{\"@type\":\"WebPage\",\"@id\":\"https:\/\/www.nettali.com\/2023\/01\/31\/bayern-munich-sadio-mane-retouche-le-ballon\/#webpage\",\"url\":\"https:\/\/www.nettali.com\/2023\/01\/31\/bayern-munich-sadio-mane-retouche-le-ballon\/\",\"name\":\"BAYERN MUNICH - Sadio Man\\u00e9 retouche le ballon | Nettali.com\",\"isPartOf\":{\"@id\":\"https:\/\/www.nettali.com\/#website\"},\"primaryImageOfPage\":{\"@id\":\"https:\/\/www.nettali.com\/2023\/01\/31\/bayern-munich-sadio-mane-retouche-le-ballon\/#primaryimage\"},\"datePublished\":\"2023-01-31T23:13:30+00:00\",\"dateModified\":\"2023-01-31T23:14:14+00:00\",\"author\":{\"@id\":\"https:\/\/www.nettali.com\/#\/schema\/person\/bb147657c2986240405a608162b9bb23\"},\"breadcrumb\":{\"@id\":\"https:\/\/www.nettali.com\/2023\/01\/31\/bayern-munich-sadio-mane-retouche-le-ballon\/#breadcrumb\"},\"inLanguage\":\"fr-FR\",\"potentialAction\":[{\"@type\":\"ReadAction\",\"target\":[\"https:\/\/www.nettali.com\/2023\/01\/31\/bayern-munich-sadio-mane-retouche-le-ballon\/\"]}]},{\"@type\":\"BreadcrumbList\",\"@id\":\"https:\/\/www.nettali.com\/2023\/01\/31\/bayern-munich-sadio-mane-retouche-le-ballon\/#breadcrumb\",\"itemListElement\":[{\"@type\":\"ListItem\",\"position\":1,\"name\":\"Accueil\",\"item\":\"https:\/\/www.nettali.com\/\"},{\"@type\":\"ListItem\",\"position\":2,\"name\":\"BAYERN MUNICH - Sadio Man\\u00e9 retouche le ballon\"}]},{\"@type\":\"Person\",\"@id\":\"https:\/\/www.nettali.com\/#\/schema\/person\/bb147657c2986240405a608162b9bb23\",\"name\":\"Ibrahima\",\"image\":{\"@type\":\"ImageObject\",\"@id\":\"https:\/\/www.nettali.com\/#personlogo\",\"inLanguage\":\"fr-FR\",\"url\":\"https:\/\/secure.gravatar.com\/avatar\/26a8a81f09f0dd7624c9d5c36c9ba3a2?s=96&d=mm&r=g\",\"contentUrl\":\"https:\/\/secure.gravatar.com\/avatar\/26a8a81f09f0dd7624c9d5c36c9ba3a2?s=96&d=mm&r=g\",\"caption\":\"Ibrahima\"},\"sameAs\":[\"https:\/\/www.nettali.com\"]}]}<\/script>\n<!-- \/ Yoast SEO Premium plugin. -->","yoast_head_json":{"title":"BAYERN MUNICH - Sadio Man\u00e9 retouche le ballon | Nettali.com","robots":{"index":"index","follow":"follow","max-snippet":"max-snippet:-1","max-image-preview":"max-image-preview:large","max-video-preview":"max-video-preview:-1"},"canonical":"https:\/\/www.nettali.com\/2023\/01\/31\/bayern-munich-sadio-mane-retouche-le-ballon\/","og_locale":"fr_FR","og_type":"article","og_title":"BAYERN MUNICH - Sadio Man\u00e9 retouche le ballon","og_description":"NETTALI.COM - Alors qu\u2019il \u00e9tait pressenti pour manquer le match aller de Ligue des champions face au Paris Saint-Germain, Sadio Man\u00e9 (Bayern Munich), de retour de blessure, pourrait finalement rejouer plus t\u00f4t que pr\u00e9vu. L\u2019attaquant s\u00e9n\u00e9galais s\u2019est de nouveau entra\u00een\u00e9 avec un ballon ce mardi 31 janvier. Bless\u00e9 au p\u00e9ron\u00e9 droit mi-novembre en championnat contre [&hellip;]","og_url":"https:\/\/www.nettali.com\/2023\/01\/31\/bayern-munich-sadio-mane-retouche-le-ballon\/","og_site_name":"Nettali.com","article_publisher":"https:\/\/www.facebook.com\/nettalicom","article_published_time":"2023-01-31T23:13:30+00:00","article_modified_time":"2023-01-31T23:14:14+00:00","og_image":[{"width":1280,"height":960,"url":"https:\/\/www.nettali.com\/wp-content\/uploads\/2023\/01\/WhatsApp-Image-2023-01-31-at-13.14.56_0.jpeg","type":"image\/jpeg"}],"twitter_card":"summary_large_image","twitter_misc":{"\u00c9crit par":"Ibrahima","Dur\u00e9e de lecture estim\u00e9e":"2 minutes"},"schema":{"@context":"https:\/\/schema.org","@graph":[{"@type":"WebSite","@id":"https:\/\/www.nettali.com\/#website","url":"https:\/\/www.nettali.com\/","name":"Nettali.com","description":"Le rendez-vous critique du Net","potentialAction":[{"@type":"SearchAction","target":{"@type":"EntryPoint","urlTemplate":"https:\/\/www.nettali.com\/?s={search_term_string}"},"query-input":"required name=search_term_string"}],"inLanguage":"fr-FR"},{"@type":"ImageObject","@id":"https:\/\/www.nettali.com\/2023\/01\/31\/bayern-munich-sadio-mane-retouche-le-ballon\/#primaryimage","inLanguage":"fr-FR","url":"https:\/\/www.nettali.com\/wp-content\/uploads\/2023\/01\/WhatsApp-Image-2023-01-31-at-13.14.56_0.jpeg","contentUrl":"https:\/\/www.nettali.com\/wp-content\/uploads\/2023\/01\/WhatsApp-Image-2023-01-31-at-13.14.56_0.jpeg","width":1280,"height":960},{"@type":"WebPage","@id":"https:\/\/www.nettali.com\/2023\/01\/31\/bayern-munich-sadio-mane-retouche-le-ballon\/#webpage","url":"https:\/\/www.nettali.com\/2023\/01\/31\/bayern-munich-sadio-mane-retouche-le-ballon\/","name":"BAYERN MUNICH - Sadio Man\u00e9 retouche le ballon | Nettali.com","isPartOf":{"@id":"https:\/\/www.nettali.com\/#website"},"primaryImageOfPage":{"@id":"https:\/\/www.nettali.com\/2023\/01\/31\/bayern-munich-sadio-mane-retouche-le-ballon\/#primaryimage"},"datePublished":"2023-01-31T23:13:30+00:00","dateModified":"2023-01-31T23:14:14+00:00","author":{"@id":"https:\/\/www.nettali.com\/#\/schema\/person\/bb147657c2986240405a608162b9bb23"},"breadcrumb":{"@id":"https:\/\/www.nettali.com\/2023\/01\/31\/bayern-munich-sadio-mane-retouche-le-ballon\/#breadcrumb"},"inLanguage":"fr-FR","potentialAction":[{"@type":"ReadAction","target":["https:\/\/www.nettali.com\/2023\/01\/31\/bayern-munich-sadio-mane-retouche-le-ballon\/"]}]},{"@type":"BreadcrumbList","@id":"https:\/\/www.nettali.com\/2023\/01\/31\/bayern-munich-sadio-mane-retouche-le-ballon\/#breadcrumb","itemListElement":[{"@type":"ListItem","position":1,"name":"Accueil","item":"https:\/\/www.nettali.com\/"},{"@type":"ListItem","position":2,"name":"BAYERN MUNICH - Sadio Man\u00e9 retouche le ballon"}]},{"@type":"Person","@id":"https:\/\/www.nettali.com\/#\/schema\/person\/bb147657c2986240405a608162b9bb23","name":"Ibrahima","image":{"@type":"ImageObject","@id":"https:\/\/www.nettali.com\/#personlogo","inLanguage":"fr-FR","url":"https:\/\/secure.gravatar.com\/avatar\/26a8a81f09f0dd7624c9d5c36c9ba3a2?s=96&d=mm&r=g","contentUrl":"https:\/\/secure.gravatar.com\/avatar\/26a8a81f09f0dd7624c9d5c36c9ba3a2?s=96&d=mm&r=g","caption":"Ibrahima"},"sameAs":["https:\/\/www.nettali.com"]}]}},"_links":{"self":[{"href":"https:\/\/www.nettali.com\/rest\/wp\/v2\/posts\/103100"}],"collection":[{"href":"https:\/\/www.nettali.com\/rest\/wp\/v2\/posts"}],"about":[{"href":"https:\/\/www.nettali.com\/rest\/wp\/v2\/types\/post"}],"author":[{"embeddable":true,"href":"https:\/\/www.nettali.com\/rest\/wp\/v2\/users\/5"}],"replies":[{"embeddable":true,"href":"https:\/\/www.nettali.com\/rest\/wp\/v2\/comments?post=103100"}],"version-history":[{"count":1,"href":"https:\/\/www.nettali.com\/rest\/wp\/v2\/posts\/103100\/revisions"}],"predecessor-version":[{"id":103102,"href":"https:\/\/www.nettali.com\/rest\/wp\/v2\/posts\/103100\/revisions\/103102"}],"wp:featuredmedia":[{"embeddable":true,"href":"https:\/\/www.nettali.com\/rest\/wp\/v2\/media\/103101"}],"wp:attachment":[{"href":"https:\/\/www.nettali.com\/rest\/wp\/v2\/media?parent=103100"}],"wp:term":[{"taxonomy":"category","embeddable":true,"href":"https:\/\/www.nettali.com\/rest\/wp\/v2\/categories?post=103100"},{"taxonomy":"post_tag","embeddable":true,"href":"https:\/\/www.nettali.com\/rest\/wp\/v2\/tags?post=103100"}],"curies":[{"name":"wp","href":"https:\/\/api.w.org\/{rel}","templated":true}]}}