{"id":103028,"date":"2023-01-31T00:53:13","date_gmt":"2023-01-31T00:53:13","guid":{"rendered":"https:\/\/www.nettali.com\/?p=103028"},"modified":"2023-01-31T00:53:13","modified_gmt":"2023-01-31T00:53:13","slug":"pretendue-relation-avec-lex-dicardi-diao-keita-balde-dement-et-reclame-du-respect","status":"publish","type":"post","link":"https:\/\/www.nettali.com\/2023\/01\/31\/pretendue-relation-avec-lex-dicardi-diao-keita-balde-dement-et-reclame-du-respect\/","title":{"rendered":"PRETENDUE RELATION AVEC L'EX D'ICARDI - Diao Keita Bald\u00e9 d\u00e9ment et r\u00e9clame du respect"},"content":{"rendered":"<p><strong>NETTALI.COM - Keita Bald\u00e9 a pris la parole pour d\u00e9mentir sa pr\u00e9tendue relation avec Wanda Nara, l\u2019ex-compagne de Mauro Icardi, avec qui il a \u00e9volu\u00e9 \u00e0 l\u2019Inter. Un journaliste a affirm\u00e9 sur <em>Am\u00e9rica Tv<\/em> que l\u2019attaquant s\u00e9n\u00e9galais du Spartak Moscou entretenait une liaison avec la femme d\u2019affaires argentine.<\/strong><\/p>\n<p>Il a d\u00e9cid\u00e9 de prendre la parole publiquement. Pour r\u00e9pondre \u00e0 la rrumeur. Diao Keita Bald\u00e9 s\u2019est exprim\u00e9 afin de d\u00e9mentir avoir une relation avec Wanda Nara, l\u2019ex-compagne de Mauro Icardi, avec qui il a \u00e9volu\u00e9 \u00e0 l\u2019Inter (en 2018-2019). Un journaliste de l\u2019\u00e9mission Intrusos, diffus\u00e9e sur la cha\u00een\u00e9 argentine <em>Am\u00e9rica Tv,<\/em> a affirm\u00e9 que l\u2019attaquant du Spartak Moscou, \u00e2g\u00e9 de 27 ans, entretenait une liaison avec la femme d\u2019affaires de 36 ans. Le paparazzi a cit\u00e9 l\u2019entourage d\u2019Icardi pour appuyer son propos.<\/p>\n<p>De quoi mettre Bald\u00e9 dans l\u2019embarras. \"<em>Je suis vraiment d\u00e9sol\u00e9 que ma femme Simona et mes deux beaux enfants se soient retrouv\u00e9s au milieu de cette temp\u00eate m\u00e9diatique infond\u00e9e et je demande \u00e0 tout le monde de respecter ma famille, qui n\u2019a aucun lien avec les faits<\/em>\", a r\u00e9agi l\u2019international s\u00e9n\u00e9galais (40 s\u00e9lections, 6 buts), pass\u00e9 notamment par l\u2019As Monaco, dans des propos rapport\u00e9s par <em>Marca.<\/em><\/p>\n<p><span style=\"color: #000000; font-family: Arial, sans-serif; font-size: 17px;\">L\u2019Italienne Simona Guatieri, avec qui il s\u2019est mari\u00e9 il y a moins d\u2019un an, est \u00e9galement mont\u00e9e au cr\u00e9neau. En taclant s\u00e9v\u00e8rement Wanda Nara : \"<em>Il y a des femmes s\u00e9rieuses, sensibles, sinc\u00e8res et sensuelles et puis il y a les femmes qu\u2019on appelle des vaches en italien<\/em>\", a-t-elle lanc\u00e9 sur les r\u00e9seaux sociaux.<\/span><\/p>\n<p><span style=\"color: #000000; font-family: Arial, sans-serif; font-size: 17px;\">Wanda Nara, qui a rompu en septembre dernier avec Mauro Icardi, n\u2019a pour l\u2019instant fait aucune d\u00e9claration concernant cette affaire. En revanche, ces r\u00e9v\u00e9lations auraient mis hors de lui Mauro Icardi. Le buteur de Galatasaray (pr\u00eat\u00e9 par le PSG) aurait m\u00eame contact\u00e9 directement la femme de Keita Bald\u00e9 pour lui expliquer que ce dernier harcelait Wanda Nara, avec qui il n\u2019a pas officiellement divorc\u00e9...<\/span><\/p>\n<p><span style=\"color: #000000; font-family: Arial, sans-serif; font-size: 17px;\">Arriv\u00e9 libre en ao\u00fbt dernier apr\u00e8s son d\u00e9part de Cagliari, Keita Bald\u00e9 n\u2019a disput\u00e9 que 38 minutes avec le Spartak cette saison. La faute \u00e0 une suspension pour <em>\"violation d\u2019un contr\u00f4le antidopage<\/em>\", qui a notamment incit\u00e9 Aliou Ciss\u00e9 \u00e0 ne pas le s\u00e9lectionner pour disputer la Coupe du monde 2022 avec le S\u00e9n\u00e9gal.<\/span><\/p>\n<div class='share-to-whatsapp-wrapper'><div class='share-on-whsp'>PARTAGER SUR : <\/div><a data-text='PRETENDUE RELATION AVEC L'EX D'ICARDI - Diao Keita Bald\u00e9 d\u00e9ment et r\u00e9clame du respect' data-link='https:\/\/www.nettali.com\/2023\/01\/31\/pretendue-relation-avec-lex-dicardi-diao-keita-balde-dement-et-reclame-du-respect\/' class='whatsapp-button whatsapp-share'>WhatsApp<\/a><div class='clear '><\/div><\/div>","protected":false},"excerpt":{"rendered":"<p>NETTALI.COM - Keita Bald\u00e9 a pris la parole pour d\u00e9mentir sa pr\u00e9tendue relation avec Wanda Nara, l\u2019ex-compagne de Mauro Icardi, avec qui il a \u00e9volu\u00e9 \u00e0 l\u2019Inter. Un journaliste a affirm\u00e9 sur Am\u00e9rica Tv que l\u2019attaquant s\u00e9n\u00e9galais du Spartak Moscou entretenait une liaison avec la femme d\u2019affaires argentine. Il a d\u00e9cid\u00e9 de prendre la parole [&hellip;]<\/p>\n","protected":false},"author":3,"featured_media":103029,"comment_status":"open","ping_status":"open","sticky":false,"template":"","format":"standard","meta":{"_et_pb_use_builder":"","_et_pb_old_content":""},"categories":[6],"tags":[],"yoast_head":"<!-- This site is optimized with the Yoast SEO Premium plugin v17.8 (Yoast SEO v17.8) - https:\/\/yoast.com\/wordpress\/plugins\/seo\/ -->\n<title>PRETENDUE RELATION AVEC L&#039;EX D&#039;ICARDI - Diao Keita Bald\u00e9 d\u00e9ment et r\u00e9clame du respect | Nettali.com<\/title>\n<meta name=\"robots\" content=\"index, follow, max-snippet:-1, max-image-preview:large, max-video-preview:-1\" \/>\n<link rel=\"canonical\" href=\"https:\/\/www.nettali.com\/2023\/01\/31\/pretendue-relation-avec-lex-dicardi-diao-keita-balde-dement-et-reclame-du-respect\/\" \/>\n<meta property=\"og:locale\" content=\"fr_FR\" \/>\n<meta property=\"og:type\" content=\"article\" \/>\n<meta property=\"og:title\" content=\"PRETENDUE RELATION AVEC L&#039;EX D&#039;ICARDI - Diao Keita Bald\u00e9 d\u00e9ment et r\u00e9clame du respect\" \/>\n<meta property=\"og:description\" content=\"NETTALI.COM - Keita Bald\u00e9 a pris la parole pour d\u00e9mentir sa pr\u00e9tendue relation avec Wanda Nara, l\u2019ex-compagne de Mauro Icardi, avec qui il a \u00e9volu\u00e9 \u00e0 l\u2019Inter. Un journaliste a affirm\u00e9 sur Am\u00e9rica Tv que l\u2019attaquant s\u00e9n\u00e9galais du Spartak Moscou entretenait une liaison avec la femme d\u2019affaires argentine. Il a d\u00e9cid\u00e9 de prendre la parole [&hellip;]\" \/>\n<meta property=\"og:url\" content=\"https:\/\/www.nettali.com\/2023\/01\/31\/pretendue-relation-avec-lex-dicardi-diao-keita-balde-dement-et-reclame-du-respect\/\" \/>\n<meta property=\"og:site_name\" content=\"Nettali.com\" \/>\n<meta property=\"article:publisher\" content=\"https:\/\/www.facebook.com\/nettalicom\" \/>\n<meta property=\"article:published_time\" content=\"2023-01-31T00:53:13+00:00\" \/>\n<meta property=\"og:image\" content=\"https:\/\/www.nettali.com\/wp-content\/uploads\/2023\/01\/0pMFytqic_720x0__1.jpg\" \/>\n\t<meta property=\"og:image:width\" content=\"720\" \/>\n\t<meta property=\"og:image:height\" content=\"400\" \/>\n<meta name=\"twitter:card\" content=\"summary_large_image\" \/>\n<meta name=\"twitter:label1\" content=\"\u00c9crit par\" \/>\n\t<meta name=\"twitter:data1\" content=\"Moustapha\" \/>\n\t<meta name=\"twitter:label2\" content=\"Dur\u00e9e de lecture estim\u00e9e\" \/>\n\t<meta name=\"twitter:data2\" content=\"2 minutes\" \/>\n<script type=\"application\/ld+json\" class=\"yoast-schema-graph\">{\"@context\":\"https:\/\/schema.org\",\"@graph\":[{\"@type\":\"WebSite\",\"@id\":\"https:\/\/www.nettali.com\/#website\",\"url\":\"https:\/\/www.nettali.com\/\",\"name\":\"Nettali.com\",\"description\":\"Le rendez-vous critique du Net\",\"potentialAction\":[{\"@type\":\"SearchAction\",\"target\":{\"@type\":\"EntryPoint\",\"urlTemplate\":\"https:\/\/www.nettali.com\/?s={search_term_string}\"},\"query-input\":\"required name=search_term_string\"}],\"inLanguage\":\"fr-FR\"},{\"@type\":\"ImageObject\",\"@id\":\"https:\/\/www.nettali.com\/2023\/01\/31\/pretendue-relation-avec-lex-dicardi-diao-keita-balde-dement-et-reclame-du-respect\/#primaryimage\",\"inLanguage\":\"fr-FR\",\"url\":\"https:\/\/www.nettali.com\/wp-content\/uploads\/2023\/01\/0pMFytqic_720x0__1.jpg\",\"contentUrl\":\"https:\/\/www.nettali.com\/wp-content\/uploads\/2023\/01\/0pMFytqic_720x0__1.jpg\",\"width\":720,\"height\":400},{\"@type\":\"WebPage\",\"@id\":\"https:\/\/www.nettali.com\/2023\/01\/31\/pretendue-relation-avec-lex-dicardi-diao-keita-balde-dement-et-reclame-du-respect\/#webpage\",\"url\":\"https:\/\/www.nettali.com\/2023\/01\/31\/pretendue-relation-avec-lex-dicardi-diao-keita-balde-dement-et-reclame-du-respect\/\",\"name\":\"PRETENDUE RELATION AVEC L'EX D'ICARDI - Diao Keita Bald\\u00e9 d\\u00e9ment et r\\u00e9clame du respect | Nettali.com\",\"isPartOf\":{\"@id\":\"https:\/\/www.nettali.com\/#website\"},\"primaryImageOfPage\":{\"@id\":\"https:\/\/www.nettali.com\/2023\/01\/31\/pretendue-relation-avec-lex-dicardi-diao-keita-balde-dement-et-reclame-du-respect\/#primaryimage\"},\"datePublished\":\"2023-01-31T00:53:13+00:00\",\"dateModified\":\"2023-01-31T00:53:13+00:00\",\"author\":{\"@id\":\"https:\/\/www.nettali.com\/#\/schema\/person\/7962a12a6e0267f88f0ffa544c36469a\"},\"breadcrumb\":{\"@id\":\"https:\/\/www.nettali.com\/2023\/01\/31\/pretendue-relation-avec-lex-dicardi-diao-keita-balde-dement-et-reclame-du-respect\/#breadcrumb\"},\"inLanguage\":\"fr-FR\",\"potentialAction\":[{\"@type\":\"ReadAction\",\"target\":[\"https:\/\/www.nettali.com\/2023\/01\/31\/pretendue-relation-avec-lex-dicardi-diao-keita-balde-dement-et-reclame-du-respect\/\"]}]},{\"@type\":\"BreadcrumbList\",\"@id\":\"https:\/\/www.nettali.com\/2023\/01\/31\/pretendue-relation-avec-lex-dicardi-diao-keita-balde-dement-et-reclame-du-respect\/#breadcrumb\",\"itemListElement\":[{\"@type\":\"ListItem\",\"position\":1,\"name\":\"Accueil\",\"item\":\"https:\/\/www.nettali.com\/\"},{\"@type\":\"ListItem\",\"position\":2,\"name\":\"PRETENDUE RELATION AVEC L'EX D'ICARDI - Diao Keita Bald\\u00e9 d\\u00e9ment et r\\u00e9clame du respect\"}]},{\"@type\":\"Person\",\"@id\":\"https:\/\/www.nettali.com\/#\/schema\/person\/7962a12a6e0267f88f0ffa544c36469a\",\"name\":\"Moustapha\",\"image\":{\"@type\":\"ImageObject\",\"@id\":\"https:\/\/www.nettali.com\/#personlogo\",\"inLanguage\":\"fr-FR\",\"url\":\"https:\/\/secure.gravatar.com\/avatar\/10fdf6a071cccdcf374e3dbe45159590?s=96&d=mm&r=g\",\"contentUrl\":\"https:\/\/secure.gravatar.com\/avatar\/10fdf6a071cccdcf374e3dbe45159590?s=96&d=mm&r=g\",\"caption\":\"Moustapha\"},\"sameAs\":[\"https:\/\/www.nettali.com\"]}]}<\/script>\n<!-- \/ Yoast SEO Premium plugin. -->","yoast_head_json":{"title":"PRETENDUE RELATION AVEC L'EX D'ICARDI - Diao Keita Bald\u00e9 d\u00e9ment et r\u00e9clame du respect | Nettali.com","robots":{"index":"index","follow":"follow","max-snippet":"max-snippet:-1","max-image-preview":"max-image-preview:large","max-video-preview":"max-video-preview:-1"},"canonical":"https:\/\/www.nettali.com\/2023\/01\/31\/pretendue-relation-avec-lex-dicardi-diao-keita-balde-dement-et-reclame-du-respect\/","og_locale":"fr_FR","og_type":"article","og_title":"PRETENDUE RELATION AVEC L'EX D'ICARDI - Diao Keita Bald\u00e9 d\u00e9ment et r\u00e9clame du respect","og_description":"NETTALI.COM - Keita Bald\u00e9 a pris la parole pour d\u00e9mentir sa pr\u00e9tendue relation avec Wanda Nara, l\u2019ex-compagne de Mauro Icardi, avec qui il a \u00e9volu\u00e9 \u00e0 l\u2019Inter. Un journaliste a affirm\u00e9 sur Am\u00e9rica Tv que l\u2019attaquant s\u00e9n\u00e9galais du Spartak Moscou entretenait une liaison avec la femme d\u2019affaires argentine. Il a d\u00e9cid\u00e9 de prendre la parole [&hellip;]","og_url":"https:\/\/www.nettali.com\/2023\/01\/31\/pretendue-relation-avec-lex-dicardi-diao-keita-balde-dement-et-reclame-du-respect\/","og_site_name":"Nettali.com","article_publisher":"https:\/\/www.facebook.com\/nettalicom","article_published_time":"2023-01-31T00:53:13+00:00","og_image":[{"width":720,"height":400,"url":"https:\/\/www.nettali.com\/wp-content\/uploads\/2023\/01\/0pMFytqic_720x0__1.jpg","type":"image\/jpeg"}],"twitter_card":"summary_large_image","twitter_misc":{"\u00c9crit par":"Moustapha","Dur\u00e9e de lecture estim\u00e9e":"2 minutes"},"schema":{"@context":"https:\/\/schema.org","@graph":[{"@type":"WebSite","@id":"https:\/\/www.nettali.com\/#website","url":"https:\/\/www.nettali.com\/","name":"Nettali.com","description":"Le rendez-vous critique du Net","potentialAction":[{"@type":"SearchAction","target":{"@type":"EntryPoint","urlTemplate":"https:\/\/www.nettali.com\/?s={search_term_string}"},"query-input":"required name=search_term_string"}],"inLanguage":"fr-FR"},{"@type":"ImageObject","@id":"https:\/\/www.nettali.com\/2023\/01\/31\/pretendue-relation-avec-lex-dicardi-diao-keita-balde-dement-et-reclame-du-respect\/#primaryimage","inLanguage":"fr-FR","url":"https:\/\/www.nettali.com\/wp-content\/uploads\/2023\/01\/0pMFytqic_720x0__1.jpg","contentUrl":"https:\/\/www.nettali.com\/wp-content\/uploads\/2023\/01\/0pMFytqic_720x0__1.jpg","width":720,"height":400},{"@type":"WebPage","@id":"https:\/\/www.nettali.com\/2023\/01\/31\/pretendue-relation-avec-lex-dicardi-diao-keita-balde-dement-et-reclame-du-respect\/#webpage","url":"https:\/\/www.nettali.com\/2023\/01\/31\/pretendue-relation-avec-lex-dicardi-diao-keita-balde-dement-et-reclame-du-respect\/","name":"PRETENDUE RELATION AVEC L'EX D'ICARDI - Diao Keita Bald\u00e9 d\u00e9ment et r\u00e9clame du respect | Nettali.com","isPartOf":{"@id":"https:\/\/www.nettali.com\/#website"},"primaryImageOfPage":{"@id":"https:\/\/www.nettali.com\/2023\/01\/31\/pretendue-relation-avec-lex-dicardi-diao-keita-balde-dement-et-reclame-du-respect\/#primaryimage"},"datePublished":"2023-01-31T00:53:13+00:00","dateModified":"2023-01-31T00:53:13+00:00","author":{"@id":"https:\/\/www.nettali.com\/#\/schema\/person\/7962a12a6e0267f88f0ffa544c36469a"},"breadcrumb":{"@id":"https:\/\/www.nettali.com\/2023\/01\/31\/pretendue-relation-avec-lex-dicardi-diao-keita-balde-dement-et-reclame-du-respect\/#breadcrumb"},"inLanguage":"fr-FR","potentialAction":[{"@type":"ReadAction","target":["https:\/\/www.nettali.com\/2023\/01\/31\/pretendue-relation-avec-lex-dicardi-diao-keita-balde-dement-et-reclame-du-respect\/"]}]},{"@type":"BreadcrumbList","@id":"https:\/\/www.nettali.com\/2023\/01\/31\/pretendue-relation-avec-lex-dicardi-diao-keita-balde-dement-et-reclame-du-respect\/#breadcrumb","itemListElement":[{"@type":"ListItem","position":1,"name":"Accueil","item":"https:\/\/www.nettali.com\/"},{"@type":"ListItem","position":2,"name":"PRETENDUE RELATION AVEC L'EX D'ICARDI - Diao Keita Bald\u00e9 d\u00e9ment et r\u00e9clame du respect"}]},{"@type":"Person","@id":"https:\/\/www.nettali.com\/#\/schema\/person\/7962a12a6e0267f88f0ffa544c36469a","name":"Moustapha","image":{"@type":"ImageObject","@id":"https:\/\/www.nettali.com\/#personlogo","inLanguage":"fr-FR","url":"https:\/\/secure.gravatar.com\/avatar\/10fdf6a071cccdcf374e3dbe45159590?s=96&d=mm&r=g","contentUrl":"https:\/\/secure.gravatar.com\/avatar\/10fdf6a071cccdcf374e3dbe45159590?s=96&d=mm&r=g","caption":"Moustapha"},"sameAs":["https:\/\/www.nettali.com"]}]}},"_links":{"self":[{"href":"https:\/\/www.nettali.com\/rest\/wp\/v2\/posts\/103028"}],"collection":[{"href":"https:\/\/www.nettali.com\/rest\/wp\/v2\/posts"}],"about":[{"href":"https:\/\/www.nettali.com\/rest\/wp\/v2\/types\/post"}],"author":[{"embeddable":true,"href":"https:\/\/www.nettali.com\/rest\/wp\/v2\/users\/3"}],"replies":[{"embeddable":true,"href":"https:\/\/www.nettali.com\/rest\/wp\/v2\/comments?post=103028"}],"version-history":[{"count":1,"href":"https:\/\/www.nettali.com\/rest\/wp\/v2\/posts\/103028\/revisions"}],"predecessor-version":[{"id":103030,"href":"https:\/\/www.nettali.com\/rest\/wp\/v2\/posts\/103028\/revisions\/103030"}],"wp:featuredmedia":[{"embeddable":true,"href":"https:\/\/www.nettali.com\/rest\/wp\/v2\/media\/103029"}],"wp:attachment":[{"href":"https:\/\/www.nettali.com\/rest\/wp\/v2\/media?parent=103028"}],"wp:term":[{"taxonomy":"category","embeddable":true,"href":"https:\/\/www.nettali.com\/rest\/wp\/v2\/categories?post=103028"},{"taxonomy":"post_tag","embeddable":true,"href":"https:\/\/www.nettali.com\/rest\/wp\/v2\/tags?post=103028"}],"curies":[{"name":"wp","href":"https:\/\/api.w.org\/{rel}","templated":true}]}}