{"id":102994,"date":"2023-01-30T16:57:19","date_gmt":"2023-01-30T16:57:19","guid":{"rendered":"https:\/\/www.nettali.com\/?p=102994"},"modified":"2023-01-30T16:57:19","modified_gmt":"2023-01-30T16:57:19","slug":"conseil-des-ministres-decentralise-a-thies-lagenda-du-president-reamenage","status":"publish","type":"post","link":"https:\/\/www.nettali.com\/2023\/01\/30\/conseil-des-ministres-decentralise-a-thies-lagenda-du-president-reamenage\/","title":{"rendered":"CONSEIL DES MINISTRES DECENTRALISE A THIES - L'agenda du pr\u00e9sident r\u00e9am\u00e9nag\u00e9"},"content":{"rendered":"<p><strong>NETTALI.COM - Le s\u00e9jour du chef de l\u2019Etat \u00e0 Thi\u00e8s pr\u00e9vu du 6 au 8 f\u00e9vrier prochain a connu un l\u00e9ger r\u00e9am\u00e9nagement. Le Conseil des ministres d\u00e9centralis\u00e9 qui devrait se tenir le mercredi 8 \u00e0 la Gouvernance de Thi\u00e8s, est repouss\u00e9 jusqu\u2019au jeudi 9.<\/strong><\/p>\n<p>Ce changement est justifi\u00e9 par le d\u00e9placement du chef de l\u2019Etat \u00e0 Abidjan. Macky Sall doit se rendre dans la capitale ivoirienne pour remettre, au nom du Pr\u00e9sident Abdou Diouf, le Prix Houphou\u00ebt Boigny pour la recherche et la Paix initi\u00e9 par l\u2019Unesco. Cette ann\u00e9e, la distinction sera remise \u00e0 l\u2019ancienne chanceli\u00e8re allemande Angela Merkel en reconnaissance \u00e0 l\u2019accueil aux r\u00e9fugi\u00e9s fuyant la guerre en Syrie.<\/p>\n<p>Le retour du chef de l\u2019Etat \u00e0 Dakar est pr\u00e9vu le m\u00eame jour. D\u2019apr\u00e8s des informations de L\u2019Observateur, la visite de Macky Sall \u00e0 Thi\u00e8s pourrait m\u00eame \u00eatre prolong\u00e9e d\u2019un jour pour un retour \u00e0 Dakar le vendredi 10.<\/p>\n<p>Le Conseil des ministres d\u00e9centralis\u00e9 de Thi\u00e8s est la deuxi\u00e8me, apr\u00e8s la premi\u00e8re \u00e9dition tenue en 2012. Depuis le mois de d\u00e9cembre dernier, le chef de l\u2019Etat a repris ses Conseils des ministres d\u00e9centralis\u00e9s. Il avait ouvert par Tambacounda qui a re\u00e7u le gouvernement les mercredi 28 et jeudi 29 d\u00e9cembre 2022.<\/p>\n<div class='share-to-whatsapp-wrapper'><div class='share-on-whsp'>PARTAGER SUR : <\/div><a data-text='CONSEIL DES MINISTRES DECENTRALISE A THIES - L'agenda du pr\u00e9sident r\u00e9am\u00e9nag\u00e9' data-link='https:\/\/www.nettali.com\/2023\/01\/30\/conseil-des-ministres-decentralise-a-thies-lagenda-du-president-reamenage\/' class='whatsapp-button whatsapp-share'>WhatsApp<\/a><div class='clear '><\/div><\/div>","protected":false},"excerpt":{"rendered":"<p>NETTALI.COM - Le s\u00e9jour du chef de l\u2019Etat \u00e0 Thi\u00e8s pr\u00e9vu du 6 au 8 f\u00e9vrier prochain a connu un l\u00e9ger r\u00e9am\u00e9nagement. Le Conseil des ministres d\u00e9centralis\u00e9 qui devrait se tenir le mercredi 8 \u00e0 la Gouvernance de Thi\u00e8s, est repouss\u00e9 jusqu\u2019au jeudi 9. Ce changement est justifi\u00e9 par le d\u00e9placement du chef de l\u2019Etat [&hellip;]<\/p>\n","protected":false},"author":4,"featured_media":66917,"comment_status":"open","ping_status":"open","sticky":false,"template":"","format":"standard","meta":{"_et_pb_use_builder":"","_et_pb_old_content":""},"categories":[2],"tags":[],"yoast_head":"<!-- This site is optimized with the Yoast SEO Premium plugin v17.8 (Yoast SEO v17.8) - https:\/\/yoast.com\/wordpress\/plugins\/seo\/ -->\n<title>CONSEIL DES MINISTRES DECENTRALISE A THIES - L&#039;agenda du pr\u00e9sident r\u00e9am\u00e9nag\u00e9 | Nettali.com<\/title>\n<meta name=\"robots\" content=\"index, follow, max-snippet:-1, max-image-preview:large, max-video-preview:-1\" \/>\n<link rel=\"canonical\" href=\"https:\/\/www.nettali.com\/2023\/01\/30\/conseil-des-ministres-decentralise-a-thies-lagenda-du-president-reamenage\/\" \/>\n<meta property=\"og:locale\" content=\"fr_FR\" \/>\n<meta property=\"og:type\" content=\"article\" \/>\n<meta property=\"og:title\" content=\"CONSEIL DES MINISTRES DECENTRALISE A THIES - L&#039;agenda du pr\u00e9sident r\u00e9am\u00e9nag\u00e9\" \/>\n<meta property=\"og:description\" content=\"NETTALI.COM - Le s\u00e9jour du chef de l\u2019Etat \u00e0 Thi\u00e8s pr\u00e9vu du 6 au 8 f\u00e9vrier prochain a connu un l\u00e9ger r\u00e9am\u00e9nagement. Le Conseil des ministres d\u00e9centralis\u00e9 qui devrait se tenir le mercredi 8 \u00e0 la Gouvernance de Thi\u00e8s, est repouss\u00e9 jusqu\u2019au jeudi 9. Ce changement est justifi\u00e9 par le d\u00e9placement du chef de l\u2019Etat [&hellip;]\" \/>\n<meta property=\"og:url\" content=\"https:\/\/www.nettali.com\/2023\/01\/30\/conseil-des-ministres-decentralise-a-thies-lagenda-du-president-reamenage\/\" \/>\n<meta property=\"og:site_name\" content=\"Nettali.com\" \/>\n<meta property=\"article:publisher\" content=\"https:\/\/www.facebook.com\/nettalicom\" \/>\n<meta property=\"article:published_time\" content=\"2023-01-30T16:57:19+00:00\" \/>\n<meta property=\"og:image\" content=\"https:\/\/www.nettali.com\/wp-content\/uploads\/2021\/06\/macky-sall-idrissa-seck.jpg\" \/>\n\t<meta property=\"og:image:width\" content=\"670\" \/>\n\t<meta property=\"og:image:height\" content=\"443\" \/>\n<meta name=\"twitter:card\" content=\"summary_large_image\" \/>\n<meta name=\"twitter:label1\" content=\"\u00c9crit par\" \/>\n\t<meta name=\"twitter:data1\" content=\"Daouda\" \/>\n\t<meta name=\"twitter:label2\" content=\"Dur\u00e9e de lecture estim\u00e9e\" \/>\n\t<meta name=\"twitter:data2\" content=\"2 minutes\" \/>\n<script type=\"application\/ld+json\" class=\"yoast-schema-graph\">{\"@context\":\"https:\/\/schema.org\",\"@graph\":[{\"@type\":\"WebSite\",\"@id\":\"https:\/\/www.nettali.com\/#website\",\"url\":\"https:\/\/www.nettali.com\/\",\"name\":\"Nettali.com\",\"description\":\"Le rendez-vous critique du Net\",\"potentialAction\":[{\"@type\":\"SearchAction\",\"target\":{\"@type\":\"EntryPoint\",\"urlTemplate\":\"https:\/\/www.nettali.com\/?s={search_term_string}\"},\"query-input\":\"required name=search_term_string\"}],\"inLanguage\":\"fr-FR\"},{\"@type\":\"ImageObject\",\"@id\":\"https:\/\/www.nettali.com\/2023\/01\/30\/conseil-des-ministres-decentralise-a-thies-lagenda-du-president-reamenage\/#primaryimage\",\"inLanguage\":\"fr-FR\",\"url\":\"https:\/\/www.nettali.com\/wp-content\/uploads\/2021\/06\/macky-sall-idrissa-seck.jpg\",\"contentUrl\":\"https:\/\/www.nettali.com\/wp-content\/uploads\/2021\/06\/macky-sall-idrissa-seck.jpg\",\"width\":670,\"height\":443},{\"@type\":\"WebPage\",\"@id\":\"https:\/\/www.nettali.com\/2023\/01\/30\/conseil-des-ministres-decentralise-a-thies-lagenda-du-president-reamenage\/#webpage\",\"url\":\"https:\/\/www.nettali.com\/2023\/01\/30\/conseil-des-ministres-decentralise-a-thies-lagenda-du-president-reamenage\/\",\"name\":\"CONSEIL DES MINISTRES DECENTRALISE A THIES - L'agenda du pr\\u00e9sident r\\u00e9am\\u00e9nag\\u00e9 | Nettali.com\",\"isPartOf\":{\"@id\":\"https:\/\/www.nettali.com\/#website\"},\"primaryImageOfPage\":{\"@id\":\"https:\/\/www.nettali.com\/2023\/01\/30\/conseil-des-ministres-decentralise-a-thies-lagenda-du-president-reamenage\/#primaryimage\"},\"datePublished\":\"2023-01-30T16:57:19+00:00\",\"dateModified\":\"2023-01-30T16:57:19+00:00\",\"author\":{\"@id\":\"https:\/\/www.nettali.com\/#\/schema\/person\/3317e0bb3aa1da309fbf7b2780901bf4\"},\"breadcrumb\":{\"@id\":\"https:\/\/www.nettali.com\/2023\/01\/30\/conseil-des-ministres-decentralise-a-thies-lagenda-du-president-reamenage\/#breadcrumb\"},\"inLanguage\":\"fr-FR\",\"potentialAction\":[{\"@type\":\"ReadAction\",\"target\":[\"https:\/\/www.nettali.com\/2023\/01\/30\/conseil-des-ministres-decentralise-a-thies-lagenda-du-president-reamenage\/\"]}]},{\"@type\":\"BreadcrumbList\",\"@id\":\"https:\/\/www.nettali.com\/2023\/01\/30\/conseil-des-ministres-decentralise-a-thies-lagenda-du-president-reamenage\/#breadcrumb\",\"itemListElement\":[{\"@type\":\"ListItem\",\"position\":1,\"name\":\"Accueil\",\"item\":\"https:\/\/www.nettali.com\/\"},{\"@type\":\"ListItem\",\"position\":2,\"name\":\"CONSEIL DES MINISTRES DECENTRALISE A THIES - L'agenda du pr\\u00e9sident r\\u00e9am\\u00e9nag\\u00e9\"}]},{\"@type\":\"Person\",\"@id\":\"https:\/\/www.nettali.com\/#\/schema\/person\/3317e0bb3aa1da309fbf7b2780901bf4\",\"name\":\"Daouda\",\"image\":{\"@type\":\"ImageObject\",\"@id\":\"https:\/\/www.nettali.com\/#personlogo\",\"inLanguage\":\"fr-FR\",\"url\":\"https:\/\/secure.gravatar.com\/avatar\/8d143b5a49345098ddcfee1c49c2f47c?s=96&d=mm&r=g\",\"contentUrl\":\"https:\/\/secure.gravatar.com\/avatar\/8d143b5a49345098ddcfee1c49c2f47c?s=96&d=mm&r=g\",\"caption\":\"Daouda\"},\"sameAs\":[\"https:\/\/www.nettali.com\"]}]}<\/script>\n<!-- \/ Yoast SEO Premium plugin. -->","yoast_head_json":{"title":"CONSEIL DES MINISTRES DECENTRALISE A THIES - L'agenda du pr\u00e9sident r\u00e9am\u00e9nag\u00e9 | Nettali.com","robots":{"index":"index","follow":"follow","max-snippet":"max-snippet:-1","max-image-preview":"max-image-preview:large","max-video-preview":"max-video-preview:-1"},"canonical":"https:\/\/www.nettali.com\/2023\/01\/30\/conseil-des-ministres-decentralise-a-thies-lagenda-du-president-reamenage\/","og_locale":"fr_FR","og_type":"article","og_title":"CONSEIL DES MINISTRES DECENTRALISE A THIES - L'agenda du pr\u00e9sident r\u00e9am\u00e9nag\u00e9","og_description":"NETTALI.COM - Le s\u00e9jour du chef de l\u2019Etat \u00e0 Thi\u00e8s pr\u00e9vu du 6 au 8 f\u00e9vrier prochain a connu un l\u00e9ger r\u00e9am\u00e9nagement. Le Conseil des ministres d\u00e9centralis\u00e9 qui devrait se tenir le mercredi 8 \u00e0 la Gouvernance de Thi\u00e8s, est repouss\u00e9 jusqu\u2019au jeudi 9. Ce changement est justifi\u00e9 par le d\u00e9placement du chef de l\u2019Etat [&hellip;]","og_url":"https:\/\/www.nettali.com\/2023\/01\/30\/conseil-des-ministres-decentralise-a-thies-lagenda-du-president-reamenage\/","og_site_name":"Nettali.com","article_publisher":"https:\/\/www.facebook.com\/nettalicom","article_published_time":"2023-01-30T16:57:19+00:00","og_image":[{"width":670,"height":443,"url":"https:\/\/www.nettali.com\/wp-content\/uploads\/2021\/06\/macky-sall-idrissa-seck.jpg","type":"image\/jpeg"}],"twitter_card":"summary_large_image","twitter_misc":{"\u00c9crit par":"Daouda","Dur\u00e9e de lecture estim\u00e9e":"2 minutes"},"schema":{"@context":"https:\/\/schema.org","@graph":[{"@type":"WebSite","@id":"https:\/\/www.nettali.com\/#website","url":"https:\/\/www.nettali.com\/","name":"Nettali.com","description":"Le rendez-vous critique du Net","potentialAction":[{"@type":"SearchAction","target":{"@type":"EntryPoint","urlTemplate":"https:\/\/www.nettali.com\/?s={search_term_string}"},"query-input":"required name=search_term_string"}],"inLanguage":"fr-FR"},{"@type":"ImageObject","@id":"https:\/\/www.nettali.com\/2023\/01\/30\/conseil-des-ministres-decentralise-a-thies-lagenda-du-president-reamenage\/#primaryimage","inLanguage":"fr-FR","url":"https:\/\/www.nettali.com\/wp-content\/uploads\/2021\/06\/macky-sall-idrissa-seck.jpg","contentUrl":"https:\/\/www.nettali.com\/wp-content\/uploads\/2021\/06\/macky-sall-idrissa-seck.jpg","width":670,"height":443},{"@type":"WebPage","@id":"https:\/\/www.nettali.com\/2023\/01\/30\/conseil-des-ministres-decentralise-a-thies-lagenda-du-president-reamenage\/#webpage","url":"https:\/\/www.nettali.com\/2023\/01\/30\/conseil-des-ministres-decentralise-a-thies-lagenda-du-president-reamenage\/","name":"CONSEIL DES MINISTRES DECENTRALISE A THIES - L'agenda du pr\u00e9sident r\u00e9am\u00e9nag\u00e9 | Nettali.com","isPartOf":{"@id":"https:\/\/www.nettali.com\/#website"},"primaryImageOfPage":{"@id":"https:\/\/www.nettali.com\/2023\/01\/30\/conseil-des-ministres-decentralise-a-thies-lagenda-du-president-reamenage\/#primaryimage"},"datePublished":"2023-01-30T16:57:19+00:00","dateModified":"2023-01-30T16:57:19+00:00","author":{"@id":"https:\/\/www.nettali.com\/#\/schema\/person\/3317e0bb3aa1da309fbf7b2780901bf4"},"breadcrumb":{"@id":"https:\/\/www.nettali.com\/2023\/01\/30\/conseil-des-ministres-decentralise-a-thies-lagenda-du-president-reamenage\/#breadcrumb"},"inLanguage":"fr-FR","potentialAction":[{"@type":"ReadAction","target":["https:\/\/www.nettali.com\/2023\/01\/30\/conseil-des-ministres-decentralise-a-thies-lagenda-du-president-reamenage\/"]}]},{"@type":"BreadcrumbList","@id":"https:\/\/www.nettali.com\/2023\/01\/30\/conseil-des-ministres-decentralise-a-thies-lagenda-du-president-reamenage\/#breadcrumb","itemListElement":[{"@type":"ListItem","position":1,"name":"Accueil","item":"https:\/\/www.nettali.com\/"},{"@type":"ListItem","position":2,"name":"CONSEIL DES MINISTRES DECENTRALISE A THIES - L'agenda du pr\u00e9sident r\u00e9am\u00e9nag\u00e9"}]},{"@type":"Person","@id":"https:\/\/www.nettali.com\/#\/schema\/person\/3317e0bb3aa1da309fbf7b2780901bf4","name":"Daouda","image":{"@type":"ImageObject","@id":"https:\/\/www.nettali.com\/#personlogo","inLanguage":"fr-FR","url":"https:\/\/secure.gravatar.com\/avatar\/8d143b5a49345098ddcfee1c49c2f47c?s=96&d=mm&r=g","contentUrl":"https:\/\/secure.gravatar.com\/avatar\/8d143b5a49345098ddcfee1c49c2f47c?s=96&d=mm&r=g","caption":"Daouda"},"sameAs":["https:\/\/www.nettali.com"]}]}},"_links":{"self":[{"href":"https:\/\/www.nettali.com\/rest\/wp\/v2\/posts\/102994"}],"collection":[{"href":"https:\/\/www.nettali.com\/rest\/wp\/v2\/posts"}],"about":[{"href":"https:\/\/www.nettali.com\/rest\/wp\/v2\/types\/post"}],"author":[{"embeddable":true,"href":"https:\/\/www.nettali.com\/rest\/wp\/v2\/users\/4"}],"replies":[{"embeddable":true,"href":"https:\/\/www.nettali.com\/rest\/wp\/v2\/comments?post=102994"}],"version-history":[{"count":1,"href":"https:\/\/www.nettali.com\/rest\/wp\/v2\/posts\/102994\/revisions"}],"predecessor-version":[{"id":102995,"href":"https:\/\/www.nettali.com\/rest\/wp\/v2\/posts\/102994\/revisions\/102995"}],"wp:featuredmedia":[{"embeddable":true,"href":"https:\/\/www.nettali.com\/rest\/wp\/v2\/media\/66917"}],"wp:attachment":[{"href":"https:\/\/www.nettali.com\/rest\/wp\/v2\/media?parent=102994"}],"wp:term":[{"taxonomy":"category","embeddable":true,"href":"https:\/\/www.nettali.com\/rest\/wp\/v2\/categories?post=102994"},{"taxonomy":"post_tag","embeddable":true,"href":"https:\/\/www.nettali.com\/rest\/wp\/v2\/tags?post=102994"}],"curies":[{"name":"wp","href":"https:\/\/api.w.org\/{rel}","templated":true}]}}