{"id":102951,"date":"2023-01-31T07:46:25","date_gmt":"2023-01-31T07:46:25","guid":{"rendered":"https:\/\/www.nettali.com\/?p=102951"},"modified":"2023-02-03T09:06:17","modified_gmt":"2023-02-03T09:06:17","slug":"nos-marches-flambent-pourquoi","status":"publish","type":"post","link":"https:\/\/www.nettali.com\/2023\/01\/31\/nos-marches-flambent-pourquoi\/","title":{"rendered":"Nos march\u00e9s flambent. Pourquoi ?"},"content":{"rendered":"<p><strong>CONTRIBUTION - La r\u00e9currence, avec fr\u00e9n\u00e9sie, des incendies dans les march\u00e9s urbains, fait de ce fl\u00e9au un v\u00e9ritable probl\u00e8me de politique publique au S\u00e9n\u00e9gal. Pour preuve, la question s\u2019est invit\u00e9e en septembre 2018 en r\u00e9union du conseil des ministres avec une directive ferme, \u00e0 l\u2019\u00e9poque, du Chef de l\u2019\u00e9tat \u00e0 l\u2019endroit de son Premier ministre de faire tenir dans les meilleurs d\u00e9lais d\u2019un Conseil interminist\u00e9riel sur la question de la modernisation des march\u00e9s urbains pour d\u2019une prise en charge urgente et durable du ph\u00e9nom\u00e8ne. Ce conseil interminist\u00e9riel sur ce sujet, n\u2019\u00e9tait pas le premier. Depuis 1997, s\u2019est tenu r\u00e9guli\u00e8rement un conseil des ministres sur la r\u00e9currence des feux de marches . D\u2019ailleurs, c\u2019est suite \u00e0 un conseil des ministres qu\u2019un arr\u00eat\u00e9 interminist\u00e9riel num\u00e9ro 0123 du 12 janvier 1998 pour r\u00e9glementer la s\u00e9curit\u00e9 incendie panique et explosion dans les marches a \u00e9t\u00e9 pris par les ministres de Int\u00e9rieur, du commerce et de urbanisme. Depuis lors, aucun march\u00e9 n\u2019a respect\u00e9 cet arr\u00eat\u00e9.<\/strong><\/p>\n<p>Durant les 5 derni\u00e8res ann\u00e9es, plus de 70 marches ont br\u00fbl\u00e9 au S\u00e9n\u00e9gal .<br class=\"autobr\" \/>Si, nous prenons en exemple les statistiques de 2 marches seulement\u00a0: parc Lambaye Dakar et marche OCASS Touba, on se rend compte que la catastrophe li\u00e9e aux incendies de marches est alarmante et inqui\u00e9tante.<br class=\"autobr\" \/>Le Parc Lambaye a br\u00fbl\u00e9 les 15 mars 2019, 4 octobre 2020 et 7 mars 2022 .<br class=\"autobr\" \/>Le march\u00e9 de Touba a flamb\u00e9 les 11 juillet 2018, 12 mars 2019, 17 novembre 2020 et hier soir 28 janvier 2023.<\/p>\n<p>Et \u00e0 chaque fois le constat, la ballade des politiques et des autorit\u00e9s minist\u00e9rielles ainsi les promesses de solutions se multiplient. Les incendies dans les march\u00e9s occasionnent des d\u00e9g\u00e2ts mat\u00e9riels immenses causant des pertes et dommages pours des acteurs \u00e9conomiques, les collectivit\u00e9s et les citoyens. Ces dommages et perte du fait de l\u2019informalit\u00e9 de l\u2019activit\u00e9 et de l\u2019absence d\u2019assurance ne sont qu\u2019approximativement et imparfaitement estim\u00e9 \u00e0 des millions voire milliards. Les drames sociaux sont quasiment impossibles \u00e0 quantifier et sont les plus pr\u00e9occupant.<\/p>\n<p>Ces catastrophes font basculer les populations de la pr\u00e9carit\u00e9 \u00e0 l\u2019extr\u00eame pauvret\u00e9, en an\u00e9antissant tous les efforts du gouvernement dans la lutte contre cette pauvret\u00e9. L\u2019une des causes principales est un d\u00e9ficit d\u2019am\u00e9nagement urbain. En effet, l\u2019urbanisation massive s\u2019accompagne de la multiplication des potentiels d\u2019accidents et d\u2019incendies dans ces espaces urbanis\u00e9s. Les espaces marchands du fait des d\u00e9fauts d\u2019am\u00e9nagement et de l\u2019occupation anarchique deviennent tr\u00e8s vuln\u00e9rables \u00e0 l\u2019incendie avec souvent des cons\u00e9quences dramatiques parce que\u00a0:<br \/>\n<img loading=\"lazy\" class=\"puce\" src=\"https:\/\/emedia.sn\/squelettes-dist\/puce.gif\" alt=\"-\" width=\"8\" height=\"11\" \/>\u00a0Les march\u00e9s ne sont pas structur\u00e9s, il n y a pas d\u2019acc\u00e8s pour l\u2019engagement des secours\u00a0;<br \/>\n<img loading=\"lazy\" class=\"puce\" src=\"https:\/\/emedia.sn\/squelettes-dist\/puce.gif\" alt=\"-\" width=\"8\" height=\"11\" \/>\u00a0le stockage des marchandises ne respecte aucune r\u00e8gle\u00a0;<br \/>\n<img loading=\"lazy\" class=\"puce\" src=\"https:\/\/emedia.sn\/squelettes-dist\/puce.gif\" alt=\"-\" width=\"8\" height=\"11\" \/>\u00a0L \u2018installation \u00e9lectrique est surcharg\u00e9e, les fils \u00e9lectriques sont hors chemins de c\u00e2bles et se baladent\u00a0;<br \/>\n<img loading=\"lazy\" class=\"puce\" src=\"https:\/\/emedia.sn\/squelettes-dist\/puce.gif\" alt=\"-\" width=\"8\" height=\"11\" \/>\u00a0Aucun moyen de d\u00e9tection, d\u2019alerte et d \u2018extinction incendie n \u2018existe dans les march\u00e9s\u00a0;<br \/>\n<img loading=\"lazy\" class=\"puce\" src=\"https:\/\/emedia.sn\/squelettes-dist\/puce.gif\" alt=\"-\" width=\"8\" height=\"11\" \/>\u00a0Une surveillance s\u00e9curitaire ( d\u2019anciens sapeurs-pompiers)pouvant pr\u00e9venir et r\u00e9agir pour tout d\u00e9but de feu n \u2018existe point\u00a0;<br \/>\n<img loading=\"lazy\" class=\"puce\" src=\"https:\/\/emedia.sn\/squelettes-dist\/puce.gif\" alt=\"-\" width=\"8\" height=\"11\" \/>\u00a0Les march\u00e9s (exception faite r\u00e9cemment des march\u00e9s de Kaolack, Guinguin\u00e9o et de Louga n \u2018ont pas d\u2019hydrants (poteau d\u2019incendie) pour le ravitaillement en eau des sapeurs-pompiers, ce qui poussent ces derniers \u00e0 demander des renforts distants de plus de 80km\u00a0;<br class=\"autobr\" \/>Alors que tous ces points sont contenus dans l\u2019arr\u00eate du 12 janvier 1998.<br \/>\n<img loading=\"lazy\" class=\"puce\" src=\"https:\/\/emedia.sn\/squelettes-dist\/puce.gif\" alt=\"-\" width=\"8\" height=\"11\" \/>\u00a0Il y a certes, une volont\u00e9 manifeste de l\u2019Etat de prendre en charge la probl\u00e9matique. Cependant, les nombreuses mesures prises pr\u00e9c\u00e9demment pour lutter contre le ph\u00e9nom\u00e8ne et qui semblent d\u2019effet moindre, doivent inviter les pouvoir publics \u00e0 faire un diagnostic plus approfondie de la probl\u00e9matique afin de proposer des mesures durables de pr\u00e9vention face au risque.<\/p>\n<p>En CONCLUSION, il y a une nouvelle m\u00e9thode d\u2019annihiler ce fl\u00e9au calamiteux. Il suffit que l\u2019\u00e9tat et l\u2019association des commer\u00e7ants, sponsorisent l\u2019octroi de la Boule Extinctrice \u00e0 D\u00e9clenchement Automatique (BEDA) ELIDE FIRE BALL qui est une technique r\u00e9volutionnaire pour la lutte de ces types d\u2019incendie. En effet, la boule installe dans une boutique, d\u00e9tecte le feu, l\u2019\u00e9teint automatiquement suite une explosion qui alerte (118 d\u00e9cibels) par un d\u00e9versement de poudre sp\u00e9ciale et lib\u00e8re une couche qui bloque l\u2019arriv\u00e9e de l\u2019oxyg\u00e8ne donc s\u2019oppose \u00e0 une reprise de feu.<\/p>\n<p>Si l\u2019\u00e9tat parvient \u00e0 faire \u00e9quiper tous les magasins, cantines et boutiques de la Boule Extinctrice \u00e0 d\u00e9clenchement automatique ( BEDA) \u00c9LID\u00c9 FIRE qui ne demande aucune intervention humaine, ou formation ou maintenance, ce d\u00e9sastre ne se verra plus au S\u00e9n\u00e9gal.<br class=\"autobr\" \/>\u00ab\u00a0La Catastrophe n\u2019est pas une fatalit\u00e9, il faut la pr\u00e9venir, s\u2019y pr\u00e9parer pour l\u2019\u00e9viter\u00a0!\u00a0\u00bb<\/p>\n<p>&nbsp;<\/p>\n<p><strong>Amadou Canar DIOP<\/strong><br class=\"autobr\" \/><strong>Manager General<\/strong><br class=\"autobr\" \/><strong>Pr\u00e9vention Incendie Panique Explosion<\/strong><\/p>\n<div class='share-to-whatsapp-wrapper'><div class='share-on-whsp'>PARTAGER SUR : <\/div><a data-text='Nos march\u00e9s flambent. Pourquoi ?' data-link='https:\/\/www.nettali.com\/2023\/01\/31\/nos-marches-flambent-pourquoi\/' class='whatsapp-button whatsapp-share'>WhatsApp<\/a><div class='clear '><\/div><\/div>","protected":false},"excerpt":{"rendered":"<p>CONTRIBUTION - La r\u00e9currence, avec fr\u00e9n\u00e9sie, des incendies dans les march\u00e9s urbains, fait de ce fl\u00e9au un v\u00e9ritable probl\u00e8me de politique publique au S\u00e9n\u00e9gal. Pour preuve, la question s\u2019est invit\u00e9e en septembre 2018 en r\u00e9union du conseil des ministres avec une directive ferme, \u00e0 l\u2019\u00e9poque, du Chef de l\u2019\u00e9tat \u00e0 l\u2019endroit de son Premier ministre [&hellip;]<\/p>\n","protected":false},"author":4,"featured_media":16499,"comment_status":"open","ping_status":"open","sticky":false,"template":"","format":"standard","meta":{"_et_pb_use_builder":"","_et_pb_old_content":""},"categories":[34934],"tags":[],"yoast_head":"<!-- This site is optimized with the Yoast SEO Premium plugin v17.8 (Yoast SEO v17.8) - https:\/\/yoast.com\/wordpress\/plugins\/seo\/ -->\n<title>Nos march\u00e9s flambent. Pourquoi ? | Nettali.com<\/title>\n<meta name=\"robots\" content=\"index, follow, max-snippet:-1, max-image-preview:large, max-video-preview:-1\" \/>\n<link rel=\"canonical\" href=\"https:\/\/www.nettali.com\/2023\/01\/31\/nos-marches-flambent-pourquoi\/\" \/>\n<meta property=\"og:locale\" content=\"fr_FR\" \/>\n<meta property=\"og:type\" content=\"article\" \/>\n<meta property=\"og:title\" content=\"Nos march\u00e9s flambent. Pourquoi ?\" \/>\n<meta property=\"og:description\" content=\"CONTRIBUTION - La r\u00e9currence, avec fr\u00e9n\u00e9sie, des incendies dans les march\u00e9s urbains, fait de ce fl\u00e9au un v\u00e9ritable probl\u00e8me de politique publique au S\u00e9n\u00e9gal. Pour preuve, la question s\u2019est invit\u00e9e en septembre 2018 en r\u00e9union du conseil des ministres avec une directive ferme, \u00e0 l\u2019\u00e9poque, du Chef de l\u2019\u00e9tat \u00e0 l\u2019endroit de son Premier ministre [&hellip;]\" \/>\n<meta property=\"og:url\" content=\"https:\/\/www.nettali.com\/2023\/01\/31\/nos-marches-flambent-pourquoi\/\" \/>\n<meta property=\"og:site_name\" content=\"Nettali.com\" \/>\n<meta property=\"article:publisher\" content=\"https:\/\/www.facebook.com\/nettalicom\" \/>\n<meta property=\"article:published_time\" content=\"2023-01-31T07:46:25+00:00\" \/>\n<meta property=\"article:modified_time\" content=\"2023-02-03T09:06:17+00:00\" \/>\n<meta property=\"og:image\" content=\"https:\/\/www.nettali.com\/wp-content\/uploads\/2019\/08\/incendie9.jpg\" \/>\n\t<meta property=\"og:image:width\" content=\"700\" \/>\n\t<meta property=\"og:image:height\" content=\"525\" \/>\n<meta name=\"twitter:card\" content=\"summary_large_image\" \/>\n<meta name=\"twitter:label1\" content=\"\u00c9crit par\" \/>\n\t<meta name=\"twitter:data1\" content=\"Daouda\" \/>\n\t<meta name=\"twitter:label2\" content=\"Dur\u00e9e de lecture estim\u00e9e\" \/>\n\t<meta name=\"twitter:data2\" content=\"6 minutes\" \/>\n<script type=\"application\/ld+json\" class=\"yoast-schema-graph\">{\"@context\":\"https:\/\/schema.org\",\"@graph\":[{\"@type\":\"WebSite\",\"@id\":\"https:\/\/www.nettali.com\/#website\",\"url\":\"https:\/\/www.nettali.com\/\",\"name\":\"Nettali.com\",\"description\":\"Le rendez-vous critique du Net\",\"potentialAction\":[{\"@type\":\"SearchAction\",\"target\":{\"@type\":\"EntryPoint\",\"urlTemplate\":\"https:\/\/www.nettali.com\/?s={search_term_string}\"},\"query-input\":\"required name=search_term_string\"}],\"inLanguage\":\"fr-FR\"},{\"@type\":\"ImageObject\",\"@id\":\"https:\/\/www.nettali.com\/2023\/01\/31\/nos-marches-flambent-pourquoi\/#primaryimage\",\"inLanguage\":\"fr-FR\",\"url\":\"https:\/\/www.nettali.com\/wp-content\/uploads\/2019\/08\/incendie9.jpg\",\"contentUrl\":\"https:\/\/www.nettali.com\/wp-content\/uploads\/2019\/08\/incendie9.jpg\",\"width\":700,\"height\":525},{\"@type\":\"WebPage\",\"@id\":\"https:\/\/www.nettali.com\/2023\/01\/31\/nos-marches-flambent-pourquoi\/#webpage\",\"url\":\"https:\/\/www.nettali.com\/2023\/01\/31\/nos-marches-flambent-pourquoi\/\",\"name\":\"Nos march\\u00e9s flambent. Pourquoi ? | Nettali.com\",\"isPartOf\":{\"@id\":\"https:\/\/www.nettali.com\/#website\"},\"primaryImageOfPage\":{\"@id\":\"https:\/\/www.nettali.com\/2023\/01\/31\/nos-marches-flambent-pourquoi\/#primaryimage\"},\"datePublished\":\"2023-01-31T07:46:25+00:00\",\"dateModified\":\"2023-02-03T09:06:17+00:00\",\"author\":{\"@id\":\"https:\/\/www.nettali.com\/#\/schema\/person\/3317e0bb3aa1da309fbf7b2780901bf4\"},\"breadcrumb\":{\"@id\":\"https:\/\/www.nettali.com\/2023\/01\/31\/nos-marches-flambent-pourquoi\/#breadcrumb\"},\"inLanguage\":\"fr-FR\",\"potentialAction\":[{\"@type\":\"ReadAction\",\"target\":[\"https:\/\/www.nettali.com\/2023\/01\/31\/nos-marches-flambent-pourquoi\/\"]}]},{\"@type\":\"BreadcrumbList\",\"@id\":\"https:\/\/www.nettali.com\/2023\/01\/31\/nos-marches-flambent-pourquoi\/#breadcrumb\",\"itemListElement\":[{\"@type\":\"ListItem\",\"position\":1,\"name\":\"Accueil\",\"item\":\"https:\/\/www.nettali.com\/\"},{\"@type\":\"ListItem\",\"position\":2,\"name\":\"Nos march\\u00e9s flambent. Pourquoi ?\"}]},{\"@type\":\"Person\",\"@id\":\"https:\/\/www.nettali.com\/#\/schema\/person\/3317e0bb3aa1da309fbf7b2780901bf4\",\"name\":\"Daouda\",\"image\":{\"@type\":\"ImageObject\",\"@id\":\"https:\/\/www.nettali.com\/#personlogo\",\"inLanguage\":\"fr-FR\",\"url\":\"https:\/\/secure.gravatar.com\/avatar\/8d143b5a49345098ddcfee1c49c2f47c?s=96&d=mm&r=g\",\"contentUrl\":\"https:\/\/secure.gravatar.com\/avatar\/8d143b5a49345098ddcfee1c49c2f47c?s=96&d=mm&r=g\",\"caption\":\"Daouda\"},\"sameAs\":[\"https:\/\/www.nettali.com\"]}]}<\/script>\n<!-- \/ Yoast SEO Premium plugin. -->","yoast_head_json":{"title":"Nos march\u00e9s flambent. Pourquoi ? | Nettali.com","robots":{"index":"index","follow":"follow","max-snippet":"max-snippet:-1","max-image-preview":"max-image-preview:large","max-video-preview":"max-video-preview:-1"},"canonical":"https:\/\/www.nettali.com\/2023\/01\/31\/nos-marches-flambent-pourquoi\/","og_locale":"fr_FR","og_type":"article","og_title":"Nos march\u00e9s flambent. Pourquoi ?","og_description":"CONTRIBUTION - La r\u00e9currence, avec fr\u00e9n\u00e9sie, des incendies dans les march\u00e9s urbains, fait de ce fl\u00e9au un v\u00e9ritable probl\u00e8me de politique publique au S\u00e9n\u00e9gal. Pour preuve, la question s\u2019est invit\u00e9e en septembre 2018 en r\u00e9union du conseil des ministres avec une directive ferme, \u00e0 l\u2019\u00e9poque, du Chef de l\u2019\u00e9tat \u00e0 l\u2019endroit de son Premier ministre [&hellip;]","og_url":"https:\/\/www.nettali.com\/2023\/01\/31\/nos-marches-flambent-pourquoi\/","og_site_name":"Nettali.com","article_publisher":"https:\/\/www.facebook.com\/nettalicom","article_published_time":"2023-01-31T07:46:25+00:00","article_modified_time":"2023-02-03T09:06:17+00:00","og_image":[{"width":700,"height":525,"url":"https:\/\/www.nettali.com\/wp-content\/uploads\/2019\/08\/incendie9.jpg","type":"image\/jpeg"}],"twitter_card":"summary_large_image","twitter_misc":{"\u00c9crit par":"Daouda","Dur\u00e9e de lecture estim\u00e9e":"6 minutes"},"schema":{"@context":"https:\/\/schema.org","@graph":[{"@type":"WebSite","@id":"https:\/\/www.nettali.com\/#website","url":"https:\/\/www.nettali.com\/","name":"Nettali.com","description":"Le rendez-vous critique du Net","potentialAction":[{"@type":"SearchAction","target":{"@type":"EntryPoint","urlTemplate":"https:\/\/www.nettali.com\/?s={search_term_string}"},"query-input":"required name=search_term_string"}],"inLanguage":"fr-FR"},{"@type":"ImageObject","@id":"https:\/\/www.nettali.com\/2023\/01\/31\/nos-marches-flambent-pourquoi\/#primaryimage","inLanguage":"fr-FR","url":"https:\/\/www.nettali.com\/wp-content\/uploads\/2019\/08\/incendie9.jpg","contentUrl":"https:\/\/www.nettali.com\/wp-content\/uploads\/2019\/08\/incendie9.jpg","width":700,"height":525},{"@type":"WebPage","@id":"https:\/\/www.nettali.com\/2023\/01\/31\/nos-marches-flambent-pourquoi\/#webpage","url":"https:\/\/www.nettali.com\/2023\/01\/31\/nos-marches-flambent-pourquoi\/","name":"Nos march\u00e9s flambent. Pourquoi ? | Nettali.com","isPartOf":{"@id":"https:\/\/www.nettali.com\/#website"},"primaryImageOfPage":{"@id":"https:\/\/www.nettali.com\/2023\/01\/31\/nos-marches-flambent-pourquoi\/#primaryimage"},"datePublished":"2023-01-31T07:46:25+00:00","dateModified":"2023-02-03T09:06:17+00:00","author":{"@id":"https:\/\/www.nettali.com\/#\/schema\/person\/3317e0bb3aa1da309fbf7b2780901bf4"},"breadcrumb":{"@id":"https:\/\/www.nettali.com\/2023\/01\/31\/nos-marches-flambent-pourquoi\/#breadcrumb"},"inLanguage":"fr-FR","potentialAction":[{"@type":"ReadAction","target":["https:\/\/www.nettali.com\/2023\/01\/31\/nos-marches-flambent-pourquoi\/"]}]},{"@type":"BreadcrumbList","@id":"https:\/\/www.nettali.com\/2023\/01\/31\/nos-marches-flambent-pourquoi\/#breadcrumb","itemListElement":[{"@type":"ListItem","position":1,"name":"Accueil","item":"https:\/\/www.nettali.com\/"},{"@type":"ListItem","position":2,"name":"Nos march\u00e9s flambent. Pourquoi ?"}]},{"@type":"Person","@id":"https:\/\/www.nettali.com\/#\/schema\/person\/3317e0bb3aa1da309fbf7b2780901bf4","name":"Daouda","image":{"@type":"ImageObject","@id":"https:\/\/www.nettali.com\/#personlogo","inLanguage":"fr-FR","url":"https:\/\/secure.gravatar.com\/avatar\/8d143b5a49345098ddcfee1c49c2f47c?s=96&d=mm&r=g","contentUrl":"https:\/\/secure.gravatar.com\/avatar\/8d143b5a49345098ddcfee1c49c2f47c?s=96&d=mm&r=g","caption":"Daouda"},"sameAs":["https:\/\/www.nettali.com"]}]}},"_links":{"self":[{"href":"https:\/\/www.nettali.com\/rest\/wp\/v2\/posts\/102951"}],"collection":[{"href":"https:\/\/www.nettali.com\/rest\/wp\/v2\/posts"}],"about":[{"href":"https:\/\/www.nettali.com\/rest\/wp\/v2\/types\/post"}],"author":[{"embeddable":true,"href":"https:\/\/www.nettali.com\/rest\/wp\/v2\/users\/4"}],"replies":[{"embeddable":true,"href":"https:\/\/www.nettali.com\/rest\/wp\/v2\/comments?post=102951"}],"version-history":[{"count":1,"href":"https:\/\/www.nettali.com\/rest\/wp\/v2\/posts\/102951\/revisions"}],"predecessor-version":[{"id":102954,"href":"https:\/\/www.nettali.com\/rest\/wp\/v2\/posts\/102951\/revisions\/102954"}],"wp:featuredmedia":[{"embeddable":true,"href":"https:\/\/www.nettali.com\/rest\/wp\/v2\/media\/16499"}],"wp:attachment":[{"href":"https:\/\/www.nettali.com\/rest\/wp\/v2\/media?parent=102951"}],"wp:term":[{"taxonomy":"category","embeddable":true,"href":"https:\/\/www.nettali.com\/rest\/wp\/v2\/categories?post=102951"},{"taxonomy":"post_tag","embeddable":true,"href":"https:\/\/www.nettali.com\/rest\/wp\/v2\/tags?post=102951"}],"curies":[{"name":"wp","href":"https:\/\/api.w.org\/{rel}","templated":true}]}}