{"id":102925,"date":"2023-01-29T20:24:35","date_gmt":"2023-01-29T20:24:35","guid":{"rendered":"https:\/\/www.nettali.com\/?p=102925"},"modified":"2023-01-29T23:19:00","modified_gmt":"2023-01-29T23:19:00","slug":"en-route-vers-fc-seville-pape-gueye-passe-sa-visite-medicale-ce-lundi","status":"publish","type":"post","link":"https:\/\/www.nettali.com\/2023\/01\/29\/en-route-vers-fc-seville-pape-gueye-passe-sa-visite-medicale-ce-lundi\/","title":{"rendered":"EN ROUTE VERS FC SEVILLE - Pape Gu\u00e8ye passe sa visite m\u00e9dicale ce lundi"},"content":{"rendered":"<p><strong>NETTALI.COM - Ce n\u2019est plus qu\u2019une question d\u2019heures : le milieu de terrain international s\u00e9n\u00e9galais Pape Gueye va rejoindre le S\u00e9ville FC en pr\u00eat jusqu\u2019\u00e0 la fin de la saison en provenance de l\u2019Olympique de Marseille.<\/strong><\/p>\n<p>Apr\u00e8s Bamba Dieng, un autre international s\u00e9n\u00e9galais est sur le point de quitter l'Olympique de Marseille. En effet, l'OM et le FC S\u00e9ville sont en n\u00e9gociations tr\u00e8s avanc\u00e9es sur le dossier de Pape Gu\u00e8ye.<\/p>\n<p>Selon nos informations, le champion d\u2019Afrique s\u2019est envol\u00e9 en jet priv\u00e9 pour le sud de l\u2019Espagne ce dimanche soir pour finaliser les termes d'un pr\u00eat avec option d'achat. Sa visite m\u00e9dicale est pr\u00e9vue ce lundi du c\u00f4t\u00e9 de la Perle d\u2019Andalousie.<\/p>\n<div class='share-to-whatsapp-wrapper'><div class='share-on-whsp'>PARTAGER SUR : <\/div><a data-text='EN ROUTE VERS FC SEVILLE - Pape Gu\u00e8ye passe sa visite m\u00e9dicale ce lundi' data-link='https:\/\/www.nettali.com\/2023\/01\/29\/en-route-vers-fc-seville-pape-gueye-passe-sa-visite-medicale-ce-lundi\/' class='whatsapp-button whatsapp-share'>WhatsApp<\/a><div class='clear '><\/div><\/div>","protected":false},"excerpt":{"rendered":"<p>NETTALI.COM - Ce n\u2019est plus qu\u2019une question d\u2019heures : le milieu de terrain international s\u00e9n\u00e9galais Pape Gueye va rejoindre le S\u00e9ville FC en pr\u00eat jusqu\u2019\u00e0 la fin de la saison en provenance de l\u2019Olympique de Marseille. Apr\u00e8s Bamba Dieng, un autre international s\u00e9n\u00e9galais est sur le point de quitter l'Olympique de Marseille. En effet, l'OM [&hellip;]<\/p>\n","protected":false},"author":5,"featured_media":102926,"comment_status":"open","ping_status":"open","sticky":false,"template":"","format":"standard","meta":{"_et_pb_use_builder":"","_et_pb_old_content":""},"categories":[6],"tags":[],"yoast_head":"<!-- This site is optimized with the Yoast SEO Premium plugin v17.8 (Yoast SEO v17.8) - https:\/\/yoast.com\/wordpress\/plugins\/seo\/ -->\n<title>EN ROUTE VERS FC SEVILLE - Pape Gu\u00e8ye passe sa visite m\u00e9dicale ce lundi | Nettali.com<\/title>\n<meta name=\"robots\" content=\"index, follow, max-snippet:-1, max-image-preview:large, max-video-preview:-1\" \/>\n<link rel=\"canonical\" href=\"https:\/\/www.nettali.com\/2023\/01\/29\/en-route-vers-fc-seville-pape-gueye-passe-sa-visite-medicale-ce-lundi\/\" \/>\n<meta property=\"og:locale\" content=\"fr_FR\" \/>\n<meta property=\"og:type\" content=\"article\" \/>\n<meta property=\"og:title\" content=\"EN ROUTE VERS FC SEVILLE - Pape Gu\u00e8ye passe sa visite m\u00e9dicale ce lundi\" \/>\n<meta property=\"og:description\" content=\"NETTALI.COM - Ce n\u2019est plus qu\u2019une question d\u2019heures : le milieu de terrain international s\u00e9n\u00e9galais Pape Gueye va rejoindre le S\u00e9ville FC en pr\u00eat jusqu\u2019\u00e0 la fin de la saison en provenance de l\u2019Olympique de Marseille. Apr\u00e8s Bamba Dieng, un autre international s\u00e9n\u00e9galais est sur le point de quitter l&#039;Olympique de Marseille. En effet, l&#039;OM [&hellip;]\" \/>\n<meta property=\"og:url\" content=\"https:\/\/www.nettali.com\/2023\/01\/29\/en-route-vers-fc-seville-pape-gueye-passe-sa-visite-medicale-ce-lundi\/\" \/>\n<meta property=\"og:site_name\" content=\"Nettali.com\" \/>\n<meta property=\"article:publisher\" content=\"https:\/\/www.facebook.com\/nettalicom\" \/>\n<meta property=\"article:published_time\" content=\"2023-01-29T20:24:35+00:00\" \/>\n<meta property=\"article:modified_time\" content=\"2023-01-29T23:19:00+00:00\" \/>\n<meta property=\"og:image\" content=\"https:\/\/www.nettali.com\/wp-content\/uploads\/2023\/01\/04667.jpg\" \/>\n\t<meta property=\"og:image:width\" content=\"828\" \/>\n\t<meta property=\"og:image:height\" content=\"552\" \/>\n<meta name=\"twitter:card\" content=\"summary_large_image\" \/>\n<meta name=\"twitter:label1\" content=\"\u00c9crit par\" \/>\n\t<meta name=\"twitter:data1\" content=\"Ibrahima\" \/>\n\t<meta name=\"twitter:label2\" content=\"Dur\u00e9e de lecture estim\u00e9e\" \/>\n\t<meta name=\"twitter:data2\" content=\"1 minute\" \/>\n<script type=\"application\/ld+json\" class=\"yoast-schema-graph\">{\"@context\":\"https:\/\/schema.org\",\"@graph\":[{\"@type\":\"WebSite\",\"@id\":\"https:\/\/www.nettali.com\/#website\",\"url\":\"https:\/\/www.nettali.com\/\",\"name\":\"Nettali.com\",\"description\":\"Le rendez-vous critique du Net\",\"potentialAction\":[{\"@type\":\"SearchAction\",\"target\":{\"@type\":\"EntryPoint\",\"urlTemplate\":\"https:\/\/www.nettali.com\/?s={search_term_string}\"},\"query-input\":\"required name=search_term_string\"}],\"inLanguage\":\"fr-FR\"},{\"@type\":\"ImageObject\",\"@id\":\"https:\/\/www.nettali.com\/2023\/01\/29\/en-route-vers-fc-seville-pape-gueye-passe-sa-visite-medicale-ce-lundi\/#primaryimage\",\"inLanguage\":\"fr-FR\",\"url\":\"https:\/\/www.nettali.com\/wp-content\/uploads\/2023\/01\/04667.jpg\",\"contentUrl\":\"https:\/\/www.nettali.com\/wp-content\/uploads\/2023\/01\/04667.jpg\",\"width\":828,\"height\":552},{\"@type\":\"WebPage\",\"@id\":\"https:\/\/www.nettali.com\/2023\/01\/29\/en-route-vers-fc-seville-pape-gueye-passe-sa-visite-medicale-ce-lundi\/#webpage\",\"url\":\"https:\/\/www.nettali.com\/2023\/01\/29\/en-route-vers-fc-seville-pape-gueye-passe-sa-visite-medicale-ce-lundi\/\",\"name\":\"EN ROUTE VERS FC SEVILLE - Pape Gu\\u00e8ye passe sa visite m\\u00e9dicale ce lundi | Nettali.com\",\"isPartOf\":{\"@id\":\"https:\/\/www.nettali.com\/#website\"},\"primaryImageOfPage\":{\"@id\":\"https:\/\/www.nettali.com\/2023\/01\/29\/en-route-vers-fc-seville-pape-gueye-passe-sa-visite-medicale-ce-lundi\/#primaryimage\"},\"datePublished\":\"2023-01-29T20:24:35+00:00\",\"dateModified\":\"2023-01-29T23:19:00+00:00\",\"author\":{\"@id\":\"https:\/\/www.nettali.com\/#\/schema\/person\/bb147657c2986240405a608162b9bb23\"},\"breadcrumb\":{\"@id\":\"https:\/\/www.nettali.com\/2023\/01\/29\/en-route-vers-fc-seville-pape-gueye-passe-sa-visite-medicale-ce-lundi\/#breadcrumb\"},\"inLanguage\":\"fr-FR\",\"potentialAction\":[{\"@type\":\"ReadAction\",\"target\":[\"https:\/\/www.nettali.com\/2023\/01\/29\/en-route-vers-fc-seville-pape-gueye-passe-sa-visite-medicale-ce-lundi\/\"]}]},{\"@type\":\"BreadcrumbList\",\"@id\":\"https:\/\/www.nettali.com\/2023\/01\/29\/en-route-vers-fc-seville-pape-gueye-passe-sa-visite-medicale-ce-lundi\/#breadcrumb\",\"itemListElement\":[{\"@type\":\"ListItem\",\"position\":1,\"name\":\"Accueil\",\"item\":\"https:\/\/www.nettali.com\/\"},{\"@type\":\"ListItem\",\"position\":2,\"name\":\"EN ROUTE VERS FC SEVILLE - Pape Gu\\u00e8ye passe sa visite m\\u00e9dicale ce lundi\"}]},{\"@type\":\"Person\",\"@id\":\"https:\/\/www.nettali.com\/#\/schema\/person\/bb147657c2986240405a608162b9bb23\",\"name\":\"Ibrahima\",\"image\":{\"@type\":\"ImageObject\",\"@id\":\"https:\/\/www.nettali.com\/#personlogo\",\"inLanguage\":\"fr-FR\",\"url\":\"https:\/\/secure.gravatar.com\/avatar\/26a8a81f09f0dd7624c9d5c36c9ba3a2?s=96&d=mm&r=g\",\"contentUrl\":\"https:\/\/secure.gravatar.com\/avatar\/26a8a81f09f0dd7624c9d5c36c9ba3a2?s=96&d=mm&r=g\",\"caption\":\"Ibrahima\"},\"sameAs\":[\"https:\/\/www.nettali.com\"]}]}<\/script>\n<!-- \/ Yoast SEO Premium plugin. -->","yoast_head_json":{"title":"EN ROUTE VERS FC SEVILLE - Pape Gu\u00e8ye passe sa visite m\u00e9dicale ce lundi | Nettali.com","robots":{"index":"index","follow":"follow","max-snippet":"max-snippet:-1","max-image-preview":"max-image-preview:large","max-video-preview":"max-video-preview:-1"},"canonical":"https:\/\/www.nettali.com\/2023\/01\/29\/en-route-vers-fc-seville-pape-gueye-passe-sa-visite-medicale-ce-lundi\/","og_locale":"fr_FR","og_type":"article","og_title":"EN ROUTE VERS FC SEVILLE - Pape Gu\u00e8ye passe sa visite m\u00e9dicale ce lundi","og_description":"NETTALI.COM - Ce n\u2019est plus qu\u2019une question d\u2019heures : le milieu de terrain international s\u00e9n\u00e9galais Pape Gueye va rejoindre le S\u00e9ville FC en pr\u00eat jusqu\u2019\u00e0 la fin de la saison en provenance de l\u2019Olympique de Marseille. Apr\u00e8s Bamba Dieng, un autre international s\u00e9n\u00e9galais est sur le point de quitter l'Olympique de Marseille. En effet, l'OM [&hellip;]","og_url":"https:\/\/www.nettali.com\/2023\/01\/29\/en-route-vers-fc-seville-pape-gueye-passe-sa-visite-medicale-ce-lundi\/","og_site_name":"Nettali.com","article_publisher":"https:\/\/www.facebook.com\/nettalicom","article_published_time":"2023-01-29T20:24:35+00:00","article_modified_time":"2023-01-29T23:19:00+00:00","og_image":[{"width":828,"height":552,"url":"https:\/\/www.nettali.com\/wp-content\/uploads\/2023\/01\/04667.jpg","type":"image\/jpeg"}],"twitter_card":"summary_large_image","twitter_misc":{"\u00c9crit par":"Ibrahima","Dur\u00e9e de lecture estim\u00e9e":"1 minute"},"schema":{"@context":"https:\/\/schema.org","@graph":[{"@type":"WebSite","@id":"https:\/\/www.nettali.com\/#website","url":"https:\/\/www.nettali.com\/","name":"Nettali.com","description":"Le rendez-vous critique du Net","potentialAction":[{"@type":"SearchAction","target":{"@type":"EntryPoint","urlTemplate":"https:\/\/www.nettali.com\/?s={search_term_string}"},"query-input":"required name=search_term_string"}],"inLanguage":"fr-FR"},{"@type":"ImageObject","@id":"https:\/\/www.nettali.com\/2023\/01\/29\/en-route-vers-fc-seville-pape-gueye-passe-sa-visite-medicale-ce-lundi\/#primaryimage","inLanguage":"fr-FR","url":"https:\/\/www.nettali.com\/wp-content\/uploads\/2023\/01\/04667.jpg","contentUrl":"https:\/\/www.nettali.com\/wp-content\/uploads\/2023\/01\/04667.jpg","width":828,"height":552},{"@type":"WebPage","@id":"https:\/\/www.nettali.com\/2023\/01\/29\/en-route-vers-fc-seville-pape-gueye-passe-sa-visite-medicale-ce-lundi\/#webpage","url":"https:\/\/www.nettali.com\/2023\/01\/29\/en-route-vers-fc-seville-pape-gueye-passe-sa-visite-medicale-ce-lundi\/","name":"EN ROUTE VERS FC SEVILLE - Pape Gu\u00e8ye passe sa visite m\u00e9dicale ce lundi | Nettali.com","isPartOf":{"@id":"https:\/\/www.nettali.com\/#website"},"primaryImageOfPage":{"@id":"https:\/\/www.nettali.com\/2023\/01\/29\/en-route-vers-fc-seville-pape-gueye-passe-sa-visite-medicale-ce-lundi\/#primaryimage"},"datePublished":"2023-01-29T20:24:35+00:00","dateModified":"2023-01-29T23:19:00+00:00","author":{"@id":"https:\/\/www.nettali.com\/#\/schema\/person\/bb147657c2986240405a608162b9bb23"},"breadcrumb":{"@id":"https:\/\/www.nettali.com\/2023\/01\/29\/en-route-vers-fc-seville-pape-gueye-passe-sa-visite-medicale-ce-lundi\/#breadcrumb"},"inLanguage":"fr-FR","potentialAction":[{"@type":"ReadAction","target":["https:\/\/www.nettali.com\/2023\/01\/29\/en-route-vers-fc-seville-pape-gueye-passe-sa-visite-medicale-ce-lundi\/"]}]},{"@type":"BreadcrumbList","@id":"https:\/\/www.nettali.com\/2023\/01\/29\/en-route-vers-fc-seville-pape-gueye-passe-sa-visite-medicale-ce-lundi\/#breadcrumb","itemListElement":[{"@type":"ListItem","position":1,"name":"Accueil","item":"https:\/\/www.nettali.com\/"},{"@type":"ListItem","position":2,"name":"EN ROUTE VERS FC SEVILLE - Pape Gu\u00e8ye passe sa visite m\u00e9dicale ce lundi"}]},{"@type":"Person","@id":"https:\/\/www.nettali.com\/#\/schema\/person\/bb147657c2986240405a608162b9bb23","name":"Ibrahima","image":{"@type":"ImageObject","@id":"https:\/\/www.nettali.com\/#personlogo","inLanguage":"fr-FR","url":"https:\/\/secure.gravatar.com\/avatar\/26a8a81f09f0dd7624c9d5c36c9ba3a2?s=96&d=mm&r=g","contentUrl":"https:\/\/secure.gravatar.com\/avatar\/26a8a81f09f0dd7624c9d5c36c9ba3a2?s=96&d=mm&r=g","caption":"Ibrahima"},"sameAs":["https:\/\/www.nettali.com"]}]}},"_links":{"self":[{"href":"https:\/\/www.nettali.com\/rest\/wp\/v2\/posts\/102925"}],"collection":[{"href":"https:\/\/www.nettali.com\/rest\/wp\/v2\/posts"}],"about":[{"href":"https:\/\/www.nettali.com\/rest\/wp\/v2\/types\/post"}],"author":[{"embeddable":true,"href":"https:\/\/www.nettali.com\/rest\/wp\/v2\/users\/5"}],"replies":[{"embeddable":true,"href":"https:\/\/www.nettali.com\/rest\/wp\/v2\/comments?post=102925"}],"version-history":[{"count":2,"href":"https:\/\/www.nettali.com\/rest\/wp\/v2\/posts\/102925\/revisions"}],"predecessor-version":[{"id":102934,"href":"https:\/\/www.nettali.com\/rest\/wp\/v2\/posts\/102925\/revisions\/102934"}],"wp:featuredmedia":[{"embeddable":true,"href":"https:\/\/www.nettali.com\/rest\/wp\/v2\/media\/102926"}],"wp:attachment":[{"href":"https:\/\/www.nettali.com\/rest\/wp\/v2\/media?parent=102925"}],"wp:term":[{"taxonomy":"category","embeddable":true,"href":"https:\/\/www.nettali.com\/rest\/wp\/v2\/categories?post=102925"},{"taxonomy":"post_tag","embeddable":true,"href":"https:\/\/www.nettali.com\/rest\/wp\/v2\/tags?post=102925"}],"curies":[{"name":"wp","href":"https:\/\/api.w.org\/{rel}","templated":true}]}}