{"id":102921,"date":"2023-01-29T20:02:59","date_gmt":"2023-01-29T20:02:59","guid":{"rendered":"https:\/\/www.nettali.com\/?p=102921"},"modified":"2023-01-29T20:03:51","modified_gmt":"2023-01-29T20:03:51","slug":"bamba-dieng-lhistoire-ne-sest-pas-finie-comme-je-laurai-souhaitee","status":"publish","type":"post","link":"https:\/\/www.nettali.com\/2023\/01\/29\/bamba-dieng-lhistoire-ne-sest-pas-finie-comme-je-laurai-souhaitee\/","title":{"rendered":"BAMBA DIENG - \"L\u2019histoire ne s\u2019est pas finie comme je l\u2019aurai souhait\u00e9e\""},"content":{"rendered":"<p><strong>NETTALI.COM - Transf\u00e9r\u00e9 \u00e0 Lorient contre un ch\u00e8que de 8 millions d'euros, Bamba Dieng a adress\u00e9 un long message aux supporters et dirigeants de l\u2019OM sur son compte Instagram.<\/strong><\/p>\n<p>Apr\u00e8s un long feuilleton qui a commenc\u00e9 l\u2019\u00e9t\u00e9 dernier, Cheikh Ahmadou Bamba Dieng a enfin quitter l\u2019Olympique de Marseille. Apr\u00e8s deux saisons pass\u00e9es dans le club phoc\u00e9en, qu\u2019il avait rejoint dans le cadre du partenariat entre son club formateur Diambars et la formation fran\u00e7aise, l\u2019attaquant de 22 ans s\u2019est engag\u00e9 avec le FC Lorient contre un montant de huit millions d\u2019euros et un contrat jusqu\u2019en 2025, plus deux ann\u00e9es en option. Deux jours apr\u00e8s l\u2019officialisation de ce transfert, le Champion d\u2019Afrique, qui a quitt\u00e9 l\u2019OM forc\u00e9ment avec un go\u00fbt amer, a souhait\u00e9 remercier les fans sur son compte Instagram.<\/p>\n<p>\"<em>Comme vous le savez d\u00e9sormais, une belle page se tourne ! Avoir la chance de jouer pour un club comme l\u2019OM a \u00e9t\u00e9 un vrai privil\u00e8ge pour moi. L\u2019histoire ne s\u2019est certes pas finie comme je l\u2019aurai souhait\u00e9e mais ainsi va la vie. Je tiens \u00e0 remercier Nasser Larguet qui m\u2019a donn\u00e9 la chance d\u2019\u00eatre recrut\u00e9 et m\u2019avoir lanc\u00e9 avec les pros, de m\u00eame que (Jorge) Sampaoli pour son accompagnement et sa confiance. Je n\u2019oublierai pas que c\u2019est gr\u00e2ce \u00e0 ce recrutement que ma carri\u00e8re a \u00e9t\u00e9 lanc\u00e9<\/em>\", adresse Bamba Dieng \u00e0 ses abonn\u00e9s. En plus de ses fervents supporters, le champion d'Afrique a tenu \u00e0 remercier particuli\u00e8rement les diff\u00e9rents staffs mais aussi ses d\u00e9sormais anciens co\u00e9quipiers.<\/p>\n<p>\"<em>Je voulais \u00e9galement remercier et exprimer ma gratitude au staff, aux entra\u00eeneurs, \u00e0 mes pr\u00e9cieux co-\u00e9quipiers qui m\u2019ont accueilli \u00e0 mes d\u00e9buts et aid\u00e9 dans ma progression et surtout soutenu dans les moments plus difficiles. Enfin et surtout vous les SUPPORTERS qui m\u2019avez adopt\u00e9 d\u00e8s mes d\u00e9buts, soutenu quand c\u2019\u00e9tait vraiment compliqu\u00e9, je tiens \u00e0 vous le dire vous m\u2019avez donn\u00e9 la force quand je ne l\u2019avais plus. Je fais partie des v\u00f4tres pour toujours. Marseillais \u00e0 vie, je vous garde dans mon coeur et n\u2019oublierai jamais ces moments v\u00e9cus ensemble plein de passion. Je vous souhaite le meilleur et plein de succ\u00e8s. Ce fut un honneur. A bient\u00f4t et allez l\u2019OM<\/em>\", a conclu l'ex num\u00e9ro 12 marseillais.<\/p>\n<div class='share-to-whatsapp-wrapper'><div class='share-on-whsp'>PARTAGER SUR : <\/div><a data-text='BAMBA DIENG - \"L\u2019histoire ne s\u2019est pas finie comme je l\u2019aurai souhait\u00e9e\"' data-link='https:\/\/www.nettali.com\/2023\/01\/29\/bamba-dieng-lhistoire-ne-sest-pas-finie-comme-je-laurai-souhaitee\/' class='whatsapp-button whatsapp-share'>WhatsApp<\/a><div class='clear '><\/div><\/div>","protected":false},"excerpt":{"rendered":"<p>NETTALI.COM - Transf\u00e9r\u00e9 \u00e0 Lorient contre un ch\u00e8que de 8 millions d'euros, Bamba Dieng a adress\u00e9 un long message aux supporters et dirigeants de l\u2019OM sur son compte Instagram. Apr\u00e8s un long feuilleton qui a commenc\u00e9 l\u2019\u00e9t\u00e9 dernier, Cheikh Ahmadou Bamba Dieng a enfin quitter l\u2019Olympique de Marseille. Apr\u00e8s deux saisons pass\u00e9es dans le club [&hellip;]<\/p>\n","protected":false},"author":5,"featured_media":102836,"comment_status":"open","ping_status":"open","sticky":false,"template":"","format":"standard","meta":{"_et_pb_use_builder":"","_et_pb_old_content":""},"categories":[6],"tags":[],"yoast_head":"<!-- This site is optimized with the Yoast SEO Premium plugin v17.8 (Yoast SEO v17.8) - https:\/\/yoast.com\/wordpress\/plugins\/seo\/ -->\n<title>BAMBA DIENG - &quot;L\u2019histoire ne s\u2019est pas finie comme je l\u2019aurai souhait\u00e9e&quot; | Nettali.com<\/title>\n<meta name=\"robots\" content=\"index, follow, max-snippet:-1, max-image-preview:large, max-video-preview:-1\" \/>\n<link rel=\"canonical\" href=\"https:\/\/www.nettali.com\/2023\/01\/29\/bamba-dieng-lhistoire-ne-sest-pas-finie-comme-je-laurai-souhaitee\/\" \/>\n<meta property=\"og:locale\" content=\"fr_FR\" \/>\n<meta property=\"og:type\" content=\"article\" \/>\n<meta property=\"og:title\" content=\"BAMBA DIENG - &quot;L\u2019histoire ne s\u2019est pas finie comme je l\u2019aurai souhait\u00e9e&quot;\" \/>\n<meta property=\"og:description\" content=\"NETTALI.COM - Transf\u00e9r\u00e9 \u00e0 Lorient contre un ch\u00e8que de 8 millions d&#039;euros, Bamba Dieng a adress\u00e9 un long message aux supporters et dirigeants de l\u2019OM sur son compte Instagram. Apr\u00e8s un long feuilleton qui a commenc\u00e9 l\u2019\u00e9t\u00e9 dernier, Cheikh Ahmadou Bamba Dieng a enfin quitter l\u2019Olympique de Marseille. Apr\u00e8s deux saisons pass\u00e9es dans le club [&hellip;]\" \/>\n<meta property=\"og:url\" content=\"https:\/\/www.nettali.com\/2023\/01\/29\/bamba-dieng-lhistoire-ne-sest-pas-finie-comme-je-laurai-souhaitee\/\" \/>\n<meta property=\"og:site_name\" content=\"Nettali.com\" \/>\n<meta property=\"article:publisher\" content=\"https:\/\/www.facebook.com\/nettalicom\" \/>\n<meta property=\"article:published_time\" content=\"2023-01-29T20:02:59+00:00\" \/>\n<meta property=\"article:modified_time\" content=\"2023-01-29T20:03:51+00:00\" \/>\n<meta property=\"og:image\" content=\"https:\/\/www.nettali.com\/wp-content\/uploads\/2023\/01\/bamba-dieng-om-strasbourg-joie-new.jpg\" \/>\n\t<meta property=\"og:image:width\" content=\"730\" \/>\n\t<meta property=\"og:image:height\" content=\"411\" \/>\n<meta name=\"twitter:card\" content=\"summary_large_image\" \/>\n<meta name=\"twitter:label1\" content=\"\u00c9crit par\" \/>\n\t<meta name=\"twitter:data1\" content=\"Ibrahima\" \/>\n\t<meta name=\"twitter:label2\" content=\"Dur\u00e9e de lecture estim\u00e9e\" \/>\n\t<meta name=\"twitter:data2\" content=\"2 minutes\" \/>\n<script type=\"application\/ld+json\" class=\"yoast-schema-graph\">{\"@context\":\"https:\/\/schema.org\",\"@graph\":[{\"@type\":\"WebSite\",\"@id\":\"https:\/\/www.nettali.com\/#website\",\"url\":\"https:\/\/www.nettali.com\/\",\"name\":\"Nettali.com\",\"description\":\"Le rendez-vous critique du Net\",\"potentialAction\":[{\"@type\":\"SearchAction\",\"target\":{\"@type\":\"EntryPoint\",\"urlTemplate\":\"https:\/\/www.nettali.com\/?s={search_term_string}\"},\"query-input\":\"required name=search_term_string\"}],\"inLanguage\":\"fr-FR\"},{\"@type\":\"ImageObject\",\"@id\":\"https:\/\/www.nettali.com\/2023\/01\/29\/bamba-dieng-lhistoire-ne-sest-pas-finie-comme-je-laurai-souhaitee\/#primaryimage\",\"inLanguage\":\"fr-FR\",\"url\":\"https:\/\/www.nettali.com\/wp-content\/uploads\/2023\/01\/bamba-dieng-om-strasbourg-joie-new.jpg\",\"contentUrl\":\"https:\/\/www.nettali.com\/wp-content\/uploads\/2023\/01\/bamba-dieng-om-strasbourg-joie-new.jpg\",\"width\":730,\"height\":411},{\"@type\":\"WebPage\",\"@id\":\"https:\/\/www.nettali.com\/2023\/01\/29\/bamba-dieng-lhistoire-ne-sest-pas-finie-comme-je-laurai-souhaitee\/#webpage\",\"url\":\"https:\/\/www.nettali.com\/2023\/01\/29\/bamba-dieng-lhistoire-ne-sest-pas-finie-comme-je-laurai-souhaitee\/\",\"name\":\"BAMBA DIENG - \\\"L\\u2019histoire ne s\\u2019est pas finie comme je l\\u2019aurai souhait\\u00e9e\\\" | Nettali.com\",\"isPartOf\":{\"@id\":\"https:\/\/www.nettali.com\/#website\"},\"primaryImageOfPage\":{\"@id\":\"https:\/\/www.nettali.com\/2023\/01\/29\/bamba-dieng-lhistoire-ne-sest-pas-finie-comme-je-laurai-souhaitee\/#primaryimage\"},\"datePublished\":\"2023-01-29T20:02:59+00:00\",\"dateModified\":\"2023-01-29T20:03:51+00:00\",\"author\":{\"@id\":\"https:\/\/www.nettali.com\/#\/schema\/person\/bb147657c2986240405a608162b9bb23\"},\"breadcrumb\":{\"@id\":\"https:\/\/www.nettali.com\/2023\/01\/29\/bamba-dieng-lhistoire-ne-sest-pas-finie-comme-je-laurai-souhaitee\/#breadcrumb\"},\"inLanguage\":\"fr-FR\",\"potentialAction\":[{\"@type\":\"ReadAction\",\"target\":[\"https:\/\/www.nettali.com\/2023\/01\/29\/bamba-dieng-lhistoire-ne-sest-pas-finie-comme-je-laurai-souhaitee\/\"]}]},{\"@type\":\"BreadcrumbList\",\"@id\":\"https:\/\/www.nettali.com\/2023\/01\/29\/bamba-dieng-lhistoire-ne-sest-pas-finie-comme-je-laurai-souhaitee\/#breadcrumb\",\"itemListElement\":[{\"@type\":\"ListItem\",\"position\":1,\"name\":\"Accueil\",\"item\":\"https:\/\/www.nettali.com\/\"},{\"@type\":\"ListItem\",\"position\":2,\"name\":\"BAMBA DIENG - \\\"L\\u2019histoire ne s\\u2019est pas finie comme je l\\u2019aurai souhait\\u00e9e\\\"\"}]},{\"@type\":\"Person\",\"@id\":\"https:\/\/www.nettali.com\/#\/schema\/person\/bb147657c2986240405a608162b9bb23\",\"name\":\"Ibrahima\",\"image\":{\"@type\":\"ImageObject\",\"@id\":\"https:\/\/www.nettali.com\/#personlogo\",\"inLanguage\":\"fr-FR\",\"url\":\"https:\/\/secure.gravatar.com\/avatar\/26a8a81f09f0dd7624c9d5c36c9ba3a2?s=96&d=mm&r=g\",\"contentUrl\":\"https:\/\/secure.gravatar.com\/avatar\/26a8a81f09f0dd7624c9d5c36c9ba3a2?s=96&d=mm&r=g\",\"caption\":\"Ibrahima\"},\"sameAs\":[\"https:\/\/www.nettali.com\"]}]}<\/script>\n<!-- \/ Yoast SEO Premium plugin. -->","yoast_head_json":{"title":"BAMBA DIENG - \"L\u2019histoire ne s\u2019est pas finie comme je l\u2019aurai souhait\u00e9e\" | Nettali.com","robots":{"index":"index","follow":"follow","max-snippet":"max-snippet:-1","max-image-preview":"max-image-preview:large","max-video-preview":"max-video-preview:-1"},"canonical":"https:\/\/www.nettali.com\/2023\/01\/29\/bamba-dieng-lhistoire-ne-sest-pas-finie-comme-je-laurai-souhaitee\/","og_locale":"fr_FR","og_type":"article","og_title":"BAMBA DIENG - \"L\u2019histoire ne s\u2019est pas finie comme je l\u2019aurai souhait\u00e9e\"","og_description":"NETTALI.COM - Transf\u00e9r\u00e9 \u00e0 Lorient contre un ch\u00e8que de 8 millions d'euros, Bamba Dieng a adress\u00e9 un long message aux supporters et dirigeants de l\u2019OM sur son compte Instagram. Apr\u00e8s un long feuilleton qui a commenc\u00e9 l\u2019\u00e9t\u00e9 dernier, Cheikh Ahmadou Bamba Dieng a enfin quitter l\u2019Olympique de Marseille. Apr\u00e8s deux saisons pass\u00e9es dans le club [&hellip;]","og_url":"https:\/\/www.nettali.com\/2023\/01\/29\/bamba-dieng-lhistoire-ne-sest-pas-finie-comme-je-laurai-souhaitee\/","og_site_name":"Nettali.com","article_publisher":"https:\/\/www.facebook.com\/nettalicom","article_published_time":"2023-01-29T20:02:59+00:00","article_modified_time":"2023-01-29T20:03:51+00:00","og_image":[{"width":730,"height":411,"url":"https:\/\/www.nettali.com\/wp-content\/uploads\/2023\/01\/bamba-dieng-om-strasbourg-joie-new.jpg","type":"image\/jpeg"}],"twitter_card":"summary_large_image","twitter_misc":{"\u00c9crit par":"Ibrahima","Dur\u00e9e de lecture estim\u00e9e":"2 minutes"},"schema":{"@context":"https:\/\/schema.org","@graph":[{"@type":"WebSite","@id":"https:\/\/www.nettali.com\/#website","url":"https:\/\/www.nettali.com\/","name":"Nettali.com","description":"Le rendez-vous critique du Net","potentialAction":[{"@type":"SearchAction","target":{"@type":"EntryPoint","urlTemplate":"https:\/\/www.nettali.com\/?s={search_term_string}"},"query-input":"required name=search_term_string"}],"inLanguage":"fr-FR"},{"@type":"ImageObject","@id":"https:\/\/www.nettali.com\/2023\/01\/29\/bamba-dieng-lhistoire-ne-sest-pas-finie-comme-je-laurai-souhaitee\/#primaryimage","inLanguage":"fr-FR","url":"https:\/\/www.nettali.com\/wp-content\/uploads\/2023\/01\/bamba-dieng-om-strasbourg-joie-new.jpg","contentUrl":"https:\/\/www.nettali.com\/wp-content\/uploads\/2023\/01\/bamba-dieng-om-strasbourg-joie-new.jpg","width":730,"height":411},{"@type":"WebPage","@id":"https:\/\/www.nettali.com\/2023\/01\/29\/bamba-dieng-lhistoire-ne-sest-pas-finie-comme-je-laurai-souhaitee\/#webpage","url":"https:\/\/www.nettali.com\/2023\/01\/29\/bamba-dieng-lhistoire-ne-sest-pas-finie-comme-je-laurai-souhaitee\/","name":"BAMBA DIENG - \"L\u2019histoire ne s\u2019est pas finie comme je l\u2019aurai souhait\u00e9e\" | Nettali.com","isPartOf":{"@id":"https:\/\/www.nettali.com\/#website"},"primaryImageOfPage":{"@id":"https:\/\/www.nettali.com\/2023\/01\/29\/bamba-dieng-lhistoire-ne-sest-pas-finie-comme-je-laurai-souhaitee\/#primaryimage"},"datePublished":"2023-01-29T20:02:59+00:00","dateModified":"2023-01-29T20:03:51+00:00","author":{"@id":"https:\/\/www.nettali.com\/#\/schema\/person\/bb147657c2986240405a608162b9bb23"},"breadcrumb":{"@id":"https:\/\/www.nettali.com\/2023\/01\/29\/bamba-dieng-lhistoire-ne-sest-pas-finie-comme-je-laurai-souhaitee\/#breadcrumb"},"inLanguage":"fr-FR","potentialAction":[{"@type":"ReadAction","target":["https:\/\/www.nettali.com\/2023\/01\/29\/bamba-dieng-lhistoire-ne-sest-pas-finie-comme-je-laurai-souhaitee\/"]}]},{"@type":"BreadcrumbList","@id":"https:\/\/www.nettali.com\/2023\/01\/29\/bamba-dieng-lhistoire-ne-sest-pas-finie-comme-je-laurai-souhaitee\/#breadcrumb","itemListElement":[{"@type":"ListItem","position":1,"name":"Accueil","item":"https:\/\/www.nettali.com\/"},{"@type":"ListItem","position":2,"name":"BAMBA DIENG - \"L\u2019histoire ne s\u2019est pas finie comme je l\u2019aurai souhait\u00e9e\""}]},{"@type":"Person","@id":"https:\/\/www.nettali.com\/#\/schema\/person\/bb147657c2986240405a608162b9bb23","name":"Ibrahima","image":{"@type":"ImageObject","@id":"https:\/\/www.nettali.com\/#personlogo","inLanguage":"fr-FR","url":"https:\/\/secure.gravatar.com\/avatar\/26a8a81f09f0dd7624c9d5c36c9ba3a2?s=96&d=mm&r=g","contentUrl":"https:\/\/secure.gravatar.com\/avatar\/26a8a81f09f0dd7624c9d5c36c9ba3a2?s=96&d=mm&r=g","caption":"Ibrahima"},"sameAs":["https:\/\/www.nettali.com"]}]}},"_links":{"self":[{"href":"https:\/\/www.nettali.com\/rest\/wp\/v2\/posts\/102921"}],"collection":[{"href":"https:\/\/www.nettali.com\/rest\/wp\/v2\/posts"}],"about":[{"href":"https:\/\/www.nettali.com\/rest\/wp\/v2\/types\/post"}],"author":[{"embeddable":true,"href":"https:\/\/www.nettali.com\/rest\/wp\/v2\/users\/5"}],"replies":[{"embeddable":true,"href":"https:\/\/www.nettali.com\/rest\/wp\/v2\/comments?post=102921"}],"version-history":[{"count":1,"href":"https:\/\/www.nettali.com\/rest\/wp\/v2\/posts\/102921\/revisions"}],"predecessor-version":[{"id":102922,"href":"https:\/\/www.nettali.com\/rest\/wp\/v2\/posts\/102921\/revisions\/102922"}],"wp:featuredmedia":[{"embeddable":true,"href":"https:\/\/www.nettali.com\/rest\/wp\/v2\/media\/102836"}],"wp:attachment":[{"href":"https:\/\/www.nettali.com\/rest\/wp\/v2\/media?parent=102921"}],"wp:term":[{"taxonomy":"category","embeddable":true,"href":"https:\/\/www.nettali.com\/rest\/wp\/v2\/categories?post=102921"},{"taxonomy":"post_tag","embeddable":true,"href":"https:\/\/www.nettali.com\/rest\/wp\/v2\/tags?post=102921"}],"curies":[{"name":"wp","href":"https:\/\/api.w.org\/{rel}","templated":true}]}}