{"id":102838,"date":"2023-01-27T22:09:08","date_gmt":"2023-01-27T22:09:08","guid":{"rendered":"https:\/\/www.nettali.com\/?p=102838"},"modified":"2023-01-27T22:10:08","modified_gmt":"2023-01-27T22:10:08","slug":"chan-2023-le-senegal-dans-le-carre-das","status":"publish","type":"post","link":"https:\/\/www.nettali.com\/2023\/01\/27\/chan-2023-le-senegal-dans-le-carre-das\/","title":{"rendered":"CHAN 2023 - Le S\u00e9n\u00e9gal dans le carr\u00e9 d'as"},"content":{"rendered":"<p><strong>NETTALI.COM - Gr\u00e2ce \u00e0 un but sur p\u00e9nalty de Lamine Camara, le S\u00e9n\u00e9gal a \u00e9limin\u00e9 la Mauritanie (1-0) ce vendredi en quarts de finale du CHAN 2023. Apr\u00e8s l\u2019Alg\u00e9rie, les Lions sont la deuxi\u00e8me s\u00e9lection qualifi\u00e9e pour les demi-finales de la comp\u00e9tition.<\/strong><\/p>\n<p>Ce match prenait d\u2019entr\u00e9e une tournure inattendue avec des Mauritaniens \u00e0 la man\u0153uvre et entreprenants face \u00e0 des S\u00e9n\u00e9galais r\u00e9solus \u00e0 subir. En face, malgr\u00e9 une faible possession, les S\u00e9n\u00e9galais parvenaient \u00e0 se montrer extr\u00eamement mena\u00e7ants sur leur premi\u00e8re occasion mais Pape Diallo g\u00e2chait une offrande de Malick Mbaye en exp\u00e9diant au-dessus sa reprise au point de penalty.<\/p>\n<p>Froids de r\u00e9alisme, les hommes de Papa Bouna Thiaw profitaient ensuite d\u2019un corner pour obtenir un penalty, apr\u00e8s recours \u00e0 la VAR, en raison d\u2019un ceinturage de Mohamedhen Beibou sur Moussa Ndiaye. Apr\u00e8s son rat\u00e9 dans cet exercice lors du premier match contre la C\u00f4te d'Ivoire (1-0), Lamine Camara se reprenait en le transformant en force pour ouvrir le score (1-0, 34e).<\/p>\n<p>Au retour des vestiaires, Pape Diallo manquait le break pour le S\u00e9n\u00e9gal avant d\u2019\u00eatre de toute fa\u00e7on signal\u00e9 hors-jeu. Malgr\u00e9 deux actions litigieuses dans la surface et une sortie en catastrophe de Pape Sy, le S\u00e9n\u00e9gal r\u00e9sistait tant bien que mal et validait son billet pour les demi-finales o\u00f9 il affrontera mardi le vainqueur de\u00a0Madagascar vs Mozambique, programm\u00e9 ce samedi.<\/p>\n<div class='share-to-whatsapp-wrapper'><div class='share-on-whsp'>PARTAGER SUR : <\/div><a data-text='CHAN 2023 - Le S\u00e9n\u00e9gal dans le carr\u00e9 d'as' data-link='https:\/\/www.nettali.com\/2023\/01\/27\/chan-2023-le-senegal-dans-le-carre-das\/' class='whatsapp-button whatsapp-share'>WhatsApp<\/a><div class='clear '><\/div><\/div>","protected":false},"excerpt":{"rendered":"<p>NETTALI.COM - Gr\u00e2ce \u00e0 un but sur p\u00e9nalty de Lamine Camara, le S\u00e9n\u00e9gal a \u00e9limin\u00e9 la Mauritanie (1-0) ce vendredi en quarts de finale du CHAN 2023. Apr\u00e8s l\u2019Alg\u00e9rie, les Lions sont la deuxi\u00e8me s\u00e9lection qualifi\u00e9e pour les demi-finales de la comp\u00e9tition. Ce match prenait d\u2019entr\u00e9e une tournure inattendue avec des Mauritaniens \u00e0 la man\u0153uvre [&hellip;]<\/p>\n","protected":false},"author":5,"featured_media":102406,"comment_status":"open","ping_status":"open","sticky":false,"template":"","format":"standard","meta":{"_et_pb_use_builder":"","_et_pb_old_content":""},"categories":[6],"tags":[],"yoast_head":"<!-- This site is optimized with the Yoast SEO Premium plugin v17.8 (Yoast SEO v17.8) - https:\/\/yoast.com\/wordpress\/plugins\/seo\/ -->\n<title>CHAN 2023 - Le S\u00e9n\u00e9gal dans le carr\u00e9 d&#039;as | Nettali.com<\/title>\n<meta name=\"robots\" content=\"index, follow, max-snippet:-1, max-image-preview:large, max-video-preview:-1\" \/>\n<link rel=\"canonical\" href=\"https:\/\/www.nettali.com\/2023\/01\/27\/chan-2023-le-senegal-dans-le-carre-das\/\" \/>\n<meta property=\"og:locale\" content=\"fr_FR\" \/>\n<meta property=\"og:type\" content=\"article\" \/>\n<meta property=\"og:title\" content=\"CHAN 2023 - Le S\u00e9n\u00e9gal dans le carr\u00e9 d&#039;as\" \/>\n<meta property=\"og:description\" content=\"NETTALI.COM - Gr\u00e2ce \u00e0 un but sur p\u00e9nalty de Lamine Camara, le S\u00e9n\u00e9gal a \u00e9limin\u00e9 la Mauritanie (1-0) ce vendredi en quarts de finale du CHAN 2023. Apr\u00e8s l\u2019Alg\u00e9rie, les Lions sont la deuxi\u00e8me s\u00e9lection qualifi\u00e9e pour les demi-finales de la comp\u00e9tition. Ce match prenait d\u2019entr\u00e9e une tournure inattendue avec des Mauritaniens \u00e0 la man\u0153uvre [&hellip;]\" \/>\n<meta property=\"og:url\" content=\"https:\/\/www.nettali.com\/2023\/01\/27\/chan-2023-le-senegal-dans-le-carre-das\/\" \/>\n<meta property=\"og:site_name\" content=\"Nettali.com\" \/>\n<meta property=\"article:publisher\" content=\"https:\/\/www.facebook.com\/nettalicom\" \/>\n<meta property=\"article:published_time\" content=\"2023-01-27T22:09:08+00:00\" \/>\n<meta property=\"article:modified_time\" content=\"2023-01-27T22:10:08+00:00\" \/>\n<meta property=\"og:image\" content=\"https:\/\/www.nettali.com\/wp-content\/uploads\/2023\/01\/Senegal-RDC-CHAN-2023.jpg\" \/>\n\t<meta property=\"og:image:width\" content=\"886\" \/>\n\t<meta property=\"og:image:height\" content=\"500\" \/>\n<meta name=\"twitter:card\" content=\"summary_large_image\" \/>\n<meta name=\"twitter:label1\" content=\"\u00c9crit par\" \/>\n\t<meta name=\"twitter:data1\" content=\"Ibrahima\" \/>\n\t<meta name=\"twitter:label2\" content=\"Dur\u00e9e de lecture estim\u00e9e\" \/>\n\t<meta name=\"twitter:data2\" content=\"2 minutes\" \/>\n<script type=\"application\/ld+json\" class=\"yoast-schema-graph\">{\"@context\":\"https:\/\/schema.org\",\"@graph\":[{\"@type\":\"WebSite\",\"@id\":\"https:\/\/www.nettali.com\/#website\",\"url\":\"https:\/\/www.nettali.com\/\",\"name\":\"Nettali.com\",\"description\":\"Le rendez-vous critique du Net\",\"potentialAction\":[{\"@type\":\"SearchAction\",\"target\":{\"@type\":\"EntryPoint\",\"urlTemplate\":\"https:\/\/www.nettali.com\/?s={search_term_string}\"},\"query-input\":\"required name=search_term_string\"}],\"inLanguage\":\"fr-FR\"},{\"@type\":\"ImageObject\",\"@id\":\"https:\/\/www.nettali.com\/2023\/01\/27\/chan-2023-le-senegal-dans-le-carre-das\/#primaryimage\",\"inLanguage\":\"fr-FR\",\"url\":\"https:\/\/www.nettali.com\/wp-content\/uploads\/2023\/01\/Senegal-RDC-CHAN-2023.jpg\",\"contentUrl\":\"https:\/\/www.nettali.com\/wp-content\/uploads\/2023\/01\/Senegal-RDC-CHAN-2023.jpg\",\"width\":886,\"height\":500},{\"@type\":\"WebPage\",\"@id\":\"https:\/\/www.nettali.com\/2023\/01\/27\/chan-2023-le-senegal-dans-le-carre-das\/#webpage\",\"url\":\"https:\/\/www.nettali.com\/2023\/01\/27\/chan-2023-le-senegal-dans-le-carre-das\/\",\"name\":\"CHAN 2023 - Le S\\u00e9n\\u00e9gal dans le carr\\u00e9 d'as | Nettali.com\",\"isPartOf\":{\"@id\":\"https:\/\/www.nettali.com\/#website\"},\"primaryImageOfPage\":{\"@id\":\"https:\/\/www.nettali.com\/2023\/01\/27\/chan-2023-le-senegal-dans-le-carre-das\/#primaryimage\"},\"datePublished\":\"2023-01-27T22:09:08+00:00\",\"dateModified\":\"2023-01-27T22:10:08+00:00\",\"author\":{\"@id\":\"https:\/\/www.nettali.com\/#\/schema\/person\/bb147657c2986240405a608162b9bb23\"},\"breadcrumb\":{\"@id\":\"https:\/\/www.nettali.com\/2023\/01\/27\/chan-2023-le-senegal-dans-le-carre-das\/#breadcrumb\"},\"inLanguage\":\"fr-FR\",\"potentialAction\":[{\"@type\":\"ReadAction\",\"target\":[\"https:\/\/www.nettali.com\/2023\/01\/27\/chan-2023-le-senegal-dans-le-carre-das\/\"]}]},{\"@type\":\"BreadcrumbList\",\"@id\":\"https:\/\/www.nettali.com\/2023\/01\/27\/chan-2023-le-senegal-dans-le-carre-das\/#breadcrumb\",\"itemListElement\":[{\"@type\":\"ListItem\",\"position\":1,\"name\":\"Accueil\",\"item\":\"https:\/\/www.nettali.com\/\"},{\"@type\":\"ListItem\",\"position\":2,\"name\":\"CHAN 2023 - Le S\\u00e9n\\u00e9gal dans le carr\\u00e9 d'as\"}]},{\"@type\":\"Person\",\"@id\":\"https:\/\/www.nettali.com\/#\/schema\/person\/bb147657c2986240405a608162b9bb23\",\"name\":\"Ibrahima\",\"image\":{\"@type\":\"ImageObject\",\"@id\":\"https:\/\/www.nettali.com\/#personlogo\",\"inLanguage\":\"fr-FR\",\"url\":\"https:\/\/secure.gravatar.com\/avatar\/26a8a81f09f0dd7624c9d5c36c9ba3a2?s=96&d=mm&r=g\",\"contentUrl\":\"https:\/\/secure.gravatar.com\/avatar\/26a8a81f09f0dd7624c9d5c36c9ba3a2?s=96&d=mm&r=g\",\"caption\":\"Ibrahima\"},\"sameAs\":[\"https:\/\/www.nettali.com\"]}]}<\/script>\n<!-- \/ Yoast SEO Premium plugin. -->","yoast_head_json":{"title":"CHAN 2023 - Le S\u00e9n\u00e9gal dans le carr\u00e9 d'as | Nettali.com","robots":{"index":"index","follow":"follow","max-snippet":"max-snippet:-1","max-image-preview":"max-image-preview:large","max-video-preview":"max-video-preview:-1"},"canonical":"https:\/\/www.nettali.com\/2023\/01\/27\/chan-2023-le-senegal-dans-le-carre-das\/","og_locale":"fr_FR","og_type":"article","og_title":"CHAN 2023 - Le S\u00e9n\u00e9gal dans le carr\u00e9 d'as","og_description":"NETTALI.COM - Gr\u00e2ce \u00e0 un but sur p\u00e9nalty de Lamine Camara, le S\u00e9n\u00e9gal a \u00e9limin\u00e9 la Mauritanie (1-0) ce vendredi en quarts de finale du CHAN 2023. Apr\u00e8s l\u2019Alg\u00e9rie, les Lions sont la deuxi\u00e8me s\u00e9lection qualifi\u00e9e pour les demi-finales de la comp\u00e9tition. Ce match prenait d\u2019entr\u00e9e une tournure inattendue avec des Mauritaniens \u00e0 la man\u0153uvre [&hellip;]","og_url":"https:\/\/www.nettali.com\/2023\/01\/27\/chan-2023-le-senegal-dans-le-carre-das\/","og_site_name":"Nettali.com","article_publisher":"https:\/\/www.facebook.com\/nettalicom","article_published_time":"2023-01-27T22:09:08+00:00","article_modified_time":"2023-01-27T22:10:08+00:00","og_image":[{"width":886,"height":500,"url":"https:\/\/www.nettali.com\/wp-content\/uploads\/2023\/01\/Senegal-RDC-CHAN-2023.jpg","type":"image\/jpeg"}],"twitter_card":"summary_large_image","twitter_misc":{"\u00c9crit par":"Ibrahima","Dur\u00e9e de lecture estim\u00e9e":"2 minutes"},"schema":{"@context":"https:\/\/schema.org","@graph":[{"@type":"WebSite","@id":"https:\/\/www.nettali.com\/#website","url":"https:\/\/www.nettali.com\/","name":"Nettali.com","description":"Le rendez-vous critique du Net","potentialAction":[{"@type":"SearchAction","target":{"@type":"EntryPoint","urlTemplate":"https:\/\/www.nettali.com\/?s={search_term_string}"},"query-input":"required name=search_term_string"}],"inLanguage":"fr-FR"},{"@type":"ImageObject","@id":"https:\/\/www.nettali.com\/2023\/01\/27\/chan-2023-le-senegal-dans-le-carre-das\/#primaryimage","inLanguage":"fr-FR","url":"https:\/\/www.nettali.com\/wp-content\/uploads\/2023\/01\/Senegal-RDC-CHAN-2023.jpg","contentUrl":"https:\/\/www.nettali.com\/wp-content\/uploads\/2023\/01\/Senegal-RDC-CHAN-2023.jpg","width":886,"height":500},{"@type":"WebPage","@id":"https:\/\/www.nettali.com\/2023\/01\/27\/chan-2023-le-senegal-dans-le-carre-das\/#webpage","url":"https:\/\/www.nettali.com\/2023\/01\/27\/chan-2023-le-senegal-dans-le-carre-das\/","name":"CHAN 2023 - Le S\u00e9n\u00e9gal dans le carr\u00e9 d'as | Nettali.com","isPartOf":{"@id":"https:\/\/www.nettali.com\/#website"},"primaryImageOfPage":{"@id":"https:\/\/www.nettali.com\/2023\/01\/27\/chan-2023-le-senegal-dans-le-carre-das\/#primaryimage"},"datePublished":"2023-01-27T22:09:08+00:00","dateModified":"2023-01-27T22:10:08+00:00","author":{"@id":"https:\/\/www.nettali.com\/#\/schema\/person\/bb147657c2986240405a608162b9bb23"},"breadcrumb":{"@id":"https:\/\/www.nettali.com\/2023\/01\/27\/chan-2023-le-senegal-dans-le-carre-das\/#breadcrumb"},"inLanguage":"fr-FR","potentialAction":[{"@type":"ReadAction","target":["https:\/\/www.nettali.com\/2023\/01\/27\/chan-2023-le-senegal-dans-le-carre-das\/"]}]},{"@type":"BreadcrumbList","@id":"https:\/\/www.nettali.com\/2023\/01\/27\/chan-2023-le-senegal-dans-le-carre-das\/#breadcrumb","itemListElement":[{"@type":"ListItem","position":1,"name":"Accueil","item":"https:\/\/www.nettali.com\/"},{"@type":"ListItem","position":2,"name":"CHAN 2023 - Le S\u00e9n\u00e9gal dans le carr\u00e9 d'as"}]},{"@type":"Person","@id":"https:\/\/www.nettali.com\/#\/schema\/person\/bb147657c2986240405a608162b9bb23","name":"Ibrahima","image":{"@type":"ImageObject","@id":"https:\/\/www.nettali.com\/#personlogo","inLanguage":"fr-FR","url":"https:\/\/secure.gravatar.com\/avatar\/26a8a81f09f0dd7624c9d5c36c9ba3a2?s=96&d=mm&r=g","contentUrl":"https:\/\/secure.gravatar.com\/avatar\/26a8a81f09f0dd7624c9d5c36c9ba3a2?s=96&d=mm&r=g","caption":"Ibrahima"},"sameAs":["https:\/\/www.nettali.com"]}]}},"_links":{"self":[{"href":"https:\/\/www.nettali.com\/rest\/wp\/v2\/posts\/102838"}],"collection":[{"href":"https:\/\/www.nettali.com\/rest\/wp\/v2\/posts"}],"about":[{"href":"https:\/\/www.nettali.com\/rest\/wp\/v2\/types\/post"}],"author":[{"embeddable":true,"href":"https:\/\/www.nettali.com\/rest\/wp\/v2\/users\/5"}],"replies":[{"embeddable":true,"href":"https:\/\/www.nettali.com\/rest\/wp\/v2\/comments?post=102838"}],"version-history":[{"count":1,"href":"https:\/\/www.nettali.com\/rest\/wp\/v2\/posts\/102838\/revisions"}],"predecessor-version":[{"id":102839,"href":"https:\/\/www.nettali.com\/rest\/wp\/v2\/posts\/102838\/revisions\/102839"}],"wp:featuredmedia":[{"embeddable":true,"href":"https:\/\/www.nettali.com\/rest\/wp\/v2\/media\/102406"}],"wp:attachment":[{"href":"https:\/\/www.nettali.com\/rest\/wp\/v2\/media?parent=102838"}],"wp:term":[{"taxonomy":"category","embeddable":true,"href":"https:\/\/www.nettali.com\/rest\/wp\/v2\/categories?post=102838"},{"taxonomy":"post_tag","embeddable":true,"href":"https:\/\/www.nettali.com\/rest\/wp\/v2\/tags?post=102838"}],"curies":[{"name":"wp","href":"https:\/\/api.w.org\/{rel}","templated":true}]}}