{"id":102826,"date":"2023-01-27T17:53:02","date_gmt":"2023-01-27T17:53:02","guid":{"rendered":"https:\/\/www.nettali.com\/?p=102826"},"modified":"2023-01-27T17:53:02","modified_gmt":"2023-01-27T17:53:02","slug":"sortie-de-lex-procureur-le-capitaine-toure-repond-a-serigne-bassirou-gueye","status":"publish","type":"post","link":"https:\/\/www.nettali.com\/2023\/01\/27\/sortie-de-lex-procureur-le-capitaine-toure-repond-a-serigne-bassirou-gueye\/","title":{"rendered":"SORTIE DE L'EX-PROCUREUR - Le capitaine Tour\u00e9 r\u00e9pond \u00e0 Serigne Bassirou Gu\u00e8ye"},"content":{"rendered":"<p><strong>NETTALI.COM - Comme c'\u00e9tait pr\u00e9visible, le capitaine Seydina Oumar Tour\u00e9 n'a pas tard\u00e9 \u00e0 r\u00e9agir apr\u00e8s la sortie de l'ex-procureur de la R\u00e9publique, Serigne Bassirou Gu\u00e8ye. Nettali reproduit in-extenso le message qu'il a post\u00e9 sur ses r\u00e9seaux sociaux.<\/strong><\/p>\n<p><em>\"Le jeudi 26 janvier 2023, lors d\u2019une conf\u00e9rence de presse, monsieur Bassirou Gu\u00e8ye, ancien Procureur de la R\u00e9publique pr\u00e8s le Tribunal de grande instance hors classe de Dakar, m\u2019a accus\u00e9 d\u2019\u00eatre l\u2019auteur de d\u00e9clarations et d\u2019actes dans le d\u00e9nouement du dossier pour viol opposant mademoiselle Adji SARR \u00e0 Monsieur Ousmane SONKO.<\/em><br \/>\n<em>Je tiens \u00e0 pr\u00e9ciser \u00e0 l\u2019opinion publique nationale que ces d\u00e9clarations d\u2019une extr\u00eame gravit\u00e9 me concernant, sont manifestement inexactes.<\/em><br \/>\n<em>Ayant \u00e9t\u00e9 l\u2019auteur de l\u2019enqu\u00eate dans ce dossier, l\u2019obligation de r\u00e9serve qui p\u00e8se sur moi me contraint de ne pas en entretenir un d\u00e9bat public sur cette affaire en cours.<\/em><br \/>\n<em>Toutefois je reste, au besoin, \u00e0 la disposition de la commission d\u2019enqu\u00eate ind\u00e9pendante annonc\u00e9e par le ministre des forces arm\u00e9es depuis le 08 avril 2021 que j\u2019attends depuis lors, pour apporter tous les \u00e9l\u00e9ments de nature \u00e0 d\u00e9montrer le caract\u00e8re fantaisiste des propos et faits qui me sont imput\u00e9s\"<\/em>.<\/p>\n<p>Seydina Oumar TOURE<\/p>\n<div class='share-to-whatsapp-wrapper'><div class='share-on-whsp'>PARTAGER SUR : <\/div><a data-text='SORTIE DE L'EX-PROCUREUR - Le capitaine Tour\u00e9 r\u00e9pond \u00e0 Serigne Bassirou Gu\u00e8ye' data-link='https:\/\/www.nettali.com\/2023\/01\/27\/sortie-de-lex-procureur-le-capitaine-toure-repond-a-serigne-bassirou-gueye\/' class='whatsapp-button whatsapp-share'>WhatsApp<\/a><div class='clear '><\/div><\/div>","protected":false},"excerpt":{"rendered":"<p>NETTALI.COM - Comme c'\u00e9tait pr\u00e9visible, le capitaine Seydina Oumar Tour\u00e9 n'a pas tard\u00e9 \u00e0 r\u00e9agir apr\u00e8s la sortie de l'ex-procureur de la R\u00e9publique, Serigne Bassirou Gu\u00e8ye. Nettali reproduit in-extenso le message qu'il a post\u00e9 sur ses r\u00e9seaux sociaux. \"Le jeudi 26 janvier 2023, lors d\u2019une conf\u00e9rence de presse, monsieur Bassirou Gu\u00e8ye, ancien Procureur de la [&hellip;]<\/p>\n","protected":false},"author":4,"featured_media":66192,"comment_status":"open","ping_status":"open","sticky":false,"template":"","format":"standard","meta":{"_et_pb_use_builder":"","_et_pb_old_content":""},"categories":[3],"tags":[],"yoast_head":"<!-- This site is optimized with the Yoast SEO Premium plugin v17.8 (Yoast SEO v17.8) - https:\/\/yoast.com\/wordpress\/plugins\/seo\/ -->\n<title>SORTIE DE L&#039;EX-PROCUREUR - Le capitaine Tour\u00e9 r\u00e9pond \u00e0 Serigne Bassirou Gu\u00e8ye | Nettali.com<\/title>\n<meta name=\"robots\" content=\"index, follow, max-snippet:-1, max-image-preview:large, max-video-preview:-1\" \/>\n<link rel=\"canonical\" href=\"https:\/\/www.nettali.com\/2023\/01\/27\/sortie-de-lex-procureur-le-capitaine-toure-repond-a-serigne-bassirou-gueye\/\" \/>\n<meta property=\"og:locale\" content=\"fr_FR\" \/>\n<meta property=\"og:type\" content=\"article\" \/>\n<meta property=\"og:title\" content=\"SORTIE DE L&#039;EX-PROCUREUR - Le capitaine Tour\u00e9 r\u00e9pond \u00e0 Serigne Bassirou Gu\u00e8ye\" \/>\n<meta property=\"og:description\" content=\"NETTALI.COM - Comme c&#039;\u00e9tait pr\u00e9visible, le capitaine Seydina Oumar Tour\u00e9 n&#039;a pas tard\u00e9 \u00e0 r\u00e9agir apr\u00e8s la sortie de l&#039;ex-procureur de la R\u00e9publique, Serigne Bassirou Gu\u00e8ye. Nettali reproduit in-extenso le message qu&#039;il a post\u00e9 sur ses r\u00e9seaux sociaux. &quot;Le jeudi 26 janvier 2023, lors d\u2019une conf\u00e9rence de presse, monsieur Bassirou Gu\u00e8ye, ancien Procureur de la [&hellip;]\" \/>\n<meta property=\"og:url\" content=\"https:\/\/www.nettali.com\/2023\/01\/27\/sortie-de-lex-procureur-le-capitaine-toure-repond-a-serigne-bassirou-gueye\/\" \/>\n<meta property=\"og:site_name\" content=\"Nettali.com\" \/>\n<meta property=\"article:publisher\" content=\"https:\/\/www.facebook.com\/nettalicom\" \/>\n<meta property=\"article:published_time\" content=\"2023-01-27T17:53:02+00:00\" \/>\n<meta property=\"og:image\" content=\"https:\/\/www.nettali.com\/wp-content\/uploads\/2021\/06\/Capitaine-Toure.jpeg\" \/>\n\t<meta property=\"og:image:width\" content=\"1024\" \/>\n\t<meta property=\"og:image:height\" content=\"768\" \/>\n<meta name=\"twitter:card\" content=\"summary_large_image\" \/>\n<meta name=\"twitter:label1\" content=\"\u00c9crit par\" \/>\n\t<meta name=\"twitter:data1\" content=\"Daouda\" \/>\n\t<meta name=\"twitter:label2\" content=\"Dur\u00e9e de lecture estim\u00e9e\" \/>\n\t<meta name=\"twitter:data2\" content=\"1 minute\" \/>\n<script type=\"application\/ld+json\" class=\"yoast-schema-graph\">{\"@context\":\"https:\/\/schema.org\",\"@graph\":[{\"@type\":\"WebSite\",\"@id\":\"https:\/\/www.nettali.com\/#website\",\"url\":\"https:\/\/www.nettali.com\/\",\"name\":\"Nettali.com\",\"description\":\"Le rendez-vous critique du Net\",\"potentialAction\":[{\"@type\":\"SearchAction\",\"target\":{\"@type\":\"EntryPoint\",\"urlTemplate\":\"https:\/\/www.nettali.com\/?s={search_term_string}\"},\"query-input\":\"required name=search_term_string\"}],\"inLanguage\":\"fr-FR\"},{\"@type\":\"ImageObject\",\"@id\":\"https:\/\/www.nettali.com\/2023\/01\/27\/sortie-de-lex-procureur-le-capitaine-toure-repond-a-serigne-bassirou-gueye\/#primaryimage\",\"inLanguage\":\"fr-FR\",\"url\":\"https:\/\/www.nettali.com\/wp-content\/uploads\/2021\/06\/Capitaine-Toure.jpeg\",\"contentUrl\":\"https:\/\/www.nettali.com\/wp-content\/uploads\/2021\/06\/Capitaine-Toure.jpeg\",\"width\":1024,\"height\":768},{\"@type\":\"WebPage\",\"@id\":\"https:\/\/www.nettali.com\/2023\/01\/27\/sortie-de-lex-procureur-le-capitaine-toure-repond-a-serigne-bassirou-gueye\/#webpage\",\"url\":\"https:\/\/www.nettali.com\/2023\/01\/27\/sortie-de-lex-procureur-le-capitaine-toure-repond-a-serigne-bassirou-gueye\/\",\"name\":\"SORTIE DE L'EX-PROCUREUR - Le capitaine Tour\\u00e9 r\\u00e9pond \\u00e0 Serigne Bassirou Gu\\u00e8ye | Nettali.com\",\"isPartOf\":{\"@id\":\"https:\/\/www.nettali.com\/#website\"},\"primaryImageOfPage\":{\"@id\":\"https:\/\/www.nettali.com\/2023\/01\/27\/sortie-de-lex-procureur-le-capitaine-toure-repond-a-serigne-bassirou-gueye\/#primaryimage\"},\"datePublished\":\"2023-01-27T17:53:02+00:00\",\"dateModified\":\"2023-01-27T17:53:02+00:00\",\"author\":{\"@id\":\"https:\/\/www.nettali.com\/#\/schema\/person\/3317e0bb3aa1da309fbf7b2780901bf4\"},\"breadcrumb\":{\"@id\":\"https:\/\/www.nettali.com\/2023\/01\/27\/sortie-de-lex-procureur-le-capitaine-toure-repond-a-serigne-bassirou-gueye\/#breadcrumb\"},\"inLanguage\":\"fr-FR\",\"potentialAction\":[{\"@type\":\"ReadAction\",\"target\":[\"https:\/\/www.nettali.com\/2023\/01\/27\/sortie-de-lex-procureur-le-capitaine-toure-repond-a-serigne-bassirou-gueye\/\"]}]},{\"@type\":\"BreadcrumbList\",\"@id\":\"https:\/\/www.nettali.com\/2023\/01\/27\/sortie-de-lex-procureur-le-capitaine-toure-repond-a-serigne-bassirou-gueye\/#breadcrumb\",\"itemListElement\":[{\"@type\":\"ListItem\",\"position\":1,\"name\":\"Accueil\",\"item\":\"https:\/\/www.nettali.com\/\"},{\"@type\":\"ListItem\",\"position\":2,\"name\":\"SORTIE DE L'EX-PROCUREUR - Le capitaine Tour\\u00e9 r\\u00e9pond \\u00e0 Serigne Bassirou Gu\\u00e8ye\"}]},{\"@type\":\"Person\",\"@id\":\"https:\/\/www.nettali.com\/#\/schema\/person\/3317e0bb3aa1da309fbf7b2780901bf4\",\"name\":\"Daouda\",\"image\":{\"@type\":\"ImageObject\",\"@id\":\"https:\/\/www.nettali.com\/#personlogo\",\"inLanguage\":\"fr-FR\",\"url\":\"https:\/\/secure.gravatar.com\/avatar\/8d143b5a49345098ddcfee1c49c2f47c?s=96&d=mm&r=g\",\"contentUrl\":\"https:\/\/secure.gravatar.com\/avatar\/8d143b5a49345098ddcfee1c49c2f47c?s=96&d=mm&r=g\",\"caption\":\"Daouda\"},\"sameAs\":[\"https:\/\/www.nettali.com\"]}]}<\/script>\n<!-- \/ Yoast SEO Premium plugin. -->","yoast_head_json":{"title":"SORTIE DE L'EX-PROCUREUR - Le capitaine Tour\u00e9 r\u00e9pond \u00e0 Serigne Bassirou Gu\u00e8ye | Nettali.com","robots":{"index":"index","follow":"follow","max-snippet":"max-snippet:-1","max-image-preview":"max-image-preview:large","max-video-preview":"max-video-preview:-1"},"canonical":"https:\/\/www.nettali.com\/2023\/01\/27\/sortie-de-lex-procureur-le-capitaine-toure-repond-a-serigne-bassirou-gueye\/","og_locale":"fr_FR","og_type":"article","og_title":"SORTIE DE L'EX-PROCUREUR - Le capitaine Tour\u00e9 r\u00e9pond \u00e0 Serigne Bassirou Gu\u00e8ye","og_description":"NETTALI.COM - Comme c'\u00e9tait pr\u00e9visible, le capitaine Seydina Oumar Tour\u00e9 n'a pas tard\u00e9 \u00e0 r\u00e9agir apr\u00e8s la sortie de l'ex-procureur de la R\u00e9publique, Serigne Bassirou Gu\u00e8ye. Nettali reproduit in-extenso le message qu'il a post\u00e9 sur ses r\u00e9seaux sociaux. \"Le jeudi 26 janvier 2023, lors d\u2019une conf\u00e9rence de presse, monsieur Bassirou Gu\u00e8ye, ancien Procureur de la [&hellip;]","og_url":"https:\/\/www.nettali.com\/2023\/01\/27\/sortie-de-lex-procureur-le-capitaine-toure-repond-a-serigne-bassirou-gueye\/","og_site_name":"Nettali.com","article_publisher":"https:\/\/www.facebook.com\/nettalicom","article_published_time":"2023-01-27T17:53:02+00:00","og_image":[{"width":1024,"height":768,"url":"https:\/\/www.nettali.com\/wp-content\/uploads\/2021\/06\/Capitaine-Toure.jpeg","type":"image\/jpeg"}],"twitter_card":"summary_large_image","twitter_misc":{"\u00c9crit par":"Daouda","Dur\u00e9e de lecture estim\u00e9e":"1 minute"},"schema":{"@context":"https:\/\/schema.org","@graph":[{"@type":"WebSite","@id":"https:\/\/www.nettali.com\/#website","url":"https:\/\/www.nettali.com\/","name":"Nettali.com","description":"Le rendez-vous critique du Net","potentialAction":[{"@type":"SearchAction","target":{"@type":"EntryPoint","urlTemplate":"https:\/\/www.nettali.com\/?s={search_term_string}"},"query-input":"required name=search_term_string"}],"inLanguage":"fr-FR"},{"@type":"ImageObject","@id":"https:\/\/www.nettali.com\/2023\/01\/27\/sortie-de-lex-procureur-le-capitaine-toure-repond-a-serigne-bassirou-gueye\/#primaryimage","inLanguage":"fr-FR","url":"https:\/\/www.nettali.com\/wp-content\/uploads\/2021\/06\/Capitaine-Toure.jpeg","contentUrl":"https:\/\/www.nettali.com\/wp-content\/uploads\/2021\/06\/Capitaine-Toure.jpeg","width":1024,"height":768},{"@type":"WebPage","@id":"https:\/\/www.nettali.com\/2023\/01\/27\/sortie-de-lex-procureur-le-capitaine-toure-repond-a-serigne-bassirou-gueye\/#webpage","url":"https:\/\/www.nettali.com\/2023\/01\/27\/sortie-de-lex-procureur-le-capitaine-toure-repond-a-serigne-bassirou-gueye\/","name":"SORTIE DE L'EX-PROCUREUR - Le capitaine Tour\u00e9 r\u00e9pond \u00e0 Serigne Bassirou Gu\u00e8ye | Nettali.com","isPartOf":{"@id":"https:\/\/www.nettali.com\/#website"},"primaryImageOfPage":{"@id":"https:\/\/www.nettali.com\/2023\/01\/27\/sortie-de-lex-procureur-le-capitaine-toure-repond-a-serigne-bassirou-gueye\/#primaryimage"},"datePublished":"2023-01-27T17:53:02+00:00","dateModified":"2023-01-27T17:53:02+00:00","author":{"@id":"https:\/\/www.nettali.com\/#\/schema\/person\/3317e0bb3aa1da309fbf7b2780901bf4"},"breadcrumb":{"@id":"https:\/\/www.nettali.com\/2023\/01\/27\/sortie-de-lex-procureur-le-capitaine-toure-repond-a-serigne-bassirou-gueye\/#breadcrumb"},"inLanguage":"fr-FR","potentialAction":[{"@type":"ReadAction","target":["https:\/\/www.nettali.com\/2023\/01\/27\/sortie-de-lex-procureur-le-capitaine-toure-repond-a-serigne-bassirou-gueye\/"]}]},{"@type":"BreadcrumbList","@id":"https:\/\/www.nettali.com\/2023\/01\/27\/sortie-de-lex-procureur-le-capitaine-toure-repond-a-serigne-bassirou-gueye\/#breadcrumb","itemListElement":[{"@type":"ListItem","position":1,"name":"Accueil","item":"https:\/\/www.nettali.com\/"},{"@type":"ListItem","position":2,"name":"SORTIE DE L'EX-PROCUREUR - Le capitaine Tour\u00e9 r\u00e9pond \u00e0 Serigne Bassirou Gu\u00e8ye"}]},{"@type":"Person","@id":"https:\/\/www.nettali.com\/#\/schema\/person\/3317e0bb3aa1da309fbf7b2780901bf4","name":"Daouda","image":{"@type":"ImageObject","@id":"https:\/\/www.nettali.com\/#personlogo","inLanguage":"fr-FR","url":"https:\/\/secure.gravatar.com\/avatar\/8d143b5a49345098ddcfee1c49c2f47c?s=96&d=mm&r=g","contentUrl":"https:\/\/secure.gravatar.com\/avatar\/8d143b5a49345098ddcfee1c49c2f47c?s=96&d=mm&r=g","caption":"Daouda"},"sameAs":["https:\/\/www.nettali.com"]}]}},"_links":{"self":[{"href":"https:\/\/www.nettali.com\/rest\/wp\/v2\/posts\/102826"}],"collection":[{"href":"https:\/\/www.nettali.com\/rest\/wp\/v2\/posts"}],"about":[{"href":"https:\/\/www.nettali.com\/rest\/wp\/v2\/types\/post"}],"author":[{"embeddable":true,"href":"https:\/\/www.nettali.com\/rest\/wp\/v2\/users\/4"}],"replies":[{"embeddable":true,"href":"https:\/\/www.nettali.com\/rest\/wp\/v2\/comments?post=102826"}],"version-history":[{"count":1,"href":"https:\/\/www.nettali.com\/rest\/wp\/v2\/posts\/102826\/revisions"}],"predecessor-version":[{"id":102827,"href":"https:\/\/www.nettali.com\/rest\/wp\/v2\/posts\/102826\/revisions\/102827"}],"wp:featuredmedia":[{"embeddable":true,"href":"https:\/\/www.nettali.com\/rest\/wp\/v2\/media\/66192"}],"wp:attachment":[{"href":"https:\/\/www.nettali.com\/rest\/wp\/v2\/media?parent=102826"}],"wp:term":[{"taxonomy":"category","embeddable":true,"href":"https:\/\/www.nettali.com\/rest\/wp\/v2\/categories?post=102826"},{"taxonomy":"post_tag","embeddable":true,"href":"https:\/\/www.nettali.com\/rest\/wp\/v2\/tags?post=102826"}],"curies":[{"name":"wp","href":"https:\/\/api.w.org\/{rel}","templated":true}]}}