{"id":102734,"date":"2023-01-26T16:21:33","date_gmt":"2023-01-26T16:21:33","guid":{"rendered":"https:\/\/www.nettali.com\/?p=102734"},"modified":"2023-01-26T16:21:33","modified_gmt":"2023-01-26T16:21:33","slug":"haute-cour-de-justice-birame-souleye-saisit-le-1er-president-de-la-cour-supreme","status":"publish","type":"post","link":"https:\/\/www.nettali.com\/2023\/01\/26\/haute-cour-de-justice-birame-souleye-saisit-le-1er-president-de-la-cour-supreme\/","title":{"rendered":"HAUTE COUR DE JUSTICE - Birame Soul\u00e8ye saisit le 1er Pr\u00e9sident de la Cour supr\u00eame"},"content":{"rendered":"<p class=\"summary_label\"><strong>NETTALI.COM - Le d\u00e9put\u00e9 Birame Soul\u00e8ye Diop a saisi le premier pr\u00e9sident de la Cour Supr\u00eame, Cheikh Tidiane Coulibaly, estimant que le pr\u00e9sident de l\u2019Assembl\u00e9e nationale \"refuse\" de diligenter l\u2019\u00e9lection des 16 juges membres de la Haute Cour de justice. Une juridiction charg\u00e9e de juger les membres du gouvernement.<\/strong><\/p>\n<div id=\"printable\" class=\"text_body\">\n<p><em>\u00abNous tenons \u00e0 vous informer que depuis le renouvellement de l'Assembl\u00e9e nationale suivi de l'installation de la XIVe l\u00e9gislature le 12 septembre 2022, le Pr\u00e9sident de l'Assembl\u00e9e nationale, malgr\u00e9 l'interpellation des d\u00e9put\u00e9s, refuse de convoquer l'Assembl\u00e9e nationale pour l'\u00e9lection de seize (16) nouveaux juges membres de la Haute Cour de Justice\u00bb<\/em>, a d\u00e9clar\u00e9 le d\u00e9put\u00e9 Birame Soul\u00e8ye Diop dans sa correspondance envoy\u00e9e au premier pr\u00e9sident de la Cour supr\u00eame.<\/p>\n<p>Pour lui, un tel acte est une <em>\u00abviolation manifeste de la loi n\u00b02002-10du 22 f\u00e9vrier 2002 portant loi organique sur la Haute Cour de Justice modifi\u00e9e \u00bb<\/em>. Il demande au premier pr\u00e9sident de la Cour supr\u00eame de rappeler au Pr\u00e9sident de l'Assembl\u00e9e son obligation de convoquer les d\u00e9put\u00e9s en vue de proc\u00e9der, sans d\u00e9lai, \u00e0 l'\u00e9lection des juges devant\u00a0si\u00e9ger \u00e0 la Haute Cour de Justice et de prendre toutes mesures utiles tendant \u00e0 rendre r\u00e9guli\u00e8re la composition de la Haute Cour de Justice.<\/p>\n<p>Le pr\u00e9sident du groupe parlementaire Yewwi Askan Wi invoque l'article 1er de la loi n\u00b02002-10 du 22 f\u00e9vrier 2002 portant loi organique sur la Haute Cour de Justice modifi\u00e9e. Celui-ci dispose que <em>\u00abla Haute Cour de Justice se compose du Premier Pr\u00e9sident de la Cour supr\u00eame, Pr\u00e9sident, et de huit juges titulaires\u00bb.<\/em> Et l\u2019article second de la m\u00eame loi ajoute qu\u2019 <em>\u00abapr\u00e8s chaque renouvellement et dans le mois qui suit sa premi\u00e8re r\u00e9union, l'Assembl\u00e9e nationale \u00e9lit huit juges titulaires et huit juges suppl\u00e9ants en son sein\u00bb.<\/em><\/p>\n<p>Ainsi, il estime qu'il existe des relations particuli\u00e8res entre le Premier Pr\u00e9sident de la Cour supr\u00eame et la Haute Cour de Justice. <em>\"En tant que Pr\u00e9sident de ladite juridiction charg\u00e9e de juger les membres du Gouvernement, pour les actes commis dans l'exercice de leurs fonctions, il doit veiller \u00e0 sa composition r\u00e9guli\u00e8re\"<\/em>, dit le d\u00e9put\u00e9.<\/p>\n\n\t\t<style type=\"text\/css\">\n\t\t\t#gallery-1 {\n\t\t\t\tmargin: auto;\n\t\t\t}\n\t\t\t#gallery-1 .gallery-item {\n\t\t\t\tfloat: left;\n\t\t\t\tmargin-top: 10px;\n\t\t\t\ttext-align: center;\n\t\t\t\twidth: 100%;\n\t\t\t}\n\t\t\t#gallery-1 img {\n\t\t\t\tborder: 2px solid #cfcfcf;\n\t\t\t}\n\t\t\t#gallery-1 .gallery-caption {\n\t\t\t\tmargin-left: 0;\n\t\t\t}\n\t\t\t\/* see gallery_shortcode() in wp-includes\/media.php *\/\n\t\t<\/style>\n\t\t<div id='gallery-1' class='gallery galleryid-102734 gallery-columns-1 gallery-size-full'><dl class='gallery-item'>\n\t\t\t<dt class='gallery-icon portrait'>\n\t\t\t\t<a href='https:\/\/www.nettali.com\/2023\/01\/26\/haute-cour-de-justice-birame-souleye-saisit-le-1er-president-de-la-cour-supreme\/1-23\/'><img width=\"1024\" height=\"1533\" src=\"https:\/\/www.nettali.com\/wp-content\/uploads\/2023\/01\/1.jpeg\" class=\"attachment-full size-full\" alt=\"\" loading=\"lazy\" srcset=\"https:\/\/www.nettali.com\/wp-content\/uploads\/2023\/01\/1.jpeg 1024w, https:\/\/www.nettali.com\/wp-content\/uploads\/2023\/01\/1-200x300.jpeg 200w, https:\/\/www.nettali.com\/wp-content\/uploads\/2023\/01\/1-684x1024.jpeg 684w, https:\/\/www.nettali.com\/wp-content\/uploads\/2023\/01\/1-768x1150.jpeg 768w\" sizes=\"(max-width: 1024px) 100vw, 1024px\" \/><\/a>\n\t\t\t<\/dt><\/dl><br style=\"clear: both\" \/><dl class='gallery-item'>\n\t\t\t<dt class='gallery-icon landscape'>\n\t\t\t\t<a href='https:\/\/www.nettali.com\/2023\/01\/26\/haute-cour-de-justice-birame-souleye-saisit-le-1er-president-de-la-cour-supreme\/2-25\/'><img width=\"1024\" height=\"947\" src=\"https:\/\/www.nettali.com\/wp-content\/uploads\/2023\/01\/2.jpeg\" class=\"attachment-full size-full\" alt=\"\" loading=\"lazy\" srcset=\"https:\/\/www.nettali.com\/wp-content\/uploads\/2023\/01\/2.jpeg 1024w, https:\/\/www.nettali.com\/wp-content\/uploads\/2023\/01\/2-300x277.jpeg 300w, https:\/\/www.nettali.com\/wp-content\/uploads\/2023\/01\/2-768x710.jpeg 768w\" sizes=\"(max-width: 1024px) 100vw, 1024px\" \/><\/a>\n\t\t\t<\/dt><\/dl><br style=\"clear: both\" \/>\n\t\t<\/div>\n\n<\/div>\n<div class='share-to-whatsapp-wrapper'><div class='share-on-whsp'>PARTAGER SUR : <\/div><a data-text='HAUTE COUR DE JUSTICE - Birame Soul\u00e8ye saisit le 1er Pr\u00e9sident de la Cour supr\u00eame' data-link='https:\/\/www.nettali.com\/2023\/01\/26\/haute-cour-de-justice-birame-souleye-saisit-le-1er-president-de-la-cour-supreme\/' class='whatsapp-button whatsapp-share'>WhatsApp<\/a><div class='clear '><\/div><\/div>","protected":false},"excerpt":{"rendered":"<p>NETTALI.COM - Le d\u00e9put\u00e9 Birame Soul\u00e8ye Diop a saisi le premier pr\u00e9sident de la Cour Supr\u00eame, Cheikh Tidiane Coulibaly, estimant que le pr\u00e9sident de l\u2019Assembl\u00e9e nationale \"refuse\" de diligenter l\u2019\u00e9lection des 16 juges membres de la Haute Cour de justice. Une juridiction charg\u00e9e de juger les membres du gouvernement. \u00abNous tenons \u00e0 vous informer que [&hellip;]<\/p>\n","protected":false},"author":4,"featured_media":102737,"comment_status":"open","ping_status":"open","sticky":false,"template":"","format":"standard","meta":{"_et_pb_use_builder":"","_et_pb_old_content":""},"categories":[3],"tags":[],"yoast_head":"<!-- This site is optimized with the Yoast SEO Premium plugin v17.8 (Yoast SEO v17.8) - https:\/\/yoast.com\/wordpress\/plugins\/seo\/ -->\n<title>HAUTE COUR DE JUSTICE - Birame Soul\u00e8ye saisit le 1er Pr\u00e9sident de la Cour supr\u00eame | Nettali.com<\/title>\n<meta name=\"robots\" content=\"index, follow, max-snippet:-1, max-image-preview:large, max-video-preview:-1\" \/>\n<link rel=\"canonical\" href=\"https:\/\/www.nettali.com\/2023\/01\/26\/haute-cour-de-justice-birame-souleye-saisit-le-1er-president-de-la-cour-supreme\/\" \/>\n<meta property=\"og:locale\" content=\"fr_FR\" \/>\n<meta property=\"og:type\" content=\"article\" \/>\n<meta property=\"og:title\" content=\"HAUTE COUR DE JUSTICE - Birame Soul\u00e8ye saisit le 1er Pr\u00e9sident de la Cour supr\u00eame\" \/>\n<meta property=\"og:description\" content=\"NETTALI.COM - Le d\u00e9put\u00e9 Birame Soul\u00e8ye Diop a saisi le premier pr\u00e9sident de la Cour Supr\u00eame, Cheikh Tidiane Coulibaly, estimant que le pr\u00e9sident de l\u2019Assembl\u00e9e nationale &quot;refuse&quot; de diligenter l\u2019\u00e9lection des 16 juges membres de la Haute Cour de justice. Une juridiction charg\u00e9e de juger les membres du gouvernement. \u00abNous tenons \u00e0 vous informer que [&hellip;]\" \/>\n<meta property=\"og:url\" content=\"https:\/\/www.nettali.com\/2023\/01\/26\/haute-cour-de-justice-birame-souleye-saisit-le-1er-president-de-la-cour-supreme\/\" \/>\n<meta property=\"og:site_name\" content=\"Nettali.com\" \/>\n<meta property=\"article:publisher\" content=\"https:\/\/www.facebook.com\/nettalicom\" \/>\n<meta property=\"article:published_time\" content=\"2023-01-26T16:21:33+00:00\" \/>\n<meta property=\"og:image\" content=\"https:\/\/www.nettali.com\/wp-content\/uploads\/2023\/01\/birame-souleye-diop.jpeg\" \/>\n\t<meta property=\"og:image:width\" content=\"700\" \/>\n\t<meta property=\"og:image:height\" content=\"568\" \/>\n<meta name=\"twitter:card\" content=\"summary_large_image\" \/>\n<meta name=\"twitter:label1\" content=\"\u00c9crit par\" \/>\n\t<meta name=\"twitter:data1\" content=\"Daouda\" \/>\n\t<meta name=\"twitter:label2\" content=\"Dur\u00e9e de lecture estim\u00e9e\" \/>\n\t<meta name=\"twitter:data2\" content=\"2 minutes\" \/>\n<script type=\"application\/ld+json\" class=\"yoast-schema-graph\">{\"@context\":\"https:\/\/schema.org\",\"@graph\":[{\"@type\":\"WebSite\",\"@id\":\"https:\/\/www.nettali.com\/#website\",\"url\":\"https:\/\/www.nettali.com\/\",\"name\":\"Nettali.com\",\"description\":\"Le rendez-vous critique du Net\",\"potentialAction\":[{\"@type\":\"SearchAction\",\"target\":{\"@type\":\"EntryPoint\",\"urlTemplate\":\"https:\/\/www.nettali.com\/?s={search_term_string}\"},\"query-input\":\"required name=search_term_string\"}],\"inLanguage\":\"fr-FR\"},{\"@type\":\"ImageObject\",\"@id\":\"https:\/\/www.nettali.com\/2023\/01\/26\/haute-cour-de-justice-birame-souleye-saisit-le-1er-president-de-la-cour-supreme\/#primaryimage\",\"inLanguage\":\"fr-FR\",\"url\":\"https:\/\/www.nettali.com\/wp-content\/uploads\/2023\/01\/birame-souleye-diop.jpeg\",\"contentUrl\":\"https:\/\/www.nettali.com\/wp-content\/uploads\/2023\/01\/birame-souleye-diop.jpeg\",\"width\":700,\"height\":568},{\"@type\":\"WebPage\",\"@id\":\"https:\/\/www.nettali.com\/2023\/01\/26\/haute-cour-de-justice-birame-souleye-saisit-le-1er-president-de-la-cour-supreme\/#webpage\",\"url\":\"https:\/\/www.nettali.com\/2023\/01\/26\/haute-cour-de-justice-birame-souleye-saisit-le-1er-president-de-la-cour-supreme\/\",\"name\":\"HAUTE COUR DE JUSTICE - Birame Soul\\u00e8ye saisit le 1er Pr\\u00e9sident de la Cour supr\\u00eame | Nettali.com\",\"isPartOf\":{\"@id\":\"https:\/\/www.nettali.com\/#website\"},\"primaryImageOfPage\":{\"@id\":\"https:\/\/www.nettali.com\/2023\/01\/26\/haute-cour-de-justice-birame-souleye-saisit-le-1er-president-de-la-cour-supreme\/#primaryimage\"},\"datePublished\":\"2023-01-26T16:21:33+00:00\",\"dateModified\":\"2023-01-26T16:21:33+00:00\",\"author\":{\"@id\":\"https:\/\/www.nettali.com\/#\/schema\/person\/3317e0bb3aa1da309fbf7b2780901bf4\"},\"breadcrumb\":{\"@id\":\"https:\/\/www.nettali.com\/2023\/01\/26\/haute-cour-de-justice-birame-souleye-saisit-le-1er-president-de-la-cour-supreme\/#breadcrumb\"},\"inLanguage\":\"fr-FR\",\"potentialAction\":[{\"@type\":\"ReadAction\",\"target\":[\"https:\/\/www.nettali.com\/2023\/01\/26\/haute-cour-de-justice-birame-souleye-saisit-le-1er-president-de-la-cour-supreme\/\"]}]},{\"@type\":\"BreadcrumbList\",\"@id\":\"https:\/\/www.nettali.com\/2023\/01\/26\/haute-cour-de-justice-birame-souleye-saisit-le-1er-president-de-la-cour-supreme\/#breadcrumb\",\"itemListElement\":[{\"@type\":\"ListItem\",\"position\":1,\"name\":\"Accueil\",\"item\":\"https:\/\/www.nettali.com\/\"},{\"@type\":\"ListItem\",\"position\":2,\"name\":\"HAUTE COUR DE JUSTICE - Birame Soul\\u00e8ye saisit le 1er Pr\\u00e9sident de la Cour supr\\u00eame\"}]},{\"@type\":\"Person\",\"@id\":\"https:\/\/www.nettali.com\/#\/schema\/person\/3317e0bb3aa1da309fbf7b2780901bf4\",\"name\":\"Daouda\",\"image\":{\"@type\":\"ImageObject\",\"@id\":\"https:\/\/www.nettali.com\/#personlogo\",\"inLanguage\":\"fr-FR\",\"url\":\"https:\/\/secure.gravatar.com\/avatar\/8d143b5a49345098ddcfee1c49c2f47c?s=96&d=mm&r=g\",\"contentUrl\":\"https:\/\/secure.gravatar.com\/avatar\/8d143b5a49345098ddcfee1c49c2f47c?s=96&d=mm&r=g\",\"caption\":\"Daouda\"},\"sameAs\":[\"https:\/\/www.nettali.com\"]}]}<\/script>\n<!-- \/ Yoast SEO Premium plugin. -->","yoast_head_json":{"title":"HAUTE COUR DE JUSTICE - Birame Soul\u00e8ye saisit le 1er Pr\u00e9sident de la Cour supr\u00eame | Nettali.com","robots":{"index":"index","follow":"follow","max-snippet":"max-snippet:-1","max-image-preview":"max-image-preview:large","max-video-preview":"max-video-preview:-1"},"canonical":"https:\/\/www.nettali.com\/2023\/01\/26\/haute-cour-de-justice-birame-souleye-saisit-le-1er-president-de-la-cour-supreme\/","og_locale":"fr_FR","og_type":"article","og_title":"HAUTE COUR DE JUSTICE - Birame Soul\u00e8ye saisit le 1er Pr\u00e9sident de la Cour supr\u00eame","og_description":"NETTALI.COM - Le d\u00e9put\u00e9 Birame Soul\u00e8ye Diop a saisi le premier pr\u00e9sident de la Cour Supr\u00eame, Cheikh Tidiane Coulibaly, estimant que le pr\u00e9sident de l\u2019Assembl\u00e9e nationale \"refuse\" de diligenter l\u2019\u00e9lection des 16 juges membres de la Haute Cour de justice. Une juridiction charg\u00e9e de juger les membres du gouvernement. \u00abNous tenons \u00e0 vous informer que [&hellip;]","og_url":"https:\/\/www.nettali.com\/2023\/01\/26\/haute-cour-de-justice-birame-souleye-saisit-le-1er-president-de-la-cour-supreme\/","og_site_name":"Nettali.com","article_publisher":"https:\/\/www.facebook.com\/nettalicom","article_published_time":"2023-01-26T16:21:33+00:00","og_image":[{"width":700,"height":568,"url":"https:\/\/www.nettali.com\/wp-content\/uploads\/2023\/01\/birame-souleye-diop.jpeg","type":"image\/jpeg"}],"twitter_card":"summary_large_image","twitter_misc":{"\u00c9crit par":"Daouda","Dur\u00e9e de lecture estim\u00e9e":"2 minutes"},"schema":{"@context":"https:\/\/schema.org","@graph":[{"@type":"WebSite","@id":"https:\/\/www.nettali.com\/#website","url":"https:\/\/www.nettali.com\/","name":"Nettali.com","description":"Le rendez-vous critique du Net","potentialAction":[{"@type":"SearchAction","target":{"@type":"EntryPoint","urlTemplate":"https:\/\/www.nettali.com\/?s={search_term_string}"},"query-input":"required name=search_term_string"}],"inLanguage":"fr-FR"},{"@type":"ImageObject","@id":"https:\/\/www.nettali.com\/2023\/01\/26\/haute-cour-de-justice-birame-souleye-saisit-le-1er-president-de-la-cour-supreme\/#primaryimage","inLanguage":"fr-FR","url":"https:\/\/www.nettali.com\/wp-content\/uploads\/2023\/01\/birame-souleye-diop.jpeg","contentUrl":"https:\/\/www.nettali.com\/wp-content\/uploads\/2023\/01\/birame-souleye-diop.jpeg","width":700,"height":568},{"@type":"WebPage","@id":"https:\/\/www.nettali.com\/2023\/01\/26\/haute-cour-de-justice-birame-souleye-saisit-le-1er-president-de-la-cour-supreme\/#webpage","url":"https:\/\/www.nettali.com\/2023\/01\/26\/haute-cour-de-justice-birame-souleye-saisit-le-1er-president-de-la-cour-supreme\/","name":"HAUTE COUR DE JUSTICE - Birame Soul\u00e8ye saisit le 1er Pr\u00e9sident de la Cour supr\u00eame | Nettali.com","isPartOf":{"@id":"https:\/\/www.nettali.com\/#website"},"primaryImageOfPage":{"@id":"https:\/\/www.nettali.com\/2023\/01\/26\/haute-cour-de-justice-birame-souleye-saisit-le-1er-president-de-la-cour-supreme\/#primaryimage"},"datePublished":"2023-01-26T16:21:33+00:00","dateModified":"2023-01-26T16:21:33+00:00","author":{"@id":"https:\/\/www.nettali.com\/#\/schema\/person\/3317e0bb3aa1da309fbf7b2780901bf4"},"breadcrumb":{"@id":"https:\/\/www.nettali.com\/2023\/01\/26\/haute-cour-de-justice-birame-souleye-saisit-le-1er-president-de-la-cour-supreme\/#breadcrumb"},"inLanguage":"fr-FR","potentialAction":[{"@type":"ReadAction","target":["https:\/\/www.nettali.com\/2023\/01\/26\/haute-cour-de-justice-birame-souleye-saisit-le-1er-president-de-la-cour-supreme\/"]}]},{"@type":"BreadcrumbList","@id":"https:\/\/www.nettali.com\/2023\/01\/26\/haute-cour-de-justice-birame-souleye-saisit-le-1er-president-de-la-cour-supreme\/#breadcrumb","itemListElement":[{"@type":"ListItem","position":1,"name":"Accueil","item":"https:\/\/www.nettali.com\/"},{"@type":"ListItem","position":2,"name":"HAUTE COUR DE JUSTICE - Birame Soul\u00e8ye saisit le 1er Pr\u00e9sident de la Cour supr\u00eame"}]},{"@type":"Person","@id":"https:\/\/www.nettali.com\/#\/schema\/person\/3317e0bb3aa1da309fbf7b2780901bf4","name":"Daouda","image":{"@type":"ImageObject","@id":"https:\/\/www.nettali.com\/#personlogo","inLanguage":"fr-FR","url":"https:\/\/secure.gravatar.com\/avatar\/8d143b5a49345098ddcfee1c49c2f47c?s=96&d=mm&r=g","contentUrl":"https:\/\/secure.gravatar.com\/avatar\/8d143b5a49345098ddcfee1c49c2f47c?s=96&d=mm&r=g","caption":"Daouda"},"sameAs":["https:\/\/www.nettali.com"]}]}},"_links":{"self":[{"href":"https:\/\/www.nettali.com\/rest\/wp\/v2\/posts\/102734"}],"collection":[{"href":"https:\/\/www.nettali.com\/rest\/wp\/v2\/posts"}],"about":[{"href":"https:\/\/www.nettali.com\/rest\/wp\/v2\/types\/post"}],"author":[{"embeddable":true,"href":"https:\/\/www.nettali.com\/rest\/wp\/v2\/users\/4"}],"replies":[{"embeddable":true,"href":"https:\/\/www.nettali.com\/rest\/wp\/v2\/comments?post=102734"}],"version-history":[{"count":1,"href":"https:\/\/www.nettali.com\/rest\/wp\/v2\/posts\/102734\/revisions"}],"predecessor-version":[{"id":102738,"href":"https:\/\/www.nettali.com\/rest\/wp\/v2\/posts\/102734\/revisions\/102738"}],"wp:featuredmedia":[{"embeddable":true,"href":"https:\/\/www.nettali.com\/rest\/wp\/v2\/media\/102737"}],"wp:attachment":[{"href":"https:\/\/www.nettali.com\/rest\/wp\/v2\/media?parent=102734"}],"wp:term":[{"taxonomy":"category","embeddable":true,"href":"https:\/\/www.nettali.com\/rest\/wp\/v2\/categories?post=102734"},{"taxonomy":"post_tag","embeddable":true,"href":"https:\/\/www.nettali.com\/rest\/wp\/v2\/tags?post=102734"}],"curies":[{"name":"wp","href":"https:\/\/api.w.org\/{rel}","templated":true}]}}