{"id":102731,"date":"2023-01-26T14:11:31","date_gmt":"2023-01-26T14:11:31","guid":{"rendered":"https:\/\/www.nettali.com\/?p=102731"},"modified":"2023-01-26T21:12:15","modified_gmt":"2023-01-26T21:12:15","slug":"mac-de-mbour-deux-detenus-font-la-belle","status":"publish","type":"post","link":"https:\/\/www.nettali.com\/2023\/01\/26\/mac-de-mbour-deux-detenus-font-la-belle\/","title":{"rendered":"EN COULISSES - Deux d\u00e9tenus se font la belle !"},"content":{"rendered":"<p><strong>NETTALI.COM - <\/strong>Deux pensionnaires de la Maison d\u2019arr\u00eat et de correction (Mac) de Mbour (ouest), se sont \u00e9vad\u00e9s de prison. Il s'agit de Moustapha Diop et El Hadji Sarr. En d\u00e9tention pr\u00e9ventive, ils ont r\u00e9ussi \u00e0 prendre la poudre d'escampette dans la nuit du mercredi, vers les coups de 4 h du matin.<\/p>\n<p>L'un des pensionnaires en fuite, est le pr\u00e9sum\u00e9 assassin du franco-s\u00e9n\u00e9galais tortur\u00e9e et tu\u00e9e \u00e0 Somone (sur la Petite c\u00f4te), informe la Rfm.<\/p>\n<p>A noter que les deux pr\u00e9venus sont activement recherch\u00e9s.<\/p>\n<div class='share-to-whatsapp-wrapper'><div class='share-on-whsp'>PARTAGER SUR : <\/div><a data-text='EN COULISSES - Deux d\u00e9tenus se font la belle !' data-link='https:\/\/www.nettali.com\/2023\/01\/26\/mac-de-mbour-deux-detenus-font-la-belle\/' class='whatsapp-button whatsapp-share'>WhatsApp<\/a><div class='clear '><\/div><\/div>","protected":false},"excerpt":{"rendered":"<p>NETTALI.COM - Deux pensionnaires de la Maison d\u2019arr\u00eat et de correction (Mac) de Mbour (ouest), se sont \u00e9vad\u00e9s de prison. Il s'agit de Moustapha Diop et El Hadji Sarr. En d\u00e9tention pr\u00e9ventive, ils ont r\u00e9ussi \u00e0 prendre la poudre d'escampette dans la nuit du mercredi, vers les coups de 4 h du matin. L'un des [&hellip;]<\/p>\n","protected":false},"author":5,"featured_media":102732,"comment_status":"open","ping_status":"open","sticky":false,"template":"","format":"standard","meta":{"_et_pb_use_builder":"","_et_pb_old_content":""},"categories":[34945],"tags":[],"yoast_head":"<!-- This site is optimized with the Yoast SEO Premium plugin v17.8 (Yoast SEO v17.8) - https:\/\/yoast.com\/wordpress\/plugins\/seo\/ -->\n<title>EN COULISSES - Deux d\u00e9tenus se font la belle ! | Nettali.com<\/title>\n<meta name=\"robots\" content=\"index, follow, max-snippet:-1, max-image-preview:large, max-video-preview:-1\" \/>\n<link rel=\"canonical\" href=\"https:\/\/www.nettali.com\/2023\/01\/26\/mac-de-mbour-deux-detenus-font-la-belle\/\" \/>\n<meta property=\"og:locale\" content=\"fr_FR\" \/>\n<meta property=\"og:type\" content=\"article\" \/>\n<meta property=\"og:title\" content=\"EN COULISSES - Deux d\u00e9tenus se font la belle !\" \/>\n<meta property=\"og:description\" content=\"NETTALI.COM - Deux pensionnaires de la Maison d\u2019arr\u00eat et de correction (Mac) de Mbour (ouest), se sont \u00e9vad\u00e9s de prison. Il s&#039;agit de Moustapha Diop et El Hadji Sarr. En d\u00e9tention pr\u00e9ventive, ils ont r\u00e9ussi \u00e0 prendre la poudre d&#039;escampette dans la nuit du mercredi, vers les coups de 4 h du matin. L&#039;un des [&hellip;]\" \/>\n<meta property=\"og:url\" content=\"https:\/\/www.nettali.com\/2023\/01\/26\/mac-de-mbour-deux-detenus-font-la-belle\/\" \/>\n<meta property=\"og:site_name\" content=\"Nettali.com\" \/>\n<meta property=\"article:publisher\" content=\"https:\/\/www.facebook.com\/nettalicom\" \/>\n<meta property=\"article:published_time\" content=\"2023-01-26T14:11:31+00:00\" \/>\n<meta property=\"article:modified_time\" content=\"2023-01-26T21:12:15+00:00\" \/>\n<meta property=\"og:image\" content=\"https:\/\/www.nettali.com\/wp-content\/uploads\/2023\/01\/Mac-Mbour-1.jpeg\" \/>\n\t<meta property=\"og:image:width\" content=\"354\" \/>\n\t<meta property=\"og:image:height\" content=\"185\" \/>\n<meta name=\"twitter:card\" content=\"summary_large_image\" \/>\n<meta name=\"twitter:label1\" content=\"\u00c9crit par\" \/>\n\t<meta name=\"twitter:data1\" content=\"Ibrahima\" \/>\n\t<meta name=\"twitter:label2\" content=\"Dur\u00e9e de lecture estim\u00e9e\" \/>\n\t<meta name=\"twitter:data2\" content=\"1 minute\" \/>\n<script type=\"application\/ld+json\" class=\"yoast-schema-graph\">{\"@context\":\"https:\/\/schema.org\",\"@graph\":[{\"@type\":\"WebSite\",\"@id\":\"https:\/\/www.nettali.com\/#website\",\"url\":\"https:\/\/www.nettali.com\/\",\"name\":\"Nettali.com\",\"description\":\"Le rendez-vous critique du Net\",\"potentialAction\":[{\"@type\":\"SearchAction\",\"target\":{\"@type\":\"EntryPoint\",\"urlTemplate\":\"https:\/\/www.nettali.com\/?s={search_term_string}\"},\"query-input\":\"required name=search_term_string\"}],\"inLanguage\":\"fr-FR\"},{\"@type\":\"ImageObject\",\"@id\":\"https:\/\/www.nettali.com\/2023\/01\/26\/mac-de-mbour-deux-detenus-font-la-belle\/#primaryimage\",\"inLanguage\":\"fr-FR\",\"url\":\"https:\/\/www.nettali.com\/wp-content\/uploads\/2023\/01\/Mac-Mbour-1.jpeg\",\"contentUrl\":\"https:\/\/www.nettali.com\/wp-content\/uploads\/2023\/01\/Mac-Mbour-1.jpeg\",\"width\":354,\"height\":185},{\"@type\":\"WebPage\",\"@id\":\"https:\/\/www.nettali.com\/2023\/01\/26\/mac-de-mbour-deux-detenus-font-la-belle\/#webpage\",\"url\":\"https:\/\/www.nettali.com\/2023\/01\/26\/mac-de-mbour-deux-detenus-font-la-belle\/\",\"name\":\"EN COULISSES - Deux d\\u00e9tenus se font la belle ! | Nettali.com\",\"isPartOf\":{\"@id\":\"https:\/\/www.nettali.com\/#website\"},\"primaryImageOfPage\":{\"@id\":\"https:\/\/www.nettali.com\/2023\/01\/26\/mac-de-mbour-deux-detenus-font-la-belle\/#primaryimage\"},\"datePublished\":\"2023-01-26T14:11:31+00:00\",\"dateModified\":\"2023-01-26T21:12:15+00:00\",\"author\":{\"@id\":\"https:\/\/www.nettali.com\/#\/schema\/person\/bb147657c2986240405a608162b9bb23\"},\"breadcrumb\":{\"@id\":\"https:\/\/www.nettali.com\/2023\/01\/26\/mac-de-mbour-deux-detenus-font-la-belle\/#breadcrumb\"},\"inLanguage\":\"fr-FR\",\"potentialAction\":[{\"@type\":\"ReadAction\",\"target\":[\"https:\/\/www.nettali.com\/2023\/01\/26\/mac-de-mbour-deux-detenus-font-la-belle\/\"]}]},{\"@type\":\"BreadcrumbList\",\"@id\":\"https:\/\/www.nettali.com\/2023\/01\/26\/mac-de-mbour-deux-detenus-font-la-belle\/#breadcrumb\",\"itemListElement\":[{\"@type\":\"ListItem\",\"position\":1,\"name\":\"Accueil\",\"item\":\"https:\/\/www.nettali.com\/\"},{\"@type\":\"ListItem\",\"position\":2,\"name\":\"EN COULISSES - Deux d\\u00e9tenus se font la belle !\"}]},{\"@type\":\"Person\",\"@id\":\"https:\/\/www.nettali.com\/#\/schema\/person\/bb147657c2986240405a608162b9bb23\",\"name\":\"Ibrahima\",\"image\":{\"@type\":\"ImageObject\",\"@id\":\"https:\/\/www.nettali.com\/#personlogo\",\"inLanguage\":\"fr-FR\",\"url\":\"https:\/\/secure.gravatar.com\/avatar\/26a8a81f09f0dd7624c9d5c36c9ba3a2?s=96&d=mm&r=g\",\"contentUrl\":\"https:\/\/secure.gravatar.com\/avatar\/26a8a81f09f0dd7624c9d5c36c9ba3a2?s=96&d=mm&r=g\",\"caption\":\"Ibrahima\"},\"sameAs\":[\"https:\/\/www.nettali.com\"]}]}<\/script>\n<!-- \/ Yoast SEO Premium plugin. -->","yoast_head_json":{"title":"EN COULISSES - Deux d\u00e9tenus se font la belle ! | Nettali.com","robots":{"index":"index","follow":"follow","max-snippet":"max-snippet:-1","max-image-preview":"max-image-preview:large","max-video-preview":"max-video-preview:-1"},"canonical":"https:\/\/www.nettali.com\/2023\/01\/26\/mac-de-mbour-deux-detenus-font-la-belle\/","og_locale":"fr_FR","og_type":"article","og_title":"EN COULISSES - Deux d\u00e9tenus se font la belle !","og_description":"NETTALI.COM - Deux pensionnaires de la Maison d\u2019arr\u00eat et de correction (Mac) de Mbour (ouest), se sont \u00e9vad\u00e9s de prison. Il s'agit de Moustapha Diop et El Hadji Sarr. En d\u00e9tention pr\u00e9ventive, ils ont r\u00e9ussi \u00e0 prendre la poudre d'escampette dans la nuit du mercredi, vers les coups de 4 h du matin. L'un des [&hellip;]","og_url":"https:\/\/www.nettali.com\/2023\/01\/26\/mac-de-mbour-deux-detenus-font-la-belle\/","og_site_name":"Nettali.com","article_publisher":"https:\/\/www.facebook.com\/nettalicom","article_published_time":"2023-01-26T14:11:31+00:00","article_modified_time":"2023-01-26T21:12:15+00:00","og_image":[{"width":354,"height":185,"url":"https:\/\/www.nettali.com\/wp-content\/uploads\/2023\/01\/Mac-Mbour-1.jpeg","type":"image\/jpeg"}],"twitter_card":"summary_large_image","twitter_misc":{"\u00c9crit par":"Ibrahima","Dur\u00e9e de lecture estim\u00e9e":"1 minute"},"schema":{"@context":"https:\/\/schema.org","@graph":[{"@type":"WebSite","@id":"https:\/\/www.nettali.com\/#website","url":"https:\/\/www.nettali.com\/","name":"Nettali.com","description":"Le rendez-vous critique du Net","potentialAction":[{"@type":"SearchAction","target":{"@type":"EntryPoint","urlTemplate":"https:\/\/www.nettali.com\/?s={search_term_string}"},"query-input":"required name=search_term_string"}],"inLanguage":"fr-FR"},{"@type":"ImageObject","@id":"https:\/\/www.nettali.com\/2023\/01\/26\/mac-de-mbour-deux-detenus-font-la-belle\/#primaryimage","inLanguage":"fr-FR","url":"https:\/\/www.nettali.com\/wp-content\/uploads\/2023\/01\/Mac-Mbour-1.jpeg","contentUrl":"https:\/\/www.nettali.com\/wp-content\/uploads\/2023\/01\/Mac-Mbour-1.jpeg","width":354,"height":185},{"@type":"WebPage","@id":"https:\/\/www.nettali.com\/2023\/01\/26\/mac-de-mbour-deux-detenus-font-la-belle\/#webpage","url":"https:\/\/www.nettali.com\/2023\/01\/26\/mac-de-mbour-deux-detenus-font-la-belle\/","name":"EN COULISSES - Deux d\u00e9tenus se font la belle ! | Nettali.com","isPartOf":{"@id":"https:\/\/www.nettali.com\/#website"},"primaryImageOfPage":{"@id":"https:\/\/www.nettali.com\/2023\/01\/26\/mac-de-mbour-deux-detenus-font-la-belle\/#primaryimage"},"datePublished":"2023-01-26T14:11:31+00:00","dateModified":"2023-01-26T21:12:15+00:00","author":{"@id":"https:\/\/www.nettali.com\/#\/schema\/person\/bb147657c2986240405a608162b9bb23"},"breadcrumb":{"@id":"https:\/\/www.nettali.com\/2023\/01\/26\/mac-de-mbour-deux-detenus-font-la-belle\/#breadcrumb"},"inLanguage":"fr-FR","potentialAction":[{"@type":"ReadAction","target":["https:\/\/www.nettali.com\/2023\/01\/26\/mac-de-mbour-deux-detenus-font-la-belle\/"]}]},{"@type":"BreadcrumbList","@id":"https:\/\/www.nettali.com\/2023\/01\/26\/mac-de-mbour-deux-detenus-font-la-belle\/#breadcrumb","itemListElement":[{"@type":"ListItem","position":1,"name":"Accueil","item":"https:\/\/www.nettali.com\/"},{"@type":"ListItem","position":2,"name":"EN COULISSES - Deux d\u00e9tenus se font la belle !"}]},{"@type":"Person","@id":"https:\/\/www.nettali.com\/#\/schema\/person\/bb147657c2986240405a608162b9bb23","name":"Ibrahima","image":{"@type":"ImageObject","@id":"https:\/\/www.nettali.com\/#personlogo","inLanguage":"fr-FR","url":"https:\/\/secure.gravatar.com\/avatar\/26a8a81f09f0dd7624c9d5c36c9ba3a2?s=96&d=mm&r=g","contentUrl":"https:\/\/secure.gravatar.com\/avatar\/26a8a81f09f0dd7624c9d5c36c9ba3a2?s=96&d=mm&r=g","caption":"Ibrahima"},"sameAs":["https:\/\/www.nettali.com"]}]}},"_links":{"self":[{"href":"https:\/\/www.nettali.com\/rest\/wp\/v2\/posts\/102731"}],"collection":[{"href":"https:\/\/www.nettali.com\/rest\/wp\/v2\/posts"}],"about":[{"href":"https:\/\/www.nettali.com\/rest\/wp\/v2\/types\/post"}],"author":[{"embeddable":true,"href":"https:\/\/www.nettali.com\/rest\/wp\/v2\/users\/5"}],"replies":[{"embeddable":true,"href":"https:\/\/www.nettali.com\/rest\/wp\/v2\/comments?post=102731"}],"version-history":[{"count":3,"href":"https:\/\/www.nettali.com\/rest\/wp\/v2\/posts\/102731\/revisions"}],"predecessor-version":[{"id":102765,"href":"https:\/\/www.nettali.com\/rest\/wp\/v2\/posts\/102731\/revisions\/102765"}],"wp:featuredmedia":[{"embeddable":true,"href":"https:\/\/www.nettali.com\/rest\/wp\/v2\/media\/102732"}],"wp:attachment":[{"href":"https:\/\/www.nettali.com\/rest\/wp\/v2\/media?parent=102731"}],"wp:term":[{"taxonomy":"category","embeddable":true,"href":"https:\/\/www.nettali.com\/rest\/wp\/v2\/categories?post=102731"},{"taxonomy":"post_tag","embeddable":true,"href":"https:\/\/www.nettali.com\/rest\/wp\/v2\/tags?post=102731"}],"curies":[{"name":"wp","href":"https:\/\/api.w.org\/{rel}","templated":true}]}}