{"id":102701,"date":"2023-01-26T08:03:04","date_gmt":"2023-01-26T08:03:04","guid":{"rendered":"https:\/\/www.nettali.com\/?p=102701"},"modified":"2023-01-26T08:03:04","modified_gmt":"2023-01-26T08:03:04","slug":"en-coulisses-decheance-du-mandat-de-mimi","status":"publish","type":"post","link":"https:\/\/www.nettali.com\/2023\/01\/26\/en-coulisses-decheance-du-mandat-de-mimi\/","title":{"rendered":"EN COULISSES - D\u00e9ch\u00e9ance du mandat de Mimi"},"content":{"rendered":"<p><strong>NETTALI.COM -<\/strong> La Chambre des \u00e9lus de l\u2019Alliance pour la R\u00e9publique (APR) n\u2019est pas d'accord avec l'argument de Ngouda Mboup selon lequel, l'exclusion d'Aminata Tour\u00e9 viole les articles 4, 60, 64 de la Constitution et l\u2019article 7 du r\u00e8glement int\u00e9rieur de l\u2019Assembl\u00e9e nationale.<\/p>\n<p>En effet, dans un communiqu\u00e9, elle a f\u00e9licit\u00e9 les membres du bureau de l\u2019Assembl\u00e9e nationale \u201c<em>pour l\u2019esprit de responsabilit\u00e9 qui a pr\u00e9valu dans le traitement du cas Aminata Tour\u00e9, ex-d\u00e9put\u00e9e d\u00e9missionnaire de fait, dans les conditions pr\u00e9vues par nos lois et r\u00e8glements. La Chambre des \u00e9lus rappelle que la R\u00e9publique est forte de ses institutions et que lesdites institutions ne sont fortes que parce que les personnes qui les incarnent respectent les r\u00e8gles<\/em>\u201d, peut-on lire dans la note.<\/p>\n<p>Aussi, la Chambre des \u00e9lus de l\u2019Alliance pour la R\u00e9publique exhorte-t-elle les d\u00e9put\u00e9s \"<em>\u00e0 faire preuve de loyaut\u00e9 et de respect notoire au suffrage populaire<\/em><br \/>\n<em>qui leur a permis d'acc\u00e9der \u00e0 la repr\u00e9sentation nationale<\/em>\".<\/p>\n<p>&nbsp;<\/p>\n<div class='share-to-whatsapp-wrapper'><div class='share-on-whsp'>PARTAGER SUR : <\/div><a data-text='EN COULISSES - D\u00e9ch\u00e9ance du mandat de Mimi' data-link='https:\/\/www.nettali.com\/2023\/01\/26\/en-coulisses-decheance-du-mandat-de-mimi\/' class='whatsapp-button whatsapp-share'>WhatsApp<\/a><div class='clear '><\/div><\/div>","protected":false},"excerpt":{"rendered":"<p>NETTALI.COM - La Chambre des \u00e9lus de l\u2019Alliance pour la R\u00e9publique (APR) n\u2019est pas d'accord avec l'argument de Ngouda Mboup selon lequel, l'exclusion d'Aminata Tour\u00e9 viole les articles 4, 60, 64 de la Constitution et l\u2019article 7 du r\u00e8glement int\u00e9rieur de l\u2019Assembl\u00e9e nationale. En effet, dans un communiqu\u00e9, elle a f\u00e9licit\u00e9 les membres du bureau [&hellip;]<\/p>\n","protected":false},"author":2,"featured_media":102589,"comment_status":"open","ping_status":"open","sticky":false,"template":"","format":"standard","meta":{"_et_pb_use_builder":"","_et_pb_old_content":""},"categories":[34945],"tags":[],"yoast_head":"<!-- This site is optimized with the Yoast SEO Premium plugin v17.8 (Yoast SEO v17.8) - https:\/\/yoast.com\/wordpress\/plugins\/seo\/ -->\n<title>EN COULISSES - D\u00e9ch\u00e9ance du mandat de Mimi | Nettali.com<\/title>\n<meta name=\"robots\" content=\"index, follow, max-snippet:-1, max-image-preview:large, max-video-preview:-1\" \/>\n<link rel=\"canonical\" href=\"https:\/\/www.nettali.com\/2023\/01\/26\/en-coulisses-decheance-du-mandat-de-mimi\/\" \/>\n<meta property=\"og:locale\" content=\"fr_FR\" \/>\n<meta property=\"og:type\" content=\"article\" \/>\n<meta property=\"og:title\" content=\"EN COULISSES - D\u00e9ch\u00e9ance du mandat de Mimi\" \/>\n<meta property=\"og:description\" content=\"NETTALI.COM - La Chambre des \u00e9lus de l\u2019Alliance pour la R\u00e9publique (APR) n\u2019est pas d&#039;accord avec l&#039;argument de Ngouda Mboup selon lequel, l&#039;exclusion d&#039;Aminata Tour\u00e9 viole les articles 4, 60, 64 de la Constitution et l\u2019article 7 du r\u00e8glement int\u00e9rieur de l\u2019Assembl\u00e9e nationale. En effet, dans un communiqu\u00e9, elle a f\u00e9licit\u00e9 les membres du bureau [&hellip;]\" \/>\n<meta property=\"og:url\" content=\"https:\/\/www.nettali.com\/2023\/01\/26\/en-coulisses-decheance-du-mandat-de-mimi\/\" \/>\n<meta property=\"og:site_name\" content=\"Nettali.com\" \/>\n<meta property=\"article:publisher\" content=\"https:\/\/www.facebook.com\/nettalicom\" \/>\n<meta property=\"article:published_time\" content=\"2023-01-26T08:03:04+00:00\" \/>\n<meta property=\"og:image\" content=\"https:\/\/www.nettali.com\/wp-content\/uploads\/2023\/01\/67302761-47627220.jpg\" \/>\n\t<meta property=\"og:image:width\" content=\"626\" \/>\n\t<meta property=\"og:image:height\" content=\"334\" \/>\n<meta name=\"twitter:card\" content=\"summary_large_image\" \/>\n<meta name=\"twitter:label1\" content=\"\u00c9crit par\" \/>\n\t<meta name=\"twitter:data1\" content=\"CK\" \/>\n\t<meta name=\"twitter:label2\" content=\"Dur\u00e9e de lecture estim\u00e9e\" \/>\n\t<meta name=\"twitter:data2\" content=\"1 minute\" \/>\n<script type=\"application\/ld+json\" class=\"yoast-schema-graph\">{\"@context\":\"https:\/\/schema.org\",\"@graph\":[{\"@type\":\"WebSite\",\"@id\":\"https:\/\/www.nettali.com\/#website\",\"url\":\"https:\/\/www.nettali.com\/\",\"name\":\"Nettali.com\",\"description\":\"Le rendez-vous critique du Net\",\"potentialAction\":[{\"@type\":\"SearchAction\",\"target\":{\"@type\":\"EntryPoint\",\"urlTemplate\":\"https:\/\/www.nettali.com\/?s={search_term_string}\"},\"query-input\":\"required name=search_term_string\"}],\"inLanguage\":\"fr-FR\"},{\"@type\":\"ImageObject\",\"@id\":\"https:\/\/www.nettali.com\/2023\/01\/26\/en-coulisses-decheance-du-mandat-de-mimi\/#primaryimage\",\"inLanguage\":\"fr-FR\",\"url\":\"https:\/\/www.nettali.com\/wp-content\/uploads\/2023\/01\/67302761-47627220.jpg\",\"contentUrl\":\"https:\/\/www.nettali.com\/wp-content\/uploads\/2023\/01\/67302761-47627220.jpg\",\"width\":626,\"height\":334},{\"@type\":\"WebPage\",\"@id\":\"https:\/\/www.nettali.com\/2023\/01\/26\/en-coulisses-decheance-du-mandat-de-mimi\/#webpage\",\"url\":\"https:\/\/www.nettali.com\/2023\/01\/26\/en-coulisses-decheance-du-mandat-de-mimi\/\",\"name\":\"EN COULISSES - D\\u00e9ch\\u00e9ance du mandat de Mimi | Nettali.com\",\"isPartOf\":{\"@id\":\"https:\/\/www.nettali.com\/#website\"},\"primaryImageOfPage\":{\"@id\":\"https:\/\/www.nettali.com\/2023\/01\/26\/en-coulisses-decheance-du-mandat-de-mimi\/#primaryimage\"},\"datePublished\":\"2023-01-26T08:03:04+00:00\",\"dateModified\":\"2023-01-26T08:03:04+00:00\",\"author\":{\"@id\":\"https:\/\/www.nettali.com\/#\/schema\/person\/d8ac7b7e27ddad43f1c0d2ef090d7f71\"},\"breadcrumb\":{\"@id\":\"https:\/\/www.nettali.com\/2023\/01\/26\/en-coulisses-decheance-du-mandat-de-mimi\/#breadcrumb\"},\"inLanguage\":\"fr-FR\",\"potentialAction\":[{\"@type\":\"ReadAction\",\"target\":[\"https:\/\/www.nettali.com\/2023\/01\/26\/en-coulisses-decheance-du-mandat-de-mimi\/\"]}]},{\"@type\":\"BreadcrumbList\",\"@id\":\"https:\/\/www.nettali.com\/2023\/01\/26\/en-coulisses-decheance-du-mandat-de-mimi\/#breadcrumb\",\"itemListElement\":[{\"@type\":\"ListItem\",\"position\":1,\"name\":\"Accueil\",\"item\":\"https:\/\/www.nettali.com\/\"},{\"@type\":\"ListItem\",\"position\":2,\"name\":\"EN COULISSES - D\\u00e9ch\\u00e9ance du mandat de Mimi\"}]},{\"@type\":\"Person\",\"@id\":\"https:\/\/www.nettali.com\/#\/schema\/person\/d8ac7b7e27ddad43f1c0d2ef090d7f71\",\"name\":\"CK\",\"image\":{\"@type\":\"ImageObject\",\"@id\":\"https:\/\/www.nettali.com\/#personlogo\",\"inLanguage\":\"fr-FR\",\"url\":\"https:\/\/secure.gravatar.com\/avatar\/1d8d5118b9327d94da7cd4ce7f17fec2?s=96&d=mm&r=g\",\"contentUrl\":\"https:\/\/secure.gravatar.com\/avatar\/1d8d5118b9327d94da7cd4ce7f17fec2?s=96&d=mm&r=g\",\"caption\":\"CK\"},\"sameAs\":[\"https:\/\/www.nettali.com\"]}]}<\/script>\n<!-- \/ Yoast SEO Premium plugin. -->","yoast_head_json":{"title":"EN COULISSES - D\u00e9ch\u00e9ance du mandat de Mimi | Nettali.com","robots":{"index":"index","follow":"follow","max-snippet":"max-snippet:-1","max-image-preview":"max-image-preview:large","max-video-preview":"max-video-preview:-1"},"canonical":"https:\/\/www.nettali.com\/2023\/01\/26\/en-coulisses-decheance-du-mandat-de-mimi\/","og_locale":"fr_FR","og_type":"article","og_title":"EN COULISSES - D\u00e9ch\u00e9ance du mandat de Mimi","og_description":"NETTALI.COM - La Chambre des \u00e9lus de l\u2019Alliance pour la R\u00e9publique (APR) n\u2019est pas d'accord avec l'argument de Ngouda Mboup selon lequel, l'exclusion d'Aminata Tour\u00e9 viole les articles 4, 60, 64 de la Constitution et l\u2019article 7 du r\u00e8glement int\u00e9rieur de l\u2019Assembl\u00e9e nationale. En effet, dans un communiqu\u00e9, elle a f\u00e9licit\u00e9 les membres du bureau [&hellip;]","og_url":"https:\/\/www.nettali.com\/2023\/01\/26\/en-coulisses-decheance-du-mandat-de-mimi\/","og_site_name":"Nettali.com","article_publisher":"https:\/\/www.facebook.com\/nettalicom","article_published_time":"2023-01-26T08:03:04+00:00","og_image":[{"width":626,"height":334,"url":"https:\/\/www.nettali.com\/wp-content\/uploads\/2023\/01\/67302761-47627220.jpg","type":"image\/jpeg"}],"twitter_card":"summary_large_image","twitter_misc":{"\u00c9crit par":"CK","Dur\u00e9e de lecture estim\u00e9e":"1 minute"},"schema":{"@context":"https:\/\/schema.org","@graph":[{"@type":"WebSite","@id":"https:\/\/www.nettali.com\/#website","url":"https:\/\/www.nettali.com\/","name":"Nettali.com","description":"Le rendez-vous critique du Net","potentialAction":[{"@type":"SearchAction","target":{"@type":"EntryPoint","urlTemplate":"https:\/\/www.nettali.com\/?s={search_term_string}"},"query-input":"required name=search_term_string"}],"inLanguage":"fr-FR"},{"@type":"ImageObject","@id":"https:\/\/www.nettali.com\/2023\/01\/26\/en-coulisses-decheance-du-mandat-de-mimi\/#primaryimage","inLanguage":"fr-FR","url":"https:\/\/www.nettali.com\/wp-content\/uploads\/2023\/01\/67302761-47627220.jpg","contentUrl":"https:\/\/www.nettali.com\/wp-content\/uploads\/2023\/01\/67302761-47627220.jpg","width":626,"height":334},{"@type":"WebPage","@id":"https:\/\/www.nettali.com\/2023\/01\/26\/en-coulisses-decheance-du-mandat-de-mimi\/#webpage","url":"https:\/\/www.nettali.com\/2023\/01\/26\/en-coulisses-decheance-du-mandat-de-mimi\/","name":"EN COULISSES - D\u00e9ch\u00e9ance du mandat de Mimi | Nettali.com","isPartOf":{"@id":"https:\/\/www.nettali.com\/#website"},"primaryImageOfPage":{"@id":"https:\/\/www.nettali.com\/2023\/01\/26\/en-coulisses-decheance-du-mandat-de-mimi\/#primaryimage"},"datePublished":"2023-01-26T08:03:04+00:00","dateModified":"2023-01-26T08:03:04+00:00","author":{"@id":"https:\/\/www.nettali.com\/#\/schema\/person\/d8ac7b7e27ddad43f1c0d2ef090d7f71"},"breadcrumb":{"@id":"https:\/\/www.nettali.com\/2023\/01\/26\/en-coulisses-decheance-du-mandat-de-mimi\/#breadcrumb"},"inLanguage":"fr-FR","potentialAction":[{"@type":"ReadAction","target":["https:\/\/www.nettali.com\/2023\/01\/26\/en-coulisses-decheance-du-mandat-de-mimi\/"]}]},{"@type":"BreadcrumbList","@id":"https:\/\/www.nettali.com\/2023\/01\/26\/en-coulisses-decheance-du-mandat-de-mimi\/#breadcrumb","itemListElement":[{"@type":"ListItem","position":1,"name":"Accueil","item":"https:\/\/www.nettali.com\/"},{"@type":"ListItem","position":2,"name":"EN COULISSES - D\u00e9ch\u00e9ance du mandat de Mimi"}]},{"@type":"Person","@id":"https:\/\/www.nettali.com\/#\/schema\/person\/d8ac7b7e27ddad43f1c0d2ef090d7f71","name":"CK","image":{"@type":"ImageObject","@id":"https:\/\/www.nettali.com\/#personlogo","inLanguage":"fr-FR","url":"https:\/\/secure.gravatar.com\/avatar\/1d8d5118b9327d94da7cd4ce7f17fec2?s=96&d=mm&r=g","contentUrl":"https:\/\/secure.gravatar.com\/avatar\/1d8d5118b9327d94da7cd4ce7f17fec2?s=96&d=mm&r=g","caption":"CK"},"sameAs":["https:\/\/www.nettali.com"]}]}},"_links":{"self":[{"href":"https:\/\/www.nettali.com\/rest\/wp\/v2\/posts\/102701"}],"collection":[{"href":"https:\/\/www.nettali.com\/rest\/wp\/v2\/posts"}],"about":[{"href":"https:\/\/www.nettali.com\/rest\/wp\/v2\/types\/post"}],"author":[{"embeddable":true,"href":"https:\/\/www.nettali.com\/rest\/wp\/v2\/users\/2"}],"replies":[{"embeddable":true,"href":"https:\/\/www.nettali.com\/rest\/wp\/v2\/comments?post=102701"}],"version-history":[{"count":2,"href":"https:\/\/www.nettali.com\/rest\/wp\/v2\/posts\/102701\/revisions"}],"predecessor-version":[{"id":102709,"href":"https:\/\/www.nettali.com\/rest\/wp\/v2\/posts\/102701\/revisions\/102709"}],"wp:featuredmedia":[{"embeddable":true,"href":"https:\/\/www.nettali.com\/rest\/wp\/v2\/media\/102589"}],"wp:attachment":[{"href":"https:\/\/www.nettali.com\/rest\/wp\/v2\/media?parent=102701"}],"wp:term":[{"taxonomy":"category","embeddable":true,"href":"https:\/\/www.nettali.com\/rest\/wp\/v2\/categories?post=102701"},{"taxonomy":"post_tag","embeddable":true,"href":"https:\/\/www.nettali.com\/rest\/wp\/v2\/tags?post=102701"}],"curies":[{"name":"wp","href":"https:\/\/api.w.org\/{rel}","templated":true}]}}