{"id":102663,"date":"2023-01-25T13:56:36","date_gmt":"2023-01-25T13:56:36","guid":{"rendered":"https:\/\/www.nettali.com\/?p=102663"},"modified":"2023-01-25T13:57:30","modified_gmt":"2023-01-25T13:57:30","slug":"drame-de-sikilo-les-proprietaires-des-deux-bus-condamnes-a-2-ans-avec-sursis","status":"publish","type":"post","link":"https:\/\/www.nettali.com\/2023\/01\/25\/drame-de-sikilo-les-proprietaires-des-deux-bus-condamnes-a-2-ans-avec-sursis\/","title":{"rendered":"DRAME DE SIKILO - Les propri\u00e9taires des deux bus condamn\u00e9s \u00e0 2 ans avec sursis"},"content":{"rendered":"<p><strong>NETTALI.COM - Le verdict est tomb\u00e9 pour les propri\u00e9taires des deux v\u00e9hicules de l'accident tragique de Sikilo, dans la r\u00e9gion de Kaffrine survenu le 8 janvier dernier. Les deux pr\u00e9venus ont \u00e9t\u00e9 condamn\u00e9s ce mercredi, \u00e0 deux ans de prison avec sursis. En sus de cette peine, une amende de 106.000 F Cfa.<\/strong><\/p>\n<p>Les propri\u00e9taires des deux v\u00e9hicules impliqu\u00e9s dans le drame de Sikilo sont libres. En effet, au tribunal de grande instance de Kaolack, leur proc\u00e8s a \u00e9t\u00e9 vid\u00e9 ce mercredi. Ils ont \u00e9t\u00e9 condamn\u00e9s \u00e0 deux ans de prison avec sursis. Moussa Sow et Birame Tine devront payer une amende de 106 000 francs Cfa.<\/p>\n<p>Lors du proc\u00e8s, le parquet avait requis deux ans de prison avec un an ferme pour Moussa Sow et un an de prison dont six mois fermes pour Birame Tine. R\u00e9quisitoire que le Juge n\u2019a pas vraiment suivi, puisque les deux pr\u00e9venus vont recouvrer la libert\u00e9, 17 jours apr\u00e8s le drame qui a emport\u00e9 42 vies.<\/p>\n<p>A rappeler que dans la nuit de samedi 8 \u00e0 dimanche 9 janvier dernier, deux bus sont entr\u00e9s en collision \u00e0 hauteur de Sikilo, dans la r\u00e9gion de Kaffrine, vers les coups de 5 heures du matin. L'accident avait co\u00fbt\u00e9 la vie \u00e0 42 personnes dont 19 sur le coups et 98 bless\u00e9s ont \u00e9t\u00e9 enregistr\u00e9s.<\/p>\n<div class='share-to-whatsapp-wrapper'><div class='share-on-whsp'>PARTAGER SUR : <\/div><a data-text='DRAME DE SIKILO - Les propri\u00e9taires des deux bus condamn\u00e9s \u00e0 2 ans avec sursis' data-link='https:\/\/www.nettali.com\/2023\/01\/25\/drame-de-sikilo-les-proprietaires-des-deux-bus-condamnes-a-2-ans-avec-sursis\/' class='whatsapp-button whatsapp-share'>WhatsApp<\/a><div class='clear '><\/div><\/div>","protected":false},"excerpt":{"rendered":"<p>NETTALI.COM - Le verdict est tomb\u00e9 pour les propri\u00e9taires des deux v\u00e9hicules de l'accident tragique de Sikilo, dans la r\u00e9gion de Kaffrine survenu le 8 janvier dernier. Les deux pr\u00e9venus ont \u00e9t\u00e9 condamn\u00e9s ce mercredi, \u00e0 deux ans de prison avec sursis. En sus de cette peine, une amende de 106.000 F Cfa. Les propri\u00e9taires [&hellip;]<\/p>\n","protected":false},"author":5,"featured_media":101353,"comment_status":"open","ping_status":"open","sticky":false,"template":"","format":"standard","meta":{"_et_pb_use_builder":"","_et_pb_old_content":""},"categories":[3],"tags":[],"yoast_head":"<!-- This site is optimized with the Yoast SEO Premium plugin v17.8 (Yoast SEO v17.8) - https:\/\/yoast.com\/wordpress\/plugins\/seo\/ -->\n<title>DRAME DE SIKILO - Les propri\u00e9taires des deux bus condamn\u00e9s \u00e0 2 ans avec sursis | Nettali.com<\/title>\n<meta name=\"robots\" content=\"index, follow, max-snippet:-1, max-image-preview:large, max-video-preview:-1\" \/>\n<link rel=\"canonical\" href=\"https:\/\/www.nettali.com\/2023\/01\/25\/drame-de-sikilo-les-proprietaires-des-deux-bus-condamnes-a-2-ans-avec-sursis\/\" \/>\n<meta property=\"og:locale\" content=\"fr_FR\" \/>\n<meta property=\"og:type\" content=\"article\" \/>\n<meta property=\"og:title\" content=\"DRAME DE SIKILO - Les propri\u00e9taires des deux bus condamn\u00e9s \u00e0 2 ans avec sursis\" \/>\n<meta property=\"og:description\" content=\"NETTALI.COM - Le verdict est tomb\u00e9 pour les propri\u00e9taires des deux v\u00e9hicules de l&#039;accident tragique de Sikilo, dans la r\u00e9gion de Kaffrine survenu le 8 janvier dernier. Les deux pr\u00e9venus ont \u00e9t\u00e9 condamn\u00e9s ce mercredi, \u00e0 deux ans de prison avec sursis. En sus de cette peine, une amende de 106.000 F Cfa. Les propri\u00e9taires [&hellip;]\" \/>\n<meta property=\"og:url\" content=\"https:\/\/www.nettali.com\/2023\/01\/25\/drame-de-sikilo-les-proprietaires-des-deux-bus-condamnes-a-2-ans-avec-sursis\/\" \/>\n<meta property=\"og:site_name\" content=\"Nettali.com\" \/>\n<meta property=\"article:publisher\" content=\"https:\/\/www.facebook.com\/nettalicom\" \/>\n<meta property=\"article:published_time\" content=\"2023-01-25T13:56:36+00:00\" \/>\n<meta property=\"article:modified_time\" content=\"2023-01-25T13:57:30+00:00\" \/>\n<meta property=\"og:image\" content=\"https:\/\/www.nettali.com\/wp-content\/uploads\/2023\/01\/WhatsApp-Image-2023-01-08-at-13.33.37.jpeg\" \/>\n\t<meta property=\"og:image:width\" content=\"1080\" \/>\n\t<meta property=\"og:image:height\" content=\"608\" \/>\n<meta name=\"twitter:card\" content=\"summary_large_image\" \/>\n<meta name=\"twitter:label1\" content=\"\u00c9crit par\" \/>\n\t<meta name=\"twitter:data1\" content=\"Ibrahima\" \/>\n\t<meta name=\"twitter:label2\" content=\"Dur\u00e9e de lecture estim\u00e9e\" \/>\n\t<meta name=\"twitter:data2\" content=\"2 minutes\" \/>\n<script type=\"application\/ld+json\" class=\"yoast-schema-graph\">{\"@context\":\"https:\/\/schema.org\",\"@graph\":[{\"@type\":\"WebSite\",\"@id\":\"https:\/\/www.nettali.com\/#website\",\"url\":\"https:\/\/www.nettali.com\/\",\"name\":\"Nettali.com\",\"description\":\"Le rendez-vous critique du Net\",\"potentialAction\":[{\"@type\":\"SearchAction\",\"target\":{\"@type\":\"EntryPoint\",\"urlTemplate\":\"https:\/\/www.nettali.com\/?s={search_term_string}\"},\"query-input\":\"required name=search_term_string\"}],\"inLanguage\":\"fr-FR\"},{\"@type\":\"ImageObject\",\"@id\":\"https:\/\/www.nettali.com\/2023\/01\/25\/drame-de-sikilo-les-proprietaires-des-deux-bus-condamnes-a-2-ans-avec-sursis\/#primaryimage\",\"inLanguage\":\"fr-FR\",\"url\":\"https:\/\/www.nettali.com\/wp-content\/uploads\/2023\/01\/WhatsApp-Image-2023-01-08-at-13.33.37.jpeg\",\"contentUrl\":\"https:\/\/www.nettali.com\/wp-content\/uploads\/2023\/01\/WhatsApp-Image-2023-01-08-at-13.33.37.jpeg\",\"width\":1080,\"height\":608},{\"@type\":\"WebPage\",\"@id\":\"https:\/\/www.nettali.com\/2023\/01\/25\/drame-de-sikilo-les-proprietaires-des-deux-bus-condamnes-a-2-ans-avec-sursis\/#webpage\",\"url\":\"https:\/\/www.nettali.com\/2023\/01\/25\/drame-de-sikilo-les-proprietaires-des-deux-bus-condamnes-a-2-ans-avec-sursis\/\",\"name\":\"DRAME DE SIKILO - Les propri\\u00e9taires des deux bus condamn\\u00e9s \\u00e0 2 ans avec sursis | Nettali.com\",\"isPartOf\":{\"@id\":\"https:\/\/www.nettali.com\/#website\"},\"primaryImageOfPage\":{\"@id\":\"https:\/\/www.nettali.com\/2023\/01\/25\/drame-de-sikilo-les-proprietaires-des-deux-bus-condamnes-a-2-ans-avec-sursis\/#primaryimage\"},\"datePublished\":\"2023-01-25T13:56:36+00:00\",\"dateModified\":\"2023-01-25T13:57:30+00:00\",\"author\":{\"@id\":\"https:\/\/www.nettali.com\/#\/schema\/person\/bb147657c2986240405a608162b9bb23\"},\"breadcrumb\":{\"@id\":\"https:\/\/www.nettali.com\/2023\/01\/25\/drame-de-sikilo-les-proprietaires-des-deux-bus-condamnes-a-2-ans-avec-sursis\/#breadcrumb\"},\"inLanguage\":\"fr-FR\",\"potentialAction\":[{\"@type\":\"ReadAction\",\"target\":[\"https:\/\/www.nettali.com\/2023\/01\/25\/drame-de-sikilo-les-proprietaires-des-deux-bus-condamnes-a-2-ans-avec-sursis\/\"]}]},{\"@type\":\"BreadcrumbList\",\"@id\":\"https:\/\/www.nettali.com\/2023\/01\/25\/drame-de-sikilo-les-proprietaires-des-deux-bus-condamnes-a-2-ans-avec-sursis\/#breadcrumb\",\"itemListElement\":[{\"@type\":\"ListItem\",\"position\":1,\"name\":\"Accueil\",\"item\":\"https:\/\/www.nettali.com\/\"},{\"@type\":\"ListItem\",\"position\":2,\"name\":\"DRAME DE SIKILO - Les propri\\u00e9taires des deux bus condamn\\u00e9s \\u00e0 2 ans avec sursis\"}]},{\"@type\":\"Person\",\"@id\":\"https:\/\/www.nettali.com\/#\/schema\/person\/bb147657c2986240405a608162b9bb23\",\"name\":\"Ibrahima\",\"image\":{\"@type\":\"ImageObject\",\"@id\":\"https:\/\/www.nettali.com\/#personlogo\",\"inLanguage\":\"fr-FR\",\"url\":\"https:\/\/secure.gravatar.com\/avatar\/26a8a81f09f0dd7624c9d5c36c9ba3a2?s=96&d=mm&r=g\",\"contentUrl\":\"https:\/\/secure.gravatar.com\/avatar\/26a8a81f09f0dd7624c9d5c36c9ba3a2?s=96&d=mm&r=g\",\"caption\":\"Ibrahima\"},\"sameAs\":[\"https:\/\/www.nettali.com\"]}]}<\/script>\n<!-- \/ Yoast SEO Premium plugin. -->","yoast_head_json":{"title":"DRAME DE SIKILO - Les propri\u00e9taires des deux bus condamn\u00e9s \u00e0 2 ans avec sursis | Nettali.com","robots":{"index":"index","follow":"follow","max-snippet":"max-snippet:-1","max-image-preview":"max-image-preview:large","max-video-preview":"max-video-preview:-1"},"canonical":"https:\/\/www.nettali.com\/2023\/01\/25\/drame-de-sikilo-les-proprietaires-des-deux-bus-condamnes-a-2-ans-avec-sursis\/","og_locale":"fr_FR","og_type":"article","og_title":"DRAME DE SIKILO - Les propri\u00e9taires des deux bus condamn\u00e9s \u00e0 2 ans avec sursis","og_description":"NETTALI.COM - Le verdict est tomb\u00e9 pour les propri\u00e9taires des deux v\u00e9hicules de l'accident tragique de Sikilo, dans la r\u00e9gion de Kaffrine survenu le 8 janvier dernier. Les deux pr\u00e9venus ont \u00e9t\u00e9 condamn\u00e9s ce mercredi, \u00e0 deux ans de prison avec sursis. En sus de cette peine, une amende de 106.000 F Cfa. Les propri\u00e9taires [&hellip;]","og_url":"https:\/\/www.nettali.com\/2023\/01\/25\/drame-de-sikilo-les-proprietaires-des-deux-bus-condamnes-a-2-ans-avec-sursis\/","og_site_name":"Nettali.com","article_publisher":"https:\/\/www.facebook.com\/nettalicom","article_published_time":"2023-01-25T13:56:36+00:00","article_modified_time":"2023-01-25T13:57:30+00:00","og_image":[{"width":1080,"height":608,"url":"https:\/\/www.nettali.com\/wp-content\/uploads\/2023\/01\/WhatsApp-Image-2023-01-08-at-13.33.37.jpeg","type":"image\/jpeg"}],"twitter_card":"summary_large_image","twitter_misc":{"\u00c9crit par":"Ibrahima","Dur\u00e9e de lecture estim\u00e9e":"2 minutes"},"schema":{"@context":"https:\/\/schema.org","@graph":[{"@type":"WebSite","@id":"https:\/\/www.nettali.com\/#website","url":"https:\/\/www.nettali.com\/","name":"Nettali.com","description":"Le rendez-vous critique du Net","potentialAction":[{"@type":"SearchAction","target":{"@type":"EntryPoint","urlTemplate":"https:\/\/www.nettali.com\/?s={search_term_string}"},"query-input":"required name=search_term_string"}],"inLanguage":"fr-FR"},{"@type":"ImageObject","@id":"https:\/\/www.nettali.com\/2023\/01\/25\/drame-de-sikilo-les-proprietaires-des-deux-bus-condamnes-a-2-ans-avec-sursis\/#primaryimage","inLanguage":"fr-FR","url":"https:\/\/www.nettali.com\/wp-content\/uploads\/2023\/01\/WhatsApp-Image-2023-01-08-at-13.33.37.jpeg","contentUrl":"https:\/\/www.nettali.com\/wp-content\/uploads\/2023\/01\/WhatsApp-Image-2023-01-08-at-13.33.37.jpeg","width":1080,"height":608},{"@type":"WebPage","@id":"https:\/\/www.nettali.com\/2023\/01\/25\/drame-de-sikilo-les-proprietaires-des-deux-bus-condamnes-a-2-ans-avec-sursis\/#webpage","url":"https:\/\/www.nettali.com\/2023\/01\/25\/drame-de-sikilo-les-proprietaires-des-deux-bus-condamnes-a-2-ans-avec-sursis\/","name":"DRAME DE SIKILO - Les propri\u00e9taires des deux bus condamn\u00e9s \u00e0 2 ans avec sursis | Nettali.com","isPartOf":{"@id":"https:\/\/www.nettali.com\/#website"},"primaryImageOfPage":{"@id":"https:\/\/www.nettali.com\/2023\/01\/25\/drame-de-sikilo-les-proprietaires-des-deux-bus-condamnes-a-2-ans-avec-sursis\/#primaryimage"},"datePublished":"2023-01-25T13:56:36+00:00","dateModified":"2023-01-25T13:57:30+00:00","author":{"@id":"https:\/\/www.nettali.com\/#\/schema\/person\/bb147657c2986240405a608162b9bb23"},"breadcrumb":{"@id":"https:\/\/www.nettali.com\/2023\/01\/25\/drame-de-sikilo-les-proprietaires-des-deux-bus-condamnes-a-2-ans-avec-sursis\/#breadcrumb"},"inLanguage":"fr-FR","potentialAction":[{"@type":"ReadAction","target":["https:\/\/www.nettali.com\/2023\/01\/25\/drame-de-sikilo-les-proprietaires-des-deux-bus-condamnes-a-2-ans-avec-sursis\/"]}]},{"@type":"BreadcrumbList","@id":"https:\/\/www.nettali.com\/2023\/01\/25\/drame-de-sikilo-les-proprietaires-des-deux-bus-condamnes-a-2-ans-avec-sursis\/#breadcrumb","itemListElement":[{"@type":"ListItem","position":1,"name":"Accueil","item":"https:\/\/www.nettali.com\/"},{"@type":"ListItem","position":2,"name":"DRAME DE SIKILO - Les propri\u00e9taires des deux bus condamn\u00e9s \u00e0 2 ans avec sursis"}]},{"@type":"Person","@id":"https:\/\/www.nettali.com\/#\/schema\/person\/bb147657c2986240405a608162b9bb23","name":"Ibrahima","image":{"@type":"ImageObject","@id":"https:\/\/www.nettali.com\/#personlogo","inLanguage":"fr-FR","url":"https:\/\/secure.gravatar.com\/avatar\/26a8a81f09f0dd7624c9d5c36c9ba3a2?s=96&d=mm&r=g","contentUrl":"https:\/\/secure.gravatar.com\/avatar\/26a8a81f09f0dd7624c9d5c36c9ba3a2?s=96&d=mm&r=g","caption":"Ibrahima"},"sameAs":["https:\/\/www.nettali.com"]}]}},"_links":{"self":[{"href":"https:\/\/www.nettali.com\/rest\/wp\/v2\/posts\/102663"}],"collection":[{"href":"https:\/\/www.nettali.com\/rest\/wp\/v2\/posts"}],"about":[{"href":"https:\/\/www.nettali.com\/rest\/wp\/v2\/types\/post"}],"author":[{"embeddable":true,"href":"https:\/\/www.nettali.com\/rest\/wp\/v2\/users\/5"}],"replies":[{"embeddable":true,"href":"https:\/\/www.nettali.com\/rest\/wp\/v2\/comments?post=102663"}],"version-history":[{"count":2,"href":"https:\/\/www.nettali.com\/rest\/wp\/v2\/posts\/102663\/revisions"}],"predecessor-version":[{"id":102666,"href":"https:\/\/www.nettali.com\/rest\/wp\/v2\/posts\/102663\/revisions\/102666"}],"wp:featuredmedia":[{"embeddable":true,"href":"https:\/\/www.nettali.com\/rest\/wp\/v2\/media\/101353"}],"wp:attachment":[{"href":"https:\/\/www.nettali.com\/rest\/wp\/v2\/media?parent=102663"}],"wp:term":[{"taxonomy":"category","embeddable":true,"href":"https:\/\/www.nettali.com\/rest\/wp\/v2\/categories?post=102663"},{"taxonomy":"post_tag","embeddable":true,"href":"https:\/\/www.nettali.com\/rest\/wp\/v2\/tags?post=102663"}],"curies":[{"name":"wp","href":"https:\/\/api.w.org\/{rel}","templated":true}]}}