{"id":102588,"date":"2023-01-24T18:57:26","date_gmt":"2023-01-24T18:57:26","guid":{"rendered":"https:\/\/www.nettali.com\/?p=102588"},"modified":"2023-01-26T09:23:26","modified_gmt":"2023-01-26T09:23:26","slug":"assemblee-nationale-aminata-toure-dechue-de-son-poste-de-depute","status":"publish","type":"post","link":"https:\/\/www.nettali.com\/2023\/01\/24\/assemblee-nationale-aminata-toure-dechue-de-son-poste-de-depute\/","title":{"rendered":"ASSEMBL\u00c9E NATIONALE - Aminata Tour\u00e9 d\u00e9chue de son poste de d\u00e9put\u00e9"},"content":{"rendered":"<p><strong>NETTALI.COM - C'est act\u00e9! Aminata Tour\u00e9 est d\u00e9chue de son mandat de d\u00e9put\u00e9. Le bureau de l'Assembl\u00e9e nationale s'est r\u00e9uni ce mardi 24 janvier pour statuer \u00e0 la demande de l'APR, sur la destitution de Mme Aminata Tour\u00e9 dite Mimi, conform\u00e9ment \u00e0 la Constitution.<\/strong><\/p>\n<p>C'est fini entre Aminata Tour\u00e9 et la coalition Benno Bokk Yakaar. Depuis qu\u2019elle a rejoint le groupe des non-align\u00e9s dans la 14e l\u00e9gislature, l'ancienne cheffe du gouvernement n\u2019a pas fait de cadeau \u00e0 la majorit\u00e9 pr\u00e9sidentielle.<\/p>\n<p>Ce mardi, l\u2019Assembl\u00e9e nationale a statu\u00e9 sur la demande de l'Alliance pour la R\u00e9publique. Ainsi, Aminata Tour\u00e9 est destitu\u00e9e apr\u00e8s un vote du bureau. Il est ressorti de l'urne 10 voix pour et 7 contre.<\/p>\n<p>A signaler aussi, que le groupe parlementaire \"<em>libert\u00e9 et d\u00e9mocratie<\/em>\" du parti d\u00e9mocratique s\u00e9n\u00e9galais a \u00e9t\u00e9 en phase pour cette d\u00e9cision parlementaire valid\u00e9e par le bureau.<\/p>\n<p>Selon Babacar Abba Mbaye, d\u00e9put\u00e9 membre de Yewwi Askan Wi, une convocation leur avait \u00e9t\u00e9 envoy\u00e9e ce lundi. Arriv\u00e9s \u00e0 l\u2019h\u00e9micycle ce mardi, il leur a \u00e9t\u00e9 signifi\u00e9 que les discussions tournent autour de la d\u00e9ch\u00e9ance du mandat de d\u00e9put\u00e9 de Mimi Tour\u00e9.<\/p>\n<p><em>\u00abQuand nous sommes arriv\u00e9s, le pr\u00e9sident nous a dit que l\u2019ordre du jour portait sur un seul point : la d\u00e9ch\u00e9ance du poste de d\u00e9put\u00e9 de Mme Aminata Tour\u00e9\u00bb<\/em>, a d\u00e9clar\u00e9 le d\u00e9put\u00e9 maire de Saint Louis.<\/p>\n<p>Et d\u2019ajouter : \u00ab<em>Comme fond de dossier, il a pr\u00e9sent\u00e9 une lettre du comit\u00e9 ex\u00e9cutif de l\u2019Apr qui constate la d\u00e9ch\u00e9ance de fait de Mme Mimi Tour\u00e9. Et ils \u00a0ont adress\u00e9 un courrier \u00e0 la coalition Benno Bokk Yakaar demandant que l\u2019Assembl\u00e9e constate cette d\u00e9ch\u00e9ance et par cons\u00e9quent Mme Mimi Tour\u00e9 perd son poste de d\u00e9put\u00e9.<\/em>\u00bb<\/p>\n<p>Pour Babacar Abba Mbaye, il s\u2019agit l\u00e0 d\u2019une \u00abh\u00e9r\u00e9sie\u00bb, puisque \u00a0le r\u00e8glement int\u00e9rieur de l\u2019Assembl\u00e9e et la Constitution ne parlent de d\u00e9ch\u00e9ance que lorsque le d\u00e9put\u00e9 est \u00e9lue sous la banni\u00e8re de son parti. <em>\u00abEt ici Mme Aminata Tour\u00e9 \u00a0a \u00e9t\u00e9 \u00e9lue sur la Banni\u00e8re de Benno Bok Yakaar qui est une coalition\u00bb<\/em>, dit-il.<\/p>\n<div class='share-to-whatsapp-wrapper'><div class='share-on-whsp'>PARTAGER SUR : <\/div><a data-text='ASSEMBL\u00c9E NATIONALE - Aminata Tour\u00e9 d\u00e9chue de son poste de d\u00e9put\u00e9' data-link='https:\/\/www.nettali.com\/2023\/01\/24\/assemblee-nationale-aminata-toure-dechue-de-son-poste-de-depute\/' class='whatsapp-button whatsapp-share'>WhatsApp<\/a><div class='clear '><\/div><\/div>","protected":false},"excerpt":{"rendered":"<p>NETTALI.COM - C'est act\u00e9! Aminata Tour\u00e9 est d\u00e9chue de son mandat de d\u00e9put\u00e9. Le bureau de l'Assembl\u00e9e nationale s'est r\u00e9uni ce mardi 24 janvier pour statuer \u00e0 la demande de l'APR, sur la destitution de Mme Aminata Tour\u00e9 dite Mimi, conform\u00e9ment \u00e0 la Constitution. C'est fini entre Aminata Tour\u00e9 et la coalition Benno Bokk Yakaar. [&hellip;]<\/p>\n","protected":false},"author":5,"featured_media":102589,"comment_status":"open","ping_status":"open","sticky":false,"template":"","format":"standard","meta":{"_et_pb_use_builder":"","_et_pb_old_content":""},"categories":[2],"tags":[],"yoast_head":"<!-- This site is optimized with the Yoast SEO Premium plugin v17.8 (Yoast SEO v17.8) - https:\/\/yoast.com\/wordpress\/plugins\/seo\/ -->\n<title>ASSEMBL\u00c9E NATIONALE - Aminata Tour\u00e9 d\u00e9chue de son poste de d\u00e9put\u00e9 | Nettali.com<\/title>\n<meta name=\"robots\" content=\"index, follow, max-snippet:-1, max-image-preview:large, max-video-preview:-1\" \/>\n<link rel=\"canonical\" href=\"https:\/\/www.nettali.com\/2023\/01\/24\/assemblee-nationale-aminata-toure-dechue-de-son-poste-de-depute\/\" \/>\n<meta property=\"og:locale\" content=\"fr_FR\" \/>\n<meta property=\"og:type\" content=\"article\" \/>\n<meta property=\"og:title\" content=\"ASSEMBL\u00c9E NATIONALE - Aminata Tour\u00e9 d\u00e9chue de son poste de d\u00e9put\u00e9\" \/>\n<meta property=\"og:description\" content=\"NETTALI.COM - C&#039;est act\u00e9! Aminata Tour\u00e9 est d\u00e9chue de son mandat de d\u00e9put\u00e9. Le bureau de l&#039;Assembl\u00e9e nationale s&#039;est r\u00e9uni ce mardi 24 janvier pour statuer \u00e0 la demande de l&#039;APR, sur la destitution de Mme Aminata Tour\u00e9 dite Mimi, conform\u00e9ment \u00e0 la Constitution. C&#039;est fini entre Aminata Tour\u00e9 et la coalition Benno Bokk Yakaar. [&hellip;]\" \/>\n<meta property=\"og:url\" content=\"https:\/\/www.nettali.com\/2023\/01\/24\/assemblee-nationale-aminata-toure-dechue-de-son-poste-de-depute\/\" \/>\n<meta property=\"og:site_name\" content=\"Nettali.com\" \/>\n<meta property=\"article:publisher\" content=\"https:\/\/www.facebook.com\/nettalicom\" \/>\n<meta property=\"article:published_time\" content=\"2023-01-24T18:57:26+00:00\" \/>\n<meta property=\"article:modified_time\" content=\"2023-01-26T09:23:26+00:00\" \/>\n<meta property=\"og:image\" content=\"https:\/\/www.nettali.com\/wp-content\/uploads\/2023\/01\/67302761-47627220.jpg\" \/>\n\t<meta property=\"og:image:width\" content=\"626\" \/>\n\t<meta property=\"og:image:height\" content=\"334\" \/>\n<meta name=\"twitter:card\" content=\"summary_large_image\" \/>\n<meta name=\"twitter:label1\" content=\"\u00c9crit par\" \/>\n\t<meta name=\"twitter:data1\" content=\"Ibrahima\" \/>\n\t<meta name=\"twitter:label2\" content=\"Dur\u00e9e de lecture estim\u00e9e\" \/>\n\t<meta name=\"twitter:data2\" content=\"2 minutes\" \/>\n<script type=\"application\/ld+json\" class=\"yoast-schema-graph\">{\"@context\":\"https:\/\/schema.org\",\"@graph\":[{\"@type\":\"WebSite\",\"@id\":\"https:\/\/www.nettali.com\/#website\",\"url\":\"https:\/\/www.nettali.com\/\",\"name\":\"Nettali.com\",\"description\":\"Le rendez-vous critique du Net\",\"potentialAction\":[{\"@type\":\"SearchAction\",\"target\":{\"@type\":\"EntryPoint\",\"urlTemplate\":\"https:\/\/www.nettali.com\/?s={search_term_string}\"},\"query-input\":\"required name=search_term_string\"}],\"inLanguage\":\"fr-FR\"},{\"@type\":\"ImageObject\",\"@id\":\"https:\/\/www.nettali.com\/2023\/01\/24\/assemblee-nationale-aminata-toure-dechue-de-son-poste-de-depute\/#primaryimage\",\"inLanguage\":\"fr-FR\",\"url\":\"https:\/\/www.nettali.com\/wp-content\/uploads\/2023\/01\/67302761-47627220.jpg\",\"contentUrl\":\"https:\/\/www.nettali.com\/wp-content\/uploads\/2023\/01\/67302761-47627220.jpg\",\"width\":626,\"height\":334},{\"@type\":\"WebPage\",\"@id\":\"https:\/\/www.nettali.com\/2023\/01\/24\/assemblee-nationale-aminata-toure-dechue-de-son-poste-de-depute\/#webpage\",\"url\":\"https:\/\/www.nettali.com\/2023\/01\/24\/assemblee-nationale-aminata-toure-dechue-de-son-poste-de-depute\/\",\"name\":\"ASSEMBL\\u00c9E NATIONALE - Aminata Tour\\u00e9 d\\u00e9chue de son poste de d\\u00e9put\\u00e9 | Nettali.com\",\"isPartOf\":{\"@id\":\"https:\/\/www.nettali.com\/#website\"},\"primaryImageOfPage\":{\"@id\":\"https:\/\/www.nettali.com\/2023\/01\/24\/assemblee-nationale-aminata-toure-dechue-de-son-poste-de-depute\/#primaryimage\"},\"datePublished\":\"2023-01-24T18:57:26+00:00\",\"dateModified\":\"2023-01-26T09:23:26+00:00\",\"author\":{\"@id\":\"https:\/\/www.nettali.com\/#\/schema\/person\/bb147657c2986240405a608162b9bb23\"},\"breadcrumb\":{\"@id\":\"https:\/\/www.nettali.com\/2023\/01\/24\/assemblee-nationale-aminata-toure-dechue-de-son-poste-de-depute\/#breadcrumb\"},\"inLanguage\":\"fr-FR\",\"potentialAction\":[{\"@type\":\"ReadAction\",\"target\":[\"https:\/\/www.nettali.com\/2023\/01\/24\/assemblee-nationale-aminata-toure-dechue-de-son-poste-de-depute\/\"]}]},{\"@type\":\"BreadcrumbList\",\"@id\":\"https:\/\/www.nettali.com\/2023\/01\/24\/assemblee-nationale-aminata-toure-dechue-de-son-poste-de-depute\/#breadcrumb\",\"itemListElement\":[{\"@type\":\"ListItem\",\"position\":1,\"name\":\"Accueil\",\"item\":\"https:\/\/www.nettali.com\/\"},{\"@type\":\"ListItem\",\"position\":2,\"name\":\"ASSEMBL\\u00c9E NATIONALE - Aminata Tour\\u00e9 d\\u00e9chue de son poste de d\\u00e9put\\u00e9\"}]},{\"@type\":\"Person\",\"@id\":\"https:\/\/www.nettali.com\/#\/schema\/person\/bb147657c2986240405a608162b9bb23\",\"name\":\"Ibrahima\",\"image\":{\"@type\":\"ImageObject\",\"@id\":\"https:\/\/www.nettali.com\/#personlogo\",\"inLanguage\":\"fr-FR\",\"url\":\"https:\/\/secure.gravatar.com\/avatar\/26a8a81f09f0dd7624c9d5c36c9ba3a2?s=96&d=mm&r=g\",\"contentUrl\":\"https:\/\/secure.gravatar.com\/avatar\/26a8a81f09f0dd7624c9d5c36c9ba3a2?s=96&d=mm&r=g\",\"caption\":\"Ibrahima\"},\"sameAs\":[\"https:\/\/www.nettali.com\"]}]}<\/script>\n<!-- \/ Yoast SEO Premium plugin. -->","yoast_head_json":{"title":"ASSEMBL\u00c9E NATIONALE - Aminata Tour\u00e9 d\u00e9chue de son poste de d\u00e9put\u00e9 | Nettali.com","robots":{"index":"index","follow":"follow","max-snippet":"max-snippet:-1","max-image-preview":"max-image-preview:large","max-video-preview":"max-video-preview:-1"},"canonical":"https:\/\/www.nettali.com\/2023\/01\/24\/assemblee-nationale-aminata-toure-dechue-de-son-poste-de-depute\/","og_locale":"fr_FR","og_type":"article","og_title":"ASSEMBL\u00c9E NATIONALE - Aminata Tour\u00e9 d\u00e9chue de son poste de d\u00e9put\u00e9","og_description":"NETTALI.COM - C'est act\u00e9! Aminata Tour\u00e9 est d\u00e9chue de son mandat de d\u00e9put\u00e9. Le bureau de l'Assembl\u00e9e nationale s'est r\u00e9uni ce mardi 24 janvier pour statuer \u00e0 la demande de l'APR, sur la destitution de Mme Aminata Tour\u00e9 dite Mimi, conform\u00e9ment \u00e0 la Constitution. C'est fini entre Aminata Tour\u00e9 et la coalition Benno Bokk Yakaar. [&hellip;]","og_url":"https:\/\/www.nettali.com\/2023\/01\/24\/assemblee-nationale-aminata-toure-dechue-de-son-poste-de-depute\/","og_site_name":"Nettali.com","article_publisher":"https:\/\/www.facebook.com\/nettalicom","article_published_time":"2023-01-24T18:57:26+00:00","article_modified_time":"2023-01-26T09:23:26+00:00","og_image":[{"width":626,"height":334,"url":"https:\/\/www.nettali.com\/wp-content\/uploads\/2023\/01\/67302761-47627220.jpg","type":"image\/jpeg"}],"twitter_card":"summary_large_image","twitter_misc":{"\u00c9crit par":"Ibrahima","Dur\u00e9e de lecture estim\u00e9e":"2 minutes"},"schema":{"@context":"https:\/\/schema.org","@graph":[{"@type":"WebSite","@id":"https:\/\/www.nettali.com\/#website","url":"https:\/\/www.nettali.com\/","name":"Nettali.com","description":"Le rendez-vous critique du Net","potentialAction":[{"@type":"SearchAction","target":{"@type":"EntryPoint","urlTemplate":"https:\/\/www.nettali.com\/?s={search_term_string}"},"query-input":"required name=search_term_string"}],"inLanguage":"fr-FR"},{"@type":"ImageObject","@id":"https:\/\/www.nettali.com\/2023\/01\/24\/assemblee-nationale-aminata-toure-dechue-de-son-poste-de-depute\/#primaryimage","inLanguage":"fr-FR","url":"https:\/\/www.nettali.com\/wp-content\/uploads\/2023\/01\/67302761-47627220.jpg","contentUrl":"https:\/\/www.nettali.com\/wp-content\/uploads\/2023\/01\/67302761-47627220.jpg","width":626,"height":334},{"@type":"WebPage","@id":"https:\/\/www.nettali.com\/2023\/01\/24\/assemblee-nationale-aminata-toure-dechue-de-son-poste-de-depute\/#webpage","url":"https:\/\/www.nettali.com\/2023\/01\/24\/assemblee-nationale-aminata-toure-dechue-de-son-poste-de-depute\/","name":"ASSEMBL\u00c9E NATIONALE - Aminata Tour\u00e9 d\u00e9chue de son poste de d\u00e9put\u00e9 | Nettali.com","isPartOf":{"@id":"https:\/\/www.nettali.com\/#website"},"primaryImageOfPage":{"@id":"https:\/\/www.nettali.com\/2023\/01\/24\/assemblee-nationale-aminata-toure-dechue-de-son-poste-de-depute\/#primaryimage"},"datePublished":"2023-01-24T18:57:26+00:00","dateModified":"2023-01-26T09:23:26+00:00","author":{"@id":"https:\/\/www.nettali.com\/#\/schema\/person\/bb147657c2986240405a608162b9bb23"},"breadcrumb":{"@id":"https:\/\/www.nettali.com\/2023\/01\/24\/assemblee-nationale-aminata-toure-dechue-de-son-poste-de-depute\/#breadcrumb"},"inLanguage":"fr-FR","potentialAction":[{"@type":"ReadAction","target":["https:\/\/www.nettali.com\/2023\/01\/24\/assemblee-nationale-aminata-toure-dechue-de-son-poste-de-depute\/"]}]},{"@type":"BreadcrumbList","@id":"https:\/\/www.nettali.com\/2023\/01\/24\/assemblee-nationale-aminata-toure-dechue-de-son-poste-de-depute\/#breadcrumb","itemListElement":[{"@type":"ListItem","position":1,"name":"Accueil","item":"https:\/\/www.nettali.com\/"},{"@type":"ListItem","position":2,"name":"ASSEMBL\u00c9E NATIONALE - Aminata Tour\u00e9 d\u00e9chue de son poste de d\u00e9put\u00e9"}]},{"@type":"Person","@id":"https:\/\/www.nettali.com\/#\/schema\/person\/bb147657c2986240405a608162b9bb23","name":"Ibrahima","image":{"@type":"ImageObject","@id":"https:\/\/www.nettali.com\/#personlogo","inLanguage":"fr-FR","url":"https:\/\/secure.gravatar.com\/avatar\/26a8a81f09f0dd7624c9d5c36c9ba3a2?s=96&d=mm&r=g","contentUrl":"https:\/\/secure.gravatar.com\/avatar\/26a8a81f09f0dd7624c9d5c36c9ba3a2?s=96&d=mm&r=g","caption":"Ibrahima"},"sameAs":["https:\/\/www.nettali.com"]}]}},"_links":{"self":[{"href":"https:\/\/www.nettali.com\/rest\/wp\/v2\/posts\/102588"}],"collection":[{"href":"https:\/\/www.nettali.com\/rest\/wp\/v2\/posts"}],"about":[{"href":"https:\/\/www.nettali.com\/rest\/wp\/v2\/types\/post"}],"author":[{"embeddable":true,"href":"https:\/\/www.nettali.com\/rest\/wp\/v2\/users\/5"}],"replies":[{"embeddable":true,"href":"https:\/\/www.nettali.com\/rest\/wp\/v2\/comments?post=102588"}],"version-history":[{"count":3,"href":"https:\/\/www.nettali.com\/rest\/wp\/v2\/posts\/102588\/revisions"}],"predecessor-version":[{"id":102599,"href":"https:\/\/www.nettali.com\/rest\/wp\/v2\/posts\/102588\/revisions\/102599"}],"wp:featuredmedia":[{"embeddable":true,"href":"https:\/\/www.nettali.com\/rest\/wp\/v2\/media\/102589"}],"wp:attachment":[{"href":"https:\/\/www.nettali.com\/rest\/wp\/v2\/media?parent=102588"}],"wp:term":[{"taxonomy":"category","embeddable":true,"href":"https:\/\/www.nettali.com\/rest\/wp\/v2\/categories?post=102588"},{"taxonomy":"post_tag","embeddable":true,"href":"https:\/\/www.nettali.com\/rest\/wp\/v2\/tags?post=102588"}],"curies":[{"name":"wp","href":"https:\/\/api.w.org\/{rel}","templated":true}]}}