{"id":102577,"date":"2023-01-24T18:19:34","date_gmt":"2023-01-24T18:19:34","guid":{"rendered":"https:\/\/www.nettali.com\/?p=102577"},"modified":"2023-01-24T18:20:09","modified_gmt":"2023-01-24T18:20:09","slug":"marche-dior-des-parcelles-assainis-le-maire-deguerpit-les-marchands-ambulants","status":"publish","type":"post","link":"https:\/\/www.nettali.com\/2023\/01\/24\/marche-dior-des-parcelles-assainis-le-maire-deguerpit-les-marchands-ambulants\/","title":{"rendered":"MARCH\u00c9 DIOR DES PARCELLES ASSAINIS - Le maire d\u00e9guerpit les marchands ambulants !"},"content":{"rendered":"<p><strong>NETTALI.COM - Le nouveau maire des Parcelles Assainies, Aboubacar Djamil San\u00e9, a d\u00e9guerpi tous les marchands ambulants se trouvant aux alentours du march\u00e9 Dior. Pour cause,l'\u00e9dile avait \u00e9voqu\u00e9 l\u2019optimisation de l\u2019occupation de l\u2019espace public. Une d\u00e9cision qui n\u2019a pas plus les marchands ambulants qui ont tenu ce mardi, un bras de fer avec les forces de l\u2019ordre.<\/strong><\/p>\n<p>Des \u00e9chauffour\u00e9es ont \u00e9clat\u00e9s au march\u00e9 Dior des Parcelles Assainis ce mardi 24 janvier, entre marchands ambulants et forces de l\u2019ordre. A l\u2019origine des manifestations de ces jeunes commer\u00e7ants, leur d\u00e9guerpissement du site qu\u2019ils occupaient. Des grandes lacrymog\u00e8ne ont \u00e9t\u00e9 tir\u00e9s pour disperser la foule. Plusieurs d\u2019entre eux ont \u00e9t\u00e9 interpell\u00e9s.<\/p>\n<p>Pour rappel, ces marchands ambulants se sont rassembl\u00e9s la semaine derni\u00e8re, pour manifester leur m\u00e9contentement face \u00e0 la d\u00e9cision de la municipalit\u00e9.<\/p>\n<div class='share-to-whatsapp-wrapper'><div class='share-on-whsp'>PARTAGER SUR : <\/div><a data-text='MARCH\u00c9 DIOR DES PARCELLES ASSAINIS - Le maire d\u00e9guerpit les marchands ambulants !' data-link='https:\/\/www.nettali.com\/2023\/01\/24\/marche-dior-des-parcelles-assainis-le-maire-deguerpit-les-marchands-ambulants\/' class='whatsapp-button whatsapp-share'>WhatsApp<\/a><div class='clear '><\/div><\/div>","protected":false},"excerpt":{"rendered":"<p>NETTALI.COM - Le nouveau maire des Parcelles Assainies, Aboubacar Djamil San\u00e9, a d\u00e9guerpi tous les marchands ambulants se trouvant aux alentours du march\u00e9 Dior. Pour cause,l'\u00e9dile avait \u00e9voqu\u00e9 l\u2019optimisation de l\u2019occupation de l\u2019espace public. Une d\u00e9cision qui n\u2019a pas plus les marchands ambulants qui ont tenu ce mardi, un bras de fer avec les forces [&hellip;]<\/p>\n","protected":false},"author":5,"featured_media":102578,"comment_status":"open","ping_status":"open","sticky":false,"template":"","format":"standard","meta":{"_et_pb_use_builder":"","_et_pb_old_content":""},"categories":[3],"tags":[],"yoast_head":"<!-- This site is optimized with the Yoast SEO Premium plugin v17.8 (Yoast SEO v17.8) - https:\/\/yoast.com\/wordpress\/plugins\/seo\/ -->\n<title>MARCH\u00c9 DIOR DES PARCELLES ASSAINIS - Le maire d\u00e9guerpit les marchands ambulants ! | Nettali.com<\/title>\n<meta name=\"robots\" content=\"index, follow, max-snippet:-1, max-image-preview:large, max-video-preview:-1\" \/>\n<link rel=\"canonical\" href=\"https:\/\/www.nettali.com\/2023\/01\/24\/marche-dior-des-parcelles-assainis-le-maire-deguerpit-les-marchands-ambulants\/\" \/>\n<meta property=\"og:locale\" content=\"fr_FR\" \/>\n<meta property=\"og:type\" content=\"article\" \/>\n<meta property=\"og:title\" content=\"MARCH\u00c9 DIOR DES PARCELLES ASSAINIS - Le maire d\u00e9guerpit les marchands ambulants !\" \/>\n<meta property=\"og:description\" content=\"NETTALI.COM - Le nouveau maire des Parcelles Assainies, Aboubacar Djamil San\u00e9, a d\u00e9guerpi tous les marchands ambulants se trouvant aux alentours du march\u00e9 Dior. Pour cause,l&#039;\u00e9dile avait \u00e9voqu\u00e9 l\u2019optimisation de l\u2019occupation de l\u2019espace public. Une d\u00e9cision qui n\u2019a pas plus les marchands ambulants qui ont tenu ce mardi, un bras de fer avec les forces [&hellip;]\" \/>\n<meta property=\"og:url\" content=\"https:\/\/www.nettali.com\/2023\/01\/24\/marche-dior-des-parcelles-assainis-le-maire-deguerpit-les-marchands-ambulants\/\" \/>\n<meta property=\"og:site_name\" content=\"Nettali.com\" \/>\n<meta property=\"article:publisher\" content=\"https:\/\/www.facebook.com\/nettalicom\" \/>\n<meta property=\"article:published_time\" content=\"2023-01-24T18:19:34+00:00\" \/>\n<meta property=\"article:modified_time\" content=\"2023-01-24T18:20:09+00:00\" \/>\n<meta property=\"og:image\" content=\"https:\/\/www.nettali.com\/wp-content\/uploads\/2023\/01\/Screenshot_20230124-165818_1.jpg\" \/>\n\t<meta property=\"og:image:width\" content=\"1005\" \/>\n\t<meta property=\"og:image:height\" content=\"689\" \/>\n<meta name=\"twitter:card\" content=\"summary_large_image\" \/>\n<meta name=\"twitter:label1\" content=\"\u00c9crit par\" \/>\n\t<meta name=\"twitter:data1\" content=\"Ibrahima\" \/>\n\t<meta name=\"twitter:label2\" content=\"Dur\u00e9e de lecture estim\u00e9e\" \/>\n\t<meta name=\"twitter:data2\" content=\"1 minute\" \/>\n<script type=\"application\/ld+json\" class=\"yoast-schema-graph\">{\"@context\":\"https:\/\/schema.org\",\"@graph\":[{\"@type\":\"WebSite\",\"@id\":\"https:\/\/www.nettali.com\/#website\",\"url\":\"https:\/\/www.nettali.com\/\",\"name\":\"Nettali.com\",\"description\":\"Le rendez-vous critique du Net\",\"potentialAction\":[{\"@type\":\"SearchAction\",\"target\":{\"@type\":\"EntryPoint\",\"urlTemplate\":\"https:\/\/www.nettali.com\/?s={search_term_string}\"},\"query-input\":\"required name=search_term_string\"}],\"inLanguage\":\"fr-FR\"},{\"@type\":\"ImageObject\",\"@id\":\"https:\/\/www.nettali.com\/2023\/01\/24\/marche-dior-des-parcelles-assainis-le-maire-deguerpit-les-marchands-ambulants\/#primaryimage\",\"inLanguage\":\"fr-FR\",\"url\":\"https:\/\/www.nettali.com\/wp-content\/uploads\/2023\/01\/Screenshot_20230124-165818_1.jpg\",\"contentUrl\":\"https:\/\/www.nettali.com\/wp-content\/uploads\/2023\/01\/Screenshot_20230124-165818_1.jpg\",\"width\":1005,\"height\":689},{\"@type\":\"WebPage\",\"@id\":\"https:\/\/www.nettali.com\/2023\/01\/24\/marche-dior-des-parcelles-assainis-le-maire-deguerpit-les-marchands-ambulants\/#webpage\",\"url\":\"https:\/\/www.nettali.com\/2023\/01\/24\/marche-dior-des-parcelles-assainis-le-maire-deguerpit-les-marchands-ambulants\/\",\"name\":\"MARCH\\u00c9 DIOR DES PARCELLES ASSAINIS - Le maire d\\u00e9guerpit les marchands ambulants ! | Nettali.com\",\"isPartOf\":{\"@id\":\"https:\/\/www.nettali.com\/#website\"},\"primaryImageOfPage\":{\"@id\":\"https:\/\/www.nettali.com\/2023\/01\/24\/marche-dior-des-parcelles-assainis-le-maire-deguerpit-les-marchands-ambulants\/#primaryimage\"},\"datePublished\":\"2023-01-24T18:19:34+00:00\",\"dateModified\":\"2023-01-24T18:20:09+00:00\",\"author\":{\"@id\":\"https:\/\/www.nettali.com\/#\/schema\/person\/bb147657c2986240405a608162b9bb23\"},\"breadcrumb\":{\"@id\":\"https:\/\/www.nettali.com\/2023\/01\/24\/marche-dior-des-parcelles-assainis-le-maire-deguerpit-les-marchands-ambulants\/#breadcrumb\"},\"inLanguage\":\"fr-FR\",\"potentialAction\":[{\"@type\":\"ReadAction\",\"target\":[\"https:\/\/www.nettali.com\/2023\/01\/24\/marche-dior-des-parcelles-assainis-le-maire-deguerpit-les-marchands-ambulants\/\"]}]},{\"@type\":\"BreadcrumbList\",\"@id\":\"https:\/\/www.nettali.com\/2023\/01\/24\/marche-dior-des-parcelles-assainis-le-maire-deguerpit-les-marchands-ambulants\/#breadcrumb\",\"itemListElement\":[{\"@type\":\"ListItem\",\"position\":1,\"name\":\"Accueil\",\"item\":\"https:\/\/www.nettali.com\/\"},{\"@type\":\"ListItem\",\"position\":2,\"name\":\"MARCH\\u00c9 DIOR DES PARCELLES ASSAINIS - Le maire d\\u00e9guerpit les marchands ambulants !\"}]},{\"@type\":\"Person\",\"@id\":\"https:\/\/www.nettali.com\/#\/schema\/person\/bb147657c2986240405a608162b9bb23\",\"name\":\"Ibrahima\",\"image\":{\"@type\":\"ImageObject\",\"@id\":\"https:\/\/www.nettali.com\/#personlogo\",\"inLanguage\":\"fr-FR\",\"url\":\"https:\/\/secure.gravatar.com\/avatar\/26a8a81f09f0dd7624c9d5c36c9ba3a2?s=96&d=mm&r=g\",\"contentUrl\":\"https:\/\/secure.gravatar.com\/avatar\/26a8a81f09f0dd7624c9d5c36c9ba3a2?s=96&d=mm&r=g\",\"caption\":\"Ibrahima\"},\"sameAs\":[\"https:\/\/www.nettali.com\"]}]}<\/script>\n<!-- \/ Yoast SEO Premium plugin. -->","yoast_head_json":{"title":"MARCH\u00c9 DIOR DES PARCELLES ASSAINIS - Le maire d\u00e9guerpit les marchands ambulants ! | Nettali.com","robots":{"index":"index","follow":"follow","max-snippet":"max-snippet:-1","max-image-preview":"max-image-preview:large","max-video-preview":"max-video-preview:-1"},"canonical":"https:\/\/www.nettali.com\/2023\/01\/24\/marche-dior-des-parcelles-assainis-le-maire-deguerpit-les-marchands-ambulants\/","og_locale":"fr_FR","og_type":"article","og_title":"MARCH\u00c9 DIOR DES PARCELLES ASSAINIS - Le maire d\u00e9guerpit les marchands ambulants !","og_description":"NETTALI.COM - Le nouveau maire des Parcelles Assainies, Aboubacar Djamil San\u00e9, a d\u00e9guerpi tous les marchands ambulants se trouvant aux alentours du march\u00e9 Dior. Pour cause,l'\u00e9dile avait \u00e9voqu\u00e9 l\u2019optimisation de l\u2019occupation de l\u2019espace public. Une d\u00e9cision qui n\u2019a pas plus les marchands ambulants qui ont tenu ce mardi, un bras de fer avec les forces [&hellip;]","og_url":"https:\/\/www.nettali.com\/2023\/01\/24\/marche-dior-des-parcelles-assainis-le-maire-deguerpit-les-marchands-ambulants\/","og_site_name":"Nettali.com","article_publisher":"https:\/\/www.facebook.com\/nettalicom","article_published_time":"2023-01-24T18:19:34+00:00","article_modified_time":"2023-01-24T18:20:09+00:00","og_image":[{"width":1005,"height":689,"url":"https:\/\/www.nettali.com\/wp-content\/uploads\/2023\/01\/Screenshot_20230124-165818_1.jpg","type":"image\/jpeg"}],"twitter_card":"summary_large_image","twitter_misc":{"\u00c9crit par":"Ibrahima","Dur\u00e9e de lecture estim\u00e9e":"1 minute"},"schema":{"@context":"https:\/\/schema.org","@graph":[{"@type":"WebSite","@id":"https:\/\/www.nettali.com\/#website","url":"https:\/\/www.nettali.com\/","name":"Nettali.com","description":"Le rendez-vous critique du Net","potentialAction":[{"@type":"SearchAction","target":{"@type":"EntryPoint","urlTemplate":"https:\/\/www.nettali.com\/?s={search_term_string}"},"query-input":"required name=search_term_string"}],"inLanguage":"fr-FR"},{"@type":"ImageObject","@id":"https:\/\/www.nettali.com\/2023\/01\/24\/marche-dior-des-parcelles-assainis-le-maire-deguerpit-les-marchands-ambulants\/#primaryimage","inLanguage":"fr-FR","url":"https:\/\/www.nettali.com\/wp-content\/uploads\/2023\/01\/Screenshot_20230124-165818_1.jpg","contentUrl":"https:\/\/www.nettali.com\/wp-content\/uploads\/2023\/01\/Screenshot_20230124-165818_1.jpg","width":1005,"height":689},{"@type":"WebPage","@id":"https:\/\/www.nettali.com\/2023\/01\/24\/marche-dior-des-parcelles-assainis-le-maire-deguerpit-les-marchands-ambulants\/#webpage","url":"https:\/\/www.nettali.com\/2023\/01\/24\/marche-dior-des-parcelles-assainis-le-maire-deguerpit-les-marchands-ambulants\/","name":"MARCH\u00c9 DIOR DES PARCELLES ASSAINIS - Le maire d\u00e9guerpit les marchands ambulants ! | Nettali.com","isPartOf":{"@id":"https:\/\/www.nettali.com\/#website"},"primaryImageOfPage":{"@id":"https:\/\/www.nettali.com\/2023\/01\/24\/marche-dior-des-parcelles-assainis-le-maire-deguerpit-les-marchands-ambulants\/#primaryimage"},"datePublished":"2023-01-24T18:19:34+00:00","dateModified":"2023-01-24T18:20:09+00:00","author":{"@id":"https:\/\/www.nettali.com\/#\/schema\/person\/bb147657c2986240405a608162b9bb23"},"breadcrumb":{"@id":"https:\/\/www.nettali.com\/2023\/01\/24\/marche-dior-des-parcelles-assainis-le-maire-deguerpit-les-marchands-ambulants\/#breadcrumb"},"inLanguage":"fr-FR","potentialAction":[{"@type":"ReadAction","target":["https:\/\/www.nettali.com\/2023\/01\/24\/marche-dior-des-parcelles-assainis-le-maire-deguerpit-les-marchands-ambulants\/"]}]},{"@type":"BreadcrumbList","@id":"https:\/\/www.nettali.com\/2023\/01\/24\/marche-dior-des-parcelles-assainis-le-maire-deguerpit-les-marchands-ambulants\/#breadcrumb","itemListElement":[{"@type":"ListItem","position":1,"name":"Accueil","item":"https:\/\/www.nettali.com\/"},{"@type":"ListItem","position":2,"name":"MARCH\u00c9 DIOR DES PARCELLES ASSAINIS - Le maire d\u00e9guerpit les marchands ambulants !"}]},{"@type":"Person","@id":"https:\/\/www.nettali.com\/#\/schema\/person\/bb147657c2986240405a608162b9bb23","name":"Ibrahima","image":{"@type":"ImageObject","@id":"https:\/\/www.nettali.com\/#personlogo","inLanguage":"fr-FR","url":"https:\/\/secure.gravatar.com\/avatar\/26a8a81f09f0dd7624c9d5c36c9ba3a2?s=96&d=mm&r=g","contentUrl":"https:\/\/secure.gravatar.com\/avatar\/26a8a81f09f0dd7624c9d5c36c9ba3a2?s=96&d=mm&r=g","caption":"Ibrahima"},"sameAs":["https:\/\/www.nettali.com"]}]}},"_links":{"self":[{"href":"https:\/\/www.nettali.com\/rest\/wp\/v2\/posts\/102577"}],"collection":[{"href":"https:\/\/www.nettali.com\/rest\/wp\/v2\/posts"}],"about":[{"href":"https:\/\/www.nettali.com\/rest\/wp\/v2\/types\/post"}],"author":[{"embeddable":true,"href":"https:\/\/www.nettali.com\/rest\/wp\/v2\/users\/5"}],"replies":[{"embeddable":true,"href":"https:\/\/www.nettali.com\/rest\/wp\/v2\/comments?post=102577"}],"version-history":[{"count":3,"href":"https:\/\/www.nettali.com\/rest\/wp\/v2\/posts\/102577\/revisions"}],"predecessor-version":[{"id":102581,"href":"https:\/\/www.nettali.com\/rest\/wp\/v2\/posts\/102577\/revisions\/102581"}],"wp:featuredmedia":[{"embeddable":true,"href":"https:\/\/www.nettali.com\/rest\/wp\/v2\/media\/102578"}],"wp:attachment":[{"href":"https:\/\/www.nettali.com\/rest\/wp\/v2\/media?parent=102577"}],"wp:term":[{"taxonomy":"category","embeddable":true,"href":"https:\/\/www.nettali.com\/rest\/wp\/v2\/categories?post=102577"},{"taxonomy":"post_tag","embeddable":true,"href":"https:\/\/www.nettali.com\/rest\/wp\/v2\/tags?post=102577"}],"curies":[{"name":"wp","href":"https:\/\/api.w.org\/{rel}","templated":true}]}}