{"id":102570,"date":"2023-01-24T15:54:32","date_gmt":"2023-01-24T15:54:32","guid":{"rendered":"https:\/\/www.nettali.com\/?p=102570"},"modified":"2023-01-24T15:54:32","modified_gmt":"2023-01-24T15:54:32","slug":"qui-pour-aider-ousmane-sonko-a-ne-pas-sautodetruire","status":"publish","type":"post","link":"https:\/\/www.nettali.com\/2023\/01\/24\/qui-pour-aider-ousmane-sonko-a-ne-pas-sautodetruire\/","title":{"rendered":"Qui pour aider Ousmane Sonko \u00e0 ne pas s\u2019autod\u00e9truire\u00a0?"},"content":{"rendered":"<p><strong>CONTRIBUTION - La lettre de d\u00e9mission de Monsieur Amadou Baidy Fall, Professeur des Universit\u00e9s \u00e0 Paris, de Pastef, m\u2019a pouss\u00e9 \u00e0 interpeller certains intellectuels et hommes de bonne volont\u00e9 sur leurs discours et attitudes vis \u00e0 vis du leader politique de l\u2019opposition, Ousmane Sonko.<\/strong><\/p>\n<p>Bravo au Professeur Amadou Baidy Fall qui, au moins, est un intellectuel qui a os\u00e9 ouvrir les yeux \u00e0 temps et a fait preuve de courage politique et d\u2019honn\u00eatet\u00e9 intellectuelle pour r\u00e9agir de la fa\u00e7on dont il l\u2019a fait face aux contradictions, d\u00e9rapages et d\u00e9rives r\u00e9currentes et incompr\u00e9hensibles du leader de Pastef. Professeur Fall, vous n\u2019avez pas eu peur du terrorisme et de l\u2019hyst\u00e9rie qui ont fini de pousser \u00e0 la capitulation de bon nombre d\u2019intellectuels et d\u2019hommes de bonne volont\u00e9 au S\u00e9n\u00e9gal.<\/p>\n<p>Ils prennent pr\u00e9texte de \u00ab\u00a0la n\u00e9cessit\u00e9 historique\u00a0\u00bb d\u2019\u00e9viter un cataclysme politique et social imminent dans notre pays avec ses cort\u00e8ges de morts, de destructions, d\u2019arrestations et de r\u00e9pression. Selon eux on s\u2019achemine, si rien n\u2019est fait, vers un soul\u00e8vement populaire suite \u00e0 un jugement et \u00e0 une possible condamnation du leader du Pastef, Ousmane Sonko.<\/p>\n<p>Depuis le d\u00e9ferrement du leader du Pastef devant la chambre criminelle par le juge d\u2019instruction Maham Diallo, tout y passe, d\u00e9ni de l\u2019\u00c9tat de droit, attaques et de d\u00e9nigrement de la justice et des magistrats.<\/p>\n<p>Pour pr\u00e9server la paix civile et la stabilit\u00e9 du pays, l\u2019harmonie entre les ethnies, les confr\u00e9ries, les acteurs politiques et l\u2019exception d\u00e9mocratique s\u00e9n\u00e9galaise en Afrique, il faut blanchir et soustraire absolument le leader du Pastef des poursuites judiciaires en cours. Autant de discours qui, n\u2019ayons pas peur des mots, rel\u00e8vent d\u2019une tentative dangereuse de faire capituler l\u2019\u00c9tat de droit et la Justice face au terrorisme politico-m\u00e9diatique ambiant.<\/p>\n<p>De son c\u00f4t\u00e9, comme surpris par son d\u00e9ferrement \u00e0 la chambre criminelle et en m\u00eame temps ragaillardi par l\u2019engouement qu\u2019il suscite chez beaucoup de jeunes urbains, Ousmane Sonko a franchi un palier tr\u00e8s inqui\u00e9tant, ce week-end \u00e0 Keur Massar, dans la surench\u00e8re de ce qu\u2019il appelle le mortal combat contre le Pr\u00e9sident Macky Sall.<\/p>\n<p>Il a d\u00e9clar\u00e9 sans sourciller, lors de ce meeting, devant une assistance nombreuse et chauff\u00e9e \u00e0 blanc et une presse m\u00e9dus\u00e9e, qu\u2019il n\u2019ira pas r\u00e9pondre \u00e0 la convocation du juge devant la chambre criminelle, il a parl\u00e9 de terminus du \u00ab\u00a0mortal combat, \u00eatre tu\u00e9 par Macky Sall ou le contraire\u00a0!\u00a0\u00bb, il a aussi martel\u00e9 que son \u00ab\u00a0testament \u00e9tait d\u00e9j\u00e0 r\u00e9dig\u00e9\u00a0\u00bb, il a termin\u00e9 en appelant \u00ab\u00a0la jeunesse \u00e0 la r\u00e9sistance populaire pour le d\u00e9fendre et le sauver\u00a0\u00bb de la comparution devant la chambre criminelle .<br \/>\nMalheureusement, ce terrorisme verbal aux relents tant\u00f4t guerriers tant\u00f4t suicidaires du leader de Pastef et de ses ouailles, semble avoir fait mouche chez certains intellectuels et une certaine presse\u00a0; la peur de subir un lynchage m\u00e9diatique et dans les r\u00e9seaux sociaux ont fait le reste.<\/p>\n<p>Face \u00e0 une telle situation, certains leaders d\u2019opinion et des intellectuels appellent \u00e0 un dialogue entre le Pr\u00e9sident Macky Sall et Ousmane Sonko en vue d\u2019un apaisement, un arr\u00eat de la machine judiciaire pour l\u2019int\u00e9r\u00eat sup\u00e9rieur de la nation.<br \/>\nSi leurs pr\u00e9conisations sont suivies, cela risque d\u2019ouvrir de dangereuses br\u00e8ches sur les principes sacro-saints de l\u2019\u00c9tat de droit et de la R\u00e9publique, en particulier sur l\u2019\u00e9galit\u00e9 des citoyens devant la loi, sur la justice en tant que dernier rempart de notre d\u00e9mocratie et sur la force publique comme seule force l\u00e9gitime en r\u00e9publique, devant s\u2019imposer \u00e0 tous les groupes, lobbies et fractions du peuple.<\/p>\n<p>Le meilleur conseil qu\u2019ils pourraient donner \u00e0 Ousmane Sonko par les circonstances que nous vivons, c\u2019est de lui demander de respecter l\u2019institution judiciaire et d\u2019aller au proc\u00e8s pour prouver en tant que citoyen, son innocence et laver son honneur.<br \/>\nLe refus de se pr\u00e9senter devant la chambre criminelle n\u2019est pas n\u00e9gociable. Une telle posture de refus m\u00e8nerait Ousmane Sonko vers une impasse proc\u00e9durale et le conduirait vers une condamnation certaine et tr\u00e8s lourde.<br \/>\nIl n\u2019a pas le choix de ce point de vue-l\u00e0.<br \/>\nOusmane Sonko doit respecter ses avocats en les \u00e9coutant et en suivant leurs conseils.<\/p>\n<p>Ne l\u2019oublions pas, dans ce pays qui s\u2019appelle le S\u00e9n\u00e9gal, Majmouth Diop le leader historique du PAI a \u00e9t\u00e9 jug\u00e9 et condamn\u00e9, de m\u00eames que feu Mamadou Dia le grand Maodo, Landing Savan\u00e9, Abdoulaye Bathily, Mamadou Diop Decroix, Abdoulaye Wade, feu Cheikh Ahmeth Tidiane Sy Al Maktoum, feu Pape Malick Sy, Moustapha Sy, Karim Wade, Khalifa Sall et tant d\u2019autres, tous aussi c\u00e9l\u00e8bres\u00a0; et jamais, notre Justice n\u2019a \u00e9t\u00e9 aussi pi\u00e9tin\u00e9e et insult\u00e9e que ne le fait Ousmane Sonko.<\/p>\n<p>Notre \u00c9tat est un \u00c9tat de droit et aucune stature ou repr\u00e9sentativit\u00e9 politique, populaire ou religieuse ne peut discriminer un citoyen par rapport aux autres.<br \/>\nL\u2019exception s\u00e9n\u00e9galaise, nous devons tous le savoir, rel\u00e8ve plus de notre \u00c9tat de droit, de notre Administration et de notre Justice qu\u2019\u00e0 autre chose.<br \/>\nEn d\u00e9pit des vicissitudes de l\u2019histoire, notre justice s\u2019en est souvent honorablement sortie dans les grands moments de crises socio-politiques.<\/p>\n<p>Tous les grands leaders politiques et religieux attraits devant Dame justice pour des raisons politiques ou d\u2019opinions ont d\u00e9f\u00e9r\u00e9 \u00e0 ses convocations par respect pour la Constitution et les institutions dont nous sommes librement dot\u00e9es et aussi par humilit\u00e9.<\/p>\n<p>Pour ce dossier Sweet Beauty, sa complexit\u00e9 et sa sensibilit\u00e9 rel\u00e8vent du fait qu\u2019il s\u2019agit d\u2019une affaire de moeurs impliquant un homme politique de la dimension de Ousmane Sonko.<\/p>\n<p>Mais il faut que Ousmane Sonko sache raison gard\u00e9e\u00a0! L\u2019inexp\u00e9rience et la jeunesse de Ousmane Sonko au plan politique peuvent justifier certaines bambineries dans ses r\u00e9actions injustifi\u00e9es. Mais cela ne peut plus perdurer\u00a0!<br \/>\nCertains intellectuels et leaders sociaux qui pourraient l\u2019amener \u00e0 la raison, doivent l\u2019aider \u00e0 grandir et \u00e0 avancer au lieu de l\u2019enfoncer.<\/p>\n<p>J\u2019ai encore un pr\u00e9jug\u00e9 favorable pour Ousmane Sonko et pense honn\u00eatement qu\u2019il peut revenir sur le chemin de la normalit\u00e9 s\u00e9n\u00e9galaise. Mais il faut faire vite, le temps presse pour lui\u00a0! L\u2019exemple du Pr\u00e9sident Wade est instructif \u00e0 ce propos.<\/p>\n<p>Tout en conseillant aux hommes politiques de conqu\u00e9rir l\u2019opinion publique pour gagner les proc\u00e8s politiques, le Pr\u00e9sident Wade d\u00e9ferrait \u00e0 toutes les convocations de la Justice et proclamait toujours qu\u2019il ne marcherait jamais sur des cadavres pour acc\u00e9der au pouvoir. L\u00e9galisme et pacifisme\u00a0!<br \/>\nEncore que pour le cas Sweet Beauty, ce n\u2019est pas un proc\u00e8s politique dans le sens ou ce n\u2019est pas l\u2019\u00c9tat qui a attrait Sonko devant la justice, mais une citoyenne dans une affaire de viol pr\u00e9sum\u00e9.<\/p>\n<p>Pour en revenir \u00e0 certains de nos camarades intellectuels, nous f\u00fbmes pour certains d\u2019entre nous, des dirigeants de mouvements de masse, \u00e9tudiants en particulier.<br \/>\nPar l\u2019exp\u00e9rience historique des luttes de masse avec les ph\u00e9nom\u00e8nes de flux et de reflux, de victoires et d\u00e9faites, on arrive \u00e0 cette conclusion terrible, la foule est infaillible, elle ne se trompe jamais, elle a toujours raison sur le dirigeant qui, lui par contre, peut commettre des erreurs, des fautes. Et quand le dirigeant se trompe, les masses deviennent implacables et tr\u00e8s ingrates, elles n\u2019ont pas de m\u00e9moire\u00a0!<br \/>\nLes foules comme les peuples sont avec les winners (vainqueurs) et jamais avec les losers (perdants), pour elles, seule la victoire compte. Les cas de Thomas Sankara et de Blaise Compaor\u00e9 sont l\u00e0 pour illustrer ces propos\u00a0!<br \/>\nJe n\u2019en dirai pas plus\u00a0!<\/p>\n<p>Quand on est au niveau o\u00f9 se trouve actuellement Ousmane Sonko en politique, on a pas le droit de se faire hara-kiri ou d\u2019y \u00eatre pouss\u00e9.<br \/>\nNotre Justice a jusqu\u2019ici prouv\u00e9 sa r\u00e9silience lors des grandes crises socio-politiques, ma conviction est que le dossier sweet beauty ne fera pas exception.<br \/>\nAidons, pour ceux qui le peuvent encore, Ousmane Sonko \u00e0 grandir dans les \u00e9preuves plut\u00f4t que de le pousser, soit par couardise ou par opportunisme vers le mur de l\u2019auto-destruction irr\u00e9m\u00e9diable au double plans politique et personnel.<\/p>\n<p><strong>Youssou Diallo<br \/>\nPr\u00e9sident du Club S\u00e9n\u00e9gal \u00c9mergent<\/strong><\/p>\n<p>&nbsp;<\/p>\n<p>&nbsp;<\/p>\n<div class='share-to-whatsapp-wrapper'><div class='share-on-whsp'>PARTAGER SUR : <\/div><a data-text='Qui pour aider Ousmane Sonko \u00e0 ne pas s\u2019autod\u00e9truire\u00a0?' data-link='https:\/\/www.nettali.com\/2023\/01\/24\/qui-pour-aider-ousmane-sonko-a-ne-pas-sautodetruire\/' class='whatsapp-button whatsapp-share'>WhatsApp<\/a><div class='clear '><\/div><\/div>","protected":false},"excerpt":{"rendered":"<p>CONTRIBUTION - La lettre de d\u00e9mission de Monsieur Amadou Baidy Fall, Professeur des Universit\u00e9s \u00e0 Paris, de Pastef, m\u2019a pouss\u00e9 \u00e0 interpeller certains intellectuels et hommes de bonne volont\u00e9 sur leurs discours et attitudes vis \u00e0 vis du leader politique de l\u2019opposition, Ousmane Sonko. Bravo au Professeur Amadou Baidy Fall qui, au moins, est un [&hellip;]<\/p>\n","protected":false},"author":4,"featured_media":71942,"comment_status":"open","ping_status":"open","sticky":false,"template":"","format":"standard","meta":{"_et_pb_use_builder":"","_et_pb_old_content":""},"categories":[34933],"tags":[],"yoast_head":"<!-- This site is optimized with the Yoast SEO Premium plugin v17.8 (Yoast SEO v17.8) - https:\/\/yoast.com\/wordpress\/plugins\/seo\/ -->\n<title>Qui pour aider Ousmane Sonko \u00e0 ne pas s\u2019autod\u00e9truire\u00a0? | Nettali.com<\/title>\n<meta name=\"robots\" content=\"index, follow, max-snippet:-1, max-image-preview:large, max-video-preview:-1\" \/>\n<link rel=\"canonical\" href=\"https:\/\/www.nettali.com\/2023\/01\/24\/qui-pour-aider-ousmane-sonko-a-ne-pas-sautodetruire\/\" \/>\n<meta property=\"og:locale\" content=\"fr_FR\" \/>\n<meta property=\"og:type\" content=\"article\" \/>\n<meta property=\"og:title\" content=\"Qui pour aider Ousmane Sonko \u00e0 ne pas s\u2019autod\u00e9truire\u00a0?\" \/>\n<meta property=\"og:description\" content=\"CONTRIBUTION - La lettre de d\u00e9mission de Monsieur Amadou Baidy Fall, Professeur des Universit\u00e9s \u00e0 Paris, de Pastef, m\u2019a pouss\u00e9 \u00e0 interpeller certains intellectuels et hommes de bonne volont\u00e9 sur leurs discours et attitudes vis \u00e0 vis du leader politique de l\u2019opposition, Ousmane Sonko. Bravo au Professeur Amadou Baidy Fall qui, au moins, est un [&hellip;]\" \/>\n<meta property=\"og:url\" content=\"https:\/\/www.nettali.com\/2023\/01\/24\/qui-pour-aider-ousmane-sonko-a-ne-pas-sautodetruire\/\" \/>\n<meta property=\"og:site_name\" content=\"Nettali.com\" \/>\n<meta property=\"article:publisher\" content=\"https:\/\/www.facebook.com\/nettalicom\" \/>\n<meta property=\"article:published_time\" content=\"2023-01-24T15:54:32+00:00\" \/>\n<meta property=\"og:image\" content=\"https:\/\/www.nettali.com\/wp-content\/uploads\/2021\/09\/youssou-diallo.jpg\" \/>\n\t<meta property=\"og:image:width\" content=\"1024\" \/>\n\t<meta property=\"og:image:height\" content=\"683\" \/>\n<meta name=\"twitter:card\" content=\"summary_large_image\" \/>\n<meta name=\"twitter:label1\" content=\"\u00c9crit par\" \/>\n\t<meta name=\"twitter:data1\" content=\"Daouda\" \/>\n\t<meta name=\"twitter:label2\" content=\"Dur\u00e9e de lecture estim\u00e9e\" \/>\n\t<meta name=\"twitter:data2\" content=\"7 minutes\" \/>\n<script type=\"application\/ld+json\" class=\"yoast-schema-graph\">{\"@context\":\"https:\/\/schema.org\",\"@graph\":[{\"@type\":\"WebSite\",\"@id\":\"https:\/\/www.nettali.com\/#website\",\"url\":\"https:\/\/www.nettali.com\/\",\"name\":\"Nettali.com\",\"description\":\"Le rendez-vous critique du Net\",\"potentialAction\":[{\"@type\":\"SearchAction\",\"target\":{\"@type\":\"EntryPoint\",\"urlTemplate\":\"https:\/\/www.nettali.com\/?s={search_term_string}\"},\"query-input\":\"required name=search_term_string\"}],\"inLanguage\":\"fr-FR\"},{\"@type\":\"ImageObject\",\"@id\":\"https:\/\/www.nettali.com\/2023\/01\/24\/qui-pour-aider-ousmane-sonko-a-ne-pas-sautodetruire\/#primaryimage\",\"inLanguage\":\"fr-FR\",\"url\":\"https:\/\/www.nettali.com\/wp-content\/uploads\/2021\/09\/youssou-diallo.jpg\",\"contentUrl\":\"https:\/\/www.nettali.com\/wp-content\/uploads\/2021\/09\/youssou-diallo.jpg\",\"width\":1024,\"height\":683},{\"@type\":\"WebPage\",\"@id\":\"https:\/\/www.nettali.com\/2023\/01\/24\/qui-pour-aider-ousmane-sonko-a-ne-pas-sautodetruire\/#webpage\",\"url\":\"https:\/\/www.nettali.com\/2023\/01\/24\/qui-pour-aider-ousmane-sonko-a-ne-pas-sautodetruire\/\",\"name\":\"Qui pour aider Ousmane Sonko \\u00e0 ne pas s\\u2019autod\\u00e9truire\\u00a0? | Nettali.com\",\"isPartOf\":{\"@id\":\"https:\/\/www.nettali.com\/#website\"},\"primaryImageOfPage\":{\"@id\":\"https:\/\/www.nettali.com\/2023\/01\/24\/qui-pour-aider-ousmane-sonko-a-ne-pas-sautodetruire\/#primaryimage\"},\"datePublished\":\"2023-01-24T15:54:32+00:00\",\"dateModified\":\"2023-01-24T15:54:32+00:00\",\"author\":{\"@id\":\"https:\/\/www.nettali.com\/#\/schema\/person\/3317e0bb3aa1da309fbf7b2780901bf4\"},\"breadcrumb\":{\"@id\":\"https:\/\/www.nettali.com\/2023\/01\/24\/qui-pour-aider-ousmane-sonko-a-ne-pas-sautodetruire\/#breadcrumb\"},\"inLanguage\":\"fr-FR\",\"potentialAction\":[{\"@type\":\"ReadAction\",\"target\":[\"https:\/\/www.nettali.com\/2023\/01\/24\/qui-pour-aider-ousmane-sonko-a-ne-pas-sautodetruire\/\"]}]},{\"@type\":\"BreadcrumbList\",\"@id\":\"https:\/\/www.nettali.com\/2023\/01\/24\/qui-pour-aider-ousmane-sonko-a-ne-pas-sautodetruire\/#breadcrumb\",\"itemListElement\":[{\"@type\":\"ListItem\",\"position\":1,\"name\":\"Accueil\",\"item\":\"https:\/\/www.nettali.com\/\"},{\"@type\":\"ListItem\",\"position\":2,\"name\":\"Qui pour aider Ousmane Sonko \\u00e0 ne pas s\\u2019autod\\u00e9truire\\u00a0?\"}]},{\"@type\":\"Person\",\"@id\":\"https:\/\/www.nettali.com\/#\/schema\/person\/3317e0bb3aa1da309fbf7b2780901bf4\",\"name\":\"Daouda\",\"image\":{\"@type\":\"ImageObject\",\"@id\":\"https:\/\/www.nettali.com\/#personlogo\",\"inLanguage\":\"fr-FR\",\"url\":\"https:\/\/secure.gravatar.com\/avatar\/8d143b5a49345098ddcfee1c49c2f47c?s=96&d=mm&r=g\",\"contentUrl\":\"https:\/\/secure.gravatar.com\/avatar\/8d143b5a49345098ddcfee1c49c2f47c?s=96&d=mm&r=g\",\"caption\":\"Daouda\"},\"sameAs\":[\"https:\/\/www.nettali.com\"]}]}<\/script>\n<!-- \/ Yoast SEO Premium plugin. -->","yoast_head_json":{"title":"Qui pour aider Ousmane Sonko \u00e0 ne pas s\u2019autod\u00e9truire\u00a0? | Nettali.com","robots":{"index":"index","follow":"follow","max-snippet":"max-snippet:-1","max-image-preview":"max-image-preview:large","max-video-preview":"max-video-preview:-1"},"canonical":"https:\/\/www.nettali.com\/2023\/01\/24\/qui-pour-aider-ousmane-sonko-a-ne-pas-sautodetruire\/","og_locale":"fr_FR","og_type":"article","og_title":"Qui pour aider Ousmane Sonko \u00e0 ne pas s\u2019autod\u00e9truire\u00a0?","og_description":"CONTRIBUTION - La lettre de d\u00e9mission de Monsieur Amadou Baidy Fall, Professeur des Universit\u00e9s \u00e0 Paris, de Pastef, m\u2019a pouss\u00e9 \u00e0 interpeller certains intellectuels et hommes de bonne volont\u00e9 sur leurs discours et attitudes vis \u00e0 vis du leader politique de l\u2019opposition, Ousmane Sonko. Bravo au Professeur Amadou Baidy Fall qui, au moins, est un [&hellip;]","og_url":"https:\/\/www.nettali.com\/2023\/01\/24\/qui-pour-aider-ousmane-sonko-a-ne-pas-sautodetruire\/","og_site_name":"Nettali.com","article_publisher":"https:\/\/www.facebook.com\/nettalicom","article_published_time":"2023-01-24T15:54:32+00:00","og_image":[{"width":1024,"height":683,"url":"https:\/\/www.nettali.com\/wp-content\/uploads\/2021\/09\/youssou-diallo.jpg","type":"image\/jpeg"}],"twitter_card":"summary_large_image","twitter_misc":{"\u00c9crit par":"Daouda","Dur\u00e9e de lecture estim\u00e9e":"7 minutes"},"schema":{"@context":"https:\/\/schema.org","@graph":[{"@type":"WebSite","@id":"https:\/\/www.nettali.com\/#website","url":"https:\/\/www.nettali.com\/","name":"Nettali.com","description":"Le rendez-vous critique du Net","potentialAction":[{"@type":"SearchAction","target":{"@type":"EntryPoint","urlTemplate":"https:\/\/www.nettali.com\/?s={search_term_string}"},"query-input":"required name=search_term_string"}],"inLanguage":"fr-FR"},{"@type":"ImageObject","@id":"https:\/\/www.nettali.com\/2023\/01\/24\/qui-pour-aider-ousmane-sonko-a-ne-pas-sautodetruire\/#primaryimage","inLanguage":"fr-FR","url":"https:\/\/www.nettali.com\/wp-content\/uploads\/2021\/09\/youssou-diallo.jpg","contentUrl":"https:\/\/www.nettali.com\/wp-content\/uploads\/2021\/09\/youssou-diallo.jpg","width":1024,"height":683},{"@type":"WebPage","@id":"https:\/\/www.nettali.com\/2023\/01\/24\/qui-pour-aider-ousmane-sonko-a-ne-pas-sautodetruire\/#webpage","url":"https:\/\/www.nettali.com\/2023\/01\/24\/qui-pour-aider-ousmane-sonko-a-ne-pas-sautodetruire\/","name":"Qui pour aider Ousmane Sonko \u00e0 ne pas s\u2019autod\u00e9truire\u00a0? | Nettali.com","isPartOf":{"@id":"https:\/\/www.nettali.com\/#website"},"primaryImageOfPage":{"@id":"https:\/\/www.nettali.com\/2023\/01\/24\/qui-pour-aider-ousmane-sonko-a-ne-pas-sautodetruire\/#primaryimage"},"datePublished":"2023-01-24T15:54:32+00:00","dateModified":"2023-01-24T15:54:32+00:00","author":{"@id":"https:\/\/www.nettali.com\/#\/schema\/person\/3317e0bb3aa1da309fbf7b2780901bf4"},"breadcrumb":{"@id":"https:\/\/www.nettali.com\/2023\/01\/24\/qui-pour-aider-ousmane-sonko-a-ne-pas-sautodetruire\/#breadcrumb"},"inLanguage":"fr-FR","potentialAction":[{"@type":"ReadAction","target":["https:\/\/www.nettali.com\/2023\/01\/24\/qui-pour-aider-ousmane-sonko-a-ne-pas-sautodetruire\/"]}]},{"@type":"BreadcrumbList","@id":"https:\/\/www.nettali.com\/2023\/01\/24\/qui-pour-aider-ousmane-sonko-a-ne-pas-sautodetruire\/#breadcrumb","itemListElement":[{"@type":"ListItem","position":1,"name":"Accueil","item":"https:\/\/www.nettali.com\/"},{"@type":"ListItem","position":2,"name":"Qui pour aider Ousmane Sonko \u00e0 ne pas s\u2019autod\u00e9truire\u00a0?"}]},{"@type":"Person","@id":"https:\/\/www.nettali.com\/#\/schema\/person\/3317e0bb3aa1da309fbf7b2780901bf4","name":"Daouda","image":{"@type":"ImageObject","@id":"https:\/\/www.nettali.com\/#personlogo","inLanguage":"fr-FR","url":"https:\/\/secure.gravatar.com\/avatar\/8d143b5a49345098ddcfee1c49c2f47c?s=96&d=mm&r=g","contentUrl":"https:\/\/secure.gravatar.com\/avatar\/8d143b5a49345098ddcfee1c49c2f47c?s=96&d=mm&r=g","caption":"Daouda"},"sameAs":["https:\/\/www.nettali.com"]}]}},"_links":{"self":[{"href":"https:\/\/www.nettali.com\/rest\/wp\/v2\/posts\/102570"}],"collection":[{"href":"https:\/\/www.nettali.com\/rest\/wp\/v2\/posts"}],"about":[{"href":"https:\/\/www.nettali.com\/rest\/wp\/v2\/types\/post"}],"author":[{"embeddable":true,"href":"https:\/\/www.nettali.com\/rest\/wp\/v2\/users\/4"}],"replies":[{"embeddable":true,"href":"https:\/\/www.nettali.com\/rest\/wp\/v2\/comments?post=102570"}],"version-history":[{"count":1,"href":"https:\/\/www.nettali.com\/rest\/wp\/v2\/posts\/102570\/revisions"}],"predecessor-version":[{"id":102571,"href":"https:\/\/www.nettali.com\/rest\/wp\/v2\/posts\/102570\/revisions\/102571"}],"wp:featuredmedia":[{"embeddable":true,"href":"https:\/\/www.nettali.com\/rest\/wp\/v2\/media\/71942"}],"wp:attachment":[{"href":"https:\/\/www.nettali.com\/rest\/wp\/v2\/media?parent=102570"}],"wp:term":[{"taxonomy":"category","embeddable":true,"href":"https:\/\/www.nettali.com\/rest\/wp\/v2\/categories?post=102570"},{"taxonomy":"post_tag","embeddable":true,"href":"https:\/\/www.nettali.com\/rest\/wp\/v2\/tags?post=102570"}],"curies":[{"name":"wp","href":"https:\/\/api.w.org\/{rel}","templated":true}]}}