{"id":102567,"date":"2023-01-24T15:35:54","date_gmt":"2023-01-24T15:35:54","guid":{"rendered":"https:\/\/www.nettali.com\/?p=102567"},"modified":"2023-01-24T15:35:54","modified_gmt":"2023-01-24T15:35:54","slug":"touba-le-magal-de-kajou-rajab-celebre-le-17-fevrier","status":"publish","type":"post","link":"https:\/\/www.nettali.com\/2023\/01\/24\/touba-le-magal-de-kajou-rajab-celebre-le-17-fevrier\/","title":{"rendered":"TOUBA -  Le magal de Kajou Rajab c\u00e9l\u00e9br\u00e9 le 17 f\u00e9vrier"},"content":{"rendered":"<p style=\"font-weight: 400;\"><strong>NETTALI.COM - Le magal de Kajou Rajab, manifestation religieuse comm\u00e9morant la naissance du deuxi\u00e8me Khalife des mourides, SErigne Fallou Mback\u00e9, sera c\u00e9l\u00e9br\u00e9 le 17 f\u00e9vrier prochain.<\/strong><\/p>\n<p style=\"font-weight: 400;\">\u00a0Le magal de Kajou Rajab, manifestation religieuse comm\u00e9morant la naissance du deuxi\u00e8me Khalife des mourides, Serigne Fallou Mback\u00e9, sera c\u00e9l\u00e9br\u00e9 le 17 f\u00e9vrier prochain.<\/p>\n<p style=\"font-weight: 400;\">Un comit\u00e9 r\u00e9gional de d\u00e9veloppement (CRD) pr\u00e9paratoire \u00e0 cet \u00e9v\u00e9nement religieux se tient ce mardi \u00e0 la gouvernance de Diourbel, sous l\u2019\u00e9gide de la gouvernance de r\u00e9gion.<\/p>\n<p>Serigne Fallou Mback\u00e9 est n\u00e9 en juin 1888 \u00e0 Darou Salam, exactement la 27\u00e8me nuit du mois lunaire de Rajab. Soit le jour anniversaire de l\u2019ascension du Proph\u00e8te Mohammad (PSL). Il \u00e9tait cr\u00e9dit\u00e9 d\u2019un don mystique hors du commun. Celui de voir se r\u00e9aliser les pri\u00e8res qu'il formulait. Cela lui valut le sobriquet de \u00abBorom na am mu am\u00bb. En 1928, Serigne Fallou Mback\u00e9 fit son p\u00e8lerinage \u00e0 la Mecque. Il s\u2019y r\u00e9v\u00e9lera au monde par ses miracles.<\/p>\n<p>En 1945, il \u00a0est intronis\u00e9 second khalife de Touba et \u00a0poursuit l\u2019\u0153uvre de construction de la Grande Mosqu\u00e9e. C\u2019est lui qui a pos\u00e9 les 5 minarets de la grande mosqu\u00e9e. Il donnera \u00e0 l\u2019un d\u2019entre eux, le nom de \u00abLamp Fall\u00bb, en hommage \u00e0 Cheikh Ibrahima Fall. Le 7 juin 1963, Serigne Fallou Mback\u00e9 inaugurera ladite mosqu\u00e9e dont il dirigea la premi\u00e8re pri\u00e8re. Touba lui doit son lotissement et son \u00e9lectrification.<\/p>\n<p>Serigne Fallou Mback\u00e9 est c\u00e9l\u00e9br\u00e9 chaque ann\u00e9e lors du Magal de Kazu Rajab, marquant son jour de naissance. Il est d\u00e9c\u00e9d\u00e9 \u00e0 Darou Salam (Touba) le 6 ao\u00fbt 1968.<\/p>\n<div class='share-to-whatsapp-wrapper'><div class='share-on-whsp'>PARTAGER SUR : <\/div><a data-text='TOUBA -  Le magal de Kajou Rajab c\u00e9l\u00e9br\u00e9 le 17 f\u00e9vrier' data-link='https:\/\/www.nettali.com\/2023\/01\/24\/touba-le-magal-de-kajou-rajab-celebre-le-17-fevrier\/' class='whatsapp-button whatsapp-share'>WhatsApp<\/a><div class='clear '><\/div><\/div>","protected":false},"excerpt":{"rendered":"<p>NETTALI.COM - Le magal de Kajou Rajab, manifestation religieuse comm\u00e9morant la naissance du deuxi\u00e8me Khalife des mourides, SErigne Fallou Mback\u00e9, sera c\u00e9l\u00e9br\u00e9 le 17 f\u00e9vrier prochain. \u00a0Le magal de Kajou Rajab, manifestation religieuse comm\u00e9morant la naissance du deuxi\u00e8me Khalife des mourides, Serigne Fallou Mback\u00e9, sera c\u00e9l\u00e9br\u00e9 le 17 f\u00e9vrier prochain. Un comit\u00e9 r\u00e9gional de d\u00e9veloppement [&hellip;]<\/p>\n","protected":false},"author":4,"featured_media":102568,"comment_status":"open","ping_status":"open","sticky":false,"template":"","format":"standard","meta":{"_et_pb_use_builder":"","_et_pb_old_content":""},"categories":[3],"tags":[],"yoast_head":"<!-- This site is optimized with the Yoast SEO Premium plugin v17.8 (Yoast SEO v17.8) - https:\/\/yoast.com\/wordpress\/plugins\/seo\/ -->\n<title>TOUBA - Le magal de Kajou Rajab c\u00e9l\u00e9br\u00e9 le 17 f\u00e9vrier | Nettali.com<\/title>\n<meta name=\"robots\" content=\"index, follow, max-snippet:-1, max-image-preview:large, max-video-preview:-1\" \/>\n<link rel=\"canonical\" href=\"https:\/\/www.nettali.com\/2023\/01\/24\/touba-le-magal-de-kajou-rajab-celebre-le-17-fevrier\/\" \/>\n<meta property=\"og:locale\" content=\"fr_FR\" \/>\n<meta property=\"og:type\" content=\"article\" \/>\n<meta property=\"og:title\" content=\"TOUBA - Le magal de Kajou Rajab c\u00e9l\u00e9br\u00e9 le 17 f\u00e9vrier\" \/>\n<meta property=\"og:description\" content=\"NETTALI.COM - Le magal de Kajou Rajab, manifestation religieuse comm\u00e9morant la naissance du deuxi\u00e8me Khalife des mourides, SErigne Fallou Mback\u00e9, sera c\u00e9l\u00e9br\u00e9 le 17 f\u00e9vrier prochain. \u00a0Le magal de Kajou Rajab, manifestation religieuse comm\u00e9morant la naissance du deuxi\u00e8me Khalife des mourides, Serigne Fallou Mback\u00e9, sera c\u00e9l\u00e9br\u00e9 le 17 f\u00e9vrier prochain. Un comit\u00e9 r\u00e9gional de d\u00e9veloppement [&hellip;]\" \/>\n<meta property=\"og:url\" content=\"https:\/\/www.nettali.com\/2023\/01\/24\/touba-le-magal-de-kajou-rajab-celebre-le-17-fevrier\/\" \/>\n<meta property=\"og:site_name\" content=\"Nettali.com\" \/>\n<meta property=\"article:publisher\" content=\"https:\/\/www.facebook.com\/nettalicom\" \/>\n<meta property=\"article:published_time\" content=\"2023-01-24T15:35:54+00:00\" \/>\n<meta property=\"og:image\" content=\"https:\/\/www.nettali.com\/wp-content\/uploads\/2023\/01\/serigne-fallou_1717.png\" \/>\n\t<meta property=\"og:image:width\" content=\"826\" \/>\n\t<meta property=\"og:image:height\" content=\"617\" \/>\n<meta name=\"twitter:card\" content=\"summary_large_image\" \/>\n<meta name=\"twitter:label1\" content=\"\u00c9crit par\" \/>\n\t<meta name=\"twitter:data1\" content=\"Daouda\" \/>\n\t<meta name=\"twitter:label2\" content=\"Dur\u00e9e de lecture estim\u00e9e\" \/>\n\t<meta name=\"twitter:data2\" content=\"2 minutes\" \/>\n<script type=\"application\/ld+json\" class=\"yoast-schema-graph\">{\"@context\":\"https:\/\/schema.org\",\"@graph\":[{\"@type\":\"WebSite\",\"@id\":\"https:\/\/www.nettali.com\/#website\",\"url\":\"https:\/\/www.nettali.com\/\",\"name\":\"Nettali.com\",\"description\":\"Le rendez-vous critique du Net\",\"potentialAction\":[{\"@type\":\"SearchAction\",\"target\":{\"@type\":\"EntryPoint\",\"urlTemplate\":\"https:\/\/www.nettali.com\/?s={search_term_string}\"},\"query-input\":\"required name=search_term_string\"}],\"inLanguage\":\"fr-FR\"},{\"@type\":\"ImageObject\",\"@id\":\"https:\/\/www.nettali.com\/2023\/01\/24\/touba-le-magal-de-kajou-rajab-celebre-le-17-fevrier\/#primaryimage\",\"inLanguage\":\"fr-FR\",\"url\":\"https:\/\/www.nettali.com\/wp-content\/uploads\/2023\/01\/serigne-fallou_1717.png\",\"contentUrl\":\"https:\/\/www.nettali.com\/wp-content\/uploads\/2023\/01\/serigne-fallou_1717.png\",\"width\":826,\"height\":617},{\"@type\":\"WebPage\",\"@id\":\"https:\/\/www.nettali.com\/2023\/01\/24\/touba-le-magal-de-kajou-rajab-celebre-le-17-fevrier\/#webpage\",\"url\":\"https:\/\/www.nettali.com\/2023\/01\/24\/touba-le-magal-de-kajou-rajab-celebre-le-17-fevrier\/\",\"name\":\"TOUBA - Le magal de Kajou Rajab c\\u00e9l\\u00e9br\\u00e9 le 17 f\\u00e9vrier | Nettali.com\",\"isPartOf\":{\"@id\":\"https:\/\/www.nettali.com\/#website\"},\"primaryImageOfPage\":{\"@id\":\"https:\/\/www.nettali.com\/2023\/01\/24\/touba-le-magal-de-kajou-rajab-celebre-le-17-fevrier\/#primaryimage\"},\"datePublished\":\"2023-01-24T15:35:54+00:00\",\"dateModified\":\"2023-01-24T15:35:54+00:00\",\"author\":{\"@id\":\"https:\/\/www.nettali.com\/#\/schema\/person\/3317e0bb3aa1da309fbf7b2780901bf4\"},\"breadcrumb\":{\"@id\":\"https:\/\/www.nettali.com\/2023\/01\/24\/touba-le-magal-de-kajou-rajab-celebre-le-17-fevrier\/#breadcrumb\"},\"inLanguage\":\"fr-FR\",\"potentialAction\":[{\"@type\":\"ReadAction\",\"target\":[\"https:\/\/www.nettali.com\/2023\/01\/24\/touba-le-magal-de-kajou-rajab-celebre-le-17-fevrier\/\"]}]},{\"@type\":\"BreadcrumbList\",\"@id\":\"https:\/\/www.nettali.com\/2023\/01\/24\/touba-le-magal-de-kajou-rajab-celebre-le-17-fevrier\/#breadcrumb\",\"itemListElement\":[{\"@type\":\"ListItem\",\"position\":1,\"name\":\"Accueil\",\"item\":\"https:\/\/www.nettali.com\/\"},{\"@type\":\"ListItem\",\"position\":2,\"name\":\"TOUBA - Le magal de Kajou Rajab c\\u00e9l\\u00e9br\\u00e9 le 17 f\\u00e9vrier\"}]},{\"@type\":\"Person\",\"@id\":\"https:\/\/www.nettali.com\/#\/schema\/person\/3317e0bb3aa1da309fbf7b2780901bf4\",\"name\":\"Daouda\",\"image\":{\"@type\":\"ImageObject\",\"@id\":\"https:\/\/www.nettali.com\/#personlogo\",\"inLanguage\":\"fr-FR\",\"url\":\"https:\/\/secure.gravatar.com\/avatar\/8d143b5a49345098ddcfee1c49c2f47c?s=96&d=mm&r=g\",\"contentUrl\":\"https:\/\/secure.gravatar.com\/avatar\/8d143b5a49345098ddcfee1c49c2f47c?s=96&d=mm&r=g\",\"caption\":\"Daouda\"},\"sameAs\":[\"https:\/\/www.nettali.com\"]}]}<\/script>\n<!-- \/ Yoast SEO Premium plugin. -->","yoast_head_json":{"title":"TOUBA - Le magal de Kajou Rajab c\u00e9l\u00e9br\u00e9 le 17 f\u00e9vrier | Nettali.com","robots":{"index":"index","follow":"follow","max-snippet":"max-snippet:-1","max-image-preview":"max-image-preview:large","max-video-preview":"max-video-preview:-1"},"canonical":"https:\/\/www.nettali.com\/2023\/01\/24\/touba-le-magal-de-kajou-rajab-celebre-le-17-fevrier\/","og_locale":"fr_FR","og_type":"article","og_title":"TOUBA - Le magal de Kajou Rajab c\u00e9l\u00e9br\u00e9 le 17 f\u00e9vrier","og_description":"NETTALI.COM - Le magal de Kajou Rajab, manifestation religieuse comm\u00e9morant la naissance du deuxi\u00e8me Khalife des mourides, SErigne Fallou Mback\u00e9, sera c\u00e9l\u00e9br\u00e9 le 17 f\u00e9vrier prochain. \u00a0Le magal de Kajou Rajab, manifestation religieuse comm\u00e9morant la naissance du deuxi\u00e8me Khalife des mourides, Serigne Fallou Mback\u00e9, sera c\u00e9l\u00e9br\u00e9 le 17 f\u00e9vrier prochain. Un comit\u00e9 r\u00e9gional de d\u00e9veloppement [&hellip;]","og_url":"https:\/\/www.nettali.com\/2023\/01\/24\/touba-le-magal-de-kajou-rajab-celebre-le-17-fevrier\/","og_site_name":"Nettali.com","article_publisher":"https:\/\/www.facebook.com\/nettalicom","article_published_time":"2023-01-24T15:35:54+00:00","og_image":[{"width":826,"height":617,"url":"https:\/\/www.nettali.com\/wp-content\/uploads\/2023\/01\/serigne-fallou_1717.png","type":"image\/png"}],"twitter_card":"summary_large_image","twitter_misc":{"\u00c9crit par":"Daouda","Dur\u00e9e de lecture estim\u00e9e":"2 minutes"},"schema":{"@context":"https:\/\/schema.org","@graph":[{"@type":"WebSite","@id":"https:\/\/www.nettali.com\/#website","url":"https:\/\/www.nettali.com\/","name":"Nettali.com","description":"Le rendez-vous critique du Net","potentialAction":[{"@type":"SearchAction","target":{"@type":"EntryPoint","urlTemplate":"https:\/\/www.nettali.com\/?s={search_term_string}"},"query-input":"required name=search_term_string"}],"inLanguage":"fr-FR"},{"@type":"ImageObject","@id":"https:\/\/www.nettali.com\/2023\/01\/24\/touba-le-magal-de-kajou-rajab-celebre-le-17-fevrier\/#primaryimage","inLanguage":"fr-FR","url":"https:\/\/www.nettali.com\/wp-content\/uploads\/2023\/01\/serigne-fallou_1717.png","contentUrl":"https:\/\/www.nettali.com\/wp-content\/uploads\/2023\/01\/serigne-fallou_1717.png","width":826,"height":617},{"@type":"WebPage","@id":"https:\/\/www.nettali.com\/2023\/01\/24\/touba-le-magal-de-kajou-rajab-celebre-le-17-fevrier\/#webpage","url":"https:\/\/www.nettali.com\/2023\/01\/24\/touba-le-magal-de-kajou-rajab-celebre-le-17-fevrier\/","name":"TOUBA - Le magal de Kajou Rajab c\u00e9l\u00e9br\u00e9 le 17 f\u00e9vrier | Nettali.com","isPartOf":{"@id":"https:\/\/www.nettali.com\/#website"},"primaryImageOfPage":{"@id":"https:\/\/www.nettali.com\/2023\/01\/24\/touba-le-magal-de-kajou-rajab-celebre-le-17-fevrier\/#primaryimage"},"datePublished":"2023-01-24T15:35:54+00:00","dateModified":"2023-01-24T15:35:54+00:00","author":{"@id":"https:\/\/www.nettali.com\/#\/schema\/person\/3317e0bb3aa1da309fbf7b2780901bf4"},"breadcrumb":{"@id":"https:\/\/www.nettali.com\/2023\/01\/24\/touba-le-magal-de-kajou-rajab-celebre-le-17-fevrier\/#breadcrumb"},"inLanguage":"fr-FR","potentialAction":[{"@type":"ReadAction","target":["https:\/\/www.nettali.com\/2023\/01\/24\/touba-le-magal-de-kajou-rajab-celebre-le-17-fevrier\/"]}]},{"@type":"BreadcrumbList","@id":"https:\/\/www.nettali.com\/2023\/01\/24\/touba-le-magal-de-kajou-rajab-celebre-le-17-fevrier\/#breadcrumb","itemListElement":[{"@type":"ListItem","position":1,"name":"Accueil","item":"https:\/\/www.nettali.com\/"},{"@type":"ListItem","position":2,"name":"TOUBA - Le magal de Kajou Rajab c\u00e9l\u00e9br\u00e9 le 17 f\u00e9vrier"}]},{"@type":"Person","@id":"https:\/\/www.nettali.com\/#\/schema\/person\/3317e0bb3aa1da309fbf7b2780901bf4","name":"Daouda","image":{"@type":"ImageObject","@id":"https:\/\/www.nettali.com\/#personlogo","inLanguage":"fr-FR","url":"https:\/\/secure.gravatar.com\/avatar\/8d143b5a49345098ddcfee1c49c2f47c?s=96&d=mm&r=g","contentUrl":"https:\/\/secure.gravatar.com\/avatar\/8d143b5a49345098ddcfee1c49c2f47c?s=96&d=mm&r=g","caption":"Daouda"},"sameAs":["https:\/\/www.nettali.com"]}]}},"_links":{"self":[{"href":"https:\/\/www.nettali.com\/rest\/wp\/v2\/posts\/102567"}],"collection":[{"href":"https:\/\/www.nettali.com\/rest\/wp\/v2\/posts"}],"about":[{"href":"https:\/\/www.nettali.com\/rest\/wp\/v2\/types\/post"}],"author":[{"embeddable":true,"href":"https:\/\/www.nettali.com\/rest\/wp\/v2\/users\/4"}],"replies":[{"embeddable":true,"href":"https:\/\/www.nettali.com\/rest\/wp\/v2\/comments?post=102567"}],"version-history":[{"count":1,"href":"https:\/\/www.nettali.com\/rest\/wp\/v2\/posts\/102567\/revisions"}],"predecessor-version":[{"id":102569,"href":"https:\/\/www.nettali.com\/rest\/wp\/v2\/posts\/102567\/revisions\/102569"}],"wp:featuredmedia":[{"embeddable":true,"href":"https:\/\/www.nettali.com\/rest\/wp\/v2\/media\/102568"}],"wp:attachment":[{"href":"https:\/\/www.nettali.com\/rest\/wp\/v2\/media?parent=102567"}],"wp:term":[{"taxonomy":"category","embeddable":true,"href":"https:\/\/www.nettali.com\/rest\/wp\/v2\/categories?post=102567"},{"taxonomy":"post_tag","embeddable":true,"href":"https:\/\/www.nettali.com\/rest\/wp\/v2\/tags?post=102567"}],"curies":[{"name":"wp","href":"https:\/\/api.w.org\/{rel}","templated":true}]}}