{"id":102528,"date":"2023-01-24T08:08:19","date_gmt":"2023-01-24T08:08:19","guid":{"rendered":"https:\/\/www.nettali.com\/?p=102528"},"modified":"2023-01-24T08:08:19","modified_gmt":"2023-01-24T08:08:19","slug":"en-coulisses-madiambal-et-le-juge-teliko-encore-devant-la-barre","status":"publish","type":"post","link":"https:\/\/www.nettali.com\/2023\/01\/24\/en-coulisses-madiambal-et-le-juge-teliko-encore-devant-la-barre\/","title":{"rendered":"EN COULISSES - Madiambal et le juge T\u00e9liko encore devant la barre"},"content":{"rendered":"<p>NETTALI.COM - Madiambal Diagne et le juge Souleymane T\u00e9liko seront encore devant la chambre correctionnelle de la Cour d'appel de Dakar.<\/p>\n<p>Madiambal Diagne avait \u00e9t\u00e9 condamn\u00e9 il y a quelques mois \u00e0 trois mois de prison ferme. Cette peine \u00e9tait assortie assortie d\u2019une amende de 300 000 francs CFA et de l\u2019obligation de verser des dommages et int\u00e9r\u00eats \u00e0 hauteur de 5 millions de francs CFA \u00e0 Souleymane T\u00e9liko.<\/p>\n<p>Ce dernier poursuivait le journaliste pour diffamation. Le patron du Groupe Avenir communication, qui \u00e9dite le journal Le Quotidien, avait fait appel du jugement en premi\u00e8re instance.<br \/>\nMadiambal Diagne avait affirm\u00e9 que l\u2019ancien pr\u00e9sident de l\u2019Union des magistrats du S\u00e9n\u00e9gal (UMS) avait ind\u00fbment touch\u00e9 des frais de mission dans le cadre de l\u2019instruction du dossier Hiss\u00e8ne Habr\u00e9. Souleymane T\u00e9liko avait d\u00e9menti l\u2019information avant de porter plainte pour diffamation.<\/p>\n<div class='share-to-whatsapp-wrapper'><div class='share-on-whsp'>PARTAGER SUR : <\/div><a data-text='EN COULISSES - Madiambal et le juge T\u00e9liko encore devant la barre' data-link='https:\/\/www.nettali.com\/2023\/01\/24\/en-coulisses-madiambal-et-le-juge-teliko-encore-devant-la-barre\/' class='whatsapp-button whatsapp-share'>WhatsApp<\/a><div class='clear '><\/div><\/div>","protected":false},"excerpt":{"rendered":"<p>NETTALI.COM - Madiambal Diagne et le juge Souleymane T\u00e9liko seront encore devant la chambre correctionnelle de la Cour d'appel de Dakar. Madiambal Diagne avait \u00e9t\u00e9 condamn\u00e9 il y a quelques mois \u00e0 trois mois de prison ferme. Cette peine \u00e9tait assortie assortie d\u2019une amende de 300 000 francs CFA et de l\u2019obligation de verser des [&hellip;]<\/p>\n","protected":false},"author":4,"featured_media":102530,"comment_status":"open","ping_status":"open","sticky":false,"template":"","format":"standard","meta":{"_et_pb_use_builder":"","_et_pb_old_content":""},"categories":[34945],"tags":[],"yoast_head":"<!-- This site is optimized with the Yoast SEO Premium plugin v17.8 (Yoast SEO v17.8) - https:\/\/yoast.com\/wordpress\/plugins\/seo\/ -->\n<title>EN COULISSES - Madiambal et le juge T\u00e9liko encore devant la barre | Nettali.com<\/title>\n<meta name=\"robots\" content=\"index, follow, max-snippet:-1, max-image-preview:large, max-video-preview:-1\" \/>\n<link rel=\"canonical\" href=\"https:\/\/www.nettali.com\/2023\/01\/24\/en-coulisses-madiambal-et-le-juge-teliko-encore-devant-la-barre\/\" \/>\n<meta property=\"og:locale\" content=\"fr_FR\" \/>\n<meta property=\"og:type\" content=\"article\" \/>\n<meta property=\"og:title\" content=\"EN COULISSES - Madiambal et le juge T\u00e9liko encore devant la barre\" \/>\n<meta property=\"og:description\" content=\"NETTALI.COM - Madiambal Diagne et le juge Souleymane T\u00e9liko seront encore devant la chambre correctionnelle de la Cour d&#039;appel de Dakar. Madiambal Diagne avait \u00e9t\u00e9 condamn\u00e9 il y a quelques mois \u00e0 trois mois de prison ferme. Cette peine \u00e9tait assortie assortie d\u2019une amende de 300 000 francs CFA et de l\u2019obligation de verser des [&hellip;]\" \/>\n<meta property=\"og:url\" content=\"https:\/\/www.nettali.com\/2023\/01\/24\/en-coulisses-madiambal-et-le-juge-teliko-encore-devant-la-barre\/\" \/>\n<meta property=\"og:site_name\" content=\"Nettali.com\" \/>\n<meta property=\"article:publisher\" content=\"https:\/\/www.facebook.com\/nettalicom\" \/>\n<meta property=\"article:published_time\" content=\"2023-01-24T08:08:19+00:00\" \/>\n<meta property=\"og:image\" content=\"https:\/\/www.nettali.com\/wp-content\/uploads\/2023\/01\/Teliko-Madiambal.jpeg\" \/>\n\t<meta property=\"og:image:width\" content=\"705\" \/>\n\t<meta property=\"og:image:height\" content=\"385\" \/>\n<meta name=\"twitter:card\" content=\"summary_large_image\" \/>\n<meta name=\"twitter:label1\" content=\"\u00c9crit par\" \/>\n\t<meta name=\"twitter:data1\" content=\"Daouda\" \/>\n\t<meta name=\"twitter:label2\" content=\"Dur\u00e9e de lecture estim\u00e9e\" \/>\n\t<meta name=\"twitter:data2\" content=\"1 minute\" \/>\n<script type=\"application\/ld+json\" class=\"yoast-schema-graph\">{\"@context\":\"https:\/\/schema.org\",\"@graph\":[{\"@type\":\"WebSite\",\"@id\":\"https:\/\/www.nettali.com\/#website\",\"url\":\"https:\/\/www.nettali.com\/\",\"name\":\"Nettali.com\",\"description\":\"Le rendez-vous critique du Net\",\"potentialAction\":[{\"@type\":\"SearchAction\",\"target\":{\"@type\":\"EntryPoint\",\"urlTemplate\":\"https:\/\/www.nettali.com\/?s={search_term_string}\"},\"query-input\":\"required name=search_term_string\"}],\"inLanguage\":\"fr-FR\"},{\"@type\":\"ImageObject\",\"@id\":\"https:\/\/www.nettali.com\/2023\/01\/24\/en-coulisses-madiambal-et-le-juge-teliko-encore-devant-la-barre\/#primaryimage\",\"inLanguage\":\"fr-FR\",\"url\":\"https:\/\/www.nettali.com\/wp-content\/uploads\/2023\/01\/Teliko-Madiambal.jpeg\",\"contentUrl\":\"https:\/\/www.nettali.com\/wp-content\/uploads\/2023\/01\/Teliko-Madiambal.jpeg\",\"width\":705,\"height\":385},{\"@type\":\"WebPage\",\"@id\":\"https:\/\/www.nettali.com\/2023\/01\/24\/en-coulisses-madiambal-et-le-juge-teliko-encore-devant-la-barre\/#webpage\",\"url\":\"https:\/\/www.nettali.com\/2023\/01\/24\/en-coulisses-madiambal-et-le-juge-teliko-encore-devant-la-barre\/\",\"name\":\"EN COULISSES - Madiambal et le juge T\\u00e9liko encore devant la barre | Nettali.com\",\"isPartOf\":{\"@id\":\"https:\/\/www.nettali.com\/#website\"},\"primaryImageOfPage\":{\"@id\":\"https:\/\/www.nettali.com\/2023\/01\/24\/en-coulisses-madiambal-et-le-juge-teliko-encore-devant-la-barre\/#primaryimage\"},\"datePublished\":\"2023-01-24T08:08:19+00:00\",\"dateModified\":\"2023-01-24T08:08:19+00:00\",\"author\":{\"@id\":\"https:\/\/www.nettali.com\/#\/schema\/person\/3317e0bb3aa1da309fbf7b2780901bf4\"},\"breadcrumb\":{\"@id\":\"https:\/\/www.nettali.com\/2023\/01\/24\/en-coulisses-madiambal-et-le-juge-teliko-encore-devant-la-barre\/#breadcrumb\"},\"inLanguage\":\"fr-FR\",\"potentialAction\":[{\"@type\":\"ReadAction\",\"target\":[\"https:\/\/www.nettali.com\/2023\/01\/24\/en-coulisses-madiambal-et-le-juge-teliko-encore-devant-la-barre\/\"]}]},{\"@type\":\"BreadcrumbList\",\"@id\":\"https:\/\/www.nettali.com\/2023\/01\/24\/en-coulisses-madiambal-et-le-juge-teliko-encore-devant-la-barre\/#breadcrumb\",\"itemListElement\":[{\"@type\":\"ListItem\",\"position\":1,\"name\":\"Accueil\",\"item\":\"https:\/\/www.nettali.com\/\"},{\"@type\":\"ListItem\",\"position\":2,\"name\":\"EN COULISSES - Madiambal et le juge T\\u00e9liko encore devant la barre\"}]},{\"@type\":\"Person\",\"@id\":\"https:\/\/www.nettali.com\/#\/schema\/person\/3317e0bb3aa1da309fbf7b2780901bf4\",\"name\":\"Daouda\",\"image\":{\"@type\":\"ImageObject\",\"@id\":\"https:\/\/www.nettali.com\/#personlogo\",\"inLanguage\":\"fr-FR\",\"url\":\"https:\/\/secure.gravatar.com\/avatar\/8d143b5a49345098ddcfee1c49c2f47c?s=96&d=mm&r=g\",\"contentUrl\":\"https:\/\/secure.gravatar.com\/avatar\/8d143b5a49345098ddcfee1c49c2f47c?s=96&d=mm&r=g\",\"caption\":\"Daouda\"},\"sameAs\":[\"https:\/\/www.nettali.com\"]}]}<\/script>\n<!-- \/ Yoast SEO Premium plugin. -->","yoast_head_json":{"title":"EN COULISSES - Madiambal et le juge T\u00e9liko encore devant la barre | Nettali.com","robots":{"index":"index","follow":"follow","max-snippet":"max-snippet:-1","max-image-preview":"max-image-preview:large","max-video-preview":"max-video-preview:-1"},"canonical":"https:\/\/www.nettali.com\/2023\/01\/24\/en-coulisses-madiambal-et-le-juge-teliko-encore-devant-la-barre\/","og_locale":"fr_FR","og_type":"article","og_title":"EN COULISSES - Madiambal et le juge T\u00e9liko encore devant la barre","og_description":"NETTALI.COM - Madiambal Diagne et le juge Souleymane T\u00e9liko seront encore devant la chambre correctionnelle de la Cour d'appel de Dakar. Madiambal Diagne avait \u00e9t\u00e9 condamn\u00e9 il y a quelques mois \u00e0 trois mois de prison ferme. Cette peine \u00e9tait assortie assortie d\u2019une amende de 300 000 francs CFA et de l\u2019obligation de verser des [&hellip;]","og_url":"https:\/\/www.nettali.com\/2023\/01\/24\/en-coulisses-madiambal-et-le-juge-teliko-encore-devant-la-barre\/","og_site_name":"Nettali.com","article_publisher":"https:\/\/www.facebook.com\/nettalicom","article_published_time":"2023-01-24T08:08:19+00:00","og_image":[{"width":705,"height":385,"url":"https:\/\/www.nettali.com\/wp-content\/uploads\/2023\/01\/Teliko-Madiambal.jpeg","type":"image\/jpeg"}],"twitter_card":"summary_large_image","twitter_misc":{"\u00c9crit par":"Daouda","Dur\u00e9e de lecture estim\u00e9e":"1 minute"},"schema":{"@context":"https:\/\/schema.org","@graph":[{"@type":"WebSite","@id":"https:\/\/www.nettali.com\/#website","url":"https:\/\/www.nettali.com\/","name":"Nettali.com","description":"Le rendez-vous critique du Net","potentialAction":[{"@type":"SearchAction","target":{"@type":"EntryPoint","urlTemplate":"https:\/\/www.nettali.com\/?s={search_term_string}"},"query-input":"required name=search_term_string"}],"inLanguage":"fr-FR"},{"@type":"ImageObject","@id":"https:\/\/www.nettali.com\/2023\/01\/24\/en-coulisses-madiambal-et-le-juge-teliko-encore-devant-la-barre\/#primaryimage","inLanguage":"fr-FR","url":"https:\/\/www.nettali.com\/wp-content\/uploads\/2023\/01\/Teliko-Madiambal.jpeg","contentUrl":"https:\/\/www.nettali.com\/wp-content\/uploads\/2023\/01\/Teliko-Madiambal.jpeg","width":705,"height":385},{"@type":"WebPage","@id":"https:\/\/www.nettali.com\/2023\/01\/24\/en-coulisses-madiambal-et-le-juge-teliko-encore-devant-la-barre\/#webpage","url":"https:\/\/www.nettali.com\/2023\/01\/24\/en-coulisses-madiambal-et-le-juge-teliko-encore-devant-la-barre\/","name":"EN COULISSES - Madiambal et le juge T\u00e9liko encore devant la barre | Nettali.com","isPartOf":{"@id":"https:\/\/www.nettali.com\/#website"},"primaryImageOfPage":{"@id":"https:\/\/www.nettali.com\/2023\/01\/24\/en-coulisses-madiambal-et-le-juge-teliko-encore-devant-la-barre\/#primaryimage"},"datePublished":"2023-01-24T08:08:19+00:00","dateModified":"2023-01-24T08:08:19+00:00","author":{"@id":"https:\/\/www.nettali.com\/#\/schema\/person\/3317e0bb3aa1da309fbf7b2780901bf4"},"breadcrumb":{"@id":"https:\/\/www.nettali.com\/2023\/01\/24\/en-coulisses-madiambal-et-le-juge-teliko-encore-devant-la-barre\/#breadcrumb"},"inLanguage":"fr-FR","potentialAction":[{"@type":"ReadAction","target":["https:\/\/www.nettali.com\/2023\/01\/24\/en-coulisses-madiambal-et-le-juge-teliko-encore-devant-la-barre\/"]}]},{"@type":"BreadcrumbList","@id":"https:\/\/www.nettali.com\/2023\/01\/24\/en-coulisses-madiambal-et-le-juge-teliko-encore-devant-la-barre\/#breadcrumb","itemListElement":[{"@type":"ListItem","position":1,"name":"Accueil","item":"https:\/\/www.nettali.com\/"},{"@type":"ListItem","position":2,"name":"EN COULISSES - Madiambal et le juge T\u00e9liko encore devant la barre"}]},{"@type":"Person","@id":"https:\/\/www.nettali.com\/#\/schema\/person\/3317e0bb3aa1da309fbf7b2780901bf4","name":"Daouda","image":{"@type":"ImageObject","@id":"https:\/\/www.nettali.com\/#personlogo","inLanguage":"fr-FR","url":"https:\/\/secure.gravatar.com\/avatar\/8d143b5a49345098ddcfee1c49c2f47c?s=96&d=mm&r=g","contentUrl":"https:\/\/secure.gravatar.com\/avatar\/8d143b5a49345098ddcfee1c49c2f47c?s=96&d=mm&r=g","caption":"Daouda"},"sameAs":["https:\/\/www.nettali.com"]}]}},"_links":{"self":[{"href":"https:\/\/www.nettali.com\/rest\/wp\/v2\/posts\/102528"}],"collection":[{"href":"https:\/\/www.nettali.com\/rest\/wp\/v2\/posts"}],"about":[{"href":"https:\/\/www.nettali.com\/rest\/wp\/v2\/types\/post"}],"author":[{"embeddable":true,"href":"https:\/\/www.nettali.com\/rest\/wp\/v2\/users\/4"}],"replies":[{"embeddable":true,"href":"https:\/\/www.nettali.com\/rest\/wp\/v2\/comments?post=102528"}],"version-history":[{"count":1,"href":"https:\/\/www.nettali.com\/rest\/wp\/v2\/posts\/102528\/revisions"}],"predecessor-version":[{"id":102532,"href":"https:\/\/www.nettali.com\/rest\/wp\/v2\/posts\/102528\/revisions\/102532"}],"wp:featuredmedia":[{"embeddable":true,"href":"https:\/\/www.nettali.com\/rest\/wp\/v2\/media\/102530"}],"wp:attachment":[{"href":"https:\/\/www.nettali.com\/rest\/wp\/v2\/media?parent=102528"}],"wp:term":[{"taxonomy":"category","embeddable":true,"href":"https:\/\/www.nettali.com\/rest\/wp\/v2\/categories?post=102528"},{"taxonomy":"post_tag","embeddable":true,"href":"https:\/\/www.nettali.com\/rest\/wp\/v2\/tags?post=102528"}],"curies":[{"name":"wp","href":"https:\/\/api.w.org\/{rel}","templated":true}]}}