{"id":102471,"date":"2023-01-23T15:21:18","date_gmt":"2023-01-23T15:21:18","guid":{"rendered":"https:\/\/www.nettali.com\/?p=102471"},"modified":"2023-01-23T15:21:18","modified_gmt":"2023-01-23T15:21:18","slug":"greve-des-transporteurs-24-individus-arretes-apres-avoir-bloque-lautoroute-a-peage-et-caillasse-des-vehicules-dont-3-de-dakar-dem-dikk","status":"publish","type":"post","link":"https:\/\/www.nettali.com\/2023\/01\/23\/greve-des-transporteurs-24-individus-arretes-apres-avoir-bloque-lautoroute-a-peage-et-caillasse-des-vehicules-dont-3-de-dakar-dem-dikk\/","title":{"rendered":"GREVE DES TRANSPORTEURS -\u00a0 24 individus arr\u00eat\u00e9s apr\u00e8s avoir bloqu\u00e9 l\u2019autoroute \u00e0 p\u00e9age et caillass\u00e9 des v\u00e9hicules, dont 3 de Dakar Dem Dikk"},"content":{"rendered":"<p><strong>NETTALI.COM - Vingt-quatre individus, dont l\u2019\u00e9crasante majorit\u00e9 est constitu\u00e9e de chauffeurs et d\u2019apprenti-chauffeurs gr\u00e9vistes, ont \u00e9t\u00e9 arr\u00eat\u00e9s apr\u00e8s avoir bloqu\u00e9 la circulation sur l\u2019Autoroute \u00e0 p\u00e9age et endommag\u00e9 des v\u00e9hicules \u00e0 coups de pierres. Plac\u00e9s en garde \u00e0 vue \u00e0 la police de Pikine, ils sont poursuivis pour acte de vandalisme, destruction de biens appartenant \u00e0 autrui\u2026<\/strong><\/p>\n<p>Il a fait chaud sur l\u2019Autoroute \u00e0 p\u00e9age avant-hier samedi. En effet, des conducteurs de v\u00e9hicules particuliers qui avaient emprunt\u00e9 le tron\u00e7on de l\u2019Autoroute \u00e0 p\u00e9age situ\u00e9 \u00e0 hauteur de la gare des Baux Maraichers, en milieu de matin\u00e9e, ont eu la grande surprise de voir se dresser devant eux une foule d\u2019individus arm\u00e9s de toutes sortes de projectiles. Ces individus ont bloqu\u00e9 la circulation en disposant des pneumatiques qu\u2019ils ont ensuite tent\u00e9s de br\u00fbler sur tout le long de l\u2019Autoroute \u00e0 p\u00e9age. D\u00e8s qu\u2019ils ont \u00e9t\u00e9 alert\u00e9s, des \u00e9l\u00e9ments du Peloton autoroutier de la gendarmerie se sont, \u00e0 leur tour, d\u00e9ploy\u00e9s sur les lieux pour s\u2019opposer \u00e0 la manifestation organis\u00e9e spontan\u00e9ment par ces individus qui ont \u00e9t\u00e9, plus tard, identifi\u00e9s comme des chauffeurs et des apprenti-chauffeurs venus de la Gare des Baux Maraichers pour faire respecter le mot d\u2019ordre de gr\u00e8ve illimit\u00e9e d\u00e9clench\u00e9e mercredi dernier par une partie des transporteurs.<\/p>\n<p>Ils avaient escalad\u00e9 le mur de cl\u00f4ture de la gare des Baux Maraichers pour faire irruption sur l\u2019Autoroute \u00e0 p\u00e9age. Furieux et tr\u00e8s excit\u00e9s, vocif\u00e9rant \u00e0 haute voix, ces gr\u00e9vistes, malgr\u00e9 l\u2019intervention des \u00e9l\u00e9ments de la Brigade de circulation de la gendarmerie, ont continu\u00e9 de caillasser des v\u00e9hicules sans faire de distinction entre les Cars \u2018\u2019Ndiaga Ndiaye\u2019\u2019 qui n\u2019ont pas respect\u00e9 le mot d\u2019ordre, les bus de Dakar Dem Dikk (DDD) et les v\u00e9hicules conduits par des particuliers. Ils se sont \u00e9galement dress\u00e9s devant les gendarmes venus r\u00e9tablir l\u2019ordre. C\u2019est au plus fort de cette manifestation spontan\u00e9e que les gr\u00e9vistes ont pris la fuite en allant se r\u00e9fugier dans les bus stationn\u00e9s \u00e0 l\u2019int\u00e9rieur de la gare routi\u00e8re \u00abLes Baux Maraichers\u00bb.<\/p>\n<p>Apr\u00e8s le constat par la Gendarmerie qui a r\u00e9ussi \u00e0 r\u00e9tablir la circulation sur l\u2019Autoroute \u00e0 p\u00e9age, la Police de Pikine a pris le relais en d\u00e9p\u00eachant \u00e0 la gare \u00abLes Baux Maraichers\u00bb des \u00e9l\u00e9ments de la Brigade de recherches pour traquer, identifier et proc\u00e9der \u00e0 l\u2019interpellation des gr\u00e9vistes qui avaient investi l\u2019Autoroute \u00e0 p\u00e9age. Sur les lieux, \u00e0 la gare \u00abLes Baux Maraichers\u00bb, les policiers de Pikine, en \u00e9troite collaboration avec des \u00e9l\u00e9ments de la Section d\u2019interpellation rapide (Sira, une section du Groupement mobile d\u2019intervention) ont r\u00e9ussi \u00e0 identifier les pr\u00e9sum\u00e9s auteurs des actes perp\u00e9tr\u00e9s sur l\u2019Autoroute \u00e0 p\u00e9age. Au nombre de vingt-quatre, dont trois chauffeurs, dix-neuf apprenti-chauffeurs, un p\u00eacheur et un menuisier, ils sont tous jet\u00e9s dans le v\u00e9hicule de police et conduits au commissariat de Pikine.<\/p>\n<p>A leur arriv\u00e9e \u00e0 la Police de Pikine o\u00f9 ils ont \u00e9t\u00e9 achemin\u00e9s manu militari, les vingt-quatre individus interpell\u00e9s \u00e0 la Gare \u00abLes Baux Maraichers\u00bb ont vu leur situation se compliquer avec la d\u00e9position de deux chauffeurs de Dakar Dem Dikk, venus faire constater la destruction des pare-brises et vitres de leurs deux v\u00e9hicules. On confie qu\u2019ils ont \u00e9t\u00e9 suivis par un troisi\u00e8me conducteur de bus DDD dont le v\u00e9hicule a \u00e9t\u00e9 \u00e9galement endommag\u00e9 par les individus interpell\u00e9s et plac\u00e9s en garde \u00e0 vue pour participation \u00e0 une manifestation non d\u00e9clar\u00e9e, trouble \u00e0 l\u2019ordre public, acte de vandalisme et destruction de biens appartenant \u00e0 autrui.<\/p>\n<div class='share-to-whatsapp-wrapper'><div class='share-on-whsp'>PARTAGER SUR : <\/div><a data-text='GREVE DES TRANSPORTEURS -\u00a0 24 individus arr\u00eat\u00e9s apr\u00e8s avoir bloqu\u00e9 l\u2019autoroute \u00e0 p\u00e9age et caillass\u00e9 des v\u00e9hicules, dont 3 de Dakar Dem Dikk' data-link='https:\/\/www.nettali.com\/2023\/01\/23\/greve-des-transporteurs-24-individus-arretes-apres-avoir-bloque-lautoroute-a-peage-et-caillasse-des-vehicules-dont-3-de-dakar-dem-dikk\/' class='whatsapp-button whatsapp-share'>WhatsApp<\/a><div class='clear '><\/div><\/div>","protected":false},"excerpt":{"rendered":"<p>NETTALI.COM - Vingt-quatre individus, dont l\u2019\u00e9crasante majorit\u00e9 est constitu\u00e9e de chauffeurs et d\u2019apprenti-chauffeurs gr\u00e9vistes, ont \u00e9t\u00e9 arr\u00eat\u00e9s apr\u00e8s avoir bloqu\u00e9 la circulation sur l\u2019Autoroute \u00e0 p\u00e9age et endommag\u00e9 des v\u00e9hicules \u00e0 coups de pierres. Plac\u00e9s en garde \u00e0 vue \u00e0 la police de Pikine, ils sont poursuivis pour acte de vandalisme, destruction de biens appartenant [&hellip;]<\/p>\n","protected":false},"author":4,"featured_media":102472,"comment_status":"open","ping_status":"open","sticky":false,"template":"","format":"standard","meta":{"_et_pb_use_builder":"","_et_pb_old_content":""},"categories":[3],"tags":[],"yoast_head":"<!-- This site is optimized with the Yoast SEO Premium plugin v17.8 (Yoast SEO v17.8) - https:\/\/yoast.com\/wordpress\/plugins\/seo\/ -->\n<title>GREVE DES TRANSPORTEURS -\u00a0 24 individus arr\u00eat\u00e9s apr\u00e8s avoir bloqu\u00e9 l\u2019autoroute \u00e0 p\u00e9age et caillass\u00e9 des v\u00e9hicules, dont 3 de Dakar Dem Dikk | Nettali.com<\/title>\n<meta name=\"robots\" content=\"index, follow, max-snippet:-1, max-image-preview:large, max-video-preview:-1\" \/>\n<link rel=\"canonical\" href=\"https:\/\/www.nettali.com\/2023\/01\/23\/greve-des-transporteurs-24-individus-arretes-apres-avoir-bloque-lautoroute-a-peage-et-caillasse-des-vehicules-dont-3-de-dakar-dem-dikk\/\" \/>\n<meta property=\"og:locale\" content=\"fr_FR\" \/>\n<meta property=\"og:type\" content=\"article\" \/>\n<meta property=\"og:title\" content=\"GREVE DES TRANSPORTEURS -\u00a0 24 individus arr\u00eat\u00e9s apr\u00e8s avoir bloqu\u00e9 l\u2019autoroute \u00e0 p\u00e9age et caillass\u00e9 des v\u00e9hicules, dont 3 de Dakar Dem Dikk\" \/>\n<meta property=\"og:description\" content=\"NETTALI.COM - Vingt-quatre individus, dont l\u2019\u00e9crasante majorit\u00e9 est constitu\u00e9e de chauffeurs et d\u2019apprenti-chauffeurs gr\u00e9vistes, ont \u00e9t\u00e9 arr\u00eat\u00e9s apr\u00e8s avoir bloqu\u00e9 la circulation sur l\u2019Autoroute \u00e0 p\u00e9age et endommag\u00e9 des v\u00e9hicules \u00e0 coups de pierres. Plac\u00e9s en garde \u00e0 vue \u00e0 la police de Pikine, ils sont poursuivis pour acte de vandalisme, destruction de biens appartenant [&hellip;]\" \/>\n<meta property=\"og:url\" content=\"https:\/\/www.nettali.com\/2023\/01\/23\/greve-des-transporteurs-24-individus-arretes-apres-avoir-bloque-lautoroute-a-peage-et-caillasse-des-vehicules-dont-3-de-dakar-dem-dikk\/\" \/>\n<meta property=\"og:site_name\" content=\"Nettali.com\" \/>\n<meta property=\"article:publisher\" content=\"https:\/\/www.facebook.com\/nettalicom\" \/>\n<meta property=\"article:published_time\" content=\"2023-01-23T15:21:18+00:00\" \/>\n<meta property=\"og:image\" content=\"https:\/\/www.nettali.com\/wp-content\/uploads\/2023\/01\/Bus-DDD.jpeg\" \/>\n\t<meta property=\"og:image:width\" content=\"600\" \/>\n\t<meta property=\"og:image:height\" content=\"450\" \/>\n<meta name=\"twitter:card\" content=\"summary_large_image\" \/>\n<meta name=\"twitter:label1\" content=\"\u00c9crit par\" \/>\n\t<meta name=\"twitter:data1\" content=\"Daouda\" \/>\n\t<meta name=\"twitter:label2\" content=\"Dur\u00e9e de lecture estim\u00e9e\" \/>\n\t<meta name=\"twitter:data2\" content=\"3 minutes\" \/>\n<script type=\"application\/ld+json\" class=\"yoast-schema-graph\">{\"@context\":\"https:\/\/schema.org\",\"@graph\":[{\"@type\":\"WebSite\",\"@id\":\"https:\/\/www.nettali.com\/#website\",\"url\":\"https:\/\/www.nettali.com\/\",\"name\":\"Nettali.com\",\"description\":\"Le rendez-vous critique du Net\",\"potentialAction\":[{\"@type\":\"SearchAction\",\"target\":{\"@type\":\"EntryPoint\",\"urlTemplate\":\"https:\/\/www.nettali.com\/?s={search_term_string}\"},\"query-input\":\"required name=search_term_string\"}],\"inLanguage\":\"fr-FR\"},{\"@type\":\"ImageObject\",\"@id\":\"https:\/\/www.nettali.com\/2023\/01\/23\/greve-des-transporteurs-24-individus-arretes-apres-avoir-bloque-lautoroute-a-peage-et-caillasse-des-vehicules-dont-3-de-dakar-dem-dikk\/#primaryimage\",\"inLanguage\":\"fr-FR\",\"url\":\"https:\/\/www.nettali.com\/wp-content\/uploads\/2023\/01\/Bus-DDD.jpeg\",\"contentUrl\":\"https:\/\/www.nettali.com\/wp-content\/uploads\/2023\/01\/Bus-DDD.jpeg\",\"width\":600,\"height\":450},{\"@type\":\"WebPage\",\"@id\":\"https:\/\/www.nettali.com\/2023\/01\/23\/greve-des-transporteurs-24-individus-arretes-apres-avoir-bloque-lautoroute-a-peage-et-caillasse-des-vehicules-dont-3-de-dakar-dem-dikk\/#webpage\",\"url\":\"https:\/\/www.nettali.com\/2023\/01\/23\/greve-des-transporteurs-24-individus-arretes-apres-avoir-bloque-lautoroute-a-peage-et-caillasse-des-vehicules-dont-3-de-dakar-dem-dikk\/\",\"name\":\"GREVE DES TRANSPORTEURS -\\u00a0 24 individus arr\\u00eat\\u00e9s apr\\u00e8s avoir bloqu\\u00e9 l\\u2019autoroute \\u00e0 p\\u00e9age et caillass\\u00e9 des v\\u00e9hicules, dont 3 de Dakar Dem Dikk | Nettali.com\",\"isPartOf\":{\"@id\":\"https:\/\/www.nettali.com\/#website\"},\"primaryImageOfPage\":{\"@id\":\"https:\/\/www.nettali.com\/2023\/01\/23\/greve-des-transporteurs-24-individus-arretes-apres-avoir-bloque-lautoroute-a-peage-et-caillasse-des-vehicules-dont-3-de-dakar-dem-dikk\/#primaryimage\"},\"datePublished\":\"2023-01-23T15:21:18+00:00\",\"dateModified\":\"2023-01-23T15:21:18+00:00\",\"author\":{\"@id\":\"https:\/\/www.nettali.com\/#\/schema\/person\/3317e0bb3aa1da309fbf7b2780901bf4\"},\"breadcrumb\":{\"@id\":\"https:\/\/www.nettali.com\/2023\/01\/23\/greve-des-transporteurs-24-individus-arretes-apres-avoir-bloque-lautoroute-a-peage-et-caillasse-des-vehicules-dont-3-de-dakar-dem-dikk\/#breadcrumb\"},\"inLanguage\":\"fr-FR\",\"potentialAction\":[{\"@type\":\"ReadAction\",\"target\":[\"https:\/\/www.nettali.com\/2023\/01\/23\/greve-des-transporteurs-24-individus-arretes-apres-avoir-bloque-lautoroute-a-peage-et-caillasse-des-vehicules-dont-3-de-dakar-dem-dikk\/\"]}]},{\"@type\":\"BreadcrumbList\",\"@id\":\"https:\/\/www.nettali.com\/2023\/01\/23\/greve-des-transporteurs-24-individus-arretes-apres-avoir-bloque-lautoroute-a-peage-et-caillasse-des-vehicules-dont-3-de-dakar-dem-dikk\/#breadcrumb\",\"itemListElement\":[{\"@type\":\"ListItem\",\"position\":1,\"name\":\"Accueil\",\"item\":\"https:\/\/www.nettali.com\/\"},{\"@type\":\"ListItem\",\"position\":2,\"name\":\"GREVE DES TRANSPORTEURS -\\u00a0 24 individus arr\\u00eat\\u00e9s apr\\u00e8s avoir bloqu\\u00e9 l\\u2019autoroute \\u00e0 p\\u00e9age et caillass\\u00e9 des v\\u00e9hicules, dont 3 de Dakar Dem Dikk\"}]},{\"@type\":\"Person\",\"@id\":\"https:\/\/www.nettali.com\/#\/schema\/person\/3317e0bb3aa1da309fbf7b2780901bf4\",\"name\":\"Daouda\",\"image\":{\"@type\":\"ImageObject\",\"@id\":\"https:\/\/www.nettali.com\/#personlogo\",\"inLanguage\":\"fr-FR\",\"url\":\"https:\/\/secure.gravatar.com\/avatar\/8d143b5a49345098ddcfee1c49c2f47c?s=96&d=mm&r=g\",\"contentUrl\":\"https:\/\/secure.gravatar.com\/avatar\/8d143b5a49345098ddcfee1c49c2f47c?s=96&d=mm&r=g\",\"caption\":\"Daouda\"},\"sameAs\":[\"https:\/\/www.nettali.com\"]}]}<\/script>\n<!-- \/ Yoast SEO Premium plugin. -->","yoast_head_json":{"title":"GREVE DES TRANSPORTEURS -\u00a0 24 individus arr\u00eat\u00e9s apr\u00e8s avoir bloqu\u00e9 l\u2019autoroute \u00e0 p\u00e9age et caillass\u00e9 des v\u00e9hicules, dont 3 de Dakar Dem Dikk | Nettali.com","robots":{"index":"index","follow":"follow","max-snippet":"max-snippet:-1","max-image-preview":"max-image-preview:large","max-video-preview":"max-video-preview:-1"},"canonical":"https:\/\/www.nettali.com\/2023\/01\/23\/greve-des-transporteurs-24-individus-arretes-apres-avoir-bloque-lautoroute-a-peage-et-caillasse-des-vehicules-dont-3-de-dakar-dem-dikk\/","og_locale":"fr_FR","og_type":"article","og_title":"GREVE DES TRANSPORTEURS -\u00a0 24 individus arr\u00eat\u00e9s apr\u00e8s avoir bloqu\u00e9 l\u2019autoroute \u00e0 p\u00e9age et caillass\u00e9 des v\u00e9hicules, dont 3 de Dakar Dem Dikk","og_description":"NETTALI.COM - Vingt-quatre individus, dont l\u2019\u00e9crasante majorit\u00e9 est constitu\u00e9e de chauffeurs et d\u2019apprenti-chauffeurs gr\u00e9vistes, ont \u00e9t\u00e9 arr\u00eat\u00e9s apr\u00e8s avoir bloqu\u00e9 la circulation sur l\u2019Autoroute \u00e0 p\u00e9age et endommag\u00e9 des v\u00e9hicules \u00e0 coups de pierres. Plac\u00e9s en garde \u00e0 vue \u00e0 la police de Pikine, ils sont poursuivis pour acte de vandalisme, destruction de biens appartenant [&hellip;]","og_url":"https:\/\/www.nettali.com\/2023\/01\/23\/greve-des-transporteurs-24-individus-arretes-apres-avoir-bloque-lautoroute-a-peage-et-caillasse-des-vehicules-dont-3-de-dakar-dem-dikk\/","og_site_name":"Nettali.com","article_publisher":"https:\/\/www.facebook.com\/nettalicom","article_published_time":"2023-01-23T15:21:18+00:00","og_image":[{"width":600,"height":450,"url":"https:\/\/www.nettali.com\/wp-content\/uploads\/2023\/01\/Bus-DDD.jpeg","type":"image\/jpeg"}],"twitter_card":"summary_large_image","twitter_misc":{"\u00c9crit par":"Daouda","Dur\u00e9e de lecture estim\u00e9e":"3 minutes"},"schema":{"@context":"https:\/\/schema.org","@graph":[{"@type":"WebSite","@id":"https:\/\/www.nettali.com\/#website","url":"https:\/\/www.nettali.com\/","name":"Nettali.com","description":"Le rendez-vous critique du Net","potentialAction":[{"@type":"SearchAction","target":{"@type":"EntryPoint","urlTemplate":"https:\/\/www.nettali.com\/?s={search_term_string}"},"query-input":"required name=search_term_string"}],"inLanguage":"fr-FR"},{"@type":"ImageObject","@id":"https:\/\/www.nettali.com\/2023\/01\/23\/greve-des-transporteurs-24-individus-arretes-apres-avoir-bloque-lautoroute-a-peage-et-caillasse-des-vehicules-dont-3-de-dakar-dem-dikk\/#primaryimage","inLanguage":"fr-FR","url":"https:\/\/www.nettali.com\/wp-content\/uploads\/2023\/01\/Bus-DDD.jpeg","contentUrl":"https:\/\/www.nettali.com\/wp-content\/uploads\/2023\/01\/Bus-DDD.jpeg","width":600,"height":450},{"@type":"WebPage","@id":"https:\/\/www.nettali.com\/2023\/01\/23\/greve-des-transporteurs-24-individus-arretes-apres-avoir-bloque-lautoroute-a-peage-et-caillasse-des-vehicules-dont-3-de-dakar-dem-dikk\/#webpage","url":"https:\/\/www.nettali.com\/2023\/01\/23\/greve-des-transporteurs-24-individus-arretes-apres-avoir-bloque-lautoroute-a-peage-et-caillasse-des-vehicules-dont-3-de-dakar-dem-dikk\/","name":"GREVE DES TRANSPORTEURS -\u00a0 24 individus arr\u00eat\u00e9s apr\u00e8s avoir bloqu\u00e9 l\u2019autoroute \u00e0 p\u00e9age et caillass\u00e9 des v\u00e9hicules, dont 3 de Dakar Dem Dikk | Nettali.com","isPartOf":{"@id":"https:\/\/www.nettali.com\/#website"},"primaryImageOfPage":{"@id":"https:\/\/www.nettali.com\/2023\/01\/23\/greve-des-transporteurs-24-individus-arretes-apres-avoir-bloque-lautoroute-a-peage-et-caillasse-des-vehicules-dont-3-de-dakar-dem-dikk\/#primaryimage"},"datePublished":"2023-01-23T15:21:18+00:00","dateModified":"2023-01-23T15:21:18+00:00","author":{"@id":"https:\/\/www.nettali.com\/#\/schema\/person\/3317e0bb3aa1da309fbf7b2780901bf4"},"breadcrumb":{"@id":"https:\/\/www.nettali.com\/2023\/01\/23\/greve-des-transporteurs-24-individus-arretes-apres-avoir-bloque-lautoroute-a-peage-et-caillasse-des-vehicules-dont-3-de-dakar-dem-dikk\/#breadcrumb"},"inLanguage":"fr-FR","potentialAction":[{"@type":"ReadAction","target":["https:\/\/www.nettali.com\/2023\/01\/23\/greve-des-transporteurs-24-individus-arretes-apres-avoir-bloque-lautoroute-a-peage-et-caillasse-des-vehicules-dont-3-de-dakar-dem-dikk\/"]}]},{"@type":"BreadcrumbList","@id":"https:\/\/www.nettali.com\/2023\/01\/23\/greve-des-transporteurs-24-individus-arretes-apres-avoir-bloque-lautoroute-a-peage-et-caillasse-des-vehicules-dont-3-de-dakar-dem-dikk\/#breadcrumb","itemListElement":[{"@type":"ListItem","position":1,"name":"Accueil","item":"https:\/\/www.nettali.com\/"},{"@type":"ListItem","position":2,"name":"GREVE DES TRANSPORTEURS -\u00a0 24 individus arr\u00eat\u00e9s apr\u00e8s avoir bloqu\u00e9 l\u2019autoroute \u00e0 p\u00e9age et caillass\u00e9 des v\u00e9hicules, dont 3 de Dakar Dem Dikk"}]},{"@type":"Person","@id":"https:\/\/www.nettali.com\/#\/schema\/person\/3317e0bb3aa1da309fbf7b2780901bf4","name":"Daouda","image":{"@type":"ImageObject","@id":"https:\/\/www.nettali.com\/#personlogo","inLanguage":"fr-FR","url":"https:\/\/secure.gravatar.com\/avatar\/8d143b5a49345098ddcfee1c49c2f47c?s=96&d=mm&r=g","contentUrl":"https:\/\/secure.gravatar.com\/avatar\/8d143b5a49345098ddcfee1c49c2f47c?s=96&d=mm&r=g","caption":"Daouda"},"sameAs":["https:\/\/www.nettali.com"]}]}},"_links":{"self":[{"href":"https:\/\/www.nettali.com\/rest\/wp\/v2\/posts\/102471"}],"collection":[{"href":"https:\/\/www.nettali.com\/rest\/wp\/v2\/posts"}],"about":[{"href":"https:\/\/www.nettali.com\/rest\/wp\/v2\/types\/post"}],"author":[{"embeddable":true,"href":"https:\/\/www.nettali.com\/rest\/wp\/v2\/users\/4"}],"replies":[{"embeddable":true,"href":"https:\/\/www.nettali.com\/rest\/wp\/v2\/comments?post=102471"}],"version-history":[{"count":1,"href":"https:\/\/www.nettali.com\/rest\/wp\/v2\/posts\/102471\/revisions"}],"predecessor-version":[{"id":102473,"href":"https:\/\/www.nettali.com\/rest\/wp\/v2\/posts\/102471\/revisions\/102473"}],"wp:featuredmedia":[{"embeddable":true,"href":"https:\/\/www.nettali.com\/rest\/wp\/v2\/media\/102472"}],"wp:attachment":[{"href":"https:\/\/www.nettali.com\/rest\/wp\/v2\/media?parent=102471"}],"wp:term":[{"taxonomy":"category","embeddable":true,"href":"https:\/\/www.nettali.com\/rest\/wp\/v2\/categories?post=102471"},{"taxonomy":"post_tag","embeddable":true,"href":"https:\/\/www.nettali.com\/rest\/wp\/v2\/tags?post=102471"}],"curies":[{"name":"wp","href":"https:\/\/api.w.org\/{rel}","templated":true}]}}