{"id":102443,"date":"2023-01-23T09:09:51","date_gmt":"2023-01-23T09:09:51","guid":{"rendered":"https:\/\/www.nettali.com\/?p=102443"},"modified":"2023-01-23T09:09:51","modified_gmt":"2023-01-23T09:09:51","slug":"barca-sergio-busquets-entre-dans-la-legende","status":"publish","type":"post","link":"https:\/\/www.nettali.com\/2023\/01\/23\/barca-sergio-busquets-entre-dans-la-legende\/","title":{"rendered":"BAR\u00c7A - Sergio Busquets entre dans la L\u00e9gende"},"content":{"rendered":"<p><strong>NETTALI.COM - Le milieu de terrain et capitaine du Bar\u00e7a Sergio Busquets a franchi ce dimanche la barre des 700 matchs sous le maillot du Bar\u00e7a.<\/strong><\/p>\n<p>Sergio Busquets rejoint un cercle tr\u00e8s restreint. En rempla\u00e7ant jeudi\u00a0Frenkie de Jong\u00a0\u00e0 la 63\u00e8me minute contre le Betis, le joueur catalan a atteint la barre symbolique des 700 matchs en demi-finale de la Supercoupe d'Espagne. Titularis\u00e9 ce dimanche lors de la r\u00e9ception de Getafe, Busquets qui a d\u00e9pass\u00e9 ce cap dont seuls deux joueurs l'avaient r\u00e9ussi, a \u00e9t\u00e9 honor\u00e9 au Camp Nou. Un maillot floqu\u00e9 700 lui a \u00e9t\u00e9 remis par le pr\u00e9sident du FC Barcelone, Joan Laporta.<\/p>\n<p>En effet, Sergio Busquets (701) d\u00e9vient le 3\u00e8me joueur ayant disput\u00e9 le plus de matches avec le Bar\u00e7a, derri\u00e8re\u00a0Messi\u00a0(778) et\u00a0Xavi\u00a0(767).<\/p>\n<p><strong>18 ans au Club<\/strong><\/p>\n<p>Arriv\u00e9 en cat\u00e9gories inf\u00e9rieures du Bar\u00e7a en 2005, il a d\u00e9but\u00e9 en \u00e9quipe premi\u00e8re le 13 septembre 2008 lors d'un match de Liga contre le Racing Santander. Il est devenu cette m\u00eame ann\u00e9e un \u00e9l\u00e9ment essentiel de l'\u00e9quipe de Pep Guardiola.<\/p>\n<p>Il est actuellement capitaine de l'\u00e9quipe premi\u00e8re depuis deux saisons. En 701 matches, il a remport\u00e9 487 victoires (125 matches nuls et 88 d\u00e9faites).<\/p>\n<p>'Busi' a inscrit 18 buts et d\u00e9livr\u00e9 40 passes d\u00e9cisives.<\/p>\n<p><strong>701 matches en 7 comp\u00e9titions<\/strong><\/p>\n<p>Sergio Busquets a jou\u00e9 en Liga (466 matches), en Ligue des Champions (129), en Coupe du Roi (73), en Supercoupe d'Espagne (20), en Europa League (6), en Mondial des Clubs (5) et en Supercoupe d'Europe (3).<\/p>\n<p><strong>30 troph\u00e9es en 15 ans<\/strong><\/p>\n<p>Depuis ses d\u00e9buts chez les pro, Sergio Busquets a remport\u00e9 avec le Bar\u00e7a 8 Ligas, 7 Coupes du Roi, 6 Supercoupes d'Espagne, 3 Ligues des Champions, 3 Supercoupes d'Europe et 3 Mondiaux des Clubs.<\/p>\n<p>Rappelons qu'en \u00e9quipe nationale, Sergio Busquets a gagn\u00e9 la coupe du monde (2010) et l'Euro (2008). Autant dire que Busquets a tout gagn\u00e9.<\/p>\n<div class='share-to-whatsapp-wrapper'><div class='share-on-whsp'>PARTAGER SUR : <\/div><a data-text='BAR\u00c7A - Sergio Busquets entre dans la L\u00e9gende' data-link='https:\/\/www.nettali.com\/2023\/01\/23\/barca-sergio-busquets-entre-dans-la-legende\/' class='whatsapp-button whatsapp-share'>WhatsApp<\/a><div class='clear '><\/div><\/div>","protected":false},"excerpt":{"rendered":"<p>NETTALI.COM - Le milieu de terrain et capitaine du Bar\u00e7a Sergio Busquets a franchi ce dimanche la barre des 700 matchs sous le maillot du Bar\u00e7a. Sergio Busquets rejoint un cercle tr\u00e8s restreint. En rempla\u00e7ant jeudi\u00a0Frenkie de Jong\u00a0\u00e0 la 63\u00e8me minute contre le Betis, le joueur catalan a atteint la barre symbolique des 700 matchs [&hellip;]<\/p>\n","protected":false},"author":5,"featured_media":102444,"comment_status":"open","ping_status":"open","sticky":false,"template":"","format":"standard","meta":{"_et_pb_use_builder":"","_et_pb_old_content":""},"categories":[6],"tags":[],"yoast_head":"<!-- This site is optimized with the Yoast SEO Premium plugin v17.8 (Yoast SEO v17.8) - https:\/\/yoast.com\/wordpress\/plugins\/seo\/ -->\n<title>BAR\u00c7A - Sergio Busquets entre dans la L\u00e9gende | Nettali.com<\/title>\n<meta name=\"robots\" content=\"index, follow, max-snippet:-1, max-image-preview:large, max-video-preview:-1\" \/>\n<link rel=\"canonical\" href=\"https:\/\/www.nettali.com\/2023\/01\/23\/barca-sergio-busquets-entre-dans-la-legende\/\" \/>\n<meta property=\"og:locale\" content=\"fr_FR\" \/>\n<meta property=\"og:type\" content=\"article\" \/>\n<meta property=\"og:title\" content=\"BAR\u00c7A - Sergio Busquets entre dans la L\u00e9gende\" \/>\n<meta property=\"og:description\" content=\"NETTALI.COM - Le milieu de terrain et capitaine du Bar\u00e7a Sergio Busquets a franchi ce dimanche la barre des 700 matchs sous le maillot du Bar\u00e7a. Sergio Busquets rejoint un cercle tr\u00e8s restreint. En rempla\u00e7ant jeudi\u00a0Frenkie de Jong\u00a0\u00e0 la 63\u00e8me minute contre le Betis, le joueur catalan a atteint la barre symbolique des 700 matchs [&hellip;]\" \/>\n<meta property=\"og:url\" content=\"https:\/\/www.nettali.com\/2023\/01\/23\/barca-sergio-busquets-entre-dans-la-legende\/\" \/>\n<meta property=\"og:site_name\" content=\"Nettali.com\" \/>\n<meta property=\"article:publisher\" content=\"https:\/\/www.facebook.com\/nettalicom\" \/>\n<meta property=\"article:published_time\" content=\"2023-01-23T09:09:51+00:00\" \/>\n<meta property=\"og:image\" content=\"https:\/\/www.nettali.com\/wp-content\/uploads\/2023\/01\/busquets-homenajeado-por-sus-700-partidos.jpeg\" \/>\n\t<meta property=\"og:image:width\" content=\"1200\" \/>\n\t<meta property=\"og:image:height\" content=\"700\" \/>\n<meta name=\"twitter:card\" content=\"summary_large_image\" \/>\n<meta name=\"twitter:label1\" content=\"\u00c9crit par\" \/>\n\t<meta name=\"twitter:data1\" content=\"Ibrahima\" \/>\n\t<meta name=\"twitter:label2\" content=\"Dur\u00e9e de lecture estim\u00e9e\" \/>\n\t<meta name=\"twitter:data2\" content=\"2 minutes\" \/>\n<script type=\"application\/ld+json\" class=\"yoast-schema-graph\">{\"@context\":\"https:\/\/schema.org\",\"@graph\":[{\"@type\":\"WebSite\",\"@id\":\"https:\/\/www.nettali.com\/#website\",\"url\":\"https:\/\/www.nettali.com\/\",\"name\":\"Nettali.com\",\"description\":\"Le rendez-vous critique du Net\",\"potentialAction\":[{\"@type\":\"SearchAction\",\"target\":{\"@type\":\"EntryPoint\",\"urlTemplate\":\"https:\/\/www.nettali.com\/?s={search_term_string}\"},\"query-input\":\"required name=search_term_string\"}],\"inLanguage\":\"fr-FR\"},{\"@type\":\"ImageObject\",\"@id\":\"https:\/\/www.nettali.com\/2023\/01\/23\/barca-sergio-busquets-entre-dans-la-legende\/#primaryimage\",\"inLanguage\":\"fr-FR\",\"url\":\"https:\/\/www.nettali.com\/wp-content\/uploads\/2023\/01\/busquets-homenajeado-por-sus-700-partidos.jpeg\",\"contentUrl\":\"https:\/\/www.nettali.com\/wp-content\/uploads\/2023\/01\/busquets-homenajeado-por-sus-700-partidos.jpeg\",\"width\":1200,\"height\":700},{\"@type\":\"WebPage\",\"@id\":\"https:\/\/www.nettali.com\/2023\/01\/23\/barca-sergio-busquets-entre-dans-la-legende\/#webpage\",\"url\":\"https:\/\/www.nettali.com\/2023\/01\/23\/barca-sergio-busquets-entre-dans-la-legende\/\",\"name\":\"BAR\\u00c7A - Sergio Busquets entre dans la L\\u00e9gende | Nettali.com\",\"isPartOf\":{\"@id\":\"https:\/\/www.nettali.com\/#website\"},\"primaryImageOfPage\":{\"@id\":\"https:\/\/www.nettali.com\/2023\/01\/23\/barca-sergio-busquets-entre-dans-la-legende\/#primaryimage\"},\"datePublished\":\"2023-01-23T09:09:51+00:00\",\"dateModified\":\"2023-01-23T09:09:51+00:00\",\"author\":{\"@id\":\"https:\/\/www.nettali.com\/#\/schema\/person\/bb147657c2986240405a608162b9bb23\"},\"breadcrumb\":{\"@id\":\"https:\/\/www.nettali.com\/2023\/01\/23\/barca-sergio-busquets-entre-dans-la-legende\/#breadcrumb\"},\"inLanguage\":\"fr-FR\",\"potentialAction\":[{\"@type\":\"ReadAction\",\"target\":[\"https:\/\/www.nettali.com\/2023\/01\/23\/barca-sergio-busquets-entre-dans-la-legende\/\"]}]},{\"@type\":\"BreadcrumbList\",\"@id\":\"https:\/\/www.nettali.com\/2023\/01\/23\/barca-sergio-busquets-entre-dans-la-legende\/#breadcrumb\",\"itemListElement\":[{\"@type\":\"ListItem\",\"position\":1,\"name\":\"Accueil\",\"item\":\"https:\/\/www.nettali.com\/\"},{\"@type\":\"ListItem\",\"position\":2,\"name\":\"BAR\\u00c7A - Sergio Busquets entre dans la L\\u00e9gende\"}]},{\"@type\":\"Person\",\"@id\":\"https:\/\/www.nettali.com\/#\/schema\/person\/bb147657c2986240405a608162b9bb23\",\"name\":\"Ibrahima\",\"image\":{\"@type\":\"ImageObject\",\"@id\":\"https:\/\/www.nettali.com\/#personlogo\",\"inLanguage\":\"fr-FR\",\"url\":\"https:\/\/secure.gravatar.com\/avatar\/26a8a81f09f0dd7624c9d5c36c9ba3a2?s=96&d=mm&r=g\",\"contentUrl\":\"https:\/\/secure.gravatar.com\/avatar\/26a8a81f09f0dd7624c9d5c36c9ba3a2?s=96&d=mm&r=g\",\"caption\":\"Ibrahima\"},\"sameAs\":[\"https:\/\/www.nettali.com\"]}]}<\/script>\n<!-- \/ Yoast SEO Premium plugin. -->","yoast_head_json":{"title":"BAR\u00c7A - Sergio Busquets entre dans la L\u00e9gende | Nettali.com","robots":{"index":"index","follow":"follow","max-snippet":"max-snippet:-1","max-image-preview":"max-image-preview:large","max-video-preview":"max-video-preview:-1"},"canonical":"https:\/\/www.nettali.com\/2023\/01\/23\/barca-sergio-busquets-entre-dans-la-legende\/","og_locale":"fr_FR","og_type":"article","og_title":"BAR\u00c7A - Sergio Busquets entre dans la L\u00e9gende","og_description":"NETTALI.COM - Le milieu de terrain et capitaine du Bar\u00e7a Sergio Busquets a franchi ce dimanche la barre des 700 matchs sous le maillot du Bar\u00e7a. Sergio Busquets rejoint un cercle tr\u00e8s restreint. En rempla\u00e7ant jeudi\u00a0Frenkie de Jong\u00a0\u00e0 la 63\u00e8me minute contre le Betis, le joueur catalan a atteint la barre symbolique des 700 matchs [&hellip;]","og_url":"https:\/\/www.nettali.com\/2023\/01\/23\/barca-sergio-busquets-entre-dans-la-legende\/","og_site_name":"Nettali.com","article_publisher":"https:\/\/www.facebook.com\/nettalicom","article_published_time":"2023-01-23T09:09:51+00:00","og_image":[{"width":1200,"height":700,"url":"https:\/\/www.nettali.com\/wp-content\/uploads\/2023\/01\/busquets-homenajeado-por-sus-700-partidos.jpeg","type":"image\/jpeg"}],"twitter_card":"summary_large_image","twitter_misc":{"\u00c9crit par":"Ibrahima","Dur\u00e9e de lecture estim\u00e9e":"2 minutes"},"schema":{"@context":"https:\/\/schema.org","@graph":[{"@type":"WebSite","@id":"https:\/\/www.nettali.com\/#website","url":"https:\/\/www.nettali.com\/","name":"Nettali.com","description":"Le rendez-vous critique du Net","potentialAction":[{"@type":"SearchAction","target":{"@type":"EntryPoint","urlTemplate":"https:\/\/www.nettali.com\/?s={search_term_string}"},"query-input":"required name=search_term_string"}],"inLanguage":"fr-FR"},{"@type":"ImageObject","@id":"https:\/\/www.nettali.com\/2023\/01\/23\/barca-sergio-busquets-entre-dans-la-legende\/#primaryimage","inLanguage":"fr-FR","url":"https:\/\/www.nettali.com\/wp-content\/uploads\/2023\/01\/busquets-homenajeado-por-sus-700-partidos.jpeg","contentUrl":"https:\/\/www.nettali.com\/wp-content\/uploads\/2023\/01\/busquets-homenajeado-por-sus-700-partidos.jpeg","width":1200,"height":700},{"@type":"WebPage","@id":"https:\/\/www.nettali.com\/2023\/01\/23\/barca-sergio-busquets-entre-dans-la-legende\/#webpage","url":"https:\/\/www.nettali.com\/2023\/01\/23\/barca-sergio-busquets-entre-dans-la-legende\/","name":"BAR\u00c7A - Sergio Busquets entre dans la L\u00e9gende | Nettali.com","isPartOf":{"@id":"https:\/\/www.nettali.com\/#website"},"primaryImageOfPage":{"@id":"https:\/\/www.nettali.com\/2023\/01\/23\/barca-sergio-busquets-entre-dans-la-legende\/#primaryimage"},"datePublished":"2023-01-23T09:09:51+00:00","dateModified":"2023-01-23T09:09:51+00:00","author":{"@id":"https:\/\/www.nettali.com\/#\/schema\/person\/bb147657c2986240405a608162b9bb23"},"breadcrumb":{"@id":"https:\/\/www.nettali.com\/2023\/01\/23\/barca-sergio-busquets-entre-dans-la-legende\/#breadcrumb"},"inLanguage":"fr-FR","potentialAction":[{"@type":"ReadAction","target":["https:\/\/www.nettali.com\/2023\/01\/23\/barca-sergio-busquets-entre-dans-la-legende\/"]}]},{"@type":"BreadcrumbList","@id":"https:\/\/www.nettali.com\/2023\/01\/23\/barca-sergio-busquets-entre-dans-la-legende\/#breadcrumb","itemListElement":[{"@type":"ListItem","position":1,"name":"Accueil","item":"https:\/\/www.nettali.com\/"},{"@type":"ListItem","position":2,"name":"BAR\u00c7A - Sergio Busquets entre dans la L\u00e9gende"}]},{"@type":"Person","@id":"https:\/\/www.nettali.com\/#\/schema\/person\/bb147657c2986240405a608162b9bb23","name":"Ibrahima","image":{"@type":"ImageObject","@id":"https:\/\/www.nettali.com\/#personlogo","inLanguage":"fr-FR","url":"https:\/\/secure.gravatar.com\/avatar\/26a8a81f09f0dd7624c9d5c36c9ba3a2?s=96&d=mm&r=g","contentUrl":"https:\/\/secure.gravatar.com\/avatar\/26a8a81f09f0dd7624c9d5c36c9ba3a2?s=96&d=mm&r=g","caption":"Ibrahima"},"sameAs":["https:\/\/www.nettali.com"]}]}},"_links":{"self":[{"href":"https:\/\/www.nettali.com\/rest\/wp\/v2\/posts\/102443"}],"collection":[{"href":"https:\/\/www.nettali.com\/rest\/wp\/v2\/posts"}],"about":[{"href":"https:\/\/www.nettali.com\/rest\/wp\/v2\/types\/post"}],"author":[{"embeddable":true,"href":"https:\/\/www.nettali.com\/rest\/wp\/v2\/users\/5"}],"replies":[{"embeddable":true,"href":"https:\/\/www.nettali.com\/rest\/wp\/v2\/comments?post=102443"}],"version-history":[{"count":1,"href":"https:\/\/www.nettali.com\/rest\/wp\/v2\/posts\/102443\/revisions"}],"predecessor-version":[{"id":102445,"href":"https:\/\/www.nettali.com\/rest\/wp\/v2\/posts\/102443\/revisions\/102445"}],"wp:featuredmedia":[{"embeddable":true,"href":"https:\/\/www.nettali.com\/rest\/wp\/v2\/media\/102444"}],"wp:attachment":[{"href":"https:\/\/www.nettali.com\/rest\/wp\/v2\/media?parent=102443"}],"wp:term":[{"taxonomy":"category","embeddable":true,"href":"https:\/\/www.nettali.com\/rest\/wp\/v2\/categories?post=102443"},{"taxonomy":"post_tag","embeddable":true,"href":"https:\/\/www.nettali.com\/rest\/wp\/v2\/tags?post=102443"}],"curies":[{"name":"wp","href":"https:\/\/api.w.org\/{rel}","templated":true}]}}