{"id":102323,"date":"2023-01-21T19:44:06","date_gmt":"2023-01-21T19:44:06","guid":{"rendered":"https:\/\/www.nettali.com\/?p=102323"},"modified":"2023-01-21T19:44:06","modified_gmt":"2023-01-21T19:44:06","slug":"cng-de-lutte-yankhoba-diattara-prolonge-le-mandat-de-bira-sene","status":"publish","type":"post","link":"https:\/\/www.nettali.com\/2023\/01\/21\/cng-de-lutte-yankhoba-diattara-prolonge-le-mandat-de-bira-sene\/","title":{"rendered":"CNG DE LUTTE - Yankhoba Diattara prolonge le mandat de Bira S\u00e8ne"},"content":{"rendered":"<p><strong>NETTALI.COM - Le mandat du Comit\u00e9 national de gestion (CNG) de lutte est prolong\u00e9 jusqu\u2019au 15 septembre 2023, soit 8 mois de plus, par arr\u00eat\u00e9 sign\u00e9 par le ministre des Sports, Yankhoba Diattara.<\/strong><\/p>\n<p>Le dernier bureau du Comit\u00e9 national de gestion de la lutte mis en place en novembre 2020, succ\u00e9dant au docteur Alioune Sarr et son \u00e9quipe, a encore huit mois devant lui avant de passer en f\u00e9d\u00e9ration.<\/p>\n<p>En effet, l'article 2 de l\u2019arr\u00eat\u00e9 minist\u00e9riel stipule que \"<em>le CNG a pour mission principale de mettre en place la F\u00e9d\u00e9ration s\u00e9n\u00e9galaise de lutte d\u00e8s la fin de son mandat<\/em>\".<\/p>\n<p>Bira S\u00e8ne et son \u00e9quipe devront \u00e9galement, entre autres, \"<em>organiser, d\u00e9velopper et promouvoir la pratique de la lutte sous toutes ses formes, en particulier la lutte olympique sur l\u2019\u00e9tendue du territoire national, programmer et r\u00e9aliser des activit\u00e9s de formation et de coop\u00e9ration pour le d\u00e9veloppement de la lutte aux plan national et international, g\u00e9n\u00e9raliser dans le moyen terme la mise en place de comit\u00e9s r\u00e9gionaux\u2026<\/em>\"<\/p>\n<div class='share-to-whatsapp-wrapper'><div class='share-on-whsp'>PARTAGER SUR : <\/div><a data-text='CNG DE LUTTE - Yankhoba Diattara prolonge le mandat de Bira S\u00e8ne' data-link='https:\/\/www.nettali.com\/2023\/01\/21\/cng-de-lutte-yankhoba-diattara-prolonge-le-mandat-de-bira-sene\/' class='whatsapp-button whatsapp-share'>WhatsApp<\/a><div class='clear '><\/div><\/div>","protected":false},"excerpt":{"rendered":"<p>NETTALI.COM - Le mandat du Comit\u00e9 national de gestion (CNG) de lutte est prolong\u00e9 jusqu\u2019au 15 septembre 2023, soit 8 mois de plus, par arr\u00eat\u00e9 sign\u00e9 par le ministre des Sports, Yankhoba Diattara. Le dernier bureau du Comit\u00e9 national de gestion de la lutte mis en place en novembre 2020, succ\u00e9dant au docteur Alioune Sarr [&hellip;]<\/p>\n","protected":false},"author":5,"featured_media":102325,"comment_status":"open","ping_status":"open","sticky":false,"template":"","format":"standard","meta":{"_et_pb_use_builder":"","_et_pb_old_content":""},"categories":[6],"tags":[],"yoast_head":"<!-- This site is optimized with the Yoast SEO Premium plugin v17.8 (Yoast SEO v17.8) - https:\/\/yoast.com\/wordpress\/plugins\/seo\/ -->\n<title>CNG DE LUTTE - Yankhoba Diattara prolonge le mandat de Bira S\u00e8ne | Nettali.com<\/title>\n<meta name=\"robots\" content=\"index, follow, max-snippet:-1, max-image-preview:large, max-video-preview:-1\" \/>\n<link rel=\"canonical\" href=\"https:\/\/www.nettali.com\/2023\/01\/21\/cng-de-lutte-yankhoba-diattara-prolonge-le-mandat-de-bira-sene\/\" \/>\n<meta property=\"og:locale\" content=\"fr_FR\" \/>\n<meta property=\"og:type\" content=\"article\" \/>\n<meta property=\"og:title\" content=\"CNG DE LUTTE - Yankhoba Diattara prolonge le mandat de Bira S\u00e8ne\" \/>\n<meta property=\"og:description\" content=\"NETTALI.COM - Le mandat du Comit\u00e9 national de gestion (CNG) de lutte est prolong\u00e9 jusqu\u2019au 15 septembre 2023, soit 8 mois de plus, par arr\u00eat\u00e9 sign\u00e9 par le ministre des Sports, Yankhoba Diattara. Le dernier bureau du Comit\u00e9 national de gestion de la lutte mis en place en novembre 2020, succ\u00e9dant au docteur Alioune Sarr [&hellip;]\" \/>\n<meta property=\"og:url\" content=\"https:\/\/www.nettali.com\/2023\/01\/21\/cng-de-lutte-yankhoba-diattara-prolonge-le-mandat-de-bira-sene\/\" \/>\n<meta property=\"og:site_name\" content=\"Nettali.com\" \/>\n<meta property=\"article:publisher\" content=\"https:\/\/www.facebook.com\/nettalicom\" \/>\n<meta property=\"article:published_time\" content=\"2023-01-21T19:44:06+00:00\" \/>\n<meta property=\"og:image\" content=\"https:\/\/www.nettali.com\/wp-content\/uploads\/2023\/01\/Bira-1140x665-1.jpg\" \/>\n\t<meta property=\"og:image:width\" content=\"1140\" \/>\n\t<meta property=\"og:image:height\" content=\"665\" \/>\n<meta name=\"twitter:card\" content=\"summary_large_image\" \/>\n<meta name=\"twitter:label1\" content=\"\u00c9crit par\" \/>\n\t<meta name=\"twitter:data1\" content=\"Ibrahima\" \/>\n\t<meta name=\"twitter:label2\" content=\"Dur\u00e9e de lecture estim\u00e9e\" \/>\n\t<meta name=\"twitter:data2\" content=\"1 minute\" \/>\n<script type=\"application\/ld+json\" class=\"yoast-schema-graph\">{\"@context\":\"https:\/\/schema.org\",\"@graph\":[{\"@type\":\"WebSite\",\"@id\":\"https:\/\/www.nettali.com\/#website\",\"url\":\"https:\/\/www.nettali.com\/\",\"name\":\"Nettali.com\",\"description\":\"Le rendez-vous critique du Net\",\"potentialAction\":[{\"@type\":\"SearchAction\",\"target\":{\"@type\":\"EntryPoint\",\"urlTemplate\":\"https:\/\/www.nettali.com\/?s={search_term_string}\"},\"query-input\":\"required name=search_term_string\"}],\"inLanguage\":\"fr-FR\"},{\"@type\":\"ImageObject\",\"@id\":\"https:\/\/www.nettali.com\/2023\/01\/21\/cng-de-lutte-yankhoba-diattara-prolonge-le-mandat-de-bira-sene\/#primaryimage\",\"inLanguage\":\"fr-FR\",\"url\":\"https:\/\/www.nettali.com\/wp-content\/uploads\/2023\/01\/Bira-1140x665-1.jpg\",\"contentUrl\":\"https:\/\/www.nettali.com\/wp-content\/uploads\/2023\/01\/Bira-1140x665-1.jpg\",\"width\":1140,\"height\":665},{\"@type\":\"WebPage\",\"@id\":\"https:\/\/www.nettali.com\/2023\/01\/21\/cng-de-lutte-yankhoba-diattara-prolonge-le-mandat-de-bira-sene\/#webpage\",\"url\":\"https:\/\/www.nettali.com\/2023\/01\/21\/cng-de-lutte-yankhoba-diattara-prolonge-le-mandat-de-bira-sene\/\",\"name\":\"CNG DE LUTTE - Yankhoba Diattara prolonge le mandat de Bira S\\u00e8ne | Nettali.com\",\"isPartOf\":{\"@id\":\"https:\/\/www.nettali.com\/#website\"},\"primaryImageOfPage\":{\"@id\":\"https:\/\/www.nettali.com\/2023\/01\/21\/cng-de-lutte-yankhoba-diattara-prolonge-le-mandat-de-bira-sene\/#primaryimage\"},\"datePublished\":\"2023-01-21T19:44:06+00:00\",\"dateModified\":\"2023-01-21T19:44:06+00:00\",\"author\":{\"@id\":\"https:\/\/www.nettali.com\/#\/schema\/person\/bb147657c2986240405a608162b9bb23\"},\"breadcrumb\":{\"@id\":\"https:\/\/www.nettali.com\/2023\/01\/21\/cng-de-lutte-yankhoba-diattara-prolonge-le-mandat-de-bira-sene\/#breadcrumb\"},\"inLanguage\":\"fr-FR\",\"potentialAction\":[{\"@type\":\"ReadAction\",\"target\":[\"https:\/\/www.nettali.com\/2023\/01\/21\/cng-de-lutte-yankhoba-diattara-prolonge-le-mandat-de-bira-sene\/\"]}]},{\"@type\":\"BreadcrumbList\",\"@id\":\"https:\/\/www.nettali.com\/2023\/01\/21\/cng-de-lutte-yankhoba-diattara-prolonge-le-mandat-de-bira-sene\/#breadcrumb\",\"itemListElement\":[{\"@type\":\"ListItem\",\"position\":1,\"name\":\"Accueil\",\"item\":\"https:\/\/www.nettali.com\/\"},{\"@type\":\"ListItem\",\"position\":2,\"name\":\"CNG DE LUTTE - Yankhoba Diattara prolonge le mandat de Bira S\\u00e8ne\"}]},{\"@type\":\"Person\",\"@id\":\"https:\/\/www.nettali.com\/#\/schema\/person\/bb147657c2986240405a608162b9bb23\",\"name\":\"Ibrahima\",\"image\":{\"@type\":\"ImageObject\",\"@id\":\"https:\/\/www.nettali.com\/#personlogo\",\"inLanguage\":\"fr-FR\",\"url\":\"https:\/\/secure.gravatar.com\/avatar\/26a8a81f09f0dd7624c9d5c36c9ba3a2?s=96&d=mm&r=g\",\"contentUrl\":\"https:\/\/secure.gravatar.com\/avatar\/26a8a81f09f0dd7624c9d5c36c9ba3a2?s=96&d=mm&r=g\",\"caption\":\"Ibrahima\"},\"sameAs\":[\"https:\/\/www.nettali.com\"]}]}<\/script>\n<!-- \/ Yoast SEO Premium plugin. -->","yoast_head_json":{"title":"CNG DE LUTTE - Yankhoba Diattara prolonge le mandat de Bira S\u00e8ne | Nettali.com","robots":{"index":"index","follow":"follow","max-snippet":"max-snippet:-1","max-image-preview":"max-image-preview:large","max-video-preview":"max-video-preview:-1"},"canonical":"https:\/\/www.nettali.com\/2023\/01\/21\/cng-de-lutte-yankhoba-diattara-prolonge-le-mandat-de-bira-sene\/","og_locale":"fr_FR","og_type":"article","og_title":"CNG DE LUTTE - Yankhoba Diattara prolonge le mandat de Bira S\u00e8ne","og_description":"NETTALI.COM - Le mandat du Comit\u00e9 national de gestion (CNG) de lutte est prolong\u00e9 jusqu\u2019au 15 septembre 2023, soit 8 mois de plus, par arr\u00eat\u00e9 sign\u00e9 par le ministre des Sports, Yankhoba Diattara. Le dernier bureau du Comit\u00e9 national de gestion de la lutte mis en place en novembre 2020, succ\u00e9dant au docteur Alioune Sarr [&hellip;]","og_url":"https:\/\/www.nettali.com\/2023\/01\/21\/cng-de-lutte-yankhoba-diattara-prolonge-le-mandat-de-bira-sene\/","og_site_name":"Nettali.com","article_publisher":"https:\/\/www.facebook.com\/nettalicom","article_published_time":"2023-01-21T19:44:06+00:00","og_image":[{"width":1140,"height":665,"url":"https:\/\/www.nettali.com\/wp-content\/uploads\/2023\/01\/Bira-1140x665-1.jpg","type":"image\/jpeg"}],"twitter_card":"summary_large_image","twitter_misc":{"\u00c9crit par":"Ibrahima","Dur\u00e9e de lecture estim\u00e9e":"1 minute"},"schema":{"@context":"https:\/\/schema.org","@graph":[{"@type":"WebSite","@id":"https:\/\/www.nettali.com\/#website","url":"https:\/\/www.nettali.com\/","name":"Nettali.com","description":"Le rendez-vous critique du Net","potentialAction":[{"@type":"SearchAction","target":{"@type":"EntryPoint","urlTemplate":"https:\/\/www.nettali.com\/?s={search_term_string}"},"query-input":"required name=search_term_string"}],"inLanguage":"fr-FR"},{"@type":"ImageObject","@id":"https:\/\/www.nettali.com\/2023\/01\/21\/cng-de-lutte-yankhoba-diattara-prolonge-le-mandat-de-bira-sene\/#primaryimage","inLanguage":"fr-FR","url":"https:\/\/www.nettali.com\/wp-content\/uploads\/2023\/01\/Bira-1140x665-1.jpg","contentUrl":"https:\/\/www.nettali.com\/wp-content\/uploads\/2023\/01\/Bira-1140x665-1.jpg","width":1140,"height":665},{"@type":"WebPage","@id":"https:\/\/www.nettali.com\/2023\/01\/21\/cng-de-lutte-yankhoba-diattara-prolonge-le-mandat-de-bira-sene\/#webpage","url":"https:\/\/www.nettali.com\/2023\/01\/21\/cng-de-lutte-yankhoba-diattara-prolonge-le-mandat-de-bira-sene\/","name":"CNG DE LUTTE - Yankhoba Diattara prolonge le mandat de Bira S\u00e8ne | Nettali.com","isPartOf":{"@id":"https:\/\/www.nettali.com\/#website"},"primaryImageOfPage":{"@id":"https:\/\/www.nettali.com\/2023\/01\/21\/cng-de-lutte-yankhoba-diattara-prolonge-le-mandat-de-bira-sene\/#primaryimage"},"datePublished":"2023-01-21T19:44:06+00:00","dateModified":"2023-01-21T19:44:06+00:00","author":{"@id":"https:\/\/www.nettali.com\/#\/schema\/person\/bb147657c2986240405a608162b9bb23"},"breadcrumb":{"@id":"https:\/\/www.nettali.com\/2023\/01\/21\/cng-de-lutte-yankhoba-diattara-prolonge-le-mandat-de-bira-sene\/#breadcrumb"},"inLanguage":"fr-FR","potentialAction":[{"@type":"ReadAction","target":["https:\/\/www.nettali.com\/2023\/01\/21\/cng-de-lutte-yankhoba-diattara-prolonge-le-mandat-de-bira-sene\/"]}]},{"@type":"BreadcrumbList","@id":"https:\/\/www.nettali.com\/2023\/01\/21\/cng-de-lutte-yankhoba-diattara-prolonge-le-mandat-de-bira-sene\/#breadcrumb","itemListElement":[{"@type":"ListItem","position":1,"name":"Accueil","item":"https:\/\/www.nettali.com\/"},{"@type":"ListItem","position":2,"name":"CNG DE LUTTE - Yankhoba Diattara prolonge le mandat de Bira S\u00e8ne"}]},{"@type":"Person","@id":"https:\/\/www.nettali.com\/#\/schema\/person\/bb147657c2986240405a608162b9bb23","name":"Ibrahima","image":{"@type":"ImageObject","@id":"https:\/\/www.nettali.com\/#personlogo","inLanguage":"fr-FR","url":"https:\/\/secure.gravatar.com\/avatar\/26a8a81f09f0dd7624c9d5c36c9ba3a2?s=96&d=mm&r=g","contentUrl":"https:\/\/secure.gravatar.com\/avatar\/26a8a81f09f0dd7624c9d5c36c9ba3a2?s=96&d=mm&r=g","caption":"Ibrahima"},"sameAs":["https:\/\/www.nettali.com"]}]}},"_links":{"self":[{"href":"https:\/\/www.nettali.com\/rest\/wp\/v2\/posts\/102323"}],"collection":[{"href":"https:\/\/www.nettali.com\/rest\/wp\/v2\/posts"}],"about":[{"href":"https:\/\/www.nettali.com\/rest\/wp\/v2\/types\/post"}],"author":[{"embeddable":true,"href":"https:\/\/www.nettali.com\/rest\/wp\/v2\/users\/5"}],"replies":[{"embeddable":true,"href":"https:\/\/www.nettali.com\/rest\/wp\/v2\/comments?post=102323"}],"version-history":[{"count":1,"href":"https:\/\/www.nettali.com\/rest\/wp\/v2\/posts\/102323\/revisions"}],"predecessor-version":[{"id":102326,"href":"https:\/\/www.nettali.com\/rest\/wp\/v2\/posts\/102323\/revisions\/102326"}],"wp:featuredmedia":[{"embeddable":true,"href":"https:\/\/www.nettali.com\/rest\/wp\/v2\/media\/102325"}],"wp:attachment":[{"href":"https:\/\/www.nettali.com\/rest\/wp\/v2\/media?parent=102323"}],"wp:term":[{"taxonomy":"category","embeddable":true,"href":"https:\/\/www.nettali.com\/rest\/wp\/v2\/categories?post=102323"},{"taxonomy":"post_tag","embeddable":true,"href":"https:\/\/www.nettali.com\/rest\/wp\/v2\/tags?post=102323"}],"curies":[{"name":"wp","href":"https:\/\/api.w.org\/{rel}","templated":true}]}}