{"id":102320,"date":"2023-01-21T13:25:47","date_gmt":"2023-01-21T13:25:47","guid":{"rendered":"https:\/\/www.nettali.com\/?p=102320"},"modified":"2023-01-21T13:27:20","modified_gmt":"2023-01-21T13:27:20","slug":"can-2025-algerie-ou-maroc-george-weah-dement-et-prend-position","status":"publish","type":"post","link":"https:\/\/www.nettali.com\/2023\/01\/21\/can-2025-algerie-ou-maroc-george-weah-dement-et-prend-position\/","title":{"rendered":"CAN 2025\u00a0- Alg\u00e9rie ou Maroc, George Weah d\u00e9ment et prend position !"},"content":{"rendered":"<p><strong>NETTALI.COM - Apr\u00e8s l\u2019\u00e9pisode du forfait des Lions de l\u2019Atlas pour le CHAN 2022 et de la c\u00e9r\u00e9monie d\u2019ouverture pol\u00e9mique, l\u2019Alg\u00e9rie et le Maroc ont trouv\u00e9 un nouveau terrain de rivalit\u00e9 pour les prochaines semaines : l\u2019organisation de la CAN 2025, pour laquelle ils sont tous les deux candidats.<\/strong><\/p>\n<p>Alors que des rumeurs annon\u00e7aient qu\u2019il soutient le pays des Fennecs, le pr\u00e9sident du Liberia, George Weah, a effectu\u00e9 une mise au point \u00e0 travers un communiqu\u00e9 publi\u00e9 sur le site officiel de la pr\u00e9sidence. Le Ballon d\u2019Or 1995 a \"<em>qualifi\u00e9 de fausses et trompeuses les informations diffus\u00e9es par certains m\u00e9dias internationaux selon lesquelles il soutiendrait la candidature de l'Alg\u00e9rie \u00e0 l'organisation de la Coupe des Nations de la Conf\u00e9d\u00e9ration africaine de football (CAF) en 2025<\/em>\", indique le communiqu\u00e9 en rappelant que l\u2019ancien buteur du Paris Saint-Germain a d\u00e9j\u00e0 exprim\u00e9 son soutien \"<em>total et entier<\/em>\" en faveur de la candidature des Lions de l\u2019Atlas.<\/p>\n<p><strong>Weah d\u00e9j\u00e0 en campagne<\/strong><\/p>\n<p>\"<em>Le Liberia approuve et soutient pleinement la candidature du Maroc pour accueillir la Coupe des Nations de la CAF 2025. J'ai pris cet engagement aupr\u00e8s du roi Mohamed VI. C'est grav\u00e9 dans la pierre\"<\/em>, a soutenu l\u2019homme de 56 ans. \"<em>Le Maroc a apport\u00e9 une immense fiert\u00e9 \u00e0 l'Afrique lors de la Coupe du monde qui vient de s'achever \u00e0 Doha, au Qatar, et \u00e0 ce titre, l'Afrique doit l'honorer en lui accordant le droit d'accueillir la Coupe des Nations 2025.<\/em>\"<\/p>\n<p>Un soutien fort puisque le chef d\u2019Etat a ajout\u00e9 qu\u2019il a \"<em>d\u00e9j\u00e0 commenc\u00e9 \u00e0 faire campagne pour le Maroc aupr\u00e8s des acteurs du football sur le continent<\/em>.\"<\/p>\n<p>Pour rappel, la Conf\u00e9d\u00e9ration africaine de football (CAF) d\u00e9signera le pays-h\u00f4te du tournoi \u00e0 l\u2019issue de son comit\u00e9 ex\u00e9cutif le 10 f\u00e9vrier prochain. Outre les deux fr\u00e8res ennemis, l\u2019Afrique du Sud, la Zambie et le duo B\u00e9nin-Nigeria (candidature commune) ont \u00e9galement postul\u00e9.<\/p>\n<div class='share-to-whatsapp-wrapper'><div class='share-on-whsp'>PARTAGER SUR : <\/div><a data-text='CAN 2025\u00a0- Alg\u00e9rie ou Maroc, George Weah d\u00e9ment et prend position !' data-link='https:\/\/www.nettali.com\/2023\/01\/21\/can-2025-algerie-ou-maroc-george-weah-dement-et-prend-position\/' class='whatsapp-button whatsapp-share'>WhatsApp<\/a><div class='clear '><\/div><\/div>","protected":false},"excerpt":{"rendered":"<p>NETTALI.COM - Apr\u00e8s l\u2019\u00e9pisode du forfait des Lions de l\u2019Atlas pour le CHAN 2022 et de la c\u00e9r\u00e9monie d\u2019ouverture pol\u00e9mique, l\u2019Alg\u00e9rie et le Maroc ont trouv\u00e9 un nouveau terrain de rivalit\u00e9 pour les prochaines semaines : l\u2019organisation de la CAN 2025, pour laquelle ils sont tous les deux candidats. Alors que des rumeurs annon\u00e7aient qu\u2019il [&hellip;]<\/p>\n","protected":false},"author":5,"featured_media":102321,"comment_status":"open","ping_status":"open","sticky":false,"template":"","format":"standard","meta":{"_et_pb_use_builder":"","_et_pb_old_content":""},"categories":[6],"tags":[],"yoast_head":"<!-- This site is optimized with the Yoast SEO Premium plugin v17.8 (Yoast SEO v17.8) - https:\/\/yoast.com\/wordpress\/plugins\/seo\/ -->\n<title>CAN 2025\u00a0- Alg\u00e9rie ou Maroc, George Weah d\u00e9ment et prend position ! | Nettali.com<\/title>\n<meta name=\"robots\" content=\"index, follow, max-snippet:-1, max-image-preview:large, max-video-preview:-1\" \/>\n<link rel=\"canonical\" href=\"https:\/\/www.nettali.com\/2023\/01\/21\/can-2025-algerie-ou-maroc-george-weah-dement-et-prend-position\/\" \/>\n<meta property=\"og:locale\" content=\"fr_FR\" \/>\n<meta property=\"og:type\" content=\"article\" \/>\n<meta property=\"og:title\" content=\"CAN 2025\u00a0- Alg\u00e9rie ou Maroc, George Weah d\u00e9ment et prend position !\" \/>\n<meta property=\"og:description\" content=\"NETTALI.COM - Apr\u00e8s l\u2019\u00e9pisode du forfait des Lions de l\u2019Atlas pour le CHAN 2022 et de la c\u00e9r\u00e9monie d\u2019ouverture pol\u00e9mique, l\u2019Alg\u00e9rie et le Maroc ont trouv\u00e9 un nouveau terrain de rivalit\u00e9 pour les prochaines semaines : l\u2019organisation de la CAN 2025, pour laquelle ils sont tous les deux candidats. Alors que des rumeurs annon\u00e7aient qu\u2019il [&hellip;]\" \/>\n<meta property=\"og:url\" content=\"https:\/\/www.nettali.com\/2023\/01\/21\/can-2025-algerie-ou-maroc-george-weah-dement-et-prend-position\/\" \/>\n<meta property=\"og:site_name\" content=\"Nettali.com\" \/>\n<meta property=\"article:publisher\" content=\"https:\/\/www.facebook.com\/nettalicom\" \/>\n<meta property=\"article:published_time\" content=\"2023-01-21T13:25:47+00:00\" \/>\n<meta property=\"article:modified_time\" content=\"2023-01-21T13:27:20+00:00\" \/>\n<meta property=\"og:image\" content=\"https:\/\/www.nettali.com\/wp-content\/uploads\/2023\/01\/liberia-soutien-maroc-can-2025.jpg\" \/>\n\t<meta property=\"og:image:width\" content=\"800\" \/>\n\t<meta property=\"og:image:height\" content=\"500\" \/>\n<meta name=\"twitter:card\" content=\"summary_large_image\" \/>\n<meta name=\"twitter:label1\" content=\"\u00c9crit par\" \/>\n\t<meta name=\"twitter:data1\" content=\"Ibrahima\" \/>\n\t<meta name=\"twitter:label2\" content=\"Dur\u00e9e de lecture estim\u00e9e\" \/>\n\t<meta name=\"twitter:data2\" content=\"2 minutes\" \/>\n<script type=\"application\/ld+json\" class=\"yoast-schema-graph\">{\"@context\":\"https:\/\/schema.org\",\"@graph\":[{\"@type\":\"WebSite\",\"@id\":\"https:\/\/www.nettali.com\/#website\",\"url\":\"https:\/\/www.nettali.com\/\",\"name\":\"Nettali.com\",\"description\":\"Le rendez-vous critique du Net\",\"potentialAction\":[{\"@type\":\"SearchAction\",\"target\":{\"@type\":\"EntryPoint\",\"urlTemplate\":\"https:\/\/www.nettali.com\/?s={search_term_string}\"},\"query-input\":\"required name=search_term_string\"}],\"inLanguage\":\"fr-FR\"},{\"@type\":\"ImageObject\",\"@id\":\"https:\/\/www.nettali.com\/2023\/01\/21\/can-2025-algerie-ou-maroc-george-weah-dement-et-prend-position\/#primaryimage\",\"inLanguage\":\"fr-FR\",\"url\":\"https:\/\/www.nettali.com\/wp-content\/uploads\/2023\/01\/liberia-soutien-maroc-can-2025.jpg\",\"contentUrl\":\"https:\/\/www.nettali.com\/wp-content\/uploads\/2023\/01\/liberia-soutien-maroc-can-2025.jpg\",\"width\":800,\"height\":500},{\"@type\":\"WebPage\",\"@id\":\"https:\/\/www.nettali.com\/2023\/01\/21\/can-2025-algerie-ou-maroc-george-weah-dement-et-prend-position\/#webpage\",\"url\":\"https:\/\/www.nettali.com\/2023\/01\/21\/can-2025-algerie-ou-maroc-george-weah-dement-et-prend-position\/\",\"name\":\"CAN 2025\\u00a0- Alg\\u00e9rie ou Maroc, George Weah d\\u00e9ment et prend position ! | Nettali.com\",\"isPartOf\":{\"@id\":\"https:\/\/www.nettali.com\/#website\"},\"primaryImageOfPage\":{\"@id\":\"https:\/\/www.nettali.com\/2023\/01\/21\/can-2025-algerie-ou-maroc-george-weah-dement-et-prend-position\/#primaryimage\"},\"datePublished\":\"2023-01-21T13:25:47+00:00\",\"dateModified\":\"2023-01-21T13:27:20+00:00\",\"author\":{\"@id\":\"https:\/\/www.nettali.com\/#\/schema\/person\/bb147657c2986240405a608162b9bb23\"},\"breadcrumb\":{\"@id\":\"https:\/\/www.nettali.com\/2023\/01\/21\/can-2025-algerie-ou-maroc-george-weah-dement-et-prend-position\/#breadcrumb\"},\"inLanguage\":\"fr-FR\",\"potentialAction\":[{\"@type\":\"ReadAction\",\"target\":[\"https:\/\/www.nettali.com\/2023\/01\/21\/can-2025-algerie-ou-maroc-george-weah-dement-et-prend-position\/\"]}]},{\"@type\":\"BreadcrumbList\",\"@id\":\"https:\/\/www.nettali.com\/2023\/01\/21\/can-2025-algerie-ou-maroc-george-weah-dement-et-prend-position\/#breadcrumb\",\"itemListElement\":[{\"@type\":\"ListItem\",\"position\":1,\"name\":\"Accueil\",\"item\":\"https:\/\/www.nettali.com\/\"},{\"@type\":\"ListItem\",\"position\":2,\"name\":\"CAN 2025\\u00a0- Alg\\u00e9rie ou Maroc, George Weah d\\u00e9ment et prend position !\"}]},{\"@type\":\"Person\",\"@id\":\"https:\/\/www.nettali.com\/#\/schema\/person\/bb147657c2986240405a608162b9bb23\",\"name\":\"Ibrahima\",\"image\":{\"@type\":\"ImageObject\",\"@id\":\"https:\/\/www.nettali.com\/#personlogo\",\"inLanguage\":\"fr-FR\",\"url\":\"https:\/\/secure.gravatar.com\/avatar\/26a8a81f09f0dd7624c9d5c36c9ba3a2?s=96&d=mm&r=g\",\"contentUrl\":\"https:\/\/secure.gravatar.com\/avatar\/26a8a81f09f0dd7624c9d5c36c9ba3a2?s=96&d=mm&r=g\",\"caption\":\"Ibrahima\"},\"sameAs\":[\"https:\/\/www.nettali.com\"]}]}<\/script>\n<!-- \/ Yoast SEO Premium plugin. -->","yoast_head_json":{"title":"CAN 2025\u00a0- Alg\u00e9rie ou Maroc, George Weah d\u00e9ment et prend position ! | Nettali.com","robots":{"index":"index","follow":"follow","max-snippet":"max-snippet:-1","max-image-preview":"max-image-preview:large","max-video-preview":"max-video-preview:-1"},"canonical":"https:\/\/www.nettali.com\/2023\/01\/21\/can-2025-algerie-ou-maroc-george-weah-dement-et-prend-position\/","og_locale":"fr_FR","og_type":"article","og_title":"CAN 2025\u00a0- Alg\u00e9rie ou Maroc, George Weah d\u00e9ment et prend position !","og_description":"NETTALI.COM - Apr\u00e8s l\u2019\u00e9pisode du forfait des Lions de l\u2019Atlas pour le CHAN 2022 et de la c\u00e9r\u00e9monie d\u2019ouverture pol\u00e9mique, l\u2019Alg\u00e9rie et le Maroc ont trouv\u00e9 un nouveau terrain de rivalit\u00e9 pour les prochaines semaines : l\u2019organisation de la CAN 2025, pour laquelle ils sont tous les deux candidats. Alors que des rumeurs annon\u00e7aient qu\u2019il [&hellip;]","og_url":"https:\/\/www.nettali.com\/2023\/01\/21\/can-2025-algerie-ou-maroc-george-weah-dement-et-prend-position\/","og_site_name":"Nettali.com","article_publisher":"https:\/\/www.facebook.com\/nettalicom","article_published_time":"2023-01-21T13:25:47+00:00","article_modified_time":"2023-01-21T13:27:20+00:00","og_image":[{"width":800,"height":500,"url":"https:\/\/www.nettali.com\/wp-content\/uploads\/2023\/01\/liberia-soutien-maroc-can-2025.jpg","type":"image\/jpeg"}],"twitter_card":"summary_large_image","twitter_misc":{"\u00c9crit par":"Ibrahima","Dur\u00e9e de lecture estim\u00e9e":"2 minutes"},"schema":{"@context":"https:\/\/schema.org","@graph":[{"@type":"WebSite","@id":"https:\/\/www.nettali.com\/#website","url":"https:\/\/www.nettali.com\/","name":"Nettali.com","description":"Le rendez-vous critique du Net","potentialAction":[{"@type":"SearchAction","target":{"@type":"EntryPoint","urlTemplate":"https:\/\/www.nettali.com\/?s={search_term_string}"},"query-input":"required name=search_term_string"}],"inLanguage":"fr-FR"},{"@type":"ImageObject","@id":"https:\/\/www.nettali.com\/2023\/01\/21\/can-2025-algerie-ou-maroc-george-weah-dement-et-prend-position\/#primaryimage","inLanguage":"fr-FR","url":"https:\/\/www.nettali.com\/wp-content\/uploads\/2023\/01\/liberia-soutien-maroc-can-2025.jpg","contentUrl":"https:\/\/www.nettali.com\/wp-content\/uploads\/2023\/01\/liberia-soutien-maroc-can-2025.jpg","width":800,"height":500},{"@type":"WebPage","@id":"https:\/\/www.nettali.com\/2023\/01\/21\/can-2025-algerie-ou-maroc-george-weah-dement-et-prend-position\/#webpage","url":"https:\/\/www.nettali.com\/2023\/01\/21\/can-2025-algerie-ou-maroc-george-weah-dement-et-prend-position\/","name":"CAN 2025\u00a0- Alg\u00e9rie ou Maroc, George Weah d\u00e9ment et prend position ! | Nettali.com","isPartOf":{"@id":"https:\/\/www.nettali.com\/#website"},"primaryImageOfPage":{"@id":"https:\/\/www.nettali.com\/2023\/01\/21\/can-2025-algerie-ou-maroc-george-weah-dement-et-prend-position\/#primaryimage"},"datePublished":"2023-01-21T13:25:47+00:00","dateModified":"2023-01-21T13:27:20+00:00","author":{"@id":"https:\/\/www.nettali.com\/#\/schema\/person\/bb147657c2986240405a608162b9bb23"},"breadcrumb":{"@id":"https:\/\/www.nettali.com\/2023\/01\/21\/can-2025-algerie-ou-maroc-george-weah-dement-et-prend-position\/#breadcrumb"},"inLanguage":"fr-FR","potentialAction":[{"@type":"ReadAction","target":["https:\/\/www.nettali.com\/2023\/01\/21\/can-2025-algerie-ou-maroc-george-weah-dement-et-prend-position\/"]}]},{"@type":"BreadcrumbList","@id":"https:\/\/www.nettali.com\/2023\/01\/21\/can-2025-algerie-ou-maroc-george-weah-dement-et-prend-position\/#breadcrumb","itemListElement":[{"@type":"ListItem","position":1,"name":"Accueil","item":"https:\/\/www.nettali.com\/"},{"@type":"ListItem","position":2,"name":"CAN 2025\u00a0- Alg\u00e9rie ou Maroc, George Weah d\u00e9ment et prend position !"}]},{"@type":"Person","@id":"https:\/\/www.nettali.com\/#\/schema\/person\/bb147657c2986240405a608162b9bb23","name":"Ibrahima","image":{"@type":"ImageObject","@id":"https:\/\/www.nettali.com\/#personlogo","inLanguage":"fr-FR","url":"https:\/\/secure.gravatar.com\/avatar\/26a8a81f09f0dd7624c9d5c36c9ba3a2?s=96&d=mm&r=g","contentUrl":"https:\/\/secure.gravatar.com\/avatar\/26a8a81f09f0dd7624c9d5c36c9ba3a2?s=96&d=mm&r=g","caption":"Ibrahima"},"sameAs":["https:\/\/www.nettali.com"]}]}},"_links":{"self":[{"href":"https:\/\/www.nettali.com\/rest\/wp\/v2\/posts\/102320"}],"collection":[{"href":"https:\/\/www.nettali.com\/rest\/wp\/v2\/posts"}],"about":[{"href":"https:\/\/www.nettali.com\/rest\/wp\/v2\/types\/post"}],"author":[{"embeddable":true,"href":"https:\/\/www.nettali.com\/rest\/wp\/v2\/users\/5"}],"replies":[{"embeddable":true,"href":"https:\/\/www.nettali.com\/rest\/wp\/v2\/comments?post=102320"}],"version-history":[{"count":1,"href":"https:\/\/www.nettali.com\/rest\/wp\/v2\/posts\/102320\/revisions"}],"predecessor-version":[{"id":102322,"href":"https:\/\/www.nettali.com\/rest\/wp\/v2\/posts\/102320\/revisions\/102322"}],"wp:featuredmedia":[{"embeddable":true,"href":"https:\/\/www.nettali.com\/rest\/wp\/v2\/media\/102321"}],"wp:attachment":[{"href":"https:\/\/www.nettali.com\/rest\/wp\/v2\/media?parent=102320"}],"wp:term":[{"taxonomy":"category","embeddable":true,"href":"https:\/\/www.nettali.com\/rest\/wp\/v2\/categories?post=102320"},{"taxonomy":"post_tag","embeddable":true,"href":"https:\/\/www.nettali.com\/rest\/wp\/v2\/tags?post=102320"}],"curies":[{"name":"wp","href":"https:\/\/api.w.org\/{rel}","templated":true}]}}