{"id":102314,"date":"2023-01-21T11:35:07","date_gmt":"2023-01-21T11:35:07","guid":{"rendered":"https:\/\/www.nettali.com\/?p=102314"},"modified":"2023-01-22T14:56:15","modified_gmt":"2023-01-22T14:56:15","slug":"justice-le-conseil-constitutionnel-deboute-guy-marius-sagna-et-mimi-toure","status":"publish","type":"post","link":"https:\/\/www.nettali.com\/2023\/01\/21\/justice-le-conseil-constitutionnel-deboute-guy-marius-sagna-et-mimi-toure\/","title":{"rendered":"JUSTICE - Le conseil constitutionnel d\u00e9boute Guy Marius Sagna et Mimi Tour\u00e9"},"content":{"rendered":"<p><strong>NETTALI.COM - Dans une d\u00e9cision rendue ce vendredi, le Conseil constitutionnel a d\u00e9bout\u00e9 Guy Marius Sagna et Aminata Tour\u00e9. Les 7 sages ont en effet d\u00e9clar\u00e9 la requ\u00eate irrecevable au motif que les 2 d\u00e9put\u00e9s ne sont pas habilit\u00e9s \u00e0 le faire.<\/strong><\/p>\n<p>Le conseil constitutionnel s\u2019est d\u00e9clar\u00e9 comp\u00e9tent pour statuer sur la requ\u00eate en arbitrage pour conflit de comp\u00e9tences entre le pouvoir ex\u00e9cutif et le pouvoir l\u00e9gislatif. En effet, Guy Marius Sagna et Mimi Tour\u00e9, s\u2019impatientaient que le gouvernement ne vienne pas s'expliquer devant les d\u00e9put\u00e9s sur le dernier rapport de la cour des comptes. Ce, malgr\u00e9 la \"question d'actualit\u00e9\" qu'ils lui ont adress\u00e9e. Malheureusement, le Conseil constitutionnel a d\u00e9cid\u00e9 du rejet de leur recours. \u00abLa requ\u00eate introduite par les d\u00e9put\u00e9s Aminata Tour\u00e9 et Guy Marius Sagna est irrecevable\u00bb, lit-on dans la d\u00e9cision num\u00e9ro 1\/C\/2023, rendue le 18 janvier dernier.<\/p>\n<p>L\u2019instance de d\u00e9cision supr\u00eame (Conseil constitutionnel) a l\u00e9gitim\u00e9 l\u2019irrecevabilit\u00e9 de cette saisine par le fait que les deux parlementaires ne sont pas habilet\u00e9s \u00e0 le faire.<\/p>\n<p>Rappelons que les d\u00e9put\u00e9s avaient estim\u00e9 que le Gouvernement a carr\u00e9ment refus\u00e9 de donner une suite favorable \u00e0 la question d\u2019actualit\u00e9 soulev\u00e9e par eux.\u00a0Face \u00e0 une telle situation, le duo avait saisi le Conseil constitutionnel pour un arbitrage pour le conflit de comp\u00e9tence entre le pouvoir ex\u00e9cutif et le pouvoir l\u00e9gislatif\u2019\u2019.<\/p>\n<p>&nbsp;<\/p>\n<div class='share-to-whatsapp-wrapper'><div class='share-on-whsp'>PARTAGER SUR : <\/div><a data-text='JUSTICE - Le conseil constitutionnel d\u00e9boute Guy Marius Sagna et Mimi Tour\u00e9' data-link='https:\/\/www.nettali.com\/2023\/01\/21\/justice-le-conseil-constitutionnel-deboute-guy-marius-sagna-et-mimi-toure\/' class='whatsapp-button whatsapp-share'>WhatsApp<\/a><div class='clear '><\/div><\/div>","protected":false},"excerpt":{"rendered":"<p>NETTALI.COM - Dans une d\u00e9cision rendue ce vendredi, le Conseil constitutionnel a d\u00e9bout\u00e9 Guy Marius Sagna et Aminata Tour\u00e9. Les 7 sages ont en effet d\u00e9clar\u00e9 la requ\u00eate irrecevable au motif que les 2 d\u00e9put\u00e9s ne sont pas habilit\u00e9s \u00e0 le faire. Le conseil constitutionnel s\u2019est d\u00e9clar\u00e9 comp\u00e9tent pour statuer sur la requ\u00eate en arbitrage [&hellip;]<\/p>\n","protected":false},"author":4,"featured_media":14485,"comment_status":"open","ping_status":"open","sticky":false,"template":"","format":"standard","meta":{"_et_pb_use_builder":"","_et_pb_old_content":""},"categories":[2],"tags":[],"yoast_head":"<!-- This site is optimized with the Yoast SEO Premium plugin v17.8 (Yoast SEO v17.8) - https:\/\/yoast.com\/wordpress\/plugins\/seo\/ -->\n<title>JUSTICE - Le conseil constitutionnel d\u00e9boute Guy Marius Sagna et Mimi Tour\u00e9 | Nettali.com<\/title>\n<meta name=\"robots\" content=\"index, follow, max-snippet:-1, max-image-preview:large, max-video-preview:-1\" \/>\n<link rel=\"canonical\" href=\"https:\/\/www.nettali.com\/2023\/01\/21\/justice-le-conseil-constitutionnel-deboute-guy-marius-sagna-et-mimi-toure\/\" \/>\n<meta property=\"og:locale\" content=\"fr_FR\" \/>\n<meta property=\"og:type\" content=\"article\" \/>\n<meta property=\"og:title\" content=\"JUSTICE - Le conseil constitutionnel d\u00e9boute Guy Marius Sagna et Mimi Tour\u00e9\" \/>\n<meta property=\"og:description\" content=\"NETTALI.COM - Dans une d\u00e9cision rendue ce vendredi, le Conseil constitutionnel a d\u00e9bout\u00e9 Guy Marius Sagna et Aminata Tour\u00e9. Les 7 sages ont en effet d\u00e9clar\u00e9 la requ\u00eate irrecevable au motif que les 2 d\u00e9put\u00e9s ne sont pas habilit\u00e9s \u00e0 le faire. Le conseil constitutionnel s\u2019est d\u00e9clar\u00e9 comp\u00e9tent pour statuer sur la requ\u00eate en arbitrage [&hellip;]\" \/>\n<meta property=\"og:url\" content=\"https:\/\/www.nettali.com\/2023\/01\/21\/justice-le-conseil-constitutionnel-deboute-guy-marius-sagna-et-mimi-toure\/\" \/>\n<meta property=\"og:site_name\" content=\"Nettali.com\" \/>\n<meta property=\"article:publisher\" content=\"https:\/\/www.facebook.com\/nettalicom\" \/>\n<meta property=\"article:published_time\" content=\"2023-01-21T11:35:07+00:00\" \/>\n<meta property=\"article:modified_time\" content=\"2023-01-22T14:56:15+00:00\" \/>\n<meta property=\"og:image\" content=\"https:\/\/www.nettali.com\/wp-content\/uploads\/2019\/07\/conseil-constitutionnel-opposition-696x428.jpg\" \/>\n\t<meta property=\"og:image:width\" content=\"696\" \/>\n\t<meta property=\"og:image:height\" content=\"428\" \/>\n<meta name=\"twitter:card\" content=\"summary_large_image\" \/>\n<meta name=\"twitter:label1\" content=\"\u00c9crit par\" \/>\n\t<meta name=\"twitter:data1\" content=\"Daouda\" \/>\n\t<meta name=\"twitter:label2\" content=\"Dur\u00e9e de lecture estim\u00e9e\" \/>\n\t<meta name=\"twitter:data2\" content=\"2 minutes\" \/>\n<script type=\"application\/ld+json\" class=\"yoast-schema-graph\">{\"@context\":\"https:\/\/schema.org\",\"@graph\":[{\"@type\":\"WebSite\",\"@id\":\"https:\/\/www.nettali.com\/#website\",\"url\":\"https:\/\/www.nettali.com\/\",\"name\":\"Nettali.com\",\"description\":\"Le rendez-vous critique du Net\",\"potentialAction\":[{\"@type\":\"SearchAction\",\"target\":{\"@type\":\"EntryPoint\",\"urlTemplate\":\"https:\/\/www.nettali.com\/?s={search_term_string}\"},\"query-input\":\"required name=search_term_string\"}],\"inLanguage\":\"fr-FR\"},{\"@type\":\"ImageObject\",\"@id\":\"https:\/\/www.nettali.com\/2023\/01\/21\/justice-le-conseil-constitutionnel-deboute-guy-marius-sagna-et-mimi-toure\/#primaryimage\",\"inLanguage\":\"fr-FR\",\"url\":\"https:\/\/www.nettali.com\/wp-content\/uploads\/2019\/07\/conseil-constitutionnel-opposition-696x428.jpg\",\"contentUrl\":\"https:\/\/www.nettali.com\/wp-content\/uploads\/2019\/07\/conseil-constitutionnel-opposition-696x428.jpg\",\"width\":696,\"height\":428},{\"@type\":\"WebPage\",\"@id\":\"https:\/\/www.nettali.com\/2023\/01\/21\/justice-le-conseil-constitutionnel-deboute-guy-marius-sagna-et-mimi-toure\/#webpage\",\"url\":\"https:\/\/www.nettali.com\/2023\/01\/21\/justice-le-conseil-constitutionnel-deboute-guy-marius-sagna-et-mimi-toure\/\",\"name\":\"JUSTICE - Le conseil constitutionnel d\\u00e9boute Guy Marius Sagna et Mimi Tour\\u00e9 | Nettali.com\",\"isPartOf\":{\"@id\":\"https:\/\/www.nettali.com\/#website\"},\"primaryImageOfPage\":{\"@id\":\"https:\/\/www.nettali.com\/2023\/01\/21\/justice-le-conseil-constitutionnel-deboute-guy-marius-sagna-et-mimi-toure\/#primaryimage\"},\"datePublished\":\"2023-01-21T11:35:07+00:00\",\"dateModified\":\"2023-01-22T14:56:15+00:00\",\"author\":{\"@id\":\"https:\/\/www.nettali.com\/#\/schema\/person\/3317e0bb3aa1da309fbf7b2780901bf4\"},\"breadcrumb\":{\"@id\":\"https:\/\/www.nettali.com\/2023\/01\/21\/justice-le-conseil-constitutionnel-deboute-guy-marius-sagna-et-mimi-toure\/#breadcrumb\"},\"inLanguage\":\"fr-FR\",\"potentialAction\":[{\"@type\":\"ReadAction\",\"target\":[\"https:\/\/www.nettali.com\/2023\/01\/21\/justice-le-conseil-constitutionnel-deboute-guy-marius-sagna-et-mimi-toure\/\"]}]},{\"@type\":\"BreadcrumbList\",\"@id\":\"https:\/\/www.nettali.com\/2023\/01\/21\/justice-le-conseil-constitutionnel-deboute-guy-marius-sagna-et-mimi-toure\/#breadcrumb\",\"itemListElement\":[{\"@type\":\"ListItem\",\"position\":1,\"name\":\"Accueil\",\"item\":\"https:\/\/www.nettali.com\/\"},{\"@type\":\"ListItem\",\"position\":2,\"name\":\"JUSTICE - Le conseil constitutionnel d\\u00e9boute Guy Marius Sagna et Mimi Tour\\u00e9\"}]},{\"@type\":\"Person\",\"@id\":\"https:\/\/www.nettali.com\/#\/schema\/person\/3317e0bb3aa1da309fbf7b2780901bf4\",\"name\":\"Daouda\",\"image\":{\"@type\":\"ImageObject\",\"@id\":\"https:\/\/www.nettali.com\/#personlogo\",\"inLanguage\":\"fr-FR\",\"url\":\"https:\/\/secure.gravatar.com\/avatar\/8d143b5a49345098ddcfee1c49c2f47c?s=96&d=mm&r=g\",\"contentUrl\":\"https:\/\/secure.gravatar.com\/avatar\/8d143b5a49345098ddcfee1c49c2f47c?s=96&d=mm&r=g\",\"caption\":\"Daouda\"},\"sameAs\":[\"https:\/\/www.nettali.com\"]}]}<\/script>\n<!-- \/ Yoast SEO Premium plugin. -->","yoast_head_json":{"title":"JUSTICE - Le conseil constitutionnel d\u00e9boute Guy Marius Sagna et Mimi Tour\u00e9 | Nettali.com","robots":{"index":"index","follow":"follow","max-snippet":"max-snippet:-1","max-image-preview":"max-image-preview:large","max-video-preview":"max-video-preview:-1"},"canonical":"https:\/\/www.nettali.com\/2023\/01\/21\/justice-le-conseil-constitutionnel-deboute-guy-marius-sagna-et-mimi-toure\/","og_locale":"fr_FR","og_type":"article","og_title":"JUSTICE - Le conseil constitutionnel d\u00e9boute Guy Marius Sagna et Mimi Tour\u00e9","og_description":"NETTALI.COM - Dans une d\u00e9cision rendue ce vendredi, le Conseil constitutionnel a d\u00e9bout\u00e9 Guy Marius Sagna et Aminata Tour\u00e9. Les 7 sages ont en effet d\u00e9clar\u00e9 la requ\u00eate irrecevable au motif que les 2 d\u00e9put\u00e9s ne sont pas habilit\u00e9s \u00e0 le faire. Le conseil constitutionnel s\u2019est d\u00e9clar\u00e9 comp\u00e9tent pour statuer sur la requ\u00eate en arbitrage [&hellip;]","og_url":"https:\/\/www.nettali.com\/2023\/01\/21\/justice-le-conseil-constitutionnel-deboute-guy-marius-sagna-et-mimi-toure\/","og_site_name":"Nettali.com","article_publisher":"https:\/\/www.facebook.com\/nettalicom","article_published_time":"2023-01-21T11:35:07+00:00","article_modified_time":"2023-01-22T14:56:15+00:00","og_image":[{"width":696,"height":428,"url":"https:\/\/www.nettali.com\/wp-content\/uploads\/2019\/07\/conseil-constitutionnel-opposition-696x428.jpg","type":"image\/jpeg"}],"twitter_card":"summary_large_image","twitter_misc":{"\u00c9crit par":"Daouda","Dur\u00e9e de lecture estim\u00e9e":"2 minutes"},"schema":{"@context":"https:\/\/schema.org","@graph":[{"@type":"WebSite","@id":"https:\/\/www.nettali.com\/#website","url":"https:\/\/www.nettali.com\/","name":"Nettali.com","description":"Le rendez-vous critique du Net","potentialAction":[{"@type":"SearchAction","target":{"@type":"EntryPoint","urlTemplate":"https:\/\/www.nettali.com\/?s={search_term_string}"},"query-input":"required name=search_term_string"}],"inLanguage":"fr-FR"},{"@type":"ImageObject","@id":"https:\/\/www.nettali.com\/2023\/01\/21\/justice-le-conseil-constitutionnel-deboute-guy-marius-sagna-et-mimi-toure\/#primaryimage","inLanguage":"fr-FR","url":"https:\/\/www.nettali.com\/wp-content\/uploads\/2019\/07\/conseil-constitutionnel-opposition-696x428.jpg","contentUrl":"https:\/\/www.nettali.com\/wp-content\/uploads\/2019\/07\/conseil-constitutionnel-opposition-696x428.jpg","width":696,"height":428},{"@type":"WebPage","@id":"https:\/\/www.nettali.com\/2023\/01\/21\/justice-le-conseil-constitutionnel-deboute-guy-marius-sagna-et-mimi-toure\/#webpage","url":"https:\/\/www.nettali.com\/2023\/01\/21\/justice-le-conseil-constitutionnel-deboute-guy-marius-sagna-et-mimi-toure\/","name":"JUSTICE - Le conseil constitutionnel d\u00e9boute Guy Marius Sagna et Mimi Tour\u00e9 | Nettali.com","isPartOf":{"@id":"https:\/\/www.nettali.com\/#website"},"primaryImageOfPage":{"@id":"https:\/\/www.nettali.com\/2023\/01\/21\/justice-le-conseil-constitutionnel-deboute-guy-marius-sagna-et-mimi-toure\/#primaryimage"},"datePublished":"2023-01-21T11:35:07+00:00","dateModified":"2023-01-22T14:56:15+00:00","author":{"@id":"https:\/\/www.nettali.com\/#\/schema\/person\/3317e0bb3aa1da309fbf7b2780901bf4"},"breadcrumb":{"@id":"https:\/\/www.nettali.com\/2023\/01\/21\/justice-le-conseil-constitutionnel-deboute-guy-marius-sagna-et-mimi-toure\/#breadcrumb"},"inLanguage":"fr-FR","potentialAction":[{"@type":"ReadAction","target":["https:\/\/www.nettali.com\/2023\/01\/21\/justice-le-conseil-constitutionnel-deboute-guy-marius-sagna-et-mimi-toure\/"]}]},{"@type":"BreadcrumbList","@id":"https:\/\/www.nettali.com\/2023\/01\/21\/justice-le-conseil-constitutionnel-deboute-guy-marius-sagna-et-mimi-toure\/#breadcrumb","itemListElement":[{"@type":"ListItem","position":1,"name":"Accueil","item":"https:\/\/www.nettali.com\/"},{"@type":"ListItem","position":2,"name":"JUSTICE - Le conseil constitutionnel d\u00e9boute Guy Marius Sagna et Mimi Tour\u00e9"}]},{"@type":"Person","@id":"https:\/\/www.nettali.com\/#\/schema\/person\/3317e0bb3aa1da309fbf7b2780901bf4","name":"Daouda","image":{"@type":"ImageObject","@id":"https:\/\/www.nettali.com\/#personlogo","inLanguage":"fr-FR","url":"https:\/\/secure.gravatar.com\/avatar\/8d143b5a49345098ddcfee1c49c2f47c?s=96&d=mm&r=g","contentUrl":"https:\/\/secure.gravatar.com\/avatar\/8d143b5a49345098ddcfee1c49c2f47c?s=96&d=mm&r=g","caption":"Daouda"},"sameAs":["https:\/\/www.nettali.com"]}]}},"_links":{"self":[{"href":"https:\/\/www.nettali.com\/rest\/wp\/v2\/posts\/102314"}],"collection":[{"href":"https:\/\/www.nettali.com\/rest\/wp\/v2\/posts"}],"about":[{"href":"https:\/\/www.nettali.com\/rest\/wp\/v2\/types\/post"}],"author":[{"embeddable":true,"href":"https:\/\/www.nettali.com\/rest\/wp\/v2\/users\/4"}],"replies":[{"embeddable":true,"href":"https:\/\/www.nettali.com\/rest\/wp\/v2\/comments?post=102314"}],"version-history":[{"count":1,"href":"https:\/\/www.nettali.com\/rest\/wp\/v2\/posts\/102314\/revisions"}],"predecessor-version":[{"id":102315,"href":"https:\/\/www.nettali.com\/rest\/wp\/v2\/posts\/102314\/revisions\/102315"}],"wp:featuredmedia":[{"embeddable":true,"href":"https:\/\/www.nettali.com\/rest\/wp\/v2\/media\/14485"}],"wp:attachment":[{"href":"https:\/\/www.nettali.com\/rest\/wp\/v2\/media?parent=102314"}],"wp:term":[{"taxonomy":"category","embeddable":true,"href":"https:\/\/www.nettali.com\/rest\/wp\/v2\/categories?post=102314"},{"taxonomy":"post_tag","embeddable":true,"href":"https:\/\/www.nettali.com\/rest\/wp\/v2\/tags?post=102314"}],"curies":[{"name":"wp","href":"https:\/\/api.w.org\/{rel}","templated":true}]}}