{"id":102301,"date":"2023-01-21T08:38:04","date_gmt":"2023-01-21T08:38:04","guid":{"rendered":"https:\/\/www.nettali.com\/?p=102301"},"modified":"2023-01-21T08:38:04","modified_gmt":"2023-01-21T08:38:04","slug":"coupe-de-france-igor-tudor-tacle-bamba-dieng","status":"publish","type":"post","link":"https:\/\/www.nettali.com\/2023\/01\/21\/coupe-de-france-igor-tudor-tacle-bamba-dieng\/","title":{"rendered":"COUPE DE FRANCE - Igor Tudor tacle Bamba Dieng!"},"content":{"rendered":"<p><strong>NETTALI.COM - L\u2019entr\u00e9e en jeu de Bamba Dieng face \u00e0 Rennes en Coupe de France ce vendredi n\u2019a pas \u00e9t\u00e9 d\u2019un grand apport pour l\u2019Olympique de Marseille. Et \u00e7a, Igor Tudor l\u2019a publiquement fait entendre.<\/strong><\/p>\n<p>Alors que l\u2019OM accueillait le Stade Rennais ce vendredi soir \u00e0 l\u2019occasion des 16es de finale de Coupe de France, l\u2019attaquant s\u00e9n\u00e9galais ne s\u2019est pas montr\u00e9 \u00e0 son avantage lors de ce choc. Entr\u00e9e en jeu \u00e0 62e, il n\u2019a touch\u00e9 que 9 ballons tout en perdant 5. Une prestation d\u00e9cevante qui n\u2019emp\u00eache pas aux siens de l\u2019emporter 1-0 pour se qualifier en huiti\u00e8mes.<\/p>\n<p>Cependant, les cons\u00e9quences pourraient se trouver ailleurs. Car, \u00e0 l\u2019issue de la rencontre, l\u2019entra\u00eeneur du club phoc\u00e9en s\u2019est exprim\u00e9 sur l\u2019entr\u00e9e en jeu de l\u2019ancien pensionnaire de l\u2019Institut Diambars. Et, pour le moins que l\u2019on puisse dire, c\u2019est que l\u2019immense Igor Tudor n\u2019a v\u00e9ritablement pas aim\u00e9. Ce qu\u2019il n\u2019a pas h\u00e9sit\u00e9 \u00e0 faire entendre et comprendre.<\/p>\n<p>\"<em>Quant \u00e0 Bamba Dieng, je n\u2019ai pas aim\u00e9 la fa\u00e7on dont il a jou\u00e9 et je lui ai dit dans le vestiaire. C\u2019est un bon gar\u00e7on et un bon joueur mais je n\u2019ai pas aim\u00e9 son entr\u00e9e<\/em>\", a fustig\u00e9 le technicien croate dans des propos rapport\u00e9s par RMC Sport. Un tacle tr\u00e8s appuy\u00e9 qui va enflammer le mercato de Bamba Dieng et alimenter les rumeurs d\u2019un d\u00e9part ?\u00a0Wait an see !<\/p>\n<div class='share-to-whatsapp-wrapper'><div class='share-on-whsp'>PARTAGER SUR : <\/div><a data-text='COUPE DE FRANCE - Igor Tudor tacle Bamba Dieng!' data-link='https:\/\/www.nettali.com\/2023\/01\/21\/coupe-de-france-igor-tudor-tacle-bamba-dieng\/' class='whatsapp-button whatsapp-share'>WhatsApp<\/a><div class='clear '><\/div><\/div>","protected":false},"excerpt":{"rendered":"<p>NETTALI.COM - L\u2019entr\u00e9e en jeu de Bamba Dieng face \u00e0 Rennes en Coupe de France ce vendredi n\u2019a pas \u00e9t\u00e9 d\u2019un grand apport pour l\u2019Olympique de Marseille. Et \u00e7a, Igor Tudor l\u2019a publiquement fait entendre. Alors que l\u2019OM accueillait le Stade Rennais ce vendredi soir \u00e0 l\u2019occasion des 16es de finale de Coupe de France, [&hellip;]<\/p>\n","protected":false},"author":5,"featured_media":102302,"comment_status":"open","ping_status":"open","sticky":false,"template":"","format":"standard","meta":{"_et_pb_use_builder":"","_et_pb_old_content":""},"categories":[6],"tags":[],"yoast_head":"<!-- This site is optimized with the Yoast SEO Premium plugin v17.8 (Yoast SEO v17.8) - https:\/\/yoast.com\/wordpress\/plugins\/seo\/ -->\n<title>COUPE DE FRANCE - Igor Tudor tacle Bamba Dieng! | Nettali.com<\/title>\n<meta name=\"robots\" content=\"index, follow, max-snippet:-1, max-image-preview:large, max-video-preview:-1\" \/>\n<link rel=\"canonical\" href=\"https:\/\/www.nettali.com\/2023\/01\/21\/coupe-de-france-igor-tudor-tacle-bamba-dieng\/\" \/>\n<meta property=\"og:locale\" content=\"fr_FR\" \/>\n<meta property=\"og:type\" content=\"article\" \/>\n<meta property=\"og:title\" content=\"COUPE DE FRANCE - Igor Tudor tacle Bamba Dieng!\" \/>\n<meta property=\"og:description\" content=\"NETTALI.COM - L\u2019entr\u00e9e en jeu de Bamba Dieng face \u00e0 Rennes en Coupe de France ce vendredi n\u2019a pas \u00e9t\u00e9 d\u2019un grand apport pour l\u2019Olympique de Marseille. Et \u00e7a, Igor Tudor l\u2019a publiquement fait entendre. Alors que l\u2019OM accueillait le Stade Rennais ce vendredi soir \u00e0 l\u2019occasion des 16es de finale de Coupe de France, [&hellip;]\" \/>\n<meta property=\"og:url\" content=\"https:\/\/www.nettali.com\/2023\/01\/21\/coupe-de-france-igor-tudor-tacle-bamba-dieng\/\" \/>\n<meta property=\"og:site_name\" content=\"Nettali.com\" \/>\n<meta property=\"article:publisher\" content=\"https:\/\/www.facebook.com\/nettalicom\" \/>\n<meta property=\"article:published_time\" content=\"2023-01-21T08:38:04+00:00\" \/>\n<meta property=\"og:image\" content=\"https:\/\/www.nettali.com\/wp-content\/uploads\/2023\/01\/om-bamba-dieng-signe-a-marseille-son-agent-se-fache-icon__d1r3803-314505.jpg\" \/>\n\t<meta property=\"og:image:width\" content=\"1200\" \/>\n\t<meta property=\"og:image:height\" content=\"800\" \/>\n<meta name=\"twitter:card\" content=\"summary_large_image\" \/>\n<meta name=\"twitter:label1\" content=\"\u00c9crit par\" \/>\n\t<meta name=\"twitter:data1\" content=\"Ibrahima\" \/>\n\t<meta name=\"twitter:label2\" content=\"Dur\u00e9e de lecture estim\u00e9e\" \/>\n\t<meta name=\"twitter:data2\" content=\"2 minutes\" \/>\n<script type=\"application\/ld+json\" class=\"yoast-schema-graph\">{\"@context\":\"https:\/\/schema.org\",\"@graph\":[{\"@type\":\"WebSite\",\"@id\":\"https:\/\/www.nettali.com\/#website\",\"url\":\"https:\/\/www.nettali.com\/\",\"name\":\"Nettali.com\",\"description\":\"Le rendez-vous critique du Net\",\"potentialAction\":[{\"@type\":\"SearchAction\",\"target\":{\"@type\":\"EntryPoint\",\"urlTemplate\":\"https:\/\/www.nettali.com\/?s={search_term_string}\"},\"query-input\":\"required name=search_term_string\"}],\"inLanguage\":\"fr-FR\"},{\"@type\":\"ImageObject\",\"@id\":\"https:\/\/www.nettali.com\/2023\/01\/21\/coupe-de-france-igor-tudor-tacle-bamba-dieng\/#primaryimage\",\"inLanguage\":\"fr-FR\",\"url\":\"https:\/\/www.nettali.com\/wp-content\/uploads\/2023\/01\/om-bamba-dieng-signe-a-marseille-son-agent-se-fache-icon__d1r3803-314505.jpg\",\"contentUrl\":\"https:\/\/www.nettali.com\/wp-content\/uploads\/2023\/01\/om-bamba-dieng-signe-a-marseille-son-agent-se-fache-icon__d1r3803-314505.jpg\",\"width\":1200,\"height\":800},{\"@type\":\"WebPage\",\"@id\":\"https:\/\/www.nettali.com\/2023\/01\/21\/coupe-de-france-igor-tudor-tacle-bamba-dieng\/#webpage\",\"url\":\"https:\/\/www.nettali.com\/2023\/01\/21\/coupe-de-france-igor-tudor-tacle-bamba-dieng\/\",\"name\":\"COUPE DE FRANCE - Igor Tudor tacle Bamba Dieng! | Nettali.com\",\"isPartOf\":{\"@id\":\"https:\/\/www.nettali.com\/#website\"},\"primaryImageOfPage\":{\"@id\":\"https:\/\/www.nettali.com\/2023\/01\/21\/coupe-de-france-igor-tudor-tacle-bamba-dieng\/#primaryimage\"},\"datePublished\":\"2023-01-21T08:38:04+00:00\",\"dateModified\":\"2023-01-21T08:38:04+00:00\",\"author\":{\"@id\":\"https:\/\/www.nettali.com\/#\/schema\/person\/bb147657c2986240405a608162b9bb23\"},\"breadcrumb\":{\"@id\":\"https:\/\/www.nettali.com\/2023\/01\/21\/coupe-de-france-igor-tudor-tacle-bamba-dieng\/#breadcrumb\"},\"inLanguage\":\"fr-FR\",\"potentialAction\":[{\"@type\":\"ReadAction\",\"target\":[\"https:\/\/www.nettali.com\/2023\/01\/21\/coupe-de-france-igor-tudor-tacle-bamba-dieng\/\"]}]},{\"@type\":\"BreadcrumbList\",\"@id\":\"https:\/\/www.nettali.com\/2023\/01\/21\/coupe-de-france-igor-tudor-tacle-bamba-dieng\/#breadcrumb\",\"itemListElement\":[{\"@type\":\"ListItem\",\"position\":1,\"name\":\"Accueil\",\"item\":\"https:\/\/www.nettali.com\/\"},{\"@type\":\"ListItem\",\"position\":2,\"name\":\"COUPE DE FRANCE - Igor Tudor tacle Bamba Dieng!\"}]},{\"@type\":\"Person\",\"@id\":\"https:\/\/www.nettali.com\/#\/schema\/person\/bb147657c2986240405a608162b9bb23\",\"name\":\"Ibrahima\",\"image\":{\"@type\":\"ImageObject\",\"@id\":\"https:\/\/www.nettali.com\/#personlogo\",\"inLanguage\":\"fr-FR\",\"url\":\"https:\/\/secure.gravatar.com\/avatar\/26a8a81f09f0dd7624c9d5c36c9ba3a2?s=96&d=mm&r=g\",\"contentUrl\":\"https:\/\/secure.gravatar.com\/avatar\/26a8a81f09f0dd7624c9d5c36c9ba3a2?s=96&d=mm&r=g\",\"caption\":\"Ibrahima\"},\"sameAs\":[\"https:\/\/www.nettali.com\"]}]}<\/script>\n<!-- \/ Yoast SEO Premium plugin. -->","yoast_head_json":{"title":"COUPE DE FRANCE - Igor Tudor tacle Bamba Dieng! | Nettali.com","robots":{"index":"index","follow":"follow","max-snippet":"max-snippet:-1","max-image-preview":"max-image-preview:large","max-video-preview":"max-video-preview:-1"},"canonical":"https:\/\/www.nettali.com\/2023\/01\/21\/coupe-de-france-igor-tudor-tacle-bamba-dieng\/","og_locale":"fr_FR","og_type":"article","og_title":"COUPE DE FRANCE - Igor Tudor tacle Bamba Dieng!","og_description":"NETTALI.COM - L\u2019entr\u00e9e en jeu de Bamba Dieng face \u00e0 Rennes en Coupe de France ce vendredi n\u2019a pas \u00e9t\u00e9 d\u2019un grand apport pour l\u2019Olympique de Marseille. Et \u00e7a, Igor Tudor l\u2019a publiquement fait entendre. Alors que l\u2019OM accueillait le Stade Rennais ce vendredi soir \u00e0 l\u2019occasion des 16es de finale de Coupe de France, [&hellip;]","og_url":"https:\/\/www.nettali.com\/2023\/01\/21\/coupe-de-france-igor-tudor-tacle-bamba-dieng\/","og_site_name":"Nettali.com","article_publisher":"https:\/\/www.facebook.com\/nettalicom","article_published_time":"2023-01-21T08:38:04+00:00","og_image":[{"width":1200,"height":800,"url":"https:\/\/www.nettali.com\/wp-content\/uploads\/2023\/01\/om-bamba-dieng-signe-a-marseille-son-agent-se-fache-icon__d1r3803-314505.jpg","type":"image\/jpeg"}],"twitter_card":"summary_large_image","twitter_misc":{"\u00c9crit par":"Ibrahima","Dur\u00e9e de lecture estim\u00e9e":"2 minutes"},"schema":{"@context":"https:\/\/schema.org","@graph":[{"@type":"WebSite","@id":"https:\/\/www.nettali.com\/#website","url":"https:\/\/www.nettali.com\/","name":"Nettali.com","description":"Le rendez-vous critique du Net","potentialAction":[{"@type":"SearchAction","target":{"@type":"EntryPoint","urlTemplate":"https:\/\/www.nettali.com\/?s={search_term_string}"},"query-input":"required name=search_term_string"}],"inLanguage":"fr-FR"},{"@type":"ImageObject","@id":"https:\/\/www.nettali.com\/2023\/01\/21\/coupe-de-france-igor-tudor-tacle-bamba-dieng\/#primaryimage","inLanguage":"fr-FR","url":"https:\/\/www.nettali.com\/wp-content\/uploads\/2023\/01\/om-bamba-dieng-signe-a-marseille-son-agent-se-fache-icon__d1r3803-314505.jpg","contentUrl":"https:\/\/www.nettali.com\/wp-content\/uploads\/2023\/01\/om-bamba-dieng-signe-a-marseille-son-agent-se-fache-icon__d1r3803-314505.jpg","width":1200,"height":800},{"@type":"WebPage","@id":"https:\/\/www.nettali.com\/2023\/01\/21\/coupe-de-france-igor-tudor-tacle-bamba-dieng\/#webpage","url":"https:\/\/www.nettali.com\/2023\/01\/21\/coupe-de-france-igor-tudor-tacle-bamba-dieng\/","name":"COUPE DE FRANCE - Igor Tudor tacle Bamba Dieng! | Nettali.com","isPartOf":{"@id":"https:\/\/www.nettali.com\/#website"},"primaryImageOfPage":{"@id":"https:\/\/www.nettali.com\/2023\/01\/21\/coupe-de-france-igor-tudor-tacle-bamba-dieng\/#primaryimage"},"datePublished":"2023-01-21T08:38:04+00:00","dateModified":"2023-01-21T08:38:04+00:00","author":{"@id":"https:\/\/www.nettali.com\/#\/schema\/person\/bb147657c2986240405a608162b9bb23"},"breadcrumb":{"@id":"https:\/\/www.nettali.com\/2023\/01\/21\/coupe-de-france-igor-tudor-tacle-bamba-dieng\/#breadcrumb"},"inLanguage":"fr-FR","potentialAction":[{"@type":"ReadAction","target":["https:\/\/www.nettali.com\/2023\/01\/21\/coupe-de-france-igor-tudor-tacle-bamba-dieng\/"]}]},{"@type":"BreadcrumbList","@id":"https:\/\/www.nettali.com\/2023\/01\/21\/coupe-de-france-igor-tudor-tacle-bamba-dieng\/#breadcrumb","itemListElement":[{"@type":"ListItem","position":1,"name":"Accueil","item":"https:\/\/www.nettali.com\/"},{"@type":"ListItem","position":2,"name":"COUPE DE FRANCE - Igor Tudor tacle Bamba Dieng!"}]},{"@type":"Person","@id":"https:\/\/www.nettali.com\/#\/schema\/person\/bb147657c2986240405a608162b9bb23","name":"Ibrahima","image":{"@type":"ImageObject","@id":"https:\/\/www.nettali.com\/#personlogo","inLanguage":"fr-FR","url":"https:\/\/secure.gravatar.com\/avatar\/26a8a81f09f0dd7624c9d5c36c9ba3a2?s=96&d=mm&r=g","contentUrl":"https:\/\/secure.gravatar.com\/avatar\/26a8a81f09f0dd7624c9d5c36c9ba3a2?s=96&d=mm&r=g","caption":"Ibrahima"},"sameAs":["https:\/\/www.nettali.com"]}]}},"_links":{"self":[{"href":"https:\/\/www.nettali.com\/rest\/wp\/v2\/posts\/102301"}],"collection":[{"href":"https:\/\/www.nettali.com\/rest\/wp\/v2\/posts"}],"about":[{"href":"https:\/\/www.nettali.com\/rest\/wp\/v2\/types\/post"}],"author":[{"embeddable":true,"href":"https:\/\/www.nettali.com\/rest\/wp\/v2\/users\/5"}],"replies":[{"embeddable":true,"href":"https:\/\/www.nettali.com\/rest\/wp\/v2\/comments?post=102301"}],"version-history":[{"count":1,"href":"https:\/\/www.nettali.com\/rest\/wp\/v2\/posts\/102301\/revisions"}],"predecessor-version":[{"id":102303,"href":"https:\/\/www.nettali.com\/rest\/wp\/v2\/posts\/102301\/revisions\/102303"}],"wp:featuredmedia":[{"embeddable":true,"href":"https:\/\/www.nettali.com\/rest\/wp\/v2\/media\/102302"}],"wp:attachment":[{"href":"https:\/\/www.nettali.com\/rest\/wp\/v2\/media?parent=102301"}],"wp:term":[{"taxonomy":"category","embeddable":true,"href":"https:\/\/www.nettali.com\/rest\/wp\/v2\/categories?post=102301"},{"taxonomy":"post_tag","embeddable":true,"href":"https:\/\/www.nettali.com\/rest\/wp\/v2\/tags?post=102301"}],"curies":[{"name":"wp","href":"https:\/\/api.w.org\/{rel}","templated":true}]}}