{"id":102205,"date":"2023-01-19T23:47:58","date_gmt":"2023-01-19T23:47:58","guid":{"rendered":"https:\/\/www.nettali.com\/?p=102205"},"modified":"2023-01-19T23:48:47","modified_gmt":"2023-01-19T23:48:47","slug":"om-eric-bailly-suspendu-7-matchs","status":"publish","type":"post","link":"https:\/\/www.nettali.com\/2023\/01\/19\/om-eric-bailly-suspendu-7-matchs\/","title":{"rendered":"OM - \u00c9ric Bailly suspendu 7 matchs"},"content":{"rendered":"<p><strong>NETTALI.COM - Expuls\u00e9 le 7 janvier en Coupe de France face \u00e0 Hy\u00e8res (2-0) pour un geste tr\u00e8s dangereux, Eric Bailly devrait \u00eatre fix\u00e9 ce jeudi sur sa sanction. Selon La Provence, le d\u00e9fenseur central de l'Olympique de Marseille va \u00e9coper d'une suspension de 7 matchs.<\/strong><\/p>\n<p>Le joueur pr\u00eat\u00e9 par Manchester United devra purger encore 5 matchs de suspension. Une mauvaise nouvelle pour l'international ivoirien et son entra\u00eeneur Igor Tudor.<\/p>\n<p>Interrog\u00e9 sur le sujet en conf\u00e9rence de presse ce jeudi, l'entra\u00eeneur marseillais Igor Tudor n'a pas cherch\u00e9 \u00e0 pol\u00e9miquer.<\/p>\n<p><strong>\"<\/strong><em>C'est un petit peu exag\u00e9r\u00e9, a jug\u00e9 le Croate. Mais c'est la d\u00e9cision qui a \u00e9t\u00e9 prise, il faut l'accepter. On a les ressources pour le suppl\u00e9er. Apr\u00e8s le match de demain (contre Rennes en Coupe de France), il nous restera plus que quatre matchs sans lui<\/em>.\"<\/p>\n<div class='share-to-whatsapp-wrapper'><div class='share-on-whsp'>PARTAGER SUR : <\/div><a data-text='OM - \u00c9ric Bailly suspendu 7 matchs' data-link='https:\/\/www.nettali.com\/2023\/01\/19\/om-eric-bailly-suspendu-7-matchs\/' class='whatsapp-button whatsapp-share'>WhatsApp<\/a><div class='clear '><\/div><\/div>","protected":false},"excerpt":{"rendered":"<p>NETTALI.COM - Expuls\u00e9 le 7 janvier en Coupe de France face \u00e0 Hy\u00e8res (2-0) pour un geste tr\u00e8s dangereux, Eric Bailly devrait \u00eatre fix\u00e9 ce jeudi sur sa sanction. Selon La Provence, le d\u00e9fenseur central de l'Olympique de Marseille va \u00e9coper d'une suspension de 7 matchs. Le joueur pr\u00eat\u00e9 par Manchester United devra purger encore [&hellip;]<\/p>\n","protected":false},"author":5,"featured_media":102206,"comment_status":"open","ping_status":"open","sticky":false,"template":"","format":"standard","meta":{"_et_pb_use_builder":"","_et_pb_old_content":""},"categories":[6],"tags":[],"yoast_head":"<!-- This site is optimized with the Yoast SEO Premium plugin v17.8 (Yoast SEO v17.8) - https:\/\/yoast.com\/wordpress\/plugins\/seo\/ -->\n<title>OM - \u00c9ric Bailly suspendu 7 matchs | Nettali.com<\/title>\n<meta name=\"robots\" content=\"index, follow, max-snippet:-1, max-image-preview:large, max-video-preview:-1\" \/>\n<link rel=\"canonical\" href=\"https:\/\/www.nettali.com\/2023\/01\/19\/om-eric-bailly-suspendu-7-matchs\/\" \/>\n<meta property=\"og:locale\" content=\"fr_FR\" \/>\n<meta property=\"og:type\" content=\"article\" \/>\n<meta property=\"og:title\" content=\"OM - \u00c9ric Bailly suspendu 7 matchs\" \/>\n<meta property=\"og:description\" content=\"NETTALI.COM - Expuls\u00e9 le 7 janvier en Coupe de France face \u00e0 Hy\u00e8res (2-0) pour un geste tr\u00e8s dangereux, Eric Bailly devrait \u00eatre fix\u00e9 ce jeudi sur sa sanction. Selon La Provence, le d\u00e9fenseur central de l&#039;Olympique de Marseille va \u00e9coper d&#039;une suspension de 7 matchs. Le joueur pr\u00eat\u00e9 par Manchester United devra purger encore [&hellip;]\" \/>\n<meta property=\"og:url\" content=\"https:\/\/www.nettali.com\/2023\/01\/19\/om-eric-bailly-suspendu-7-matchs\/\" \/>\n<meta property=\"og:site_name\" content=\"Nettali.com\" \/>\n<meta property=\"article:publisher\" content=\"https:\/\/www.facebook.com\/nettalicom\" \/>\n<meta property=\"article:published_time\" content=\"2023-01-19T23:47:58+00:00\" \/>\n<meta property=\"article:modified_time\" content=\"2023-01-19T23:48:47+00:00\" \/>\n<meta property=\"og:image\" content=\"https:\/\/www.nettali.com\/wp-content\/uploads\/2023\/01\/7432a.jpg\" \/>\n\t<meta property=\"og:image:width\" content=\"828\" \/>\n\t<meta property=\"og:image:height\" content=\"552\" \/>\n<meta name=\"twitter:card\" content=\"summary_large_image\" \/>\n<meta name=\"twitter:label1\" content=\"\u00c9crit par\" \/>\n\t<meta name=\"twitter:data1\" content=\"Ibrahima\" \/>\n\t<meta name=\"twitter:label2\" content=\"Dur\u00e9e de lecture estim\u00e9e\" \/>\n\t<meta name=\"twitter:data2\" content=\"1 minute\" \/>\n<script type=\"application\/ld+json\" class=\"yoast-schema-graph\">{\"@context\":\"https:\/\/schema.org\",\"@graph\":[{\"@type\":\"WebSite\",\"@id\":\"https:\/\/www.nettali.com\/#website\",\"url\":\"https:\/\/www.nettali.com\/\",\"name\":\"Nettali.com\",\"description\":\"Le rendez-vous critique du Net\",\"potentialAction\":[{\"@type\":\"SearchAction\",\"target\":{\"@type\":\"EntryPoint\",\"urlTemplate\":\"https:\/\/www.nettali.com\/?s={search_term_string}\"},\"query-input\":\"required name=search_term_string\"}],\"inLanguage\":\"fr-FR\"},{\"@type\":\"ImageObject\",\"@id\":\"https:\/\/www.nettali.com\/2023\/01\/19\/om-eric-bailly-suspendu-7-matchs\/#primaryimage\",\"inLanguage\":\"fr-FR\",\"url\":\"https:\/\/www.nettali.com\/wp-content\/uploads\/2023\/01\/7432a.jpg\",\"contentUrl\":\"https:\/\/www.nettali.com\/wp-content\/uploads\/2023\/01\/7432a.jpg\",\"width\":828,\"height\":552},{\"@type\":\"WebPage\",\"@id\":\"https:\/\/www.nettali.com\/2023\/01\/19\/om-eric-bailly-suspendu-7-matchs\/#webpage\",\"url\":\"https:\/\/www.nettali.com\/2023\/01\/19\/om-eric-bailly-suspendu-7-matchs\/\",\"name\":\"OM - \\u00c9ric Bailly suspendu 7 matchs | Nettali.com\",\"isPartOf\":{\"@id\":\"https:\/\/www.nettali.com\/#website\"},\"primaryImageOfPage\":{\"@id\":\"https:\/\/www.nettali.com\/2023\/01\/19\/om-eric-bailly-suspendu-7-matchs\/#primaryimage\"},\"datePublished\":\"2023-01-19T23:47:58+00:00\",\"dateModified\":\"2023-01-19T23:48:47+00:00\",\"author\":{\"@id\":\"https:\/\/www.nettali.com\/#\/schema\/person\/bb147657c2986240405a608162b9bb23\"},\"breadcrumb\":{\"@id\":\"https:\/\/www.nettali.com\/2023\/01\/19\/om-eric-bailly-suspendu-7-matchs\/#breadcrumb\"},\"inLanguage\":\"fr-FR\",\"potentialAction\":[{\"@type\":\"ReadAction\",\"target\":[\"https:\/\/www.nettali.com\/2023\/01\/19\/om-eric-bailly-suspendu-7-matchs\/\"]}]},{\"@type\":\"BreadcrumbList\",\"@id\":\"https:\/\/www.nettali.com\/2023\/01\/19\/om-eric-bailly-suspendu-7-matchs\/#breadcrumb\",\"itemListElement\":[{\"@type\":\"ListItem\",\"position\":1,\"name\":\"Accueil\",\"item\":\"https:\/\/www.nettali.com\/\"},{\"@type\":\"ListItem\",\"position\":2,\"name\":\"OM - \\u00c9ric Bailly suspendu 7 matchs\"}]},{\"@type\":\"Person\",\"@id\":\"https:\/\/www.nettali.com\/#\/schema\/person\/bb147657c2986240405a608162b9bb23\",\"name\":\"Ibrahima\",\"image\":{\"@type\":\"ImageObject\",\"@id\":\"https:\/\/www.nettali.com\/#personlogo\",\"inLanguage\":\"fr-FR\",\"url\":\"https:\/\/secure.gravatar.com\/avatar\/26a8a81f09f0dd7624c9d5c36c9ba3a2?s=96&d=mm&r=g\",\"contentUrl\":\"https:\/\/secure.gravatar.com\/avatar\/26a8a81f09f0dd7624c9d5c36c9ba3a2?s=96&d=mm&r=g\",\"caption\":\"Ibrahima\"},\"sameAs\":[\"https:\/\/www.nettali.com\"]}]}<\/script>\n<!-- \/ Yoast SEO Premium plugin. -->","yoast_head_json":{"title":"OM - \u00c9ric Bailly suspendu 7 matchs | Nettali.com","robots":{"index":"index","follow":"follow","max-snippet":"max-snippet:-1","max-image-preview":"max-image-preview:large","max-video-preview":"max-video-preview:-1"},"canonical":"https:\/\/www.nettali.com\/2023\/01\/19\/om-eric-bailly-suspendu-7-matchs\/","og_locale":"fr_FR","og_type":"article","og_title":"OM - \u00c9ric Bailly suspendu 7 matchs","og_description":"NETTALI.COM - Expuls\u00e9 le 7 janvier en Coupe de France face \u00e0 Hy\u00e8res (2-0) pour un geste tr\u00e8s dangereux, Eric Bailly devrait \u00eatre fix\u00e9 ce jeudi sur sa sanction. Selon La Provence, le d\u00e9fenseur central de l'Olympique de Marseille va \u00e9coper d'une suspension de 7 matchs. Le joueur pr\u00eat\u00e9 par Manchester United devra purger encore [&hellip;]","og_url":"https:\/\/www.nettali.com\/2023\/01\/19\/om-eric-bailly-suspendu-7-matchs\/","og_site_name":"Nettali.com","article_publisher":"https:\/\/www.facebook.com\/nettalicom","article_published_time":"2023-01-19T23:47:58+00:00","article_modified_time":"2023-01-19T23:48:47+00:00","og_image":[{"width":828,"height":552,"url":"https:\/\/www.nettali.com\/wp-content\/uploads\/2023\/01\/7432a.jpg","type":"image\/jpeg"}],"twitter_card":"summary_large_image","twitter_misc":{"\u00c9crit par":"Ibrahima","Dur\u00e9e de lecture estim\u00e9e":"1 minute"},"schema":{"@context":"https:\/\/schema.org","@graph":[{"@type":"WebSite","@id":"https:\/\/www.nettali.com\/#website","url":"https:\/\/www.nettali.com\/","name":"Nettali.com","description":"Le rendez-vous critique du Net","potentialAction":[{"@type":"SearchAction","target":{"@type":"EntryPoint","urlTemplate":"https:\/\/www.nettali.com\/?s={search_term_string}"},"query-input":"required name=search_term_string"}],"inLanguage":"fr-FR"},{"@type":"ImageObject","@id":"https:\/\/www.nettali.com\/2023\/01\/19\/om-eric-bailly-suspendu-7-matchs\/#primaryimage","inLanguage":"fr-FR","url":"https:\/\/www.nettali.com\/wp-content\/uploads\/2023\/01\/7432a.jpg","contentUrl":"https:\/\/www.nettali.com\/wp-content\/uploads\/2023\/01\/7432a.jpg","width":828,"height":552},{"@type":"WebPage","@id":"https:\/\/www.nettali.com\/2023\/01\/19\/om-eric-bailly-suspendu-7-matchs\/#webpage","url":"https:\/\/www.nettali.com\/2023\/01\/19\/om-eric-bailly-suspendu-7-matchs\/","name":"OM - \u00c9ric Bailly suspendu 7 matchs | Nettali.com","isPartOf":{"@id":"https:\/\/www.nettali.com\/#website"},"primaryImageOfPage":{"@id":"https:\/\/www.nettali.com\/2023\/01\/19\/om-eric-bailly-suspendu-7-matchs\/#primaryimage"},"datePublished":"2023-01-19T23:47:58+00:00","dateModified":"2023-01-19T23:48:47+00:00","author":{"@id":"https:\/\/www.nettali.com\/#\/schema\/person\/bb147657c2986240405a608162b9bb23"},"breadcrumb":{"@id":"https:\/\/www.nettali.com\/2023\/01\/19\/om-eric-bailly-suspendu-7-matchs\/#breadcrumb"},"inLanguage":"fr-FR","potentialAction":[{"@type":"ReadAction","target":["https:\/\/www.nettali.com\/2023\/01\/19\/om-eric-bailly-suspendu-7-matchs\/"]}]},{"@type":"BreadcrumbList","@id":"https:\/\/www.nettali.com\/2023\/01\/19\/om-eric-bailly-suspendu-7-matchs\/#breadcrumb","itemListElement":[{"@type":"ListItem","position":1,"name":"Accueil","item":"https:\/\/www.nettali.com\/"},{"@type":"ListItem","position":2,"name":"OM - \u00c9ric Bailly suspendu 7 matchs"}]},{"@type":"Person","@id":"https:\/\/www.nettali.com\/#\/schema\/person\/bb147657c2986240405a608162b9bb23","name":"Ibrahima","image":{"@type":"ImageObject","@id":"https:\/\/www.nettali.com\/#personlogo","inLanguage":"fr-FR","url":"https:\/\/secure.gravatar.com\/avatar\/26a8a81f09f0dd7624c9d5c36c9ba3a2?s=96&d=mm&r=g","contentUrl":"https:\/\/secure.gravatar.com\/avatar\/26a8a81f09f0dd7624c9d5c36c9ba3a2?s=96&d=mm&r=g","caption":"Ibrahima"},"sameAs":["https:\/\/www.nettali.com"]}]}},"_links":{"self":[{"href":"https:\/\/www.nettali.com\/rest\/wp\/v2\/posts\/102205"}],"collection":[{"href":"https:\/\/www.nettali.com\/rest\/wp\/v2\/posts"}],"about":[{"href":"https:\/\/www.nettali.com\/rest\/wp\/v2\/types\/post"}],"author":[{"embeddable":true,"href":"https:\/\/www.nettali.com\/rest\/wp\/v2\/users\/5"}],"replies":[{"embeddable":true,"href":"https:\/\/www.nettali.com\/rest\/wp\/v2\/comments?post=102205"}],"version-history":[{"count":1,"href":"https:\/\/www.nettali.com\/rest\/wp\/v2\/posts\/102205\/revisions"}],"predecessor-version":[{"id":102207,"href":"https:\/\/www.nettali.com\/rest\/wp\/v2\/posts\/102205\/revisions\/102207"}],"wp:featuredmedia":[{"embeddable":true,"href":"https:\/\/www.nettali.com\/rest\/wp\/v2\/media\/102206"}],"wp:attachment":[{"href":"https:\/\/www.nettali.com\/rest\/wp\/v2\/media?parent=102205"}],"wp:term":[{"taxonomy":"category","embeddable":true,"href":"https:\/\/www.nettali.com\/rest\/wp\/v2\/categories?post=102205"},{"taxonomy":"post_tag","embeddable":true,"href":"https:\/\/www.nettali.com\/rest\/wp\/v2\/tags?post=102205"}],"curies":[{"name":"wp","href":"https:\/\/api.w.org\/{rel}","templated":true}]}}